{"id":43766,"date":"2007-04-12T13:04:00","date_gmt":"2007-04-12T13:04:00","guid":{"rendered":"https:\/\/matis.is\/?p=43766"},"modified":"2021-08-30T13:05:26","modified_gmt":"2021-08-30T13:05:26","slug":"stada-verkefnastjora-matis-i-vestmannaeyjum-er-laus","status":"publish","type":"post","link":"https:\/\/matis.is\/en\/frettir\/stada-verkefnastjora-matis-i-vestmannaeyjum-er-laus\/","title":{"rendered":"Mat\u00eds&#039; project manager position in the Westman Islands is vacant"},"content":{"rendered":"<h4 class=\"wp-block-heading\">Mat\u00eds ohf. advertises for a project manager in the Westman Islands. The role of the project manager is to manage and work on projects on behalf of Mat\u00eds ohf. in the Westman Islands. It is desirable that applicants have a technical or university degree in science or engineering.<\/h4>\n\n\n\n<p>Main projects:<\/p>\n\n\n\n<p>- overseeing day-to-day operations, project acquisition and planning<\/p>\n\n\n\n<p>- collaboration with companies and individuals on projects<\/p>\n\n\n\n<p>- work on projects related to research and development in the field of food<\/p>\n\n\n\n<p>- mapping opportunities<\/p>\n\n\n\n<p>- present projects and opportunities in the environment<\/p>\n\n\n\n<p>Applicants must have initiative and independence in working methods, good command of English and Icelandic and agility in human relations. It is desirable that applicants have a technical or university degree in science or engineering.<\/p>\n\n\n\n<p>Applications with information about education and work experience, as well as recommendations are sent to Mat\u00eds ohf, Sk\u00falagata 4, 101 Reykjav\u00edk.<\/p>\n\n\n\n<p>The application deadline is 2 May 2007. It is desirable that the person in question can start work on 1 June 2007.<\/p>\n\n\n\n<p>For further information, please contact Gu\u00f0j\u00f3n \u00deorkelsson, gudjon.thorkelsson@matis.is, and Ragnar J\u00f3hannsson, ragnar.johannsson@matis.is.<\/p>\n\n\n\n<p>Mat\u00eds ohf is a new public limited company owned by the state, which has taken over the operations of the Fisheries Research Institute, Matv\u00e6laranns\u00f3kna Keldnaholt (MATRA) and the Environment Agency&#039;s Laboratory. The purpose of the company is to conduct research and innovation in the field of food for the benefit of the economy, public health and food safety.<\/p>","protected":false},"excerpt":{"rendered":"<p>Mat\u00eds ohf. augl\u00fdsir eftir verkefnastj\u00f3ra \u00ed Vestmannaeyjum. Hlutverk verkefnistj\u00f3rans er a\u00f0 stj\u00f3rna og vinna a\u00f0 verkefnum \u00e1 vegum Mat\u00eds ohf. [&hellip;]<\/p>\n","protected":false},"author":1,"featured_media":39514,"comment_status":"closed","ping_status":"closed","sticky":false,"template":"templates\/template-cover.php","format":"standard","meta":{"_acf_changed":false,"_uag_custom_page_level_css":"","site-sidebar-layout":"default","site-content-layout":"","ast-site-content-layout":"default","site-content-style":"default","site-sidebar-style":"default","ast-global-header-display":"","ast-banner-title-visibility":"","ast-main-header-display":"","ast-hfb-above-header-display":"","ast-hfb-below-header-display":"","ast-hfb-mobile-header-display":"","site-post-title":"","ast-breadcrumbs-content":"","ast-featured-img":"","footer-sml-layout":"","ast-disable-related-posts":"","theme-transparent-header-meta":"","adv-header-id-meta":"","stick-header-meta":"","header-above-stick-meta":"","header-main-stick-meta":"","header-below-stick-meta":"","astra-migrate-meta-layouts":"default","ast-page-background-enabled":"default","ast-page-background-meta":{"desktop":{"background-color":"var(--ast-global-color-5)","background-image":"","background-repeat":"repeat","background-position":"center center","background-size":"auto","background-attachment":"scroll","background-type":"","background-media":"","overlay-type":"","overlay-color":"","overlay-opacity":"","overlay-gradient":""},"tablet":{"background-color":"","background-image":"","background-repeat":"repeat","background-position":"center center","background-size":"auto","background-attachment":"scroll","background-type":"","background-media":"","overlay-type":"","overlay-color":"","overlay-opacity":"","overlay-gradient":""},"mobile":{"background-color":"","background-image":"","background-repeat":"repeat","background-position":"center center","background-size":"auto","background-attachment":"scroll","background-type":"","background-media":"","overlay-type":"","overlay-color":"","overlay-opacity":"","overlay-gradient":""}},"ast-content-background-meta":{"desktop":{"background-color":"var(--ast-global-color-4)","background-image":"","background-repeat":"repeat","background-position":"center center","background-size":"auto","background-attachment":"scroll","background-type":"","background-media":"","overlay-type":"","overlay-color":"","overlay-opacity":"","overlay-gradient":""},"tablet":{"background-color":"var(--ast-global-color-4)","background-image":"","background-repeat":"repeat","background-position":"center center","background-size":"auto","background-attachment":"scroll","background-type":"","background-media":"","overlay-type":"","overlay-color":"","overlay-opacity":"","overlay-gradient":""},"mobile":{"background-color":"var(--ast-global-color-4)","background-image":"","background-repeat":"repeat","background-position":"center center","background-size":"auto","background-attachment":"scroll","background-type":"","background-media":"","overlay-type":"","overlay-color":"","overlay-opacity":"","overlay-gradient":""}},"footnotes":""},"categories":[1973],"tags":[],"class_list":["post-43766","post","type-post","status-publish","format-standard","has-post-thumbnail","hentry","category-frettir"],"acf":[],"yoast_head":"<!-- This site is optimized with the Yoast SEO plugin v27.4 - https:\/\/yoast.com\/product\/yoast-seo-wordpress\/ -->\n<title>Sta\u00f0a verkefnastj\u00f3ra Mat\u00eds \u00ed Vestmannaeyjum er laus - Mat\u00eds<\/title>\n<meta name=\"robots\" content=\"index, follow, max-snippet:-1, max-image-preview:large, max-video-preview:-1\" \/>\n<link rel=\"canonical\" href=\"https:\/\/matis.is\/en\/frettir\/stada-verkefnastjora-matis-i-vestmannaeyjum-er-laus\/\" \/>\n<meta property=\"og:locale\" content=\"en_GB\" \/>\n<meta property=\"og:type\" content=\"article\" \/>\n<meta property=\"og:title\" content=\"Sta\u00f0a verkefnastj\u00f3ra Mat\u00eds \u00ed Vestmannaeyjum er laus - Mat\u00eds\" \/>\n<meta property=\"og:description\" content=\"Mat\u00eds ohf. augl\u00fdsir eftir verkefnastj\u00f3ra \u00ed Vestmannaeyjum. Hlutverk verkefnistj\u00f3rans er a\u00f0 stj\u00f3rna og vinna a\u00f0 verkefnum \u00e1 vegum Mat\u00eds ohf. [&hellip;]\" \/>\n<meta property=\"og:url\" content=\"https:\/\/matis.is\/en\/frettir\/stada-verkefnastjora-matis-i-vestmannaeyjum-er-laus\/\" \/>\n<meta property=\"og:site_name\" content=\"Mat\u00eds\" \/>\n<meta property=\"article:publisher\" content=\"https:\/\/www.facebook.com\/matisiceland\" \/>\n<meta property=\"article:published_time\" content=\"2007-04-12T13:04:00+00:00\" \/>\n<meta property=\"article:modified_time\" content=\"2021-08-30T13:05:26+00:00\" \/>\n<meta property=\"og:image\" content=\"https:\/\/matis.is\/wp-content\/uploads\/hus-matis.jpg\" \/>\n\t<meta property=\"og:image:width\" content=\"900\" \/>\n\t<meta property=\"og:image:height\" content=\"420\" \/>\n\t<meta property=\"og:image:type\" content=\"image\/jpeg\" \/>\n<meta name=\"author\" content=\"admin\" \/>\n<meta name=\"twitter:card\" content=\"summary_large_image\" \/>\n<meta name=\"twitter:creator\" content=\"@matisiceland\" \/>\n<meta name=\"twitter:site\" content=\"@matisiceland\" \/>\n<meta name=\"twitter:label1\" content=\"Written by\" \/>\n\t<meta name=\"twitter:data1\" content=\"admin\" \/>\n\t<meta name=\"twitter:label2\" content=\"Estimated reading time\" \/>\n\t<meta name=\"twitter:data2\" content=\"1 minute\" \/>\n<script type=\"application\/ld+json\" class=\"yoast-schema-graph\">{\"@context\":\"https:\\\/\\\/schema.org\",\"@graph\":[{\"@type\":\"Article\",\"@id\":\"https:\\\/\\\/matis.is\\\/en\\\/frettir\\\/stada-verkefnastjora-matis-i-vestmannaeyjum-er-laus\\\/#article\",\"isPartOf\":{\"@id\":\"https:\\\/\\\/matis.is\\\/en\\\/frettir\\\/stada-verkefnastjora-matis-i-vestmannaeyjum-er-laus\\\/\"},\"author\":{\"name\":\"admin\",\"@id\":\"https:\\\/\\\/matis.is\\\/#\\\/schema\\\/person\\\/33b92c850c915c93e67f291e3381a49a\"},\"headline\":\"Sta\u00f0a verkefnastj\u00f3ra Mat\u00eds \u00ed Vestmannaeyjum er laus\",\"datePublished\":\"2007-04-12T13:04:00+00:00\",\"dateModified\":\"2021-08-30T13:05:26+00:00\",\"mainEntityOfPage\":{\"@id\":\"https:\\\/\\\/matis.is\\\/en\\\/frettir\\\/stada-verkefnastjora-matis-i-vestmannaeyjum-er-laus\\\/\"},\"wordCount\":263,\"publisher\":{\"@id\":\"https:\\\/\\\/matis.is\\\/#organization\"},\"image\":{\"@id\":\"https:\\\/\\\/matis.is\\\/en\\\/frettir\\\/stada-verkefnastjora-matis-i-vestmannaeyjum-er-laus\\\/#primaryimage\"},\"thumbnailUrl\":\"https:\\\/\\\/matis.is\\\/wp-content\\\/uploads\\\/hus-matis.jpg\",\"articleSection\":[\"Fr\u00e9ttir\"],\"inLanguage\":\"en-GB\"},{\"@type\":\"WebPage\",\"@id\":\"https:\\\/\\\/matis.is\\\/en\\\/frettir\\\/stada-verkefnastjora-matis-i-vestmannaeyjum-er-laus\\\/\",\"url\":\"https:\\\/\\\/matis.is\\\/en\\\/frettir\\\/stada-verkefnastjora-matis-i-vestmannaeyjum-er-laus\\\/\",\"name\":\"Sta\u00f0a verkefnastj\u00f3ra Mat\u00eds \u00ed Vestmannaeyjum er laus - Mat\u00eds\",\"isPartOf\":{\"@id\":\"https:\\\/\\\/matis.is\\\/#website\"},\"primaryImageOfPage\":{\"@id\":\"https:\\\/\\\/matis.is\\\/en\\\/frettir\\\/stada-verkefnastjora-matis-i-vestmannaeyjum-er-laus\\\/#primaryimage\"},\"image\":{\"@id\":\"https:\\\/\\\/matis.is\\\/en\\\/frettir\\\/stada-verkefnastjora-matis-i-vestmannaeyjum-er-laus\\\/#primaryimage\"},\"thumbnailUrl\":\"https:\\\/\\\/matis.is\\\/wp-content\\\/uploads\\\/hus-matis.jpg\",\"datePublished\":\"2007-04-12T13:04:00+00:00\",\"dateModified\":\"2021-08-30T13:05:26+00:00\",\"breadcrumb\":{\"@id\":\"https:\\\/\\\/matis.is\\\/en\\\/frettir\\\/stada-verkefnastjora-matis-i-vestmannaeyjum-er-laus\\\/#breadcrumb\"},\"inLanguage\":\"en-GB\",\"potentialAction\":[{\"@type\":\"ReadAction\",\"target\":[\"https:\\\/\\\/matis.is\\\/en\\\/frettir\\\/stada-verkefnastjora-matis-i-vestmannaeyjum-er-laus\\\/\"]}]},{\"@type\":\"ImageObject\",\"inLanguage\":\"en-GB\",\"@id\":\"https:\\\/\\\/matis.is\\\/en\\\/frettir\\\/stada-verkefnastjora-matis-i-vestmannaeyjum-er-laus\\\/#primaryimage\",\"url\":\"https:\\\/\\\/matis.is\\\/wp-content\\\/uploads\\\/hus-matis.jpg\",\"contentUrl\":\"https:\\\/\\\/matis.is\\\/wp-content\\\/uploads\\\/hus-matis.jpg\",\"width\":900,\"height\":420},{\"@type\":\"BreadcrumbList\",\"@id\":\"https:\\\/\\\/matis.is\\\/en\\\/frettir\\\/stada-verkefnastjora-matis-i-vestmannaeyjum-er-laus\\\/#breadcrumb\",\"itemListElement\":[{\"@type\":\"ListItem\",\"position\":1,\"name\":\"Home\",\"item\":\"https:\\\/\\\/matis.is\\\/\"},{\"@type\":\"ListItem\",\"position\":2,\"name\":\"Sta\u00f0a verkefnastj\u00f3ra Mat\u00eds \u00ed Vestmannaeyjum er laus\"}]},{\"@type\":\"WebSite\",\"@id\":\"https:\\\/\\\/matis.is\\\/#website\",\"url\":\"https:\\\/\\\/matis.is\\\/\",\"name\":\"Mat\u00eds\",\"description\":\"Ver\u00f0m\u00e6task\u00f6pun, matv\u00e6la\u00f6ryggi og l\u00fd\u00f0heilsa\",\"publisher\":{\"@id\":\"https:\\\/\\\/matis.is\\\/#organization\"},\"potentialAction\":[{\"@type\":\"SearchAction\",\"target\":{\"@type\":\"EntryPoint\",\"urlTemplate\":\"https:\\\/\\\/matis.is\\\/?s={search_term_string}\"},\"query-input\":{\"@type\":\"PropertyValueSpecification\",\"valueRequired\":true,\"valueName\":\"search_term_string\"}}],\"inLanguage\":\"en-GB\"},{\"@type\":\"Organization\",\"@id\":\"https:\\\/\\\/matis.is\\\/#organization\",\"name\":\"Mat\u00eds ohf.\",\"url\":\"https:\\\/\\\/matis.is\\\/\",\"logo\":{\"@type\":\"ImageObject\",\"inLanguage\":\"en-GB\",\"@id\":\"https:\\\/\\\/matis.is\\\/#\\\/schema\\\/logo\\\/image\\\/\",\"url\":\"https:\\\/\\\/matis.is\\\/wp-content\\\/uploads\\\/2021\\\/02\\\/matis_logo_blatthvitt.png\",\"contentUrl\":\"https:\\\/\\\/matis.is\\\/wp-content\\\/uploads\\\/2021\\\/02\\\/matis_logo_blatthvitt.png\",\"width\":1507,\"height\":1507,\"caption\":\"Mat\u00eds ohf.\"},\"image\":{\"@id\":\"https:\\\/\\\/matis.is\\\/#\\\/schema\\\/logo\\\/image\\\/\"},\"sameAs\":[\"https:\\\/\\\/www.facebook.com\\\/matisiceland\",\"https:\\\/\\\/x.com\\\/matisiceland\",\"https:\\\/\\\/www.instagram.com\\\/matisiceland\\\/\",\"https:\\\/\\\/www.linkedin.com\\\/matisiceland\\\/\",\"https:\\\/\\\/www.youtube.com\\\/channel\\\/UCY-frt3uTqgVZW-DLjoo5bA\"]},{\"@type\":\"Person\",\"@id\":\"https:\\\/\\\/matis.is\\\/#\\\/schema\\\/person\\\/33b92c850c915c93e67f291e3381a49a\",\"name\":\"admin\",\"sameAs\":[\"https:\\\/\\\/matis.mareframe.eu\"],\"url\":\"https:\\\/\\\/matis.is\\\/en\\\/author\\\/thormodurmatis-is\\\/\"}]}<\/script>\n<!-- \/ Yoast SEO plugin. -->","yoast_head_json":{"title":"Mat\u00eds&#039; project manager position in the Westman Islands is vacant - Mat\u00eds","robots":{"index":"index","follow":"follow","max-snippet":"max-snippet:-1","max-image-preview":"max-image-preview:large","max-video-preview":"max-video-preview:-1"},"canonical":"https:\/\/matis.is\/en\/frettir\/stada-verkefnastjora-matis-i-vestmannaeyjum-er-laus\/","og_locale":"en_GB","og_type":"article","og_title":"Sta\u00f0a verkefnastj\u00f3ra Mat\u00eds \u00ed Vestmannaeyjum er laus - Mat\u00eds","og_description":"Mat\u00eds ohf. augl\u00fdsir eftir verkefnastj\u00f3ra \u00ed Vestmannaeyjum. Hlutverk verkefnistj\u00f3rans er a\u00f0 stj\u00f3rna og vinna a\u00f0 verkefnum \u00e1 vegum Mat\u00eds ohf. [&hellip;]","og_url":"https:\/\/matis.is\/en\/frettir\/stada-verkefnastjora-matis-i-vestmannaeyjum-er-laus\/","og_site_name":"Mat\u00eds","article_publisher":"https:\/\/www.facebook.com\/matisiceland","article_published_time":"2007-04-12T13:04:00+00:00","article_modified_time":"2021-08-30T13:05:26+00:00","og_image":[{"width":900,"height":420,"url":"https:\/\/matis.is\/wp-content\/uploads\/hus-matis.jpg","type":"image\/jpeg"}],"author":"admin","twitter_card":"summary_large_image","twitter_creator":"@matisiceland","twitter_site":"@matisiceland","twitter_misc":{"Written by":"admin","Estimated reading time":"1 minute"},"schema":{"@context":"https:\/\/schema.org","@graph":[{"@type":"Article","@id":"https:\/\/matis.is\/en\/frettir\/stada-verkefnastjora-matis-i-vestmannaeyjum-er-laus\/#article","isPartOf":{"@id":"https:\/\/matis.is\/en\/frettir\/stada-verkefnastjora-matis-i-vestmannaeyjum-er-laus\/"},"author":{"name":"admin","@id":"https:\/\/matis.is\/#\/schema\/person\/33b92c850c915c93e67f291e3381a49a"},"headline":"Sta\u00f0a verkefnastj\u00f3ra Mat\u00eds \u00ed Vestmannaeyjum er laus","datePublished":"2007-04-12T13:04:00+00:00","dateModified":"2021-08-30T13:05:26+00:00","mainEntityOfPage":{"@id":"https:\/\/matis.is\/en\/frettir\/stada-verkefnastjora-matis-i-vestmannaeyjum-er-laus\/"},"wordCount":263,"publisher":{"@id":"https:\/\/matis.is\/#organization"},"image":{"@id":"https:\/\/matis.is\/en\/frettir\/stada-verkefnastjora-matis-i-vestmannaeyjum-er-laus\/#primaryimage"},"thumbnailUrl":"https:\/\/matis.is\/wp-content\/uploads\/hus-matis.jpg","articleSection":["Fr\u00e9ttir"],"inLanguage":"en-GB"},{"@type":"WebPage","@id":"https:\/\/matis.is\/en\/frettir\/stada-verkefnastjora-matis-i-vestmannaeyjum-er-laus\/","url":"https:\/\/matis.is\/en\/frettir\/stada-verkefnastjora-matis-i-vestmannaeyjum-er-laus\/","name":"Mat\u00eds&#039; project manager position in the Westman Islands is vacant - Mat\u00eds","isPartOf":{"@id":"https:\/\/matis.is\/#website"},"primaryImageOfPage":{"@id":"https:\/\/matis.is\/en\/frettir\/stada-verkefnastjora-matis-i-vestmannaeyjum-er-laus\/#primaryimage"},"image":{"@id":"https:\/\/matis.is\/en\/frettir\/stada-verkefnastjora-matis-i-vestmannaeyjum-er-laus\/#primaryimage"},"thumbnailUrl":"https:\/\/matis.is\/wp-content\/uploads\/hus-matis.jpg","datePublished":"2007-04-12T13:04:00+00:00","dateModified":"2021-08-30T13:05:26+00:00","breadcrumb":{"@id":"https:\/\/matis.is\/en\/frettir\/stada-verkefnastjora-matis-i-vestmannaeyjum-er-laus\/#breadcrumb"},"inLanguage":"en-GB","potentialAction":[{"@type":"ReadAction","target":["https:\/\/matis.is\/en\/frettir\/stada-verkefnastjora-matis-i-vestmannaeyjum-er-laus\/"]}]},{"@type":"ImageObject","inLanguage":"en-GB","@id":"https:\/\/matis.is\/en\/frettir\/stada-verkefnastjora-matis-i-vestmannaeyjum-er-laus\/#primaryimage","url":"https:\/\/matis.is\/wp-content\/uploads\/hus-matis.jpg","contentUrl":"https:\/\/matis.is\/wp-content\/uploads\/hus-matis.jpg","width":900,"height":420},{"@type":"BreadcrumbList","@id":"https:\/\/matis.is\/en\/frettir\/stada-verkefnastjora-matis-i-vestmannaeyjum-er-laus\/#breadcrumb","itemListElement":[{"@type":"ListItem","position":1,"name":"Home","item":"https:\/\/matis.is\/"},{"@type":"ListItem","position":2,"name":"Sta\u00f0a verkefnastj\u00f3ra Mat\u00eds \u00ed Vestmannaeyjum er laus"}]},{"@type":"WebSite","@id":"https:\/\/matis.is\/#website","url":"https:\/\/matis.is\/","name":"Mat\u00eds","description":"Value creation, food security and public health","publisher":{"@id":"https:\/\/matis.is\/#organization"},"potentialAction":[{"@type":"SearchAction","target":{"@type":"EntryPoint","urlTemplate":"https:\/\/matis.is\/?s={search_term_string}"},"query-input":{"@type":"PropertyValueSpecification","valueRequired":true,"valueName":"search_term_string"}}],"inLanguage":"en-GB"},{"@type":"Organization","@id":"https:\/\/matis.is\/#organization","name":"Mat\u00eds ohf.","url":"https:\/\/matis.is\/","logo":{"@type":"ImageObject","inLanguage":"en-GB","@id":"https:\/\/matis.is\/#\/schema\/logo\/image\/","url":"https:\/\/matis.is\/wp-content\/uploads\/2021\/02\/matis_logo_blatthvitt.png","contentUrl":"https:\/\/matis.is\/wp-content\/uploads\/2021\/02\/matis_logo_blatthvitt.png","width":1507,"height":1507,"caption":"Mat\u00eds ohf."},"image":{"@id":"https:\/\/matis.is\/#\/schema\/logo\/image\/"},"sameAs":["https:\/\/www.facebook.com\/matisiceland","https:\/\/x.com\/matisiceland","https:\/\/www.instagram.com\/matisiceland\/","https:\/\/www.linkedin.com\/matisiceland\/","https:\/\/www.youtube.com\/channel\/UCY-frt3uTqgVZW-DLjoo5bA"]},{"@type":"Person","@id":"https:\/\/matis.is\/#\/schema\/person\/33b92c850c915c93e67f291e3381a49a","name":"admin","sameAs":["https:\/\/matis.mareframe.eu"],"url":"https:\/\/matis.is\/en\/author\/thormodurmatis-is\/"}]}},"spectra_custom_meta":{"_edit_lock":["1630328736:5"],"_wp_old_date":["2021-08-30"],"_thumbnail_id":["39514"],"_wp_page_template":["templates\/template-cover.php"],"_edit_last":["5"],"tengilidur":[""],"_tengilidur":["field_5ef905e0538b2"],"_yoast_wpseo_primary_category":["1973"],"_yoast_wpseo_content_score":["90"],"_yoast_wpseo_estimated-reading-time-minutes":["1"],"wpmm_postgrid_views":["282"],"_uag_css_file_name":["uag-css-43766.css"],"_uag_page_assets":["a:9:{s:3:\"css\";s:263:\".uag-blocks-common-selector{z-index:var(--z-index-desktop) !important}@media (max-width: 976px){.uag-blocks-common-selector{z-index:var(--z-index-tablet) !important}}@media (max-width: 767px){.uag-blocks-common-selector{z-index:var(--z-index-mobile) !important}}\n\";s:2:\"js\";s:0:\"\";s:18:\"current_block_list\";a:6:{i:0;s:12:\"core\/heading\";i:1;s:14:\"core\/paragraph\";i:2;s:12:\"core\/buttons\";i:3;s:11:\"core\/button\";i:4;s:12:\"core\/columns\";i:5;s:11:\"core\/column\";}s:8:\"uag_flag\";b:0;s:11:\"uag_version\";s:10:\"1777300790\";s:6:\"gfonts\";a:0:{}s:10:\"gfonts_url\";s:0:\"\";s:12:\"gfonts_files\";a:0:{}s:14:\"uag_faq_layout\";b:0;}"]},"uagb_featured_image_src":{"full":["https:\/\/matis.is\/wp-content\/uploads\/hus-matis.jpg",900,420,false],"thumbnail":["https:\/\/matis.is\/wp-content\/uploads\/hus-matis-150x150.jpg",150,150,true],"medium":["https:\/\/matis.is\/wp-content\/uploads\/hus-matis-300x140.jpg",300,140,true],"medium_large":["https:\/\/matis.is\/wp-content\/uploads\/hus-matis-768x358.jpg",768,358,true],"large":["https:\/\/matis.is\/wp-content\/uploads\/hus-matis.jpg",900,420,false],"1536x1536":["https:\/\/matis.is\/wp-content\/uploads\/hus-matis.jpg",900,420,false],"2048x2048":["https:\/\/matis.is\/wp-content\/uploads\/hus-matis.jpg",900,420,false],"trp-custom-language-flag":["https:\/\/matis.is\/wp-content\/uploads\/hus-matis.jpg",18,8,false]},"uagb_author_info":{"display_name":"admin","author_link":"https:\/\/matis.is\/en\/author\/thormodurmatis-is\/"},"uagb_comment_info":0,"uagb_excerpt":"Mat\u00eds ohf. augl\u00fdsir eftir verkefnastj\u00f3ra \u00ed Vestmannaeyjum. Hlutverk verkefnistj\u00f3rans er a\u00f0 stj\u00f3rna og vinna a\u00f0 verkefnum \u00e1 vegum Mat\u00eds ohf. [&hellip;]","_links":{"self":[{"href":"https:\/\/matis.is\/en\/wp-json\/wp\/v2\/posts\/43766","targetHints":{"allow":["GET"]}}],"collection":[{"href":"https:\/\/matis.is\/en\/wp-json\/wp\/v2\/posts"}],"about":[{"href":"https:\/\/matis.is\/en\/wp-json\/wp\/v2\/types\/post"}],"author":[{"embeddable":true,"href":"https:\/\/matis.is\/en\/wp-json\/wp\/v2\/users\/1"}],"replies":[{"embeddable":true,"href":"https:\/\/matis.is\/en\/wp-json\/wp\/v2\/comments?post=43766"}],"version-history":[{"count":1,"href":"https:\/\/matis.is\/en\/wp-json\/wp\/v2\/posts\/43766\/revisions"}],"predecessor-version":[{"id":43767,"href":"https:\/\/matis.is\/en\/wp-json\/wp\/v2\/posts\/43766\/revisions\/43767"}],"wp:featuredmedia":[{"embeddable":true,"href":"https:\/\/matis.is\/en\/wp-json\/wp\/v2\/media\/39514"}],"wp:attachment":[{"href":"https:\/\/matis.is\/en\/wp-json\/wp\/v2\/media?parent=43766"}],"wp:term":[{"taxonomy":"category","embeddable":true,"href":"https:\/\/matis.is\/en\/wp-json\/wp\/v2\/categories?post=43766"},{"taxonomy":"post_tag","embeddable":true,"href":"https:\/\/matis.is\/en\/wp-json\/wp\/v2\/tags?post=43766"}],"curies":[{"name":"wp","href":"https:\/\/api.w.org\/{rel}","templated":true}]}}