{"id":43770,"date":"2007-04-03T13:07:00","date_gmt":"2007-04-03T13:07:00","guid":{"rendered":"https:\/\/matis.is\/?p=43770"},"modified":"2021-08-30T13:09:30","modified_gmt":"2021-08-30T13:09:30","slug":"hamingjusamir-eldisfiskar-matis-tekur-thatt-i-althjodlegu-verkefni-um-velferd-fiska","status":"publish","type":"post","link":"https:\/\/matis.is\/en\/frettir\/hamingjusamir-eldisfiskar-matis-tekur-thatt-i-althjodlegu-verkefni-um-velferd-fiska\/","title":{"rendered":"Happy farmed fish - Mat\u00eds participates in an international project on fish welfare"},"content":{"rendered":"<h4 class=\"wp-block-heading\">Matv\u00e6laranns\u00f3knir \u00cdslands (Mat\u00eds) and H\u00f3lar University take part in an extensive European project involving research into the welfare of fish in aquaculture.<\/h4>\n\n\n\n<p>The goal is to define what causes stress and discomfort in fish. 60 research groups from over 20 countries are participating in the project, which lasts for 5 years. The research project is part of the European Union&#039;s COST program, which provides around ISK 10 billion for research. The project manager of the research project is Professor Anders Kiessling at the University of \u00c1s in Norway.<\/p>\n\n\n\n<figure class=\"wp-block-image\"><img decoding=\"async\" src=\"https:\/\/gamla.matis.is\/media\/frettir\/small\/Thorskeldi.JPG\" alt=\"\"\/><\/figure>\n\n\n\n<p>Dr. \u00deorleifur \u00c1g\u00fastsson, project manager at Mat\u00eds, and Dr. Helgi Thorarensen, at H\u00f3lar University, sits on the board of the project. \u00deorleifur says that new research indicates that fish experience pain like birds and mammals, although it is not clear whether there is a similar feeling of pain as in higher vertebrates. He says that in order to study how fish experience their environment, it is necessary to elicit a biological response with stimuli and study the effects.<\/p>\n\n\n\n<p>&quot;Because fish do not have the ability to indicate pain or discomfort with sounds and \/ or facial expressions, it has mainly relied on changes in behavior as well as trying to assess stress responses.&quot;<\/p>\n\n\n\n<p><strong>Pollutants affect stress<\/strong><\/p>\n\n\n\n<p>\u00deorleifur says that stimuli that cause stress are transmitted through nerves that are connected to sight, hearing, the sense of smell and the senses that sense changes in water pressure. Environment or conditions that fish do not tolerate, such as too high a density, too high \/ low oxygen level, unfavorable salinity, high levels of carbon dioxide (affects blood acidity) also affect the nerve messages that reach the brain and cause stress. Pollutants (natural or man-made) also have a very strong stress effect on fish.<\/p>\n\n\n\n<figure class=\"wp-block-image\"><img decoding=\"async\" src=\"https:\/\/gamla.matis.is\/media\/frettir\/small\/eldisthorskur.jpg\" alt=\"Farmed cod\"\/><\/figure>\n\n\n\n<p>&quot;Stress in fish is therefore an extremely complex phenomenon, but in short, it can be said that a physiological change occurs in stressed fish from being in rapid growth in good health to being a sick fish with a low life expectancy,&quot; says \u00deorleifur.<\/p>\n\n\n\n<p>\u00deorleifur says that it is clear that in aquaculture there are many problems waiting to be solved that are related to research on fish welfare. &quot;It is very important to strengthen such research, not least in Iceland where cod farming is growing rapidly, because the conditions here by nature are completely different from those known in neighboring countries - Icelandic conditions therefore need Icelandic solutions.&quot;<\/p>\n\n\n\n<p>More information can be found on the project&#039;s website:&nbsp;<strong>www.fishwelfare.com<\/strong><\/p>","protected":false},"excerpt":{"rendered":"<p>Matv\u00e6laranns\u00f3knir \u00cdslands (Mat\u00eds) og H\u00e1sk\u00f3linn \u00e1 H\u00f3lum taka \u00fe\u00e1tt \u00ed umfangsmiklu Evr\u00f3puverkefni sem felst \u00ed \u00fev\u00ed a\u00f0 rannsaka velfer\u00f0 fiska [&hellip;]<\/p>\n","protected":false},"author":1,"featured_media":39514,"comment_status":"closed","ping_status":"closed","sticky":false,"template":"templates\/template-cover.php","format":"standard","meta":{"_acf_changed":false,"_uag_custom_page_level_css":"","site-sidebar-layout":"default","site-content-layout":"","ast-site-content-layout":"default","site-content-style":"default","site-sidebar-style":"default","ast-global-header-display":"","ast-banner-title-visibility":"","ast-main-header-display":"","ast-hfb-above-header-display":"","ast-hfb-below-header-display":"","ast-hfb-mobile-header-display":"","site-post-title":"","ast-breadcrumbs-content":"","ast-featured-img":"","footer-sml-layout":"","ast-disable-related-posts":"","theme-transparent-header-meta":"","adv-header-id-meta":"","stick-header-meta":"","header-above-stick-meta":"","header-main-stick-meta":"","header-below-stick-meta":"","astra-migrate-meta-layouts":"default","ast-page-background-enabled":"default","ast-page-background-meta":{"desktop":{"background-color":"var(--ast-global-color-5)","background-image":"","background-repeat":"repeat","background-position":"center center","background-size":"auto","background-attachment":"scroll","background-type":"","background-media":"","overlay-type":"","overlay-color":"","overlay-opacity":"","overlay-gradient":""},"tablet":{"background-color":"","background-image":"","background-repeat":"repeat","background-position":"center center","background-size":"auto","background-attachment":"scroll","background-type":"","background-media":"","overlay-type":"","overlay-color":"","overlay-opacity":"","overlay-gradient":""},"mobile":{"background-color":"","background-image":"","background-repeat":"repeat","background-position":"center center","background-size":"auto","background-attachment":"scroll","background-type":"","background-media":"","overlay-type":"","overlay-color":"","overlay-opacity":"","overlay-gradient":""}},"ast-content-background-meta":{"desktop":{"background-color":"var(--ast-global-color-4)","background-image":"","background-repeat":"repeat","background-position":"center center","background-size":"auto","background-attachment":"scroll","background-type":"","background-media":"","overlay-type":"","overlay-color":"","overlay-opacity":"","overlay-gradient":""},"tablet":{"background-color":"var(--ast-global-color-4)","background-image":"","background-repeat":"repeat","background-position":"center center","background-size":"auto","background-attachment":"scroll","background-type":"","background-media":"","overlay-type":"","overlay-color":"","overlay-opacity":"","overlay-gradient":""},"mobile":{"background-color":"var(--ast-global-color-4)","background-image":"","background-repeat":"repeat","background-position":"center center","background-size":"auto","background-attachment":"scroll","background-type":"","background-media":"","overlay-type":"","overlay-color":"","overlay-opacity":"","overlay-gradient":""}},"footnotes":""},"categories":[1973],"tags":[],"class_list":["post-43770","post","type-post","status-publish","format-standard","has-post-thumbnail","hentry","category-frettir"],"acf":[],"yoast_head":"<!-- This site is optimized with the Yoast SEO plugin v27.4 - https:\/\/yoast.com\/product\/yoast-seo-wordpress\/ -->\n<title>Hamingjusamir eldisfiskar - Mat\u00eds tekur \u00fe\u00e1tt \u00ed al\u00fej\u00f3\u00f0legu verkefni um velfer\u00f0 fiska - Mat\u00eds<\/title>\n<meta name=\"robots\" content=\"index, follow, max-snippet:-1, max-image-preview:large, max-video-preview:-1\" \/>\n<link rel=\"canonical\" href=\"https:\/\/matis.is\/en\/frettir\/hamingjusamir-eldisfiskar-matis-tekur-thatt-i-althjodlegu-verkefni-um-velferd-fiska\/\" \/>\n<meta property=\"og:locale\" content=\"en_GB\" \/>\n<meta property=\"og:type\" content=\"article\" \/>\n<meta property=\"og:title\" content=\"Hamingjusamir eldisfiskar - Mat\u00eds tekur \u00fe\u00e1tt \u00ed al\u00fej\u00f3\u00f0legu verkefni um velfer\u00f0 fiska - Mat\u00eds\" \/>\n<meta property=\"og:description\" content=\"Matv\u00e6laranns\u00f3knir \u00cdslands (Mat\u00eds) og H\u00e1sk\u00f3linn \u00e1 H\u00f3lum taka \u00fe\u00e1tt \u00ed umfangsmiklu Evr\u00f3puverkefni sem felst \u00ed \u00fev\u00ed a\u00f0 rannsaka velfer\u00f0 fiska [&hellip;]\" \/>\n<meta property=\"og:url\" content=\"https:\/\/matis.is\/en\/frettir\/hamingjusamir-eldisfiskar-matis-tekur-thatt-i-althjodlegu-verkefni-um-velferd-fiska\/\" \/>\n<meta property=\"og:site_name\" content=\"Mat\u00eds\" \/>\n<meta property=\"article:publisher\" content=\"https:\/\/www.facebook.com\/matisiceland\" \/>\n<meta property=\"article:published_time\" content=\"2007-04-03T13:07:00+00:00\" \/>\n<meta property=\"article:modified_time\" content=\"2021-08-30T13:09:30+00:00\" \/>\n<meta property=\"og:image\" content=\"https:\/\/matis.is\/wp-content\/uploads\/hus-matis.jpg\" \/>\n\t<meta property=\"og:image:width\" content=\"900\" \/>\n\t<meta property=\"og:image:height\" content=\"420\" \/>\n\t<meta property=\"og:image:type\" content=\"image\/jpeg\" \/>\n<meta name=\"author\" content=\"admin\" \/>\n<meta name=\"twitter:card\" content=\"summary_large_image\" \/>\n<meta name=\"twitter:creator\" content=\"@matisiceland\" \/>\n<meta name=\"twitter:site\" content=\"@matisiceland\" \/>\n<meta name=\"twitter:label1\" content=\"Written by\" \/>\n\t<meta name=\"twitter:data1\" content=\"admin\" \/>\n\t<meta name=\"twitter:label2\" content=\"Estimated reading time\" \/>\n\t<meta name=\"twitter:data2\" content=\"3 minutes\" \/>\n<script type=\"application\/ld+json\" class=\"yoast-schema-graph\">{\"@context\":\"https:\\\/\\\/schema.org\",\"@graph\":[{\"@type\":\"Article\",\"@id\":\"https:\\\/\\\/matis.is\\\/en\\\/frettir\\\/hamingjusamir-eldisfiskar-matis-tekur-thatt-i-althjodlegu-verkefni-um-velferd-fiska\\\/#article\",\"isPartOf\":{\"@id\":\"https:\\\/\\\/matis.is\\\/en\\\/frettir\\\/hamingjusamir-eldisfiskar-matis-tekur-thatt-i-althjodlegu-verkefni-um-velferd-fiska\\\/\"},\"author\":{\"name\":\"admin\",\"@id\":\"https:\\\/\\\/matis.is\\\/#\\\/schema\\\/person\\\/33b92c850c915c93e67f291e3381a49a\"},\"headline\":\"Hamingjusamir eldisfiskar &#8211; Mat\u00eds tekur \u00fe\u00e1tt \u00ed al\u00fej\u00f3\u00f0legu verkefni um velfer\u00f0 fiska\",\"datePublished\":\"2007-04-03T13:07:00+00:00\",\"dateModified\":\"2021-08-30T13:09:30+00:00\",\"mainEntityOfPage\":{\"@id\":\"https:\\\/\\\/matis.is\\\/en\\\/frettir\\\/hamingjusamir-eldisfiskar-matis-tekur-thatt-i-althjodlegu-verkefni-um-velferd-fiska\\\/\"},\"wordCount\":469,\"publisher\":{\"@id\":\"https:\\\/\\\/matis.is\\\/#organization\"},\"image\":{\"@id\":\"https:\\\/\\\/matis.is\\\/en\\\/frettir\\\/hamingjusamir-eldisfiskar-matis-tekur-thatt-i-althjodlegu-verkefni-um-velferd-fiska\\\/#primaryimage\"},\"thumbnailUrl\":\"https:\\\/\\\/matis.is\\\/wp-content\\\/uploads\\\/hus-matis.jpg\",\"articleSection\":[\"Fr\u00e9ttir\"],\"inLanguage\":\"en-GB\"},{\"@type\":\"WebPage\",\"@id\":\"https:\\\/\\\/matis.is\\\/en\\\/frettir\\\/hamingjusamir-eldisfiskar-matis-tekur-thatt-i-althjodlegu-verkefni-um-velferd-fiska\\\/\",\"url\":\"https:\\\/\\\/matis.is\\\/en\\\/frettir\\\/hamingjusamir-eldisfiskar-matis-tekur-thatt-i-althjodlegu-verkefni-um-velferd-fiska\\\/\",\"name\":\"Hamingjusamir eldisfiskar - Mat\u00eds tekur \u00fe\u00e1tt \u00ed al\u00fej\u00f3\u00f0legu verkefni um velfer\u00f0 fiska - Mat\u00eds\",\"isPartOf\":{\"@id\":\"https:\\\/\\\/matis.is\\\/#website\"},\"primaryImageOfPage\":{\"@id\":\"https:\\\/\\\/matis.is\\\/en\\\/frettir\\\/hamingjusamir-eldisfiskar-matis-tekur-thatt-i-althjodlegu-verkefni-um-velferd-fiska\\\/#primaryimage\"},\"image\":{\"@id\":\"https:\\\/\\\/matis.is\\\/en\\\/frettir\\\/hamingjusamir-eldisfiskar-matis-tekur-thatt-i-althjodlegu-verkefni-um-velferd-fiska\\\/#primaryimage\"},\"thumbnailUrl\":\"https:\\\/\\\/matis.is\\\/wp-content\\\/uploads\\\/hus-matis.jpg\",\"datePublished\":\"2007-04-03T13:07:00+00:00\",\"dateModified\":\"2021-08-30T13:09:30+00:00\",\"breadcrumb\":{\"@id\":\"https:\\\/\\\/matis.is\\\/en\\\/frettir\\\/hamingjusamir-eldisfiskar-matis-tekur-thatt-i-althjodlegu-verkefni-um-velferd-fiska\\\/#breadcrumb\"},\"inLanguage\":\"en-GB\",\"potentialAction\":[{\"@type\":\"ReadAction\",\"target\":[\"https:\\\/\\\/matis.is\\\/en\\\/frettir\\\/hamingjusamir-eldisfiskar-matis-tekur-thatt-i-althjodlegu-verkefni-um-velferd-fiska\\\/\"]}]},{\"@type\":\"ImageObject\",\"inLanguage\":\"en-GB\",\"@id\":\"https:\\\/\\\/matis.is\\\/en\\\/frettir\\\/hamingjusamir-eldisfiskar-matis-tekur-thatt-i-althjodlegu-verkefni-um-velferd-fiska\\\/#primaryimage\",\"url\":\"https:\\\/\\\/matis.is\\\/wp-content\\\/uploads\\\/hus-matis.jpg\",\"contentUrl\":\"https:\\\/\\\/matis.is\\\/wp-content\\\/uploads\\\/hus-matis.jpg\",\"width\":900,\"height\":420},{\"@type\":\"BreadcrumbList\",\"@id\":\"https:\\\/\\\/matis.is\\\/en\\\/frettir\\\/hamingjusamir-eldisfiskar-matis-tekur-thatt-i-althjodlegu-verkefni-um-velferd-fiska\\\/#breadcrumb\",\"itemListElement\":[{\"@type\":\"ListItem\",\"position\":1,\"name\":\"Home\",\"item\":\"https:\\\/\\\/matis.is\\\/\"},{\"@type\":\"ListItem\",\"position\":2,\"name\":\"Hamingjusamir eldisfiskar &#8211; Mat\u00eds tekur \u00fe\u00e1tt \u00ed al\u00fej\u00f3\u00f0legu verkefni um velfer\u00f0 fiska\"}]},{\"@type\":\"WebSite\",\"@id\":\"https:\\\/\\\/matis.is\\\/#website\",\"url\":\"https:\\\/\\\/matis.is\\\/\",\"name\":\"Mat\u00eds\",\"description\":\"Ver\u00f0m\u00e6task\u00f6pun, matv\u00e6la\u00f6ryggi og l\u00fd\u00f0heilsa\",\"publisher\":{\"@id\":\"https:\\\/\\\/matis.is\\\/#organization\"},\"potentialAction\":[{\"@type\":\"SearchAction\",\"target\":{\"@type\":\"EntryPoint\",\"urlTemplate\":\"https:\\\/\\\/matis.is\\\/?s={search_term_string}\"},\"query-input\":{\"@type\":\"PropertyValueSpecification\",\"valueRequired\":true,\"valueName\":\"search_term_string\"}}],\"inLanguage\":\"en-GB\"},{\"@type\":\"Organization\",\"@id\":\"https:\\\/\\\/matis.is\\\/#organization\",\"name\":\"Mat\u00eds ohf.\",\"url\":\"https:\\\/\\\/matis.is\\\/\",\"logo\":{\"@type\":\"ImageObject\",\"inLanguage\":\"en-GB\",\"@id\":\"https:\\\/\\\/matis.is\\\/#\\\/schema\\\/logo\\\/image\\\/\",\"url\":\"https:\\\/\\\/matis.is\\\/wp-content\\\/uploads\\\/2021\\\/02\\\/matis_logo_blatthvitt.png\",\"contentUrl\":\"https:\\\/\\\/matis.is\\\/wp-content\\\/uploads\\\/2021\\\/02\\\/matis_logo_blatthvitt.png\",\"width\":1507,\"height\":1507,\"caption\":\"Mat\u00eds ohf.\"},\"image\":{\"@id\":\"https:\\\/\\\/matis.is\\\/#\\\/schema\\\/logo\\\/image\\\/\"},\"sameAs\":[\"https:\\\/\\\/www.facebook.com\\\/matisiceland\",\"https:\\\/\\\/x.com\\\/matisiceland\",\"https:\\\/\\\/www.instagram.com\\\/matisiceland\\\/\",\"https:\\\/\\\/www.linkedin.com\\\/matisiceland\\\/\",\"https:\\\/\\\/www.youtube.com\\\/channel\\\/UCY-frt3uTqgVZW-DLjoo5bA\"]},{\"@type\":\"Person\",\"@id\":\"https:\\\/\\\/matis.is\\\/#\\\/schema\\\/person\\\/33b92c850c915c93e67f291e3381a49a\",\"name\":\"admin\",\"sameAs\":[\"https:\\\/\\\/matis.mareframe.eu\"],\"url\":\"https:\\\/\\\/matis.is\\\/en\\\/author\\\/thormodurmatis-is\\\/\"}]}<\/script>\n<!-- \/ Yoast SEO plugin. -->","yoast_head_json":{"title":"Happy farmed fish - Mat\u00eds participates in an international project on fish welfare - Mat\u00eds","robots":{"index":"index","follow":"follow","max-snippet":"max-snippet:-1","max-image-preview":"max-image-preview:large","max-video-preview":"max-video-preview:-1"},"canonical":"https:\/\/matis.is\/en\/frettir\/hamingjusamir-eldisfiskar-matis-tekur-thatt-i-althjodlegu-verkefni-um-velferd-fiska\/","og_locale":"en_GB","og_type":"article","og_title":"Hamingjusamir eldisfiskar - Mat\u00eds tekur \u00fe\u00e1tt \u00ed al\u00fej\u00f3\u00f0legu verkefni um velfer\u00f0 fiska - Mat\u00eds","og_description":"Matv\u00e6laranns\u00f3knir \u00cdslands (Mat\u00eds) og H\u00e1sk\u00f3linn \u00e1 H\u00f3lum taka \u00fe\u00e1tt \u00ed umfangsmiklu Evr\u00f3puverkefni sem felst \u00ed \u00fev\u00ed a\u00f0 rannsaka velfer\u00f0 fiska [&hellip;]","og_url":"https:\/\/matis.is\/en\/frettir\/hamingjusamir-eldisfiskar-matis-tekur-thatt-i-althjodlegu-verkefni-um-velferd-fiska\/","og_site_name":"Mat\u00eds","article_publisher":"https:\/\/www.facebook.com\/matisiceland","article_published_time":"2007-04-03T13:07:00+00:00","article_modified_time":"2021-08-30T13:09:30+00:00","og_image":[{"width":900,"height":420,"url":"https:\/\/matis.is\/wp-content\/uploads\/hus-matis.jpg","type":"image\/jpeg"}],"author":"admin","twitter_card":"summary_large_image","twitter_creator":"@matisiceland","twitter_site":"@matisiceland","twitter_misc":{"Written by":"admin","Estimated reading time":"3 minutes"},"schema":{"@context":"https:\/\/schema.org","@graph":[{"@type":"Article","@id":"https:\/\/matis.is\/en\/frettir\/hamingjusamir-eldisfiskar-matis-tekur-thatt-i-althjodlegu-verkefni-um-velferd-fiska\/#article","isPartOf":{"@id":"https:\/\/matis.is\/en\/frettir\/hamingjusamir-eldisfiskar-matis-tekur-thatt-i-althjodlegu-verkefni-um-velferd-fiska\/"},"author":{"name":"admin","@id":"https:\/\/matis.is\/#\/schema\/person\/33b92c850c915c93e67f291e3381a49a"},"headline":"Hamingjusamir eldisfiskar &#8211; Mat\u00eds tekur \u00fe\u00e1tt \u00ed al\u00fej\u00f3\u00f0legu verkefni um velfer\u00f0 fiska","datePublished":"2007-04-03T13:07:00+00:00","dateModified":"2021-08-30T13:09:30+00:00","mainEntityOfPage":{"@id":"https:\/\/matis.is\/en\/frettir\/hamingjusamir-eldisfiskar-matis-tekur-thatt-i-althjodlegu-verkefni-um-velferd-fiska\/"},"wordCount":469,"publisher":{"@id":"https:\/\/matis.is\/#organization"},"image":{"@id":"https:\/\/matis.is\/en\/frettir\/hamingjusamir-eldisfiskar-matis-tekur-thatt-i-althjodlegu-verkefni-um-velferd-fiska\/#primaryimage"},"thumbnailUrl":"https:\/\/matis.is\/wp-content\/uploads\/hus-matis.jpg","articleSection":["Fr\u00e9ttir"],"inLanguage":"en-GB"},{"@type":"WebPage","@id":"https:\/\/matis.is\/en\/frettir\/hamingjusamir-eldisfiskar-matis-tekur-thatt-i-althjodlegu-verkefni-um-velferd-fiska\/","url":"https:\/\/matis.is\/en\/frettir\/hamingjusamir-eldisfiskar-matis-tekur-thatt-i-althjodlegu-verkefni-um-velferd-fiska\/","name":"Happy farmed fish - Mat\u00eds participates in an international project on fish welfare - Mat\u00eds","isPartOf":{"@id":"https:\/\/matis.is\/#website"},"primaryImageOfPage":{"@id":"https:\/\/matis.is\/en\/frettir\/hamingjusamir-eldisfiskar-matis-tekur-thatt-i-althjodlegu-verkefni-um-velferd-fiska\/#primaryimage"},"image":{"@id":"https:\/\/matis.is\/en\/frettir\/hamingjusamir-eldisfiskar-matis-tekur-thatt-i-althjodlegu-verkefni-um-velferd-fiska\/#primaryimage"},"thumbnailUrl":"https:\/\/matis.is\/wp-content\/uploads\/hus-matis.jpg","datePublished":"2007-04-03T13:07:00+00:00","dateModified":"2021-08-30T13:09:30+00:00","breadcrumb":{"@id":"https:\/\/matis.is\/en\/frettir\/hamingjusamir-eldisfiskar-matis-tekur-thatt-i-althjodlegu-verkefni-um-velferd-fiska\/#breadcrumb"},"inLanguage":"en-GB","potentialAction":[{"@type":"ReadAction","target":["https:\/\/matis.is\/en\/frettir\/hamingjusamir-eldisfiskar-matis-tekur-thatt-i-althjodlegu-verkefni-um-velferd-fiska\/"]}]},{"@type":"ImageObject","inLanguage":"en-GB","@id":"https:\/\/matis.is\/en\/frettir\/hamingjusamir-eldisfiskar-matis-tekur-thatt-i-althjodlegu-verkefni-um-velferd-fiska\/#primaryimage","url":"https:\/\/matis.is\/wp-content\/uploads\/hus-matis.jpg","contentUrl":"https:\/\/matis.is\/wp-content\/uploads\/hus-matis.jpg","width":900,"height":420},{"@type":"BreadcrumbList","@id":"https:\/\/matis.is\/en\/frettir\/hamingjusamir-eldisfiskar-matis-tekur-thatt-i-althjodlegu-verkefni-um-velferd-fiska\/#breadcrumb","itemListElement":[{"@type":"ListItem","position":1,"name":"Home","item":"https:\/\/matis.is\/"},{"@type":"ListItem","position":2,"name":"Hamingjusamir eldisfiskar &#8211; Mat\u00eds tekur \u00fe\u00e1tt \u00ed al\u00fej\u00f3\u00f0legu verkefni um velfer\u00f0 fiska"}]},{"@type":"WebSite","@id":"https:\/\/matis.is\/#website","url":"https:\/\/matis.is\/","name":"Mat\u00eds","description":"Value creation, food security and public health","publisher":{"@id":"https:\/\/matis.is\/#organization"},"potentialAction":[{"@type":"SearchAction","target":{"@type":"EntryPoint","urlTemplate":"https:\/\/matis.is\/?s={search_term_string}"},"query-input":{"@type":"PropertyValueSpecification","valueRequired":true,"valueName":"search_term_string"}}],"inLanguage":"en-GB"},{"@type":"Organization","@id":"https:\/\/matis.is\/#organization","name":"Mat\u00eds ohf.","url":"https:\/\/matis.is\/","logo":{"@type":"ImageObject","inLanguage":"en-GB","@id":"https:\/\/matis.is\/#\/schema\/logo\/image\/","url":"https:\/\/matis.is\/wp-content\/uploads\/2021\/02\/matis_logo_blatthvitt.png","contentUrl":"https:\/\/matis.is\/wp-content\/uploads\/2021\/02\/matis_logo_blatthvitt.png","width":1507,"height":1507,"caption":"Mat\u00eds ohf."},"image":{"@id":"https:\/\/matis.is\/#\/schema\/logo\/image\/"},"sameAs":["https:\/\/www.facebook.com\/matisiceland","https:\/\/x.com\/matisiceland","https:\/\/www.instagram.com\/matisiceland\/","https:\/\/www.linkedin.com\/matisiceland\/","https:\/\/www.youtube.com\/channel\/UCY-frt3uTqgVZW-DLjoo5bA"]},{"@type":"Person","@id":"https:\/\/matis.is\/#\/schema\/person\/33b92c850c915c93e67f291e3381a49a","name":"admin","sameAs":["https:\/\/matis.mareframe.eu"],"url":"https:\/\/matis.is\/en\/author\/thormodurmatis-is\/"}]}},"spectra_custom_meta":{"_edit_lock":["1630328970:5"],"_wp_old_date":["2021-08-30"],"_thumbnail_id":["39514"],"_wp_page_template":["templates\/template-cover.php"],"_edit_last":["5"],"tengilidur":[""],"_tengilidur":["field_5ef905e0538b2"],"_yoast_wpseo_primary_category":["1973"],"_yoast_wpseo_content_score":["30"],"_yoast_wpseo_estimated-reading-time-minutes":["3"],"wpmm_postgrid_views":["220"],"_uag_css_file_name":["uag-css-43770.css"],"_uag_page_assets":["a:9:{s:3:\"css\";s:263:\".uag-blocks-common-selector{z-index:var(--z-index-desktop) !important}@media (max-width: 976px){.uag-blocks-common-selector{z-index:var(--z-index-tablet) !important}}@media (max-width: 767px){.uag-blocks-common-selector{z-index:var(--z-index-mobile) !important}}\n\";s:2:\"js\";s:0:\"\";s:18:\"current_block_list\";a:7:{i:0;s:12:\"core\/heading\";i:1;s:14:\"core\/paragraph\";i:2;s:10:\"core\/image\";i:3;s:12:\"core\/buttons\";i:4;s:11:\"core\/button\";i:5;s:12:\"core\/columns\";i:6;s:11:\"core\/column\";}s:8:\"uag_flag\";b:0;s:11:\"uag_version\";s:10:\"1777040860\";s:6:\"gfonts\";a:0:{}s:10:\"gfonts_url\";s:0:\"\";s:12:\"gfonts_files\";a:0:{}s:14:\"uag_faq_layout\";b:0;}"]},"uagb_featured_image_src":{"full":["https:\/\/matis.is\/wp-content\/uploads\/hus-matis.jpg",900,420,false],"thumbnail":["https:\/\/matis.is\/wp-content\/uploads\/hus-matis-150x150.jpg",150,150,true],"medium":["https:\/\/matis.is\/wp-content\/uploads\/hus-matis-300x140.jpg",300,140,true],"medium_large":["https:\/\/matis.is\/wp-content\/uploads\/hus-matis-768x358.jpg",768,358,true],"large":["https:\/\/matis.is\/wp-content\/uploads\/hus-matis.jpg",900,420,false],"1536x1536":["https:\/\/matis.is\/wp-content\/uploads\/hus-matis.jpg",900,420,false],"2048x2048":["https:\/\/matis.is\/wp-content\/uploads\/hus-matis.jpg",900,420,false],"trp-custom-language-flag":["https:\/\/matis.is\/wp-content\/uploads\/hus-matis.jpg",18,8,false]},"uagb_author_info":{"display_name":"admin","author_link":"https:\/\/matis.is\/en\/author\/thormodurmatis-is\/"},"uagb_comment_info":0,"uagb_excerpt":"Matv\u00e6laranns\u00f3knir \u00cdslands (Mat\u00eds) og H\u00e1sk\u00f3linn \u00e1 H\u00f3lum taka \u00fe\u00e1tt \u00ed umfangsmiklu Evr\u00f3puverkefni sem felst \u00ed \u00fev\u00ed a\u00f0 rannsaka velfer\u00f0 fiska [&hellip;]","_links":{"self":[{"href":"https:\/\/matis.is\/en\/wp-json\/wp\/v2\/posts\/43770","targetHints":{"allow":["GET"]}}],"collection":[{"href":"https:\/\/matis.is\/en\/wp-json\/wp\/v2\/posts"}],"about":[{"href":"https:\/\/matis.is\/en\/wp-json\/wp\/v2\/types\/post"}],"author":[{"embeddable":true,"href":"https:\/\/matis.is\/en\/wp-json\/wp\/v2\/users\/1"}],"replies":[{"embeddable":true,"href":"https:\/\/matis.is\/en\/wp-json\/wp\/v2\/comments?post=43770"}],"version-history":[{"count":1,"href":"https:\/\/matis.is\/en\/wp-json\/wp\/v2\/posts\/43770\/revisions"}],"predecessor-version":[{"id":43771,"href":"https:\/\/matis.is\/en\/wp-json\/wp\/v2\/posts\/43770\/revisions\/43771"}],"wp:featuredmedia":[{"embeddable":true,"href":"https:\/\/matis.is\/en\/wp-json\/wp\/v2\/media\/39514"}],"wp:attachment":[{"href":"https:\/\/matis.is\/en\/wp-json\/wp\/v2\/media?parent=43770"}],"wp:term":[{"taxonomy":"category","embeddable":true,"href":"https:\/\/matis.is\/en\/wp-json\/wp\/v2\/categories?post=43770"},{"taxonomy":"post_tag","embeddable":true,"href":"https:\/\/matis.is\/en\/wp-json\/wp\/v2\/tags?post=43770"}],"curies":[{"name":"wp","href":"https:\/\/api.w.org\/{rel}","templated":true}]}}