{"id":43865,"date":"2006-10-02T09:02:00","date_gmt":"2006-10-02T09:02:00","guid":{"rendered":"https:\/\/matis.is\/?p=43865"},"modified":"2021-08-31T09:04:36","modified_gmt":"2021-08-31T09:04:36","slug":"frettatilkynning-fra-matis-ohf","status":"publish","type":"post","link":"https:\/\/matis.is\/en\/frettir\/frettatilkynning-fra-matis-ohf\/","title":{"rendered":"Press release from Mat\u00eds ohf."},"content":{"rendered":"<h4 class=\"wp-block-heading\">Sj\u00f6fn Sigurg\u00edslad\u00f3ttir has been appointed CEO of Mat\u00eds ohf. but it is the new company that will be created by merging IFL, RUST and Matv\u00e6laranns\u00f3knir in Keldnaholt. The new company issued the following press release this morning:<\/h4>\n\n\n\n<p>Dr. Sj\u00f6fn Sigurg\u00edslad\u00f3ttir has been appointed CEO of the newly established company Mat\u00eds ohf. from 1 January 2007, when the company&#039;s actual operations begin. Sj\u00f6fn has been the director of the Fisheries Research Institute since 2002, but before that she worked in the field of food safety at the Health Protection Agency (now the Environment Agency) and in research and development at the Institute of Technology in collaboration with the food industry. Sj\u00f6fn has also served on committees and confidential positions in this field in recent years, both domestically and abroad. She is 43 years old.<\/p>\n\n\n\n<p>Mat\u00eds ohf. is a public limited company established by Act no. 68\/2006 on 3 June last. for the purpose of merging public food research into one company. The operations of three institutions \/ units will be merged into one company, Mat\u00eds ohf. from 1 January 2007, i.e. from the Fisheries Research Institute, RUST (the Environment Agency&#039;s research institute) and Matv\u00e6laranns\u00f3knir \u00e1 Keldnaholt (collaboration between the Agricultural University and the Institute of Technology.&nbsp;&nbsp;&nbsp;<\/p>\n\n\n\n<p>Mat\u00eds ohf. will have its operations in several places in the country, but with headquarters in Reykjav\u00edk. Division of Mat\u00eds ohf. is primarily responsible for research and innovation in the field of food for the benefit of the economy, public health and food security.<\/p>\n\n\n\n<p>All employees of the three units are offered a job at Mat\u00eds ohf.<\/p>\n\n\n\n<p>For further information, please contact Fri\u00f0rik Fri\u00f0riksson, Chairman of the Board, at 896 7350.<\/p>","protected":false},"excerpt":{"rendered":"<p>Sj\u00f6fn Sigurg\u00edslad\u00f3ttir hefur veri\u00f0 r\u00e1\u00f0in forstj\u00f3ri Mat\u00eds ohf. en \u00fea\u00f0 er hi\u00f0 n\u00fdja fyrirt\u00e6ki sem ver\u00f0ur til vi\u00f0 sameiningu Rf, [&hellip;]<\/p>\n","protected":false},"author":1,"featured_media":43866,"comment_status":"closed","ping_status":"closed","sticky":false,"template":"templates\/template-cover.php","format":"standard","meta":{"_acf_changed":false,"_uag_custom_page_level_css":"","site-sidebar-layout":"default","site-content-layout":"","ast-site-content-layout":"default","site-content-style":"default","site-sidebar-style":"default","ast-global-header-display":"","ast-banner-title-visibility":"","ast-main-header-display":"","ast-hfb-above-header-display":"","ast-hfb-below-header-display":"","ast-hfb-mobile-header-display":"","site-post-title":"","ast-breadcrumbs-content":"","ast-featured-img":"","footer-sml-layout":"","ast-disable-related-posts":"","theme-transparent-header-meta":"","adv-header-id-meta":"","stick-header-meta":"","header-above-stick-meta":"","header-main-stick-meta":"","header-below-stick-meta":"","astra-migrate-meta-layouts":"default","ast-page-background-enabled":"default","ast-page-background-meta":{"desktop":{"background-color":"var(--ast-global-color-5)","background-image":"","background-repeat":"repeat","background-position":"center center","background-size":"auto","background-attachment":"scroll","background-type":"","background-media":"","overlay-type":"","overlay-color":"","overlay-opacity":"","overlay-gradient":""},"tablet":{"background-color":"","background-image":"","background-repeat":"repeat","background-position":"center center","background-size":"auto","background-attachment":"scroll","background-type":"","background-media":"","overlay-type":"","overlay-color":"","overlay-opacity":"","overlay-gradient":""},"mobile":{"background-color":"","background-image":"","background-repeat":"repeat","background-position":"center center","background-size":"auto","background-attachment":"scroll","background-type":"","background-media":"","overlay-type":"","overlay-color":"","overlay-opacity":"","overlay-gradient":""}},"ast-content-background-meta":{"desktop":{"background-color":"var(--ast-global-color-4)","background-image":"","background-repeat":"repeat","background-position":"center center","background-size":"auto","background-attachment":"scroll","background-type":"","background-media":"","overlay-type":"","overlay-color":"","overlay-opacity":"","overlay-gradient":""},"tablet":{"background-color":"var(--ast-global-color-4)","background-image":"","background-repeat":"repeat","background-position":"center center","background-size":"auto","background-attachment":"scroll","background-type":"","background-media":"","overlay-type":"","overlay-color":"","overlay-opacity":"","overlay-gradient":""},"mobile":{"background-color":"var(--ast-global-color-4)","background-image":"","background-repeat":"repeat","background-position":"center center","background-size":"auto","background-attachment":"scroll","background-type":"","background-media":"","overlay-type":"","overlay-color":"","overlay-opacity":"","overlay-gradient":""}},"footnotes":""},"categories":[1973],"tags":[],"class_list":["post-43865","post","type-post","status-publish","format-standard","has-post-thumbnail","hentry","category-frettir"],"acf":[],"yoast_head":"<!-- This site is optimized with the Yoast SEO plugin v27.4 - https:\/\/yoast.com\/product\/yoast-seo-wordpress\/ -->\n<title>Fr\u00e9ttatilkynning fr\u00e1 Mat\u00eds ohf. - Mat\u00eds<\/title>\n<meta name=\"description\" content=\"Sj\u00f6fn Sigurg\u00edslad\u00f3ttir hefur veri\u00f0 r\u00e1\u00f0in forstj\u00f3ri Mat\u00eds ohf. en \u00fea\u00f0 er hi\u00f0 n\u00fdja fyrirt\u00e6ki sem ver\u00f0ur til vi\u00f0 sameiningu Rf, RUST og Matv\u00e6laranns\u00f3kna \u00e1 Keldnaholti. N\u00fdja fyrirt\u00e6ki\u00f0 sendi \u00ed morgun fr\u00e1 s\u00e9r eftirfarandi fr\u00e9ttatilkynningu:\" \/>\n<meta name=\"robots\" content=\"index, follow, max-snippet:-1, max-image-preview:large, max-video-preview:-1\" \/>\n<link rel=\"canonical\" href=\"https:\/\/matis.is\/en\/frettir\/frettatilkynning-fra-matis-ohf\/\" \/>\n<meta property=\"og:locale\" content=\"en_GB\" \/>\n<meta property=\"og:type\" content=\"article\" \/>\n<meta property=\"og:title\" content=\"Fr\u00e9ttatilkynning fr\u00e1 Mat\u00eds ohf. - Mat\u00eds\" \/>\n<meta property=\"og:description\" content=\"Sj\u00f6fn Sigurg\u00edslad\u00f3ttir hefur veri\u00f0 r\u00e1\u00f0in forstj\u00f3ri Mat\u00eds ohf. en \u00fea\u00f0 er hi\u00f0 n\u00fdja fyrirt\u00e6ki sem ver\u00f0ur til vi\u00f0 sameiningu Rf, RUST og Matv\u00e6laranns\u00f3kna \u00e1 Keldnaholti. N\u00fdja fyrirt\u00e6ki\u00f0 sendi \u00ed morgun fr\u00e1 s\u00e9r eftirfarandi fr\u00e9ttatilkynningu:\" \/>\n<meta property=\"og:url\" content=\"https:\/\/matis.is\/en\/frettir\/frettatilkynning-fra-matis-ohf\/\" \/>\n<meta property=\"og:site_name\" content=\"Mat\u00eds\" \/>\n<meta property=\"article:publisher\" content=\"https:\/\/www.facebook.com\/matisiceland\" \/>\n<meta property=\"article:published_time\" content=\"2006-10-02T09:02:00+00:00\" \/>\n<meta property=\"article:modified_time\" content=\"2021-08-31T09:04:36+00:00\" \/>\n<meta property=\"og:image\" content=\"https:\/\/matis.is\/wp-content\/uploads\/Sjofn_Sigurgisladottir.jpg\" \/>\n\t<meta property=\"og:image:width\" content=\"125\" \/>\n\t<meta property=\"og:image:height\" content=\"45\" \/>\n\t<meta property=\"og:image:type\" content=\"image\/jpeg\" \/>\n<meta name=\"author\" content=\"admin\" \/>\n<meta name=\"twitter:card\" content=\"summary_large_image\" \/>\n<meta name=\"twitter:creator\" content=\"@matisiceland\" \/>\n<meta name=\"twitter:site\" content=\"@matisiceland\" \/>\n<meta name=\"twitter:label1\" content=\"Written by\" \/>\n\t<meta name=\"twitter:data1\" content=\"admin\" \/>\n\t<meta name=\"twitter:label2\" content=\"Estimated reading time\" \/>\n\t<meta name=\"twitter:data2\" content=\"1 minute\" \/>\n<script type=\"application\/ld+json\" class=\"yoast-schema-graph\">{\"@context\":\"https:\\\/\\\/schema.org\",\"@graph\":[{\"@type\":\"Article\",\"@id\":\"https:\\\/\\\/matis.is\\\/frettir\\\/frettatilkynning-fra-matis-ohf\\\/#article\",\"isPartOf\":{\"@id\":\"https:\\\/\\\/matis.is\\\/frettir\\\/frettatilkynning-fra-matis-ohf\\\/\"},\"author\":{\"name\":\"admin\",\"@id\":\"https:\\\/\\\/matis.is\\\/#\\\/schema\\\/person\\\/33b92c850c915c93e67f291e3381a49a\"},\"headline\":\"Fr\u00e9ttatilkynning fr\u00e1 Mat\u00eds ohf.\",\"datePublished\":\"2006-10-02T09:02:00+00:00\",\"dateModified\":\"2021-08-31T09:04:36+00:00\",\"mainEntityOfPage\":{\"@id\":\"https:\\\/\\\/matis.is\\\/frettir\\\/frettatilkynning-fra-matis-ohf\\\/\"},\"wordCount\":312,\"publisher\":{\"@id\":\"https:\\\/\\\/matis.is\\\/#organization\"},\"image\":{\"@id\":\"https:\\\/\\\/matis.is\\\/frettir\\\/frettatilkynning-fra-matis-ohf\\\/#primaryimage\"},\"thumbnailUrl\":\"https:\\\/\\\/matis.is\\\/wp-content\\\/uploads\\\/Sjofn_Sigurgisladottir.jpg\",\"articleSection\":[\"Fr\u00e9ttir\"],\"inLanguage\":\"en-GB\"},{\"@type\":\"WebPage\",\"@id\":\"https:\\\/\\\/matis.is\\\/frettir\\\/frettatilkynning-fra-matis-ohf\\\/\",\"url\":\"https:\\\/\\\/matis.is\\\/frettir\\\/frettatilkynning-fra-matis-ohf\\\/\",\"name\":\"Fr\u00e9ttatilkynning fr\u00e1 Mat\u00eds ohf. - Mat\u00eds\",\"isPartOf\":{\"@id\":\"https:\\\/\\\/matis.is\\\/#website\"},\"primaryImageOfPage\":{\"@id\":\"https:\\\/\\\/matis.is\\\/frettir\\\/frettatilkynning-fra-matis-ohf\\\/#primaryimage\"},\"image\":{\"@id\":\"https:\\\/\\\/matis.is\\\/frettir\\\/frettatilkynning-fra-matis-ohf\\\/#primaryimage\"},\"thumbnailUrl\":\"https:\\\/\\\/matis.is\\\/wp-content\\\/uploads\\\/Sjofn_Sigurgisladottir.jpg\",\"datePublished\":\"2006-10-02T09:02:00+00:00\",\"dateModified\":\"2021-08-31T09:04:36+00:00\",\"description\":\"Sj\u00f6fn Sigurg\u00edslad\u00f3ttir hefur veri\u00f0 r\u00e1\u00f0in forstj\u00f3ri Mat\u00eds ohf. en \u00fea\u00f0 er hi\u00f0 n\u00fdja fyrirt\u00e6ki sem ver\u00f0ur til vi\u00f0 sameiningu Rf, RUST og Matv\u00e6laranns\u00f3kna \u00e1 Keldnaholti. N\u00fdja fyrirt\u00e6ki\u00f0 sendi \u00ed morgun fr\u00e1 s\u00e9r eftirfarandi fr\u00e9ttatilkynningu:\",\"breadcrumb\":{\"@id\":\"https:\\\/\\\/matis.is\\\/frettir\\\/frettatilkynning-fra-matis-ohf\\\/#breadcrumb\"},\"inLanguage\":\"en-GB\",\"potentialAction\":[{\"@type\":\"ReadAction\",\"target\":[\"https:\\\/\\\/matis.is\\\/frettir\\\/frettatilkynning-fra-matis-ohf\\\/\"]}]},{\"@type\":\"ImageObject\",\"inLanguage\":\"en-GB\",\"@id\":\"https:\\\/\\\/matis.is\\\/frettir\\\/frettatilkynning-fra-matis-ohf\\\/#primaryimage\",\"url\":\"https:\\\/\\\/matis.is\\\/wp-content\\\/uploads\\\/Sjofn_Sigurgisladottir.jpg\",\"contentUrl\":\"https:\\\/\\\/matis.is\\\/wp-content\\\/uploads\\\/Sjofn_Sigurgisladottir.jpg\",\"width\":125,\"height\":45},{\"@type\":\"BreadcrumbList\",\"@id\":\"https:\\\/\\\/matis.is\\\/frettir\\\/frettatilkynning-fra-matis-ohf\\\/#breadcrumb\",\"itemListElement\":[{\"@type\":\"ListItem\",\"position\":1,\"name\":\"Home\",\"item\":\"https:\\\/\\\/matis.is\\\/\"},{\"@type\":\"ListItem\",\"position\":2,\"name\":\"Fr\u00e9ttatilkynning fr\u00e1 Mat\u00eds ohf.\"}]},{\"@type\":\"WebSite\",\"@id\":\"https:\\\/\\\/matis.is\\\/#website\",\"url\":\"https:\\\/\\\/matis.is\\\/\",\"name\":\"Mat\u00eds\",\"description\":\"Ver\u00f0m\u00e6task\u00f6pun, matv\u00e6la\u00f6ryggi og l\u00fd\u00f0heilsa\",\"publisher\":{\"@id\":\"https:\\\/\\\/matis.is\\\/#organization\"},\"potentialAction\":[{\"@type\":\"SearchAction\",\"target\":{\"@type\":\"EntryPoint\",\"urlTemplate\":\"https:\\\/\\\/matis.is\\\/?s={search_term_string}\"},\"query-input\":{\"@type\":\"PropertyValueSpecification\",\"valueRequired\":true,\"valueName\":\"search_term_string\"}}],\"inLanguage\":\"en-GB\"},{\"@type\":\"Organization\",\"@id\":\"https:\\\/\\\/matis.is\\\/#organization\",\"name\":\"Mat\u00eds ohf.\",\"url\":\"https:\\\/\\\/matis.is\\\/\",\"logo\":{\"@type\":\"ImageObject\",\"inLanguage\":\"en-GB\",\"@id\":\"https:\\\/\\\/matis.is\\\/#\\\/schema\\\/logo\\\/image\\\/\",\"url\":\"https:\\\/\\\/matis.is\\\/wp-content\\\/uploads\\\/2021\\\/02\\\/matis_logo_blatthvitt.png\",\"contentUrl\":\"https:\\\/\\\/matis.is\\\/wp-content\\\/uploads\\\/2021\\\/02\\\/matis_logo_blatthvitt.png\",\"width\":1507,\"height\":1507,\"caption\":\"Mat\u00eds ohf.\"},\"image\":{\"@id\":\"https:\\\/\\\/matis.is\\\/#\\\/schema\\\/logo\\\/image\\\/\"},\"sameAs\":[\"https:\\\/\\\/www.facebook.com\\\/matisiceland\",\"https:\\\/\\\/x.com\\\/matisiceland\",\"https:\\\/\\\/www.instagram.com\\\/matisiceland\\\/\",\"https:\\\/\\\/www.linkedin.com\\\/matisiceland\\\/\",\"https:\\\/\\\/www.youtube.com\\\/channel\\\/UCY-frt3uTqgVZW-DLjoo5bA\"]},{\"@type\":\"Person\",\"@id\":\"https:\\\/\\\/matis.is\\\/#\\\/schema\\\/person\\\/33b92c850c915c93e67f291e3381a49a\",\"name\":\"admin\",\"sameAs\":[\"https:\\\/\\\/matis.mareframe.eu\"],\"url\":\"https:\\\/\\\/matis.is\\\/en\\\/author\\\/thormodurmatis-is\\\/\"}]}<\/script>\n<!-- \/ Yoast SEO plugin. -->","yoast_head_json":{"title":"Press release from Mat\u00eds ohf. - Mat\u00eds","description":"Sj\u00f6fn Sigurg\u00edslad\u00f3ttir has been appointed CEO of Mat\u00eds ohf. but it is the new company that will be created by merging IFL, RUST and Matv\u00e6laranns\u00f3knir in Keldnaholt. The new company issued the following press release this morning:","robots":{"index":"index","follow":"follow","max-snippet":"max-snippet:-1","max-image-preview":"max-image-preview:large","max-video-preview":"max-video-preview:-1"},"canonical":"https:\/\/matis.is\/en\/frettir\/frettatilkynning-fra-matis-ohf\/","og_locale":"en_GB","og_type":"article","og_title":"Fr\u00e9ttatilkynning fr\u00e1 Mat\u00eds ohf. - Mat\u00eds","og_description":"Sj\u00f6fn Sigurg\u00edslad\u00f3ttir hefur veri\u00f0 r\u00e1\u00f0in forstj\u00f3ri Mat\u00eds ohf. en \u00fea\u00f0 er hi\u00f0 n\u00fdja fyrirt\u00e6ki sem ver\u00f0ur til vi\u00f0 sameiningu Rf, RUST og Matv\u00e6laranns\u00f3kna \u00e1 Keldnaholti. N\u00fdja fyrirt\u00e6ki\u00f0 sendi \u00ed morgun fr\u00e1 s\u00e9r eftirfarandi fr\u00e9ttatilkynningu:","og_url":"https:\/\/matis.is\/en\/frettir\/frettatilkynning-fra-matis-ohf\/","og_site_name":"Mat\u00eds","article_publisher":"https:\/\/www.facebook.com\/matisiceland","article_published_time":"2006-10-02T09:02:00+00:00","article_modified_time":"2021-08-31T09:04:36+00:00","og_image":[{"width":125,"height":45,"url":"https:\/\/matis.is\/wp-content\/uploads\/Sjofn_Sigurgisladottir.jpg","type":"image\/jpeg"}],"author":"admin","twitter_card":"summary_large_image","twitter_creator":"@matisiceland","twitter_site":"@matisiceland","twitter_misc":{"Written by":"admin","Estimated reading time":"1 minute"},"schema":{"@context":"https:\/\/schema.org","@graph":[{"@type":"Article","@id":"https:\/\/matis.is\/frettir\/frettatilkynning-fra-matis-ohf\/#article","isPartOf":{"@id":"https:\/\/matis.is\/frettir\/frettatilkynning-fra-matis-ohf\/"},"author":{"name":"admin","@id":"https:\/\/matis.is\/#\/schema\/person\/33b92c850c915c93e67f291e3381a49a"},"headline":"Fr\u00e9ttatilkynning fr\u00e1 Mat\u00eds ohf.","datePublished":"2006-10-02T09:02:00+00:00","dateModified":"2021-08-31T09:04:36+00:00","mainEntityOfPage":{"@id":"https:\/\/matis.is\/frettir\/frettatilkynning-fra-matis-ohf\/"},"wordCount":312,"publisher":{"@id":"https:\/\/matis.is\/#organization"},"image":{"@id":"https:\/\/matis.is\/frettir\/frettatilkynning-fra-matis-ohf\/#primaryimage"},"thumbnailUrl":"https:\/\/matis.is\/wp-content\/uploads\/Sjofn_Sigurgisladottir.jpg","articleSection":["Fr\u00e9ttir"],"inLanguage":"en-GB"},{"@type":"WebPage","@id":"https:\/\/matis.is\/frettir\/frettatilkynning-fra-matis-ohf\/","url":"https:\/\/matis.is\/frettir\/frettatilkynning-fra-matis-ohf\/","name":"Press release from Mat\u00eds ohf. - Mat\u00eds","isPartOf":{"@id":"https:\/\/matis.is\/#website"},"primaryImageOfPage":{"@id":"https:\/\/matis.is\/frettir\/frettatilkynning-fra-matis-ohf\/#primaryimage"},"image":{"@id":"https:\/\/matis.is\/frettir\/frettatilkynning-fra-matis-ohf\/#primaryimage"},"thumbnailUrl":"https:\/\/matis.is\/wp-content\/uploads\/Sjofn_Sigurgisladottir.jpg","datePublished":"2006-10-02T09:02:00+00:00","dateModified":"2021-08-31T09:04:36+00:00","description":"Sj\u00f6fn Sigurg\u00edslad\u00f3ttir has been appointed CEO of Mat\u00eds ohf. but it is the new company that will be created by merging IFL, RUST and Matv\u00e6laranns\u00f3knir in Keldnaholt. The new company issued the following press release this morning:","breadcrumb":{"@id":"https:\/\/matis.is\/frettir\/frettatilkynning-fra-matis-ohf\/#breadcrumb"},"inLanguage":"en-GB","potentialAction":[{"@type":"ReadAction","target":["https:\/\/matis.is\/frettir\/frettatilkynning-fra-matis-ohf\/"]}]},{"@type":"ImageObject","inLanguage":"en-GB","@id":"https:\/\/matis.is\/frettir\/frettatilkynning-fra-matis-ohf\/#primaryimage","url":"https:\/\/matis.is\/wp-content\/uploads\/Sjofn_Sigurgisladottir.jpg","contentUrl":"https:\/\/matis.is\/wp-content\/uploads\/Sjofn_Sigurgisladottir.jpg","width":125,"height":45},{"@type":"BreadcrumbList","@id":"https:\/\/matis.is\/frettir\/frettatilkynning-fra-matis-ohf\/#breadcrumb","itemListElement":[{"@type":"ListItem","position":1,"name":"Home","item":"https:\/\/matis.is\/"},{"@type":"ListItem","position":2,"name":"Fr\u00e9ttatilkynning fr\u00e1 Mat\u00eds ohf."}]},{"@type":"WebSite","@id":"https:\/\/matis.is\/#website","url":"https:\/\/matis.is\/","name":"Mat\u00eds","description":"Value creation, food security and public health","publisher":{"@id":"https:\/\/matis.is\/#organization"},"potentialAction":[{"@type":"SearchAction","target":{"@type":"EntryPoint","urlTemplate":"https:\/\/matis.is\/?s={search_term_string}"},"query-input":{"@type":"PropertyValueSpecification","valueRequired":true,"valueName":"search_term_string"}}],"inLanguage":"en-GB"},{"@type":"Organization","@id":"https:\/\/matis.is\/#organization","name":"Mat\u00eds ohf.","url":"https:\/\/matis.is\/","logo":{"@type":"ImageObject","inLanguage":"en-GB","@id":"https:\/\/matis.is\/#\/schema\/logo\/image\/","url":"https:\/\/matis.is\/wp-content\/uploads\/2021\/02\/matis_logo_blatthvitt.png","contentUrl":"https:\/\/matis.is\/wp-content\/uploads\/2021\/02\/matis_logo_blatthvitt.png","width":1507,"height":1507,"caption":"Mat\u00eds ohf."},"image":{"@id":"https:\/\/matis.is\/#\/schema\/logo\/image\/"},"sameAs":["https:\/\/www.facebook.com\/matisiceland","https:\/\/x.com\/matisiceland","https:\/\/www.instagram.com\/matisiceland\/","https:\/\/www.linkedin.com\/matisiceland\/","https:\/\/www.youtube.com\/channel\/UCY-frt3uTqgVZW-DLjoo5bA"]},{"@type":"Person","@id":"https:\/\/matis.is\/#\/schema\/person\/33b92c850c915c93e67f291e3381a49a","name":"admin","sameAs":["https:\/\/matis.mareframe.eu"],"url":"https:\/\/matis.is\/en\/author\/thormodurmatis-is\/"}]}},"spectra_custom_meta":{"_edit_lock":["1630400677:5"],"_wp_old_date":["2021-08-31"],"_thumbnail_id":["43866"],"_wp_page_template":["templates\/template-cover.php"],"_edit_last":["5"],"tengilidur":[""],"_tengilidur":["field_5ef905e0538b2"],"_yoast_wpseo_primary_category":["1973"],"_yoast_wpseo_metadesc":["Sj\u00f6fn Sigurg\u00edslad\u00f3ttir hefur veri\u00f0 r\u00e1\u00f0in forstj\u00f3ri Mat\u00eds ohf. en \u00fea\u00f0 er hi\u00f0 n\u00fdja fyrirt\u00e6ki sem ver\u00f0ur til vi\u00f0 sameiningu Rf, RUST og Matv\u00e6laranns\u00f3kna \u00e1 Keldnaholti. N\u00fdja fyrirt\u00e6ki\u00f0 sendi \u00ed morgun fr\u00e1 s\u00e9r eftirfarandi fr\u00e9ttatilkynningu:"],"_yoast_wpseo_content_score":["30"],"_yoast_wpseo_estimated-reading-time-minutes":["1"],"wpmm_postgrid_views":["293"],"_uag_css_file_name":["uag-css-43865.css"],"_uag_page_assets":["a:9:{s:3:\"css\";s:263:\".uag-blocks-common-selector{z-index:var(--z-index-desktop) !important}@media (max-width: 976px){.uag-blocks-common-selector{z-index:var(--z-index-tablet) !important}}@media (max-width: 767px){.uag-blocks-common-selector{z-index:var(--z-index-mobile) !important}}\n\";s:2:\"js\";s:0:\"\";s:18:\"current_block_list\";a:6:{i:0;s:12:\"core\/heading\";i:1;s:14:\"core\/paragraph\";i:2;s:12:\"core\/buttons\";i:3;s:11:\"core\/button\";i:4;s:12:\"core\/columns\";i:5;s:11:\"core\/column\";}s:8:\"uag_flag\";b:0;s:11:\"uag_version\";s:10:\"1777300790\";s:6:\"gfonts\";a:0:{}s:10:\"gfonts_url\";s:0:\"\";s:12:\"gfonts_files\";a:0:{}s:14:\"uag_faq_layout\";b:0;}"]},"uagb_featured_image_src":{"full":["https:\/\/matis.is\/wp-content\/uploads\/Sjofn_Sigurgisladottir.jpg",125,45,false],"thumbnail":["https:\/\/matis.is\/wp-content\/uploads\/Sjofn_Sigurgisladottir.jpg",125,45,false],"medium":["https:\/\/matis.is\/wp-content\/uploads\/Sjofn_Sigurgisladottir.jpg",125,45,false],"medium_large":["https:\/\/matis.is\/wp-content\/uploads\/Sjofn_Sigurgisladottir.jpg",125,45,false],"large":["https:\/\/matis.is\/wp-content\/uploads\/Sjofn_Sigurgisladottir.jpg",125,45,false],"1536x1536":["https:\/\/matis.is\/wp-content\/uploads\/Sjofn_Sigurgisladottir.jpg",125,45,false],"2048x2048":["https:\/\/matis.is\/wp-content\/uploads\/Sjofn_Sigurgisladottir.jpg",125,45,false],"trp-custom-language-flag":["https:\/\/matis.is\/wp-content\/uploads\/Sjofn_Sigurgisladottir.jpg",18,6,false]},"uagb_author_info":{"display_name":"admin","author_link":"https:\/\/matis.is\/en\/author\/thormodurmatis-is\/"},"uagb_comment_info":0,"uagb_excerpt":"Sj\u00f6fn Sigurg\u00edslad\u00f3ttir hefur veri\u00f0 r\u00e1\u00f0in forstj\u00f3ri Mat\u00eds ohf. en \u00fea\u00f0 er hi\u00f0 n\u00fdja fyrirt\u00e6ki sem ver\u00f0ur til vi\u00f0 sameiningu Rf, [&hellip;]","_links":{"self":[{"href":"https:\/\/matis.is\/en\/wp-json\/wp\/v2\/posts\/43865","targetHints":{"allow":["GET"]}}],"collection":[{"href":"https:\/\/matis.is\/en\/wp-json\/wp\/v2\/posts"}],"about":[{"href":"https:\/\/matis.is\/en\/wp-json\/wp\/v2\/types\/post"}],"author":[{"embeddable":true,"href":"https:\/\/matis.is\/en\/wp-json\/wp\/v2\/users\/1"}],"replies":[{"embeddable":true,"href":"https:\/\/matis.is\/en\/wp-json\/wp\/v2\/comments?post=43865"}],"version-history":[{"count":1,"href":"https:\/\/matis.is\/en\/wp-json\/wp\/v2\/posts\/43865\/revisions"}],"predecessor-version":[{"id":43867,"href":"https:\/\/matis.is\/en\/wp-json\/wp\/v2\/posts\/43865\/revisions\/43867"}],"wp:featuredmedia":[{"embeddable":true,"href":"https:\/\/matis.is\/en\/wp-json\/wp\/v2\/media\/43866"}],"wp:attachment":[{"href":"https:\/\/matis.is\/en\/wp-json\/wp\/v2\/media?parent=43865"}],"wp:term":[{"taxonomy":"category","embeddable":true,"href":"https:\/\/matis.is\/en\/wp-json\/wp\/v2\/categories?post=43865"},{"taxonomy":"post_tag","embeddable":true,"href":"https:\/\/matis.is\/en\/wp-json\/wp\/v2\/tags?post=43865"}],"curies":[{"name":"wp","href":"https:\/\/api.w.org\/{rel}","templated":true}]}}