{"id":43899,"date":"2006-08-30T09:25:00","date_gmt":"2006-08-30T09:25:00","guid":{"rendered":"https:\/\/matis.is\/?p=43899"},"modified":"2021-09-27T15:51:41","modified_gmt":"2021-09-27T15:51:41","slug":"kafad-i-hafid-i-leit-ad-nyjum-lyfjum","status":"publish","type":"post","link":"https:\/\/matis.is\/en\/frettir\/kafad-i-hafid-i-leit-ad-nyjum-lyfjum\/","title":{"rendered":"Diving into the sea in search of new drugs?"},"content":{"rendered":"<h4 class=\"wp-block-heading\">Many Danes are now following with interest the expedition of the Danish patrol ship V\u00e6dderen, which Icelanders know well, as the ship has had regular calls in Iceland in recent years on its way to and from Greenland. The ship is currently on an eight-month scientific expedition, called the Galatha 3 project, where it sails around the earth and various research is done.<\/h4>\n\n\n\n<p>The Danish parliament provided DKK 80 million, about ISK 960 million, for the project, mainly to make the necessary improvements and changes to V\u00e6dderen before embarking on the expedition, which began in mid-August and is scheduled to end at the end of April 2007. In addition, private parties and research funds have contributed a total of over ISK 1 billion to the various scientific studies that are planned to be carried out during the expedition.<\/p>\n\n\n\n<p>Although only half a month has passed since the expedition began, scientists on board believe they have already made some interesting discoveries. This is what dr. Lone Gram, who works for Danmarks Fiskeriunders\u00f6gelser (DFU), in an interview with Politiken&#039;s website that the expedition has found an interesting microbe at a depth of 30 meters in the sea off the Faroe Islands and that can possibly be used, either in the development of new antibiotics or as a preservative. It is worth mentioning that DFU is a sister institution of IFL and the institutes&#039; researchers have had considerable collaboration in recent years.<\/p>\n\n\n\n<p>According to dr. Gram is this micro-organism &quot;military&quot; i.e. it inhibits growth or simply kills other bacteria it comes in contact with. Dr. Gram says in an interview with Politiken.dk that it is clear that the Faroese bacterium, which she temporarily calls S 191, is therefore interesting and that she is looking forward to cultivating it and researching its type better when she returns to Denmark.&nbsp;&nbsp;&nbsp;<\/p>\n\n\n\n<p>This trip V\u00e6dderen is the third world tour with this format that the Danes are responsible for. The first was taken on the ship Galatheu I in the years 1845-1847, but then most of the research took place on land. From 1950 to 1952, Galatheu II went on a global voyage, exploring the deep water. You can follow the expedition on the web, at politiken.dk <\/p>\n\n\n\n<p>Sources:<\/p>\n\n\n\n<p><a href=\"http:\/\/politiken.dk\" target=\"_blank\" rel=\"noreferrer noopener\">Politiken.dk<\/a><\/p>\n\n\n\n<p>skip.is<\/p>","protected":false},"excerpt":{"rendered":"<p>Margir Danir fylgjast n\u00fa af \u00e1huga me\u00f0 lei\u00f0angri danska var\u00f0skipsins V\u00e6dderen, sem \u00cdslendingar \u00feekkja vel, enda hefur skipi\u00f0 haft reglulega [&hellip;]<\/p>\n","protected":false},"author":1,"featured_media":43900,"comment_status":"closed","ping_status":"closed","sticky":false,"template":"templates\/template-cover.php","format":"standard","meta":{"_acf_changed":false,"_uag_custom_page_level_css":"","site-sidebar-layout":"default","site-content-layout":"","ast-site-content-layout":"default","site-content-style":"default","site-sidebar-style":"default","ast-global-header-display":"","ast-banner-title-visibility":"","ast-main-header-display":"","ast-hfb-above-header-display":"","ast-hfb-below-header-display":"","ast-hfb-mobile-header-display":"","site-post-title":"","ast-breadcrumbs-content":"","ast-featured-img":"","footer-sml-layout":"","ast-disable-related-posts":"","theme-transparent-header-meta":"","adv-header-id-meta":"","stick-header-meta":"","header-above-stick-meta":"","header-main-stick-meta":"","header-below-stick-meta":"","astra-migrate-meta-layouts":"default","ast-page-background-enabled":"default","ast-page-background-meta":{"desktop":{"background-color":"var(--ast-global-color-5)","background-image":"","background-repeat":"repeat","background-position":"center center","background-size":"auto","background-attachment":"scroll","background-type":"","background-media":"","overlay-type":"","overlay-color":"","overlay-opacity":"","overlay-gradient":""},"tablet":{"background-color":"","background-image":"","background-repeat":"repeat","background-position":"center center","background-size":"auto","background-attachment":"scroll","background-type":"","background-media":"","overlay-type":"","overlay-color":"","overlay-opacity":"","overlay-gradient":""},"mobile":{"background-color":"","background-image":"","background-repeat":"repeat","background-position":"center center","background-size":"auto","background-attachment":"scroll","background-type":"","background-media":"","overlay-type":"","overlay-color":"","overlay-opacity":"","overlay-gradient":""}},"ast-content-background-meta":{"desktop":{"background-color":"var(--ast-global-color-4)","background-image":"","background-repeat":"repeat","background-position":"center center","background-size":"auto","background-attachment":"scroll","background-type":"","background-media":"","overlay-type":"","overlay-color":"","overlay-opacity":"","overlay-gradient":""},"tablet":{"background-color":"var(--ast-global-color-4)","background-image":"","background-repeat":"repeat","background-position":"center center","background-size":"auto","background-attachment":"scroll","background-type":"","background-media":"","overlay-type":"","overlay-color":"","overlay-opacity":"","overlay-gradient":""},"mobile":{"background-color":"var(--ast-global-color-4)","background-image":"","background-repeat":"repeat","background-position":"center center","background-size":"auto","background-attachment":"scroll","background-type":"","background-media":"","overlay-type":"","overlay-color":"","overlay-opacity":"","overlay-gradient":""}},"footnotes":""},"categories":[1973],"tags":[],"class_list":["post-43899","post","type-post","status-publish","format-standard","has-post-thumbnail","hentry","category-frettir"],"acf":[],"yoast_head":"<!-- This site is optimized with the Yoast SEO plugin v27.4 - https:\/\/yoast.com\/product\/yoast-seo-wordpress\/ -->\n<title>Kafa\u00f0 \u00ed hafi\u00f0 \u00ed leit a\u00f0 n\u00fdjum lyfjum? - Mat\u00eds<\/title>\n<meta name=\"description\" content=\"Margir Danir fylgjast n\u00fa af \u00e1huga me\u00f0 lei\u00f0angri danska var\u00f0skipsins V\u00e6dderen, sem \u00cdslendingar \u00feekkja vel, enda hefur skipi\u00f0 haft reglulega vi\u00f0komu \u00e1 \u00cdslandi \u00e1 undanf\u00f6rnum \u00e1rum \u00e1 lei\u00f0 sinni til og fr\u00e1 Gr\u00e6nlandi. Skipi\u00f0 er n\u00fa \u00ed \u00e1tta m\u00e1na\u00f0a v\u00edsindalei\u00f0angri, sem nefnist Galatha 3 verkefni\u00f0, \u00fear sem siglt er umhverfis j\u00f6r\u00f0ina og \u00fdmsar ranns\u00f3knir ger\u00f0ar.\" \/>\n<meta name=\"robots\" content=\"index, follow, max-snippet:-1, max-image-preview:large, max-video-preview:-1\" \/>\n<link rel=\"canonical\" href=\"https:\/\/matis.is\/en\/frettir\/kafad-i-hafid-i-leit-ad-nyjum-lyfjum\/\" \/>\n<meta property=\"og:locale\" content=\"en_GB\" \/>\n<meta property=\"og:type\" content=\"article\" \/>\n<meta property=\"og:title\" content=\"Kafa\u00f0 \u00ed hafi\u00f0 \u00ed leit a\u00f0 n\u00fdjum lyfjum? - Mat\u00eds\" \/>\n<meta property=\"og:description\" content=\"Margir Danir fylgjast n\u00fa af \u00e1huga me\u00f0 lei\u00f0angri danska var\u00f0skipsins V\u00e6dderen, sem \u00cdslendingar \u00feekkja vel, enda hefur skipi\u00f0 haft reglulega vi\u00f0komu \u00e1 \u00cdslandi \u00e1 undanf\u00f6rnum \u00e1rum \u00e1 lei\u00f0 sinni til og fr\u00e1 Gr\u00e6nlandi. Skipi\u00f0 er n\u00fa \u00ed \u00e1tta m\u00e1na\u00f0a v\u00edsindalei\u00f0angri, sem nefnist Galatha 3 verkefni\u00f0, \u00fear sem siglt er umhverfis j\u00f6r\u00f0ina og \u00fdmsar ranns\u00f3knir ger\u00f0ar.\" \/>\n<meta property=\"og:url\" content=\"https:\/\/matis.is\/en\/frettir\/kafad-i-hafid-i-leit-ad-nyjum-lyfjum\/\" \/>\n<meta property=\"og:site_name\" content=\"Mat\u00eds\" \/>\n<meta property=\"article:publisher\" content=\"https:\/\/www.facebook.com\/matisiceland\" \/>\n<meta property=\"article:published_time\" content=\"2006-08-30T09:25:00+00:00\" \/>\n<meta property=\"article:modified_time\" content=\"2021-09-27T15:51:41+00:00\" \/>\n<meta property=\"og:image\" content=\"https:\/\/matis.is\/wp-content\/uploads\/Vadderen.jpg\" \/>\n\t<meta property=\"og:image:width\" content=\"640\" \/>\n\t<meta property=\"og:image:height\" content=\"233\" \/>\n\t<meta property=\"og:image:type\" content=\"image\/jpeg\" \/>\n<meta name=\"author\" content=\"admin\" \/>\n<meta name=\"twitter:card\" content=\"summary_large_image\" \/>\n<meta name=\"twitter:creator\" content=\"@matisiceland\" \/>\n<meta name=\"twitter:site\" content=\"@matisiceland\" \/>\n<meta name=\"twitter:label1\" content=\"Written by\" \/>\n\t<meta name=\"twitter:data1\" content=\"admin\" \/>\n\t<meta name=\"twitter:label2\" content=\"Estimated reading time\" \/>\n\t<meta name=\"twitter:data2\" content=\"2 minutes\" \/>\n<script type=\"application\/ld+json\" class=\"yoast-schema-graph\">{\"@context\":\"https:\\\/\\\/schema.org\",\"@graph\":[{\"@type\":\"Article\",\"@id\":\"https:\\\/\\\/matis.is\\\/frettir\\\/kafad-i-hafid-i-leit-ad-nyjum-lyfjum\\\/#article\",\"isPartOf\":{\"@id\":\"https:\\\/\\\/matis.is\\\/frettir\\\/kafad-i-hafid-i-leit-ad-nyjum-lyfjum\\\/\"},\"author\":{\"name\":\"admin\",\"@id\":\"https:\\\/\\\/matis.is\\\/#\\\/schema\\\/person\\\/33b92c850c915c93e67f291e3381a49a\"},\"headline\":\"Kafa\u00f0 \u00ed hafi\u00f0 \u00ed leit a\u00f0 n\u00fdjum lyfjum?\",\"datePublished\":\"2006-08-30T09:25:00+00:00\",\"dateModified\":\"2021-09-27T15:51:41+00:00\",\"mainEntityOfPage\":{\"@id\":\"https:\\\/\\\/matis.is\\\/frettir\\\/kafad-i-hafid-i-leit-ad-nyjum-lyfjum\\\/\"},\"wordCount\":407,\"publisher\":{\"@id\":\"https:\\\/\\\/matis.is\\\/#organization\"},\"image\":{\"@id\":\"https:\\\/\\\/matis.is\\\/frettir\\\/kafad-i-hafid-i-leit-ad-nyjum-lyfjum\\\/#primaryimage\"},\"thumbnailUrl\":\"https:\\\/\\\/matis.is\\\/wp-content\\\/uploads\\\/Vadderen.jpg\",\"articleSection\":[\"Fr\u00e9ttir\"],\"inLanguage\":\"en-GB\"},{\"@type\":\"WebPage\",\"@id\":\"https:\\\/\\\/matis.is\\\/frettir\\\/kafad-i-hafid-i-leit-ad-nyjum-lyfjum\\\/\",\"url\":\"https:\\\/\\\/matis.is\\\/frettir\\\/kafad-i-hafid-i-leit-ad-nyjum-lyfjum\\\/\",\"name\":\"Kafa\u00f0 \u00ed hafi\u00f0 \u00ed leit a\u00f0 n\u00fdjum lyfjum? - Mat\u00eds\",\"isPartOf\":{\"@id\":\"https:\\\/\\\/matis.is\\\/#website\"},\"primaryImageOfPage\":{\"@id\":\"https:\\\/\\\/matis.is\\\/frettir\\\/kafad-i-hafid-i-leit-ad-nyjum-lyfjum\\\/#primaryimage\"},\"image\":{\"@id\":\"https:\\\/\\\/matis.is\\\/frettir\\\/kafad-i-hafid-i-leit-ad-nyjum-lyfjum\\\/#primaryimage\"},\"thumbnailUrl\":\"https:\\\/\\\/matis.is\\\/wp-content\\\/uploads\\\/Vadderen.jpg\",\"datePublished\":\"2006-08-30T09:25:00+00:00\",\"dateModified\":\"2021-09-27T15:51:41+00:00\",\"description\":\"Margir Danir fylgjast n\u00fa af \u00e1huga me\u00f0 lei\u00f0angri danska var\u00f0skipsins V\u00e6dderen, sem \u00cdslendingar \u00feekkja vel, enda hefur skipi\u00f0 haft reglulega vi\u00f0komu \u00e1 \u00cdslandi \u00e1 undanf\u00f6rnum \u00e1rum \u00e1 lei\u00f0 sinni til og fr\u00e1 Gr\u00e6nlandi. Skipi\u00f0 er n\u00fa \u00ed \u00e1tta m\u00e1na\u00f0a v\u00edsindalei\u00f0angri, sem nefnist Galatha 3 verkefni\u00f0, \u00fear sem siglt er umhverfis j\u00f6r\u00f0ina og \u00fdmsar ranns\u00f3knir ger\u00f0ar.\",\"breadcrumb\":{\"@id\":\"https:\\\/\\\/matis.is\\\/frettir\\\/kafad-i-hafid-i-leit-ad-nyjum-lyfjum\\\/#breadcrumb\"},\"inLanguage\":\"en-GB\",\"potentialAction\":[{\"@type\":\"ReadAction\",\"target\":[\"https:\\\/\\\/matis.is\\\/frettir\\\/kafad-i-hafid-i-leit-ad-nyjum-lyfjum\\\/\"]}]},{\"@type\":\"ImageObject\",\"inLanguage\":\"en-GB\",\"@id\":\"https:\\\/\\\/matis.is\\\/frettir\\\/kafad-i-hafid-i-leit-ad-nyjum-lyfjum\\\/#primaryimage\",\"url\":\"https:\\\/\\\/matis.is\\\/wp-content\\\/uploads\\\/Vadderen.jpg\",\"contentUrl\":\"https:\\\/\\\/matis.is\\\/wp-content\\\/uploads\\\/Vadderen.jpg\",\"width\":640,\"height\":233},{\"@type\":\"BreadcrumbList\",\"@id\":\"https:\\\/\\\/matis.is\\\/frettir\\\/kafad-i-hafid-i-leit-ad-nyjum-lyfjum\\\/#breadcrumb\",\"itemListElement\":[{\"@type\":\"ListItem\",\"position\":1,\"name\":\"Home\",\"item\":\"https:\\\/\\\/matis.is\\\/\"},{\"@type\":\"ListItem\",\"position\":2,\"name\":\"Kafa\u00f0 \u00ed hafi\u00f0 \u00ed leit a\u00f0 n\u00fdjum lyfjum?\"}]},{\"@type\":\"WebSite\",\"@id\":\"https:\\\/\\\/matis.is\\\/#website\",\"url\":\"https:\\\/\\\/matis.is\\\/\",\"name\":\"Mat\u00eds\",\"description\":\"Ver\u00f0m\u00e6task\u00f6pun, matv\u00e6la\u00f6ryggi og l\u00fd\u00f0heilsa\",\"publisher\":{\"@id\":\"https:\\\/\\\/matis.is\\\/#organization\"},\"potentialAction\":[{\"@type\":\"SearchAction\",\"target\":{\"@type\":\"EntryPoint\",\"urlTemplate\":\"https:\\\/\\\/matis.is\\\/?s={search_term_string}\"},\"query-input\":{\"@type\":\"PropertyValueSpecification\",\"valueRequired\":true,\"valueName\":\"search_term_string\"}}],\"inLanguage\":\"en-GB\"},{\"@type\":\"Organization\",\"@id\":\"https:\\\/\\\/matis.is\\\/#organization\",\"name\":\"Mat\u00eds ohf.\",\"url\":\"https:\\\/\\\/matis.is\\\/\",\"logo\":{\"@type\":\"ImageObject\",\"inLanguage\":\"en-GB\",\"@id\":\"https:\\\/\\\/matis.is\\\/#\\\/schema\\\/logo\\\/image\\\/\",\"url\":\"https:\\\/\\\/matis.is\\\/wp-content\\\/uploads\\\/2021\\\/02\\\/matis_logo_blatthvitt.png\",\"contentUrl\":\"https:\\\/\\\/matis.is\\\/wp-content\\\/uploads\\\/2021\\\/02\\\/matis_logo_blatthvitt.png\",\"width\":1507,\"height\":1507,\"caption\":\"Mat\u00eds ohf.\"},\"image\":{\"@id\":\"https:\\\/\\\/matis.is\\\/#\\\/schema\\\/logo\\\/image\\\/\"},\"sameAs\":[\"https:\\\/\\\/www.facebook.com\\\/matisiceland\",\"https:\\\/\\\/x.com\\\/matisiceland\",\"https:\\\/\\\/www.instagram.com\\\/matisiceland\\\/\",\"https:\\\/\\\/www.linkedin.com\\\/matisiceland\\\/\",\"https:\\\/\\\/www.youtube.com\\\/channel\\\/UCY-frt3uTqgVZW-DLjoo5bA\"]},{\"@type\":\"Person\",\"@id\":\"https:\\\/\\\/matis.is\\\/#\\\/schema\\\/person\\\/33b92c850c915c93e67f291e3381a49a\",\"name\":\"admin\",\"sameAs\":[\"https:\\\/\\\/matis.mareframe.eu\"],\"url\":\"https:\\\/\\\/matis.is\\\/en\\\/author\\\/thormodurmatis-is\\\/\"}]}<\/script>\n<!-- \/ Yoast SEO plugin. -->","yoast_head_json":{"title":"Dive into the ocean in search of new drugs? - Mat\u00eds","description":"Many Danes are now following with interest the expedition of the Danish patrol ship V\u00e6dderen, which Icelanders know well, as the ship has had regular calls in Iceland in recent years on its way to and from Greenland. The ship is currently on an eight-month scientific expedition, called the Galatha 3 project, where it sails around the earth and various research is done.","robots":{"index":"index","follow":"follow","max-snippet":"max-snippet:-1","max-image-preview":"max-image-preview:large","max-video-preview":"max-video-preview:-1"},"canonical":"https:\/\/matis.is\/en\/frettir\/kafad-i-hafid-i-leit-ad-nyjum-lyfjum\/","og_locale":"en_GB","og_type":"article","og_title":"Kafa\u00f0 \u00ed hafi\u00f0 \u00ed leit a\u00f0 n\u00fdjum lyfjum? - Mat\u00eds","og_description":"Margir Danir fylgjast n\u00fa af \u00e1huga me\u00f0 lei\u00f0angri danska var\u00f0skipsins V\u00e6dderen, sem \u00cdslendingar \u00feekkja vel, enda hefur skipi\u00f0 haft reglulega vi\u00f0komu \u00e1 \u00cdslandi \u00e1 undanf\u00f6rnum \u00e1rum \u00e1 lei\u00f0 sinni til og fr\u00e1 Gr\u00e6nlandi. Skipi\u00f0 er n\u00fa \u00ed \u00e1tta m\u00e1na\u00f0a v\u00edsindalei\u00f0angri, sem nefnist Galatha 3 verkefni\u00f0, \u00fear sem siglt er umhverfis j\u00f6r\u00f0ina og \u00fdmsar ranns\u00f3knir ger\u00f0ar.","og_url":"https:\/\/matis.is\/en\/frettir\/kafad-i-hafid-i-leit-ad-nyjum-lyfjum\/","og_site_name":"Mat\u00eds","article_publisher":"https:\/\/www.facebook.com\/matisiceland","article_published_time":"2006-08-30T09:25:00+00:00","article_modified_time":"2021-09-27T15:51:41+00:00","og_image":[{"width":640,"height":233,"url":"https:\/\/matis.is\/wp-content\/uploads\/Vadderen.jpg","type":"image\/jpeg"}],"author":"admin","twitter_card":"summary_large_image","twitter_creator":"@matisiceland","twitter_site":"@matisiceland","twitter_misc":{"Written by":"admin","Estimated reading time":"2 minutes"},"schema":{"@context":"https:\/\/schema.org","@graph":[{"@type":"Article","@id":"https:\/\/matis.is\/frettir\/kafad-i-hafid-i-leit-ad-nyjum-lyfjum\/#article","isPartOf":{"@id":"https:\/\/matis.is\/frettir\/kafad-i-hafid-i-leit-ad-nyjum-lyfjum\/"},"author":{"name":"admin","@id":"https:\/\/matis.is\/#\/schema\/person\/33b92c850c915c93e67f291e3381a49a"},"headline":"Kafa\u00f0 \u00ed hafi\u00f0 \u00ed leit a\u00f0 n\u00fdjum lyfjum?","datePublished":"2006-08-30T09:25:00+00:00","dateModified":"2021-09-27T15:51:41+00:00","mainEntityOfPage":{"@id":"https:\/\/matis.is\/frettir\/kafad-i-hafid-i-leit-ad-nyjum-lyfjum\/"},"wordCount":407,"publisher":{"@id":"https:\/\/matis.is\/#organization"},"image":{"@id":"https:\/\/matis.is\/frettir\/kafad-i-hafid-i-leit-ad-nyjum-lyfjum\/#primaryimage"},"thumbnailUrl":"https:\/\/matis.is\/wp-content\/uploads\/Vadderen.jpg","articleSection":["Fr\u00e9ttir"],"inLanguage":"en-GB"},{"@type":"WebPage","@id":"https:\/\/matis.is\/frettir\/kafad-i-hafid-i-leit-ad-nyjum-lyfjum\/","url":"https:\/\/matis.is\/frettir\/kafad-i-hafid-i-leit-ad-nyjum-lyfjum\/","name":"Dive into the ocean in search of new drugs? - Mat\u00eds","isPartOf":{"@id":"https:\/\/matis.is\/#website"},"primaryImageOfPage":{"@id":"https:\/\/matis.is\/frettir\/kafad-i-hafid-i-leit-ad-nyjum-lyfjum\/#primaryimage"},"image":{"@id":"https:\/\/matis.is\/frettir\/kafad-i-hafid-i-leit-ad-nyjum-lyfjum\/#primaryimage"},"thumbnailUrl":"https:\/\/matis.is\/wp-content\/uploads\/Vadderen.jpg","datePublished":"2006-08-30T09:25:00+00:00","dateModified":"2021-09-27T15:51:41+00:00","description":"Many Danes are now following with interest the expedition of the Danish patrol ship V\u00e6dderen, which Icelanders know well, as the ship has had regular calls in Iceland in recent years on its way to and from Greenland. The ship is currently on an eight-month scientific expedition, called the Galatha 3 project, where it sails around the earth and various research is done.","breadcrumb":{"@id":"https:\/\/matis.is\/frettir\/kafad-i-hafid-i-leit-ad-nyjum-lyfjum\/#breadcrumb"},"inLanguage":"en-GB","potentialAction":[{"@type":"ReadAction","target":["https:\/\/matis.is\/frettir\/kafad-i-hafid-i-leit-ad-nyjum-lyfjum\/"]}]},{"@type":"ImageObject","inLanguage":"en-GB","@id":"https:\/\/matis.is\/frettir\/kafad-i-hafid-i-leit-ad-nyjum-lyfjum\/#primaryimage","url":"https:\/\/matis.is\/wp-content\/uploads\/Vadderen.jpg","contentUrl":"https:\/\/matis.is\/wp-content\/uploads\/Vadderen.jpg","width":640,"height":233},{"@type":"BreadcrumbList","@id":"https:\/\/matis.is\/frettir\/kafad-i-hafid-i-leit-ad-nyjum-lyfjum\/#breadcrumb","itemListElement":[{"@type":"ListItem","position":1,"name":"Home","item":"https:\/\/matis.is\/"},{"@type":"ListItem","position":2,"name":"Kafa\u00f0 \u00ed hafi\u00f0 \u00ed leit a\u00f0 n\u00fdjum lyfjum?"}]},{"@type":"WebSite","@id":"https:\/\/matis.is\/#website","url":"https:\/\/matis.is\/","name":"Mat\u00eds","description":"Value creation, food security and public health","publisher":{"@id":"https:\/\/matis.is\/#organization"},"potentialAction":[{"@type":"SearchAction","target":{"@type":"EntryPoint","urlTemplate":"https:\/\/matis.is\/?s={search_term_string}"},"query-input":{"@type":"PropertyValueSpecification","valueRequired":true,"valueName":"search_term_string"}}],"inLanguage":"en-GB"},{"@type":"Organization","@id":"https:\/\/matis.is\/#organization","name":"Mat\u00eds ohf.","url":"https:\/\/matis.is\/","logo":{"@type":"ImageObject","inLanguage":"en-GB","@id":"https:\/\/matis.is\/#\/schema\/logo\/image\/","url":"https:\/\/matis.is\/wp-content\/uploads\/2021\/02\/matis_logo_blatthvitt.png","contentUrl":"https:\/\/matis.is\/wp-content\/uploads\/2021\/02\/matis_logo_blatthvitt.png","width":1507,"height":1507,"caption":"Mat\u00eds ohf."},"image":{"@id":"https:\/\/matis.is\/#\/schema\/logo\/image\/"},"sameAs":["https:\/\/www.facebook.com\/matisiceland","https:\/\/x.com\/matisiceland","https:\/\/www.instagram.com\/matisiceland\/","https:\/\/www.linkedin.com\/matisiceland\/","https:\/\/www.youtube.com\/channel\/UCY-frt3uTqgVZW-DLjoo5bA"]},{"@type":"Person","@id":"https:\/\/matis.is\/#\/schema\/person\/33b92c850c915c93e67f291e3381a49a","name":"admin","sameAs":["https:\/\/matis.mareframe.eu"],"url":"https:\/\/matis.is\/en\/author\/thormodurmatis-is\/"}]}},"spectra_custom_meta":{"_edit_lock":["1632757901:5"],"_wp_old_date":["2021-08-31"],"_thumbnail_id":["43900"],"_wp_page_template":["templates\/template-cover.php"],"_edit_last":["5"],"tengilidur":[""],"_tengilidur":["field_5ef905e0538b2"],"_yoast_wpseo_primary_category":["1973"],"_yoast_wpseo_metadesc":["Margir Danir fylgjast n\u00fa af \u00e1huga me\u00f0 lei\u00f0angri danska var\u00f0skipsins V\u00e6dderen, sem \u00cdslendingar \u00feekkja vel, enda hefur skipi\u00f0 haft reglulega vi\u00f0komu \u00e1 \u00cdslandi \u00e1 undanf\u00f6rnum \u00e1rum \u00e1 lei\u00f0 sinni til og fr\u00e1 Gr\u00e6nlandi. Skipi\u00f0 er n\u00fa \u00ed \u00e1tta m\u00e1na\u00f0a v\u00edsindalei\u00f0angri, sem nefnist Galatha 3 verkefni\u00f0, \u00fear sem siglt er umhverfis j\u00f6r\u00f0ina og \u00fdmsar ranns\u00f3knir ger\u00f0ar."],"_yoast_wpseo_content_score":["30"],"_yoast_wpseo_estimated-reading-time-minutes":["2"],"wpmm_postgrid_views":["281"],"_uag_css_file_name":["uag-css-43899.css"],"_uag_page_assets":["a:9:{s:3:\"css\";s:263:\".uag-blocks-common-selector{z-index:var(--z-index-desktop) !important}@media (max-width: 976px){.uag-blocks-common-selector{z-index:var(--z-index-tablet) !important}}@media (max-width: 767px){.uag-blocks-common-selector{z-index:var(--z-index-mobile) !important}}\n\";s:2:\"js\";s:0:\"\";s:18:\"current_block_list\";a:6:{i:0;s:12:\"core\/heading\";i:1;s:14:\"core\/paragraph\";i:2;s:12:\"core\/buttons\";i:3;s:11:\"core\/button\";i:4;s:12:\"core\/columns\";i:5;s:11:\"core\/column\";}s:8:\"uag_flag\";b:0;s:11:\"uag_version\";s:10:\"1777300790\";s:6:\"gfonts\";a:0:{}s:10:\"gfonts_url\";s:0:\"\";s:12:\"gfonts_files\";a:0:{}s:14:\"uag_faq_layout\";b:0;}"]},"uagb_featured_image_src":{"full":["https:\/\/matis.is\/wp-content\/uploads\/Vadderen.jpg",640,233,false],"thumbnail":["https:\/\/matis.is\/wp-content\/uploads\/Vadderen-150x150.jpg",150,150,true],"medium":["https:\/\/matis.is\/wp-content\/uploads\/Vadderen-300x109.jpg",300,109,true],"medium_large":["https:\/\/matis.is\/wp-content\/uploads\/Vadderen.jpg",640,233,false],"large":["https:\/\/matis.is\/wp-content\/uploads\/Vadderen.jpg",640,233,false],"1536x1536":["https:\/\/matis.is\/wp-content\/uploads\/Vadderen.jpg",640,233,false],"2048x2048":["https:\/\/matis.is\/wp-content\/uploads\/Vadderen.jpg",640,233,false],"trp-custom-language-flag":["https:\/\/matis.is\/wp-content\/uploads\/Vadderen.jpg",18,7,false]},"uagb_author_info":{"display_name":"admin","author_link":"https:\/\/matis.is\/en\/author\/thormodurmatis-is\/"},"uagb_comment_info":0,"uagb_excerpt":"Margir Danir fylgjast n\u00fa af \u00e1huga me\u00f0 lei\u00f0angri danska var\u00f0skipsins V\u00e6dderen, sem \u00cdslendingar \u00feekkja vel, enda hefur skipi\u00f0 haft reglulega [&hellip;]","_links":{"self":[{"href":"https:\/\/matis.is\/en\/wp-json\/wp\/v2\/posts\/43899","targetHints":{"allow":["GET"]}}],"collection":[{"href":"https:\/\/matis.is\/en\/wp-json\/wp\/v2\/posts"}],"about":[{"href":"https:\/\/matis.is\/en\/wp-json\/wp\/v2\/types\/post"}],"author":[{"embeddable":true,"href":"https:\/\/matis.is\/en\/wp-json\/wp\/v2\/users\/1"}],"replies":[{"embeddable":true,"href":"https:\/\/matis.is\/en\/wp-json\/wp\/v2\/comments?post=43899"}],"version-history":[{"count":2,"href":"https:\/\/matis.is\/en\/wp-json\/wp\/v2\/posts\/43899\/revisions"}],"predecessor-version":[{"id":44706,"href":"https:\/\/matis.is\/en\/wp-json\/wp\/v2\/posts\/43899\/revisions\/44706"}],"wp:featuredmedia":[{"embeddable":true,"href":"https:\/\/matis.is\/en\/wp-json\/wp\/v2\/media\/43900"}],"wp:attachment":[{"href":"https:\/\/matis.is\/en\/wp-json\/wp\/v2\/media?parent=43899"}],"wp:term":[{"taxonomy":"category","embeddable":true,"href":"https:\/\/matis.is\/en\/wp-json\/wp\/v2\/categories?post=43899"},{"taxonomy":"post_tag","embeddable":true,"href":"https:\/\/matis.is\/en\/wp-json\/wp\/v2\/tags?post=43899"}],"curies":[{"name":"wp","href":"https:\/\/api.w.org\/{rel}","templated":true}]}}