{"id":43976,"date":"2006-05-09T11:40:00","date_gmt":"2006-05-09T11:40:00","guid":{"rendered":"https:\/\/matis.is\/?p=43976"},"modified":"2021-08-31T11:41:26","modified_gmt":"2021-08-31T11:41:26","slug":"radherra-afhjupar-nyja-tegund-af-fiskikeri-i-brussel","status":"publish","type":"post","link":"https:\/\/matis.is\/en\/frettir\/radherra-afhjupar-nyja-tegund-af-fiskikeri-i-brussel\/","title":{"rendered":"Minister unveils new type of fish tank in Brussels"},"content":{"rendered":"<h4 class=\"wp-block-heading\">The company S\u00e6plast ehf in Dalv\u00edk has developed a new revolutionary fish tank in collaboration with IFL, FISK Seafood hf and the University of Iceland. The fishery was formally unveiled by the Minister of Fisheries, Einar K. Gu\u00f0finnsson, at the fisheries exhibition in Brussels today. This is stated on&nbsp;<a href=\"http:\/\/www.avs.is\/\" target=\"_blank\" rel=\"noreferrer noopener\">AVS website&nbsp;<\/a>of the fund, but he funded precisely this project.<\/h4>\n\n\n\n<p>This project started in 2004 and its goal was to find ways to reduce the load on fish in the lower layers of fish tanks and thereby reduce shrinkage and bruising in fish. The first ideas were to try to create and develop some kind of shelving system in the pots, but prospective users soon rejected the idea so they tried to approach the project in another way.<\/p>\n\n\n\n<p>The result was to start from scratch and design a completely new tank that fulfilled the goal of improving the quality of raw materials and at the same time improving the utilization of volume on board ships, storage and transport equipment. Now a new tank has seen the light of day and it is somewhat lower than most fish tanks today, the tank is also lighter, and when stacked, the upper tank closes the lower one without shit from the forklift reaching the lower tank. In addition, the new vessel&#039;s capacity utilization of ships and transport equipment is significantly better.&nbsp;<\/p>\n\n\n\n<p>One advantage is that the new tank is stacked with older tanks so that there is no such system change. It will be exciting to watch and see how this new vessel will be taken and how it turns out, perhaps here is a new and better tool to improve the utilization and quality of raw materials.<\/p>\n\n\n\n<p>IFN&#039;s project manager was Sveinn V. \u00c1rnason&nbsp;<\/p>","protected":false},"excerpt":{"rendered":"<p>Fyrirt\u00e6ki\u00f0 S\u00e6plast ehf \u00e1 Dalv\u00edk hefur \u00fer\u00f3a\u00f0 n\u00fdtt byltingarkennt fiskiker \u00ed samvinnu vi\u00f0 Rf, FISK Seafood hf og H\u00e1sk\u00f3la \u00cdslands. [&hellip;]<\/p>\n","protected":false},"author":1,"featured_media":43977,"comment_status":"closed","ping_status":"closed","sticky":false,"template":"templates\/template-cover.php","format":"standard","meta":{"_acf_changed":false,"_uag_custom_page_level_css":"","site-sidebar-layout":"default","site-content-layout":"","ast-site-content-layout":"default","site-content-style":"default","site-sidebar-style":"default","ast-global-header-display":"","ast-banner-title-visibility":"","ast-main-header-display":"","ast-hfb-above-header-display":"","ast-hfb-below-header-display":"","ast-hfb-mobile-header-display":"","site-post-title":"","ast-breadcrumbs-content":"","ast-featured-img":"","footer-sml-layout":"","ast-disable-related-posts":"","theme-transparent-header-meta":"","adv-header-id-meta":"","stick-header-meta":"","header-above-stick-meta":"","header-main-stick-meta":"","header-below-stick-meta":"","astra-migrate-meta-layouts":"default","ast-page-background-enabled":"default","ast-page-background-meta":{"desktop":{"background-color":"var(--ast-global-color-5)","background-image":"","background-repeat":"repeat","background-position":"center center","background-size":"auto","background-attachment":"scroll","background-type":"","background-media":"","overlay-type":"","overlay-color":"","overlay-opacity":"","overlay-gradient":""},"tablet":{"background-color":"","background-image":"","background-repeat":"repeat","background-position":"center center","background-size":"auto","background-attachment":"scroll","background-type":"","background-media":"","overlay-type":"","overlay-color":"","overlay-opacity":"","overlay-gradient":""},"mobile":{"background-color":"","background-image":"","background-repeat":"repeat","background-position":"center center","background-size":"auto","background-attachment":"scroll","background-type":"","background-media":"","overlay-type":"","overlay-color":"","overlay-opacity":"","overlay-gradient":""}},"ast-content-background-meta":{"desktop":{"background-color":"var(--ast-global-color-4)","background-image":"","background-repeat":"repeat","background-position":"center center","background-size":"auto","background-attachment":"scroll","background-type":"","background-media":"","overlay-type":"","overlay-color":"","overlay-opacity":"","overlay-gradient":""},"tablet":{"background-color":"var(--ast-global-color-4)","background-image":"","background-repeat":"repeat","background-position":"center center","background-size":"auto","background-attachment":"scroll","background-type":"","background-media":"","overlay-type":"","overlay-color":"","overlay-opacity":"","overlay-gradient":""},"mobile":{"background-color":"var(--ast-global-color-4)","background-image":"","background-repeat":"repeat","background-position":"center center","background-size":"auto","background-attachment":"scroll","background-type":"","background-media":"","overlay-type":"","overlay-color":"","overlay-opacity":"","overlay-gradient":""}},"footnotes":""},"categories":[1973],"tags":[],"class_list":["post-43976","post","type-post","status-publish","format-standard","has-post-thumbnail","hentry","category-frettir"],"acf":[],"yoast_head":"<!-- This site is optimized with the Yoast SEO plugin v27.4 - https:\/\/yoast.com\/product\/yoast-seo-wordpress\/ -->\n<title>R\u00e1\u00f0herra afhj\u00fapar n\u00fdja tegund af fiskikeri \u00ed Brussel - Mat\u00eds<\/title>\n<meta name=\"description\" content=\"Fyrirt\u00e6ki\u00f0 S\u00e6plast ehf \u00e1 Dalv\u00edk hefur \u00fer\u00f3a\u00f0 n\u00fdtt byltingarkennt fiskiker \u00ed samvinnu vi\u00f0 Rf, FISK Seafood hf og H\u00e1sk\u00f3la \u00cdslands. Fiskikeri\u00f0 var formlega afhj\u00fapa\u00f0 af sj\u00e1var\u00fatvegsr\u00e1\u00f0herra, Einari K. Gu\u00f0finnssyni \u00e1 sj\u00e1var\u00fatvegss\u00fdningunni \u00ed Brussel \u00ed dag. Fr\u00e1 \u00feessu segir \u00e1 vefs\u00ed\u00f0u AVS sj\u00f3\u00f0sins, en hann styrkti einmitt \u00feetta verkefni.\" \/>\n<meta name=\"robots\" content=\"index, follow, max-snippet:-1, max-image-preview:large, max-video-preview:-1\" \/>\n<link rel=\"canonical\" href=\"https:\/\/matis.is\/en\/frettir\/radherra-afhjupar-nyja-tegund-af-fiskikeri-i-brussel\/\" \/>\n<meta property=\"og:locale\" content=\"en_GB\" \/>\n<meta property=\"og:type\" content=\"article\" \/>\n<meta property=\"og:title\" content=\"R\u00e1\u00f0herra afhj\u00fapar n\u00fdja tegund af fiskikeri \u00ed Brussel - Mat\u00eds\" \/>\n<meta property=\"og:description\" content=\"Fyrirt\u00e6ki\u00f0 S\u00e6plast ehf \u00e1 Dalv\u00edk hefur \u00fer\u00f3a\u00f0 n\u00fdtt byltingarkennt fiskiker \u00ed samvinnu vi\u00f0 Rf, FISK Seafood hf og H\u00e1sk\u00f3la \u00cdslands. Fiskikeri\u00f0 var formlega afhj\u00fapa\u00f0 af sj\u00e1var\u00fatvegsr\u00e1\u00f0herra, Einari K. Gu\u00f0finnssyni \u00e1 sj\u00e1var\u00fatvegss\u00fdningunni \u00ed Brussel \u00ed dag. Fr\u00e1 \u00feessu segir \u00e1 vefs\u00ed\u00f0u AVS sj\u00f3\u00f0sins, en hann styrkti einmitt \u00feetta verkefni.\" \/>\n<meta property=\"og:url\" content=\"https:\/\/matis.is\/en\/frettir\/radherra-afhjupar-nyja-tegund-af-fiskikeri-i-brussel\/\" \/>\n<meta property=\"og:site_name\" content=\"Mat\u00eds\" \/>\n<meta property=\"article:publisher\" content=\"https:\/\/www.facebook.com\/matisiceland\" \/>\n<meta property=\"article:published_time\" content=\"2006-05-09T11:40:00+00:00\" \/>\n<meta property=\"article:modified_time\" content=\"2021-08-31T11:41:26+00:00\" \/>\n<meta property=\"og:image\" content=\"https:\/\/matis.is\/wp-content\/uploads\/Nytt_ker.jpg\" \/>\n\t<meta property=\"og:image:width\" content=\"448\" \/>\n\t<meta property=\"og:image:height\" content=\"163\" \/>\n\t<meta property=\"og:image:type\" content=\"image\/jpeg\" \/>\n<meta name=\"author\" content=\"admin\" \/>\n<meta name=\"twitter:card\" content=\"summary_large_image\" \/>\n<meta name=\"twitter:creator\" content=\"@matisiceland\" \/>\n<meta name=\"twitter:site\" content=\"@matisiceland\" \/>\n<meta name=\"twitter:label1\" content=\"Written by\" \/>\n\t<meta name=\"twitter:data1\" content=\"admin\" \/>\n\t<meta name=\"twitter:label2\" content=\"Estimated reading time\" \/>\n\t<meta name=\"twitter:data2\" content=\"2 minutes\" \/>\n<script type=\"application\/ld+json\" class=\"yoast-schema-graph\">{\"@context\":\"https:\\\/\\\/schema.org\",\"@graph\":[{\"@type\":\"Article\",\"@id\":\"https:\\\/\\\/matis.is\\\/frettir\\\/radherra-afhjupar-nyja-tegund-af-fiskikeri-i-brussel\\\/#article\",\"isPartOf\":{\"@id\":\"https:\\\/\\\/matis.is\\\/frettir\\\/radherra-afhjupar-nyja-tegund-af-fiskikeri-i-brussel\\\/\"},\"author\":{\"name\":\"admin\",\"@id\":\"https:\\\/\\\/matis.is\\\/#\\\/schema\\\/person\\\/33b92c850c915c93e67f291e3381a49a\"},\"headline\":\"R\u00e1\u00f0herra afhj\u00fapar n\u00fdja tegund af fiskikeri \u00ed Brussel\",\"datePublished\":\"2006-05-09T11:40:00+00:00\",\"dateModified\":\"2021-08-31T11:41:26+00:00\",\"mainEntityOfPage\":{\"@id\":\"https:\\\/\\\/matis.is\\\/frettir\\\/radherra-afhjupar-nyja-tegund-af-fiskikeri-i-brussel\\\/\"},\"wordCount\":329,\"publisher\":{\"@id\":\"https:\\\/\\\/matis.is\\\/#organization\"},\"image\":{\"@id\":\"https:\\\/\\\/matis.is\\\/frettir\\\/radherra-afhjupar-nyja-tegund-af-fiskikeri-i-brussel\\\/#primaryimage\"},\"thumbnailUrl\":\"https:\\\/\\\/matis.is\\\/wp-content\\\/uploads\\\/Nytt_ker.jpg\",\"articleSection\":[\"Fr\u00e9ttir\"],\"inLanguage\":\"en-GB\"},{\"@type\":\"WebPage\",\"@id\":\"https:\\\/\\\/matis.is\\\/frettir\\\/radherra-afhjupar-nyja-tegund-af-fiskikeri-i-brussel\\\/\",\"url\":\"https:\\\/\\\/matis.is\\\/frettir\\\/radherra-afhjupar-nyja-tegund-af-fiskikeri-i-brussel\\\/\",\"name\":\"R\u00e1\u00f0herra afhj\u00fapar n\u00fdja tegund af fiskikeri \u00ed Brussel - Mat\u00eds\",\"isPartOf\":{\"@id\":\"https:\\\/\\\/matis.is\\\/#website\"},\"primaryImageOfPage\":{\"@id\":\"https:\\\/\\\/matis.is\\\/frettir\\\/radherra-afhjupar-nyja-tegund-af-fiskikeri-i-brussel\\\/#primaryimage\"},\"image\":{\"@id\":\"https:\\\/\\\/matis.is\\\/frettir\\\/radherra-afhjupar-nyja-tegund-af-fiskikeri-i-brussel\\\/#primaryimage\"},\"thumbnailUrl\":\"https:\\\/\\\/matis.is\\\/wp-content\\\/uploads\\\/Nytt_ker.jpg\",\"datePublished\":\"2006-05-09T11:40:00+00:00\",\"dateModified\":\"2021-08-31T11:41:26+00:00\",\"description\":\"Fyrirt\u00e6ki\u00f0 S\u00e6plast ehf \u00e1 Dalv\u00edk hefur \u00fer\u00f3a\u00f0 n\u00fdtt byltingarkennt fiskiker \u00ed samvinnu vi\u00f0 Rf, FISK Seafood hf og H\u00e1sk\u00f3la \u00cdslands. Fiskikeri\u00f0 var formlega afhj\u00fapa\u00f0 af sj\u00e1var\u00fatvegsr\u00e1\u00f0herra, Einari K. Gu\u00f0finnssyni \u00e1 sj\u00e1var\u00fatvegss\u00fdningunni \u00ed Brussel \u00ed dag. Fr\u00e1 \u00feessu segir \u00e1 vefs\u00ed\u00f0u AVS sj\u00f3\u00f0sins, en hann styrkti einmitt \u00feetta verkefni.\",\"breadcrumb\":{\"@id\":\"https:\\\/\\\/matis.is\\\/frettir\\\/radherra-afhjupar-nyja-tegund-af-fiskikeri-i-brussel\\\/#breadcrumb\"},\"inLanguage\":\"en-GB\",\"potentialAction\":[{\"@type\":\"ReadAction\",\"target\":[\"https:\\\/\\\/matis.is\\\/frettir\\\/radherra-afhjupar-nyja-tegund-af-fiskikeri-i-brussel\\\/\"]}]},{\"@type\":\"ImageObject\",\"inLanguage\":\"en-GB\",\"@id\":\"https:\\\/\\\/matis.is\\\/frettir\\\/radherra-afhjupar-nyja-tegund-af-fiskikeri-i-brussel\\\/#primaryimage\",\"url\":\"https:\\\/\\\/matis.is\\\/wp-content\\\/uploads\\\/Nytt_ker.jpg\",\"contentUrl\":\"https:\\\/\\\/matis.is\\\/wp-content\\\/uploads\\\/Nytt_ker.jpg\",\"width\":448,\"height\":163},{\"@type\":\"BreadcrumbList\",\"@id\":\"https:\\\/\\\/matis.is\\\/frettir\\\/radherra-afhjupar-nyja-tegund-af-fiskikeri-i-brussel\\\/#breadcrumb\",\"itemListElement\":[{\"@type\":\"ListItem\",\"position\":1,\"name\":\"Home\",\"item\":\"https:\\\/\\\/matis.is\\\/\"},{\"@type\":\"ListItem\",\"position\":2,\"name\":\"R\u00e1\u00f0herra afhj\u00fapar n\u00fdja tegund af fiskikeri \u00ed Brussel\"}]},{\"@type\":\"WebSite\",\"@id\":\"https:\\\/\\\/matis.is\\\/#website\",\"url\":\"https:\\\/\\\/matis.is\\\/\",\"name\":\"Mat\u00eds\",\"description\":\"Ver\u00f0m\u00e6task\u00f6pun, matv\u00e6la\u00f6ryggi og l\u00fd\u00f0heilsa\",\"publisher\":{\"@id\":\"https:\\\/\\\/matis.is\\\/#organization\"},\"potentialAction\":[{\"@type\":\"SearchAction\",\"target\":{\"@type\":\"EntryPoint\",\"urlTemplate\":\"https:\\\/\\\/matis.is\\\/?s={search_term_string}\"},\"query-input\":{\"@type\":\"PropertyValueSpecification\",\"valueRequired\":true,\"valueName\":\"search_term_string\"}}],\"inLanguage\":\"en-GB\"},{\"@type\":\"Organization\",\"@id\":\"https:\\\/\\\/matis.is\\\/#organization\",\"name\":\"Mat\u00eds ohf.\",\"url\":\"https:\\\/\\\/matis.is\\\/\",\"logo\":{\"@type\":\"ImageObject\",\"inLanguage\":\"en-GB\",\"@id\":\"https:\\\/\\\/matis.is\\\/#\\\/schema\\\/logo\\\/image\\\/\",\"url\":\"https:\\\/\\\/matis.is\\\/wp-content\\\/uploads\\\/2021\\\/02\\\/matis_logo_blatthvitt.png\",\"contentUrl\":\"https:\\\/\\\/matis.is\\\/wp-content\\\/uploads\\\/2021\\\/02\\\/matis_logo_blatthvitt.png\",\"width\":1507,\"height\":1507,\"caption\":\"Mat\u00eds ohf.\"},\"image\":{\"@id\":\"https:\\\/\\\/matis.is\\\/#\\\/schema\\\/logo\\\/image\\\/\"},\"sameAs\":[\"https:\\\/\\\/www.facebook.com\\\/matisiceland\",\"https:\\\/\\\/x.com\\\/matisiceland\",\"https:\\\/\\\/www.instagram.com\\\/matisiceland\\\/\",\"https:\\\/\\\/www.linkedin.com\\\/matisiceland\\\/\",\"https:\\\/\\\/www.youtube.com\\\/channel\\\/UCY-frt3uTqgVZW-DLjoo5bA\"]},{\"@type\":\"Person\",\"@id\":\"https:\\\/\\\/matis.is\\\/#\\\/schema\\\/person\\\/33b92c850c915c93e67f291e3381a49a\",\"name\":\"admin\",\"sameAs\":[\"https:\\\/\\\/matis.mareframe.eu\"],\"url\":\"https:\\\/\\\/matis.is\\\/en\\\/author\\\/thormodurmatis-is\\\/\"}]}<\/script>\n<!-- \/ Yoast SEO plugin. -->","yoast_head_json":{"title":"The Minister unveils a new type of fish tank in Brussels - Mat\u00eds","description":"The company S\u00e6plast ehf in Dalv\u00edk has developed a new revolutionary fish tank in collaboration with IFL, FISK Seafood hf and the University of Iceland. The fishery was formally unveiled by the Minister of Fisheries, Einar K. Gu\u00f0finnsson, at the fisheries exhibition in Brussels today. This is stated on the AVS fund&#039;s website, which supported this project.","robots":{"index":"index","follow":"follow","max-snippet":"max-snippet:-1","max-image-preview":"max-image-preview:large","max-video-preview":"max-video-preview:-1"},"canonical":"https:\/\/matis.is\/en\/frettir\/radherra-afhjupar-nyja-tegund-af-fiskikeri-i-brussel\/","og_locale":"en_GB","og_type":"article","og_title":"R\u00e1\u00f0herra afhj\u00fapar n\u00fdja tegund af fiskikeri \u00ed Brussel - Mat\u00eds","og_description":"Fyrirt\u00e6ki\u00f0 S\u00e6plast ehf \u00e1 Dalv\u00edk hefur \u00fer\u00f3a\u00f0 n\u00fdtt byltingarkennt fiskiker \u00ed samvinnu vi\u00f0 Rf, FISK Seafood hf og H\u00e1sk\u00f3la \u00cdslands. Fiskikeri\u00f0 var formlega afhj\u00fapa\u00f0 af sj\u00e1var\u00fatvegsr\u00e1\u00f0herra, Einari K. Gu\u00f0finnssyni \u00e1 sj\u00e1var\u00fatvegss\u00fdningunni \u00ed Brussel \u00ed dag. Fr\u00e1 \u00feessu segir \u00e1 vefs\u00ed\u00f0u AVS sj\u00f3\u00f0sins, en hann styrkti einmitt \u00feetta verkefni.","og_url":"https:\/\/matis.is\/en\/frettir\/radherra-afhjupar-nyja-tegund-af-fiskikeri-i-brussel\/","og_site_name":"Mat\u00eds","article_publisher":"https:\/\/www.facebook.com\/matisiceland","article_published_time":"2006-05-09T11:40:00+00:00","article_modified_time":"2021-08-31T11:41:26+00:00","og_image":[{"width":448,"height":163,"url":"https:\/\/matis.is\/wp-content\/uploads\/Nytt_ker.jpg","type":"image\/jpeg"}],"author":"admin","twitter_card":"summary_large_image","twitter_creator":"@matisiceland","twitter_site":"@matisiceland","twitter_misc":{"Written by":"admin","Estimated reading time":"2 minutes"},"schema":{"@context":"https:\/\/schema.org","@graph":[{"@type":"Article","@id":"https:\/\/matis.is\/frettir\/radherra-afhjupar-nyja-tegund-af-fiskikeri-i-brussel\/#article","isPartOf":{"@id":"https:\/\/matis.is\/frettir\/radherra-afhjupar-nyja-tegund-af-fiskikeri-i-brussel\/"},"author":{"name":"admin","@id":"https:\/\/matis.is\/#\/schema\/person\/33b92c850c915c93e67f291e3381a49a"},"headline":"R\u00e1\u00f0herra afhj\u00fapar n\u00fdja tegund af fiskikeri \u00ed Brussel","datePublished":"2006-05-09T11:40:00+00:00","dateModified":"2021-08-31T11:41:26+00:00","mainEntityOfPage":{"@id":"https:\/\/matis.is\/frettir\/radherra-afhjupar-nyja-tegund-af-fiskikeri-i-brussel\/"},"wordCount":329,"publisher":{"@id":"https:\/\/matis.is\/#organization"},"image":{"@id":"https:\/\/matis.is\/frettir\/radherra-afhjupar-nyja-tegund-af-fiskikeri-i-brussel\/#primaryimage"},"thumbnailUrl":"https:\/\/matis.is\/wp-content\/uploads\/Nytt_ker.jpg","articleSection":["Fr\u00e9ttir"],"inLanguage":"en-GB"},{"@type":"WebPage","@id":"https:\/\/matis.is\/frettir\/radherra-afhjupar-nyja-tegund-af-fiskikeri-i-brussel\/","url":"https:\/\/matis.is\/frettir\/radherra-afhjupar-nyja-tegund-af-fiskikeri-i-brussel\/","name":"The Minister unveils a new type of fish tank in Brussels - Mat\u00eds","isPartOf":{"@id":"https:\/\/matis.is\/#website"},"primaryImageOfPage":{"@id":"https:\/\/matis.is\/frettir\/radherra-afhjupar-nyja-tegund-af-fiskikeri-i-brussel\/#primaryimage"},"image":{"@id":"https:\/\/matis.is\/frettir\/radherra-afhjupar-nyja-tegund-af-fiskikeri-i-brussel\/#primaryimage"},"thumbnailUrl":"https:\/\/matis.is\/wp-content\/uploads\/Nytt_ker.jpg","datePublished":"2006-05-09T11:40:00+00:00","dateModified":"2021-08-31T11:41:26+00:00","description":"The company S\u00e6plast ehf in Dalv\u00edk has developed a new revolutionary fish tank in collaboration with IFL, FISK Seafood hf and the University of Iceland. The fishery was formally unveiled by the Minister of Fisheries, Einar K. Gu\u00f0finnsson, at the fisheries exhibition in Brussels today. This is stated on the AVS fund&#039;s website, which supported this project.","breadcrumb":{"@id":"https:\/\/matis.is\/frettir\/radherra-afhjupar-nyja-tegund-af-fiskikeri-i-brussel\/#breadcrumb"},"inLanguage":"en-GB","potentialAction":[{"@type":"ReadAction","target":["https:\/\/matis.is\/frettir\/radherra-afhjupar-nyja-tegund-af-fiskikeri-i-brussel\/"]}]},{"@type":"ImageObject","inLanguage":"en-GB","@id":"https:\/\/matis.is\/frettir\/radherra-afhjupar-nyja-tegund-af-fiskikeri-i-brussel\/#primaryimage","url":"https:\/\/matis.is\/wp-content\/uploads\/Nytt_ker.jpg","contentUrl":"https:\/\/matis.is\/wp-content\/uploads\/Nytt_ker.jpg","width":448,"height":163},{"@type":"BreadcrumbList","@id":"https:\/\/matis.is\/frettir\/radherra-afhjupar-nyja-tegund-af-fiskikeri-i-brussel\/#breadcrumb","itemListElement":[{"@type":"ListItem","position":1,"name":"Home","item":"https:\/\/matis.is\/"},{"@type":"ListItem","position":2,"name":"R\u00e1\u00f0herra afhj\u00fapar n\u00fdja tegund af fiskikeri \u00ed Brussel"}]},{"@type":"WebSite","@id":"https:\/\/matis.is\/#website","url":"https:\/\/matis.is\/","name":"Mat\u00eds","description":"Value creation, food security and public health","publisher":{"@id":"https:\/\/matis.is\/#organization"},"potentialAction":[{"@type":"SearchAction","target":{"@type":"EntryPoint","urlTemplate":"https:\/\/matis.is\/?s={search_term_string}"},"query-input":{"@type":"PropertyValueSpecification","valueRequired":true,"valueName":"search_term_string"}}],"inLanguage":"en-GB"},{"@type":"Organization","@id":"https:\/\/matis.is\/#organization","name":"Mat\u00eds ohf.","url":"https:\/\/matis.is\/","logo":{"@type":"ImageObject","inLanguage":"en-GB","@id":"https:\/\/matis.is\/#\/schema\/logo\/image\/","url":"https:\/\/matis.is\/wp-content\/uploads\/2021\/02\/matis_logo_blatthvitt.png","contentUrl":"https:\/\/matis.is\/wp-content\/uploads\/2021\/02\/matis_logo_blatthvitt.png","width":1507,"height":1507,"caption":"Mat\u00eds ohf."},"image":{"@id":"https:\/\/matis.is\/#\/schema\/logo\/image\/"},"sameAs":["https:\/\/www.facebook.com\/matisiceland","https:\/\/x.com\/matisiceland","https:\/\/www.instagram.com\/matisiceland\/","https:\/\/www.linkedin.com\/matisiceland\/","https:\/\/www.youtube.com\/channel\/UCY-frt3uTqgVZW-DLjoo5bA"]},{"@type":"Person","@id":"https:\/\/matis.is\/#\/schema\/person\/33b92c850c915c93e67f291e3381a49a","name":"admin","sameAs":["https:\/\/matis.mareframe.eu"],"url":"https:\/\/matis.is\/en\/author\/thormodurmatis-is\/"}]}},"spectra_custom_meta":{"_edit_lock":["1630410087:5"],"_wp_old_date":["2021-08-31"],"_thumbnail_id":["43977"],"_wp_page_template":["templates\/template-cover.php"],"_edit_last":["5"],"tengilidur":[""],"_tengilidur":["field_5ef905e0538b2"],"_yoast_wpseo_primary_category":["1973"],"_yoast_wpseo_metadesc":["Fyrirt\u00e6ki\u00f0 S\u00e6plast ehf \u00e1 Dalv\u00edk hefur \u00fer\u00f3a\u00f0 n\u00fdtt byltingarkennt fiskiker \u00ed samvinnu vi\u00f0 Rf, FISK Seafood hf og H\u00e1sk\u00f3la \u00cdslands. Fiskikeri\u00f0 var formlega afhj\u00fapa\u00f0 af sj\u00e1var\u00fatvegsr\u00e1\u00f0herra, Einari K. Gu\u00f0finnssyni \u00e1 sj\u00e1var\u00fatvegss\u00fdningunni \u00ed Brussel \u00ed dag. Fr\u00e1 \u00feessu segir \u00e1 vefs\u00ed\u00f0u AVS sj\u00f3\u00f0sins, en hann styrkti einmitt \u00feetta verkefni."],"_yoast_wpseo_content_score":["60"],"_yoast_wpseo_estimated-reading-time-minutes":["2"],"wpmm_postgrid_views":["322"],"_uag_css_file_name":["uag-css-43976.css"],"_uag_page_assets":["a:9:{s:3:\"css\";s:263:\".uag-blocks-common-selector{z-index:var(--z-index-desktop) !important}@media (max-width: 976px){.uag-blocks-common-selector{z-index:var(--z-index-tablet) !important}}@media (max-width: 767px){.uag-blocks-common-selector{z-index:var(--z-index-mobile) !important}}\n\";s:2:\"js\";s:0:\"\";s:18:\"current_block_list\";a:6:{i:0;s:12:\"core\/heading\";i:1;s:14:\"core\/paragraph\";i:2;s:12:\"core\/buttons\";i:3;s:11:\"core\/button\";i:4;s:12:\"core\/columns\";i:5;s:11:\"core\/column\";}s:8:\"uag_flag\";b:0;s:11:\"uag_version\";s:10:\"1777300790\";s:6:\"gfonts\";a:0:{}s:10:\"gfonts_url\";s:0:\"\";s:12:\"gfonts_files\";a:0:{}s:14:\"uag_faq_layout\";b:0;}"]},"uagb_featured_image_src":{"full":["https:\/\/matis.is\/wp-content\/uploads\/Nytt_ker.jpg",448,163,false],"thumbnail":["https:\/\/matis.is\/wp-content\/uploads\/Nytt_ker-150x150.jpg",150,150,true],"medium":["https:\/\/matis.is\/wp-content\/uploads\/Nytt_ker-300x109.jpg",300,109,true],"medium_large":["https:\/\/matis.is\/wp-content\/uploads\/Nytt_ker.jpg",448,163,false],"large":["https:\/\/matis.is\/wp-content\/uploads\/Nytt_ker.jpg",448,163,false],"1536x1536":["https:\/\/matis.is\/wp-content\/uploads\/Nytt_ker.jpg",448,163,false],"2048x2048":["https:\/\/matis.is\/wp-content\/uploads\/Nytt_ker.jpg",448,163,false],"trp-custom-language-flag":["https:\/\/matis.is\/wp-content\/uploads\/Nytt_ker.jpg",18,7,false]},"uagb_author_info":{"display_name":"admin","author_link":"https:\/\/matis.is\/en\/author\/thormodurmatis-is\/"},"uagb_comment_info":0,"uagb_excerpt":"Fyrirt\u00e6ki\u00f0 S\u00e6plast ehf \u00e1 Dalv\u00edk hefur \u00fer\u00f3a\u00f0 n\u00fdtt byltingarkennt fiskiker \u00ed samvinnu vi\u00f0 Rf, FISK Seafood hf og H\u00e1sk\u00f3la \u00cdslands. [&hellip;]","_links":{"self":[{"href":"https:\/\/matis.is\/en\/wp-json\/wp\/v2\/posts\/43976","targetHints":{"allow":["GET"]}}],"collection":[{"href":"https:\/\/matis.is\/en\/wp-json\/wp\/v2\/posts"}],"about":[{"href":"https:\/\/matis.is\/en\/wp-json\/wp\/v2\/types\/post"}],"author":[{"embeddable":true,"href":"https:\/\/matis.is\/en\/wp-json\/wp\/v2\/users\/1"}],"replies":[{"embeddable":true,"href":"https:\/\/matis.is\/en\/wp-json\/wp\/v2\/comments?post=43976"}],"version-history":[{"count":1,"href":"https:\/\/matis.is\/en\/wp-json\/wp\/v2\/posts\/43976\/revisions"}],"predecessor-version":[{"id":43978,"href":"https:\/\/matis.is\/en\/wp-json\/wp\/v2\/posts\/43976\/revisions\/43978"}],"wp:featuredmedia":[{"embeddable":true,"href":"https:\/\/matis.is\/en\/wp-json\/wp\/v2\/media\/43977"}],"wp:attachment":[{"href":"https:\/\/matis.is\/en\/wp-json\/wp\/v2\/media?parent=43976"}],"wp:term":[{"taxonomy":"category","embeddable":true,"href":"https:\/\/matis.is\/en\/wp-json\/wp\/v2\/categories?post=43976"},{"taxonomy":"post_tag","embeddable":true,"href":"https:\/\/matis.is\/en\/wp-json\/wp\/v2\/tags?post=43976"}],"curies":[{"name":"wp","href":"https:\/\/api.w.org\/{rel}","templated":true}]}}