{"id":44023,"date":"2006-03-03T15:49:00","date_gmt":"2006-03-03T15:49:00","guid":{"rendered":"https:\/\/matis.is\/?p=44023"},"modified":"2021-09-17T08:27:13","modified_gmt":"2021-09-17T08:27:13","slug":"rf-a-raunvisindathingi-2006","status":"publish","type":"post","link":"https:\/\/matis.is\/en\/frettir\/rf-a-raunvisindathingi-2006\/","title":{"rendered":"IFL at the Science Congress 2006"},"content":{"rendered":"<h4 class=\"wp-block-heading\">H.\u00cd. 2006 starts today in Askja, N\u00e1tt\u00farufr\u00e6\u00f0ih\u00fas H.\u00cd. in Vatnsm\u00fdri and it lasts for two days. The aim of the session is to present the great and varied research in the natural sciences that is conducted at the University of Iceland and its institutions. At the session, research will be presented in presentations and on posters, and IFL will present seven researches on posters.<\/h4>\n\n\n\n<p>IFL has long had a good collaboration with the University of Iceland, especially the Department of Food Science at H.\u00cd. as IFL experts have been teaching for years. Of the 13 posters presented in the category&nbsp;<strong>Food and nutrition<\/strong>&nbsp;are five from IFL this time. One poster is then in the category&nbsp;<strong>Biology<\/strong>&nbsp;and finally one in the category&nbsp;<strong>Chemistry and biochemistry.<\/strong><\/p>\n\n\n\n<p>The following posters are from IFL:<\/p>\n\n\n\n<p><strong>Food and nutrition<\/strong><\/p>\n\n\n\n<ul class=\"wp-block-list\"><li>V309: Drying shrimp and fish cakes in a heat pump dryer \/ Study on heat pump dried shrimp and fish cake. - Zhang Guo-chen, Sigurj\u00f3n Arason and Sveinn V\u00edkingur \u00c1rnason.<\/li><li>V310: Stability of saithe fish powder (<em>Pollachius virens<\/em>) \/ Stability of fish powder made from saithe (<em>Pollachius virens<\/em>). - Margr\u00e9t Bragad\u00f3ttir, Eyj\u00f3lfur Reynisson, Krist\u00edn A. \u00de\u00f3rarinsd\u00f3ttir and Sigurj\u00f3n Arason. Fisheries Research Institute, University of Iceland.<\/li><li>V311: Effects of temperature and packaging on fat damage in cod products (cuts and liver) at Frystigeymslu \/ Effects of storage condition on lipid degradation in cut-offs and lipids from cod (<em>Gadus<\/em>&nbsp;<em>Morhua<\/em>). - Krist\u00edn A. \u00de\u00f3rarinsd\u00f3ttir, Margr\u00e9t Bragad\u00f3ttir and Sigurj\u00f3n Arason. Fisheries Research Institute, University of Iceland.<\/li><li>V312: Low field NMR research on the state of water at superchilling and freezing temperatures and the effect of salt on the freezing process of water in cod mince. - Mar\u00eda Gu\u00f0j\u00f3nsd\u00f3ttir, Helga Gunnlaugsd\u00f3ttir and Sigurj\u00f3n Arason. Fisheries Research Institute, University of Iceland.<\/li><li>V313: Volatile substances as quality indicators in chilled fish: Evaluation of microbial decomposition products with Rafnefi \/ Volatile compounds as quality indicators in chilled fish: Evaluation of microbial metabolites by an electric nose. - Gu\u00f0r\u00fan \u00d3lafsd\u00f3ttir. The Department of Food and Nutrition, University of Iceland and the Fisheries Research Institute.<\/li><\/ul>\n\n\n\n<p><strong>Biology:<\/strong><\/p>\n\n\n\n<ul class=\"wp-block-list\"><li>V436: Evaluation of different tactile technologies and devices to increase real-time PCR diagnostic capabilities \/ Evaluation of probe chemistries and platforms to improve detection limit of real-time PCR. - Eyj\u00f3lfur Reynisson, MH Josefsen, M. Krause and J. Hoorfar. Fisheries Research Institute, Danish Institute for Food and Veterinary Research, Copenhagen.<\/li><\/ul>\n\n\n\n<p><strong>Chemistry and biochemistry:<\/strong><\/p>\n\n\n\n<ul class=\"wp-block-list\"><li>V206: Light Scattering Investigations of Cod Muscle Proteins. - Tom Brenner, Ragnar J\u00f3hannson and Taco Nicolai. Fisheries Research Institute and the University of Maine.<\/li><\/ul>","protected":false},"excerpt":{"rendered":"<p>Raunv\u00edsinda\u00feing H.\u00cd. 2006 hefst \u00ed dag \u00ed \u00d6skju, N\u00e1tt\u00farufr\u00e6\u00f0ih\u00fasi H.\u00cd. \u00ed Vatnsm\u00fdrinni og stendur \u00fea\u00f0 yfir \u00ed tvo daga. Markmi\u00f0 [&hellip;]<\/p>\n","protected":false},"author":1,"featured_media":44024,"comment_status":"closed","ping_status":"closed","sticky":false,"template":"templates\/template-cover.php","format":"standard","meta":{"_acf_changed":false,"_uag_custom_page_level_css":"","site-sidebar-layout":"default","site-content-layout":"","ast-site-content-layout":"default","site-content-style":"default","site-sidebar-style":"default","ast-global-header-display":"","ast-banner-title-visibility":"","ast-main-header-display":"","ast-hfb-above-header-display":"","ast-hfb-below-header-display":"","ast-hfb-mobile-header-display":"","site-post-title":"","ast-breadcrumbs-content":"","ast-featured-img":"","footer-sml-layout":"","ast-disable-related-posts":"","theme-transparent-header-meta":"","adv-header-id-meta":"","stick-header-meta":"","header-above-stick-meta":"","header-main-stick-meta":"","header-below-stick-meta":"","astra-migrate-meta-layouts":"default","ast-page-background-enabled":"default","ast-page-background-meta":{"desktop":{"background-color":"var(--ast-global-color-5)","background-image":"","background-repeat":"repeat","background-position":"center center","background-size":"auto","background-attachment":"scroll","background-type":"","background-media":"","overlay-type":"","overlay-color":"","overlay-opacity":"","overlay-gradient":""},"tablet":{"background-color":"","background-image":"","background-repeat":"repeat","background-position":"center center","background-size":"auto","background-attachment":"scroll","background-type":"","background-media":"","overlay-type":"","overlay-color":"","overlay-opacity":"","overlay-gradient":""},"mobile":{"background-color":"","background-image":"","background-repeat":"repeat","background-position":"center center","background-size":"auto","background-attachment":"scroll","background-type":"","background-media":"","overlay-type":"","overlay-color":"","overlay-opacity":"","overlay-gradient":""}},"ast-content-background-meta":{"desktop":{"background-color":"var(--ast-global-color-4)","background-image":"","background-repeat":"repeat","background-position":"center center","background-size":"auto","background-attachment":"scroll","background-type":"","background-media":"","overlay-type":"","overlay-color":"","overlay-opacity":"","overlay-gradient":""},"tablet":{"background-color":"var(--ast-global-color-4)","background-image":"","background-repeat":"repeat","background-position":"center center","background-size":"auto","background-attachment":"scroll","background-type":"","background-media":"","overlay-type":"","overlay-color":"","overlay-opacity":"","overlay-gradient":""},"mobile":{"background-color":"var(--ast-global-color-4)","background-image":"","background-repeat":"repeat","background-position":"center center","background-size":"auto","background-attachment":"scroll","background-type":"","background-media":"","overlay-type":"","overlay-color":"","overlay-opacity":"","overlay-gradient":""}},"footnotes":""},"categories":[1973],"tags":[],"class_list":["post-44023","post","type-post","status-publish","format-standard","has-post-thumbnail","hentry","category-frettir"],"acf":[],"yoast_head":"<!-- This site is optimized with the Yoast SEO plugin v27.4 - https:\/\/yoast.com\/product\/yoast-seo-wordpress\/ -->\n<title>Rf \u00e1 Raunv\u00edsinda\u00feingi 2006 - Mat\u00eds<\/title>\n<meta name=\"description\" content=\"Raunv\u00edsinda\u00feing H.\u00cd. 2006 hefst \u00ed dag \u00ed \u00d6skju, N\u00e1tt\u00farufr\u00e6\u00f0ih\u00fasi H.\u00cd. \u00ed Vatnsm\u00fdrinni og stendur \u00fea\u00f0 yfir \u00ed tvo daga. Markmi\u00f0 \u00feingsins er a\u00f0 kynna hinar miklu og fj\u00f6lbreyttu ranns\u00f3knir \u00ed raunv\u00edsindum sem stunda\u00f0ar eru vi\u00f0 H\u00e1sk\u00f3la \u00cdslands og stofnanir hans. \u00c1 \u00feinginu ver\u00f0a ranns\u00f3knir kynntar \u00ed erindum og \u00e1 veggspj\u00f6ldum og kynnir Rf sj\u00f6 ranns\u00f3knir \u00e1 veggspj\u00f6ldum.\" \/>\n<meta name=\"robots\" content=\"index, follow, max-snippet:-1, max-image-preview:large, max-video-preview:-1\" \/>\n<link rel=\"canonical\" href=\"https:\/\/matis.is\/en\/frettir\/rf-a-raunvisindathingi-2006\/\" \/>\n<meta property=\"og:locale\" content=\"en_GB\" \/>\n<meta property=\"og:type\" content=\"article\" \/>\n<meta property=\"og:title\" content=\"Rf \u00e1 Raunv\u00edsinda\u00feingi 2006 - Mat\u00eds\" \/>\n<meta property=\"og:description\" content=\"Raunv\u00edsinda\u00feing H.\u00cd. 2006 hefst \u00ed dag \u00ed \u00d6skju, N\u00e1tt\u00farufr\u00e6\u00f0ih\u00fasi H.\u00cd. \u00ed Vatnsm\u00fdrinni og stendur \u00fea\u00f0 yfir \u00ed tvo daga. Markmi\u00f0 \u00feingsins er a\u00f0 kynna hinar miklu og fj\u00f6lbreyttu ranns\u00f3knir \u00ed raunv\u00edsindum sem stunda\u00f0ar eru vi\u00f0 H\u00e1sk\u00f3la \u00cdslands og stofnanir hans. \u00c1 \u00feinginu ver\u00f0a ranns\u00f3knir kynntar \u00ed erindum og \u00e1 veggspj\u00f6ldum og kynnir Rf sj\u00f6 ranns\u00f3knir \u00e1 veggspj\u00f6ldum.\" \/>\n<meta property=\"og:url\" content=\"https:\/\/matis.is\/en\/frettir\/rf-a-raunvisindathingi-2006\/\" \/>\n<meta property=\"og:site_name\" content=\"Mat\u00eds\" \/>\n<meta property=\"article:publisher\" content=\"https:\/\/www.facebook.com\/matisiceland\" \/>\n<meta property=\"article:published_time\" content=\"2006-03-03T15:49:00+00:00\" \/>\n<meta property=\"article:modified_time\" content=\"2021-09-17T08:27:13+00:00\" \/>\n<meta property=\"og:image\" content=\"https:\/\/matis.is\/wp-content\/uploads\/Raunvisindathing.jpg\" \/>\n\t<meta property=\"og:image:width\" content=\"640\" \/>\n\t<meta property=\"og:image:height\" content=\"233\" \/>\n\t<meta property=\"og:image:type\" content=\"image\/jpeg\" \/>\n<meta name=\"author\" content=\"admin\" \/>\n<meta name=\"twitter:card\" content=\"summary_large_image\" \/>\n<meta name=\"twitter:creator\" content=\"@matisiceland\" \/>\n<meta name=\"twitter:site\" content=\"@matisiceland\" \/>\n<meta name=\"twitter:label1\" content=\"Written by\" \/>\n\t<meta name=\"twitter:data1\" content=\"admin\" \/>\n\t<meta name=\"twitter:label2\" content=\"Estimated reading time\" \/>\n\t<meta name=\"twitter:data2\" content=\"2 minutes\" \/>\n<script type=\"application\/ld+json\" class=\"yoast-schema-graph\">{\"@context\":\"https:\\\/\\\/schema.org\",\"@graph\":[{\"@type\":\"Article\",\"@id\":\"https:\\\/\\\/matis.is\\\/en\\\/frettir\\\/rf-a-raunvisindathingi-2006\\\/#article\",\"isPartOf\":{\"@id\":\"https:\\\/\\\/matis.is\\\/en\\\/frettir\\\/rf-a-raunvisindathingi-2006\\\/\"},\"author\":{\"name\":\"admin\",\"@id\":\"https:\\\/\\\/matis.is\\\/#\\\/schema\\\/person\\\/33b92c850c915c93e67f291e3381a49a\"},\"headline\":\"Rf \u00e1 Raunv\u00edsinda\u00feingi 2006\",\"datePublished\":\"2006-03-03T15:49:00+00:00\",\"dateModified\":\"2021-09-17T08:27:13+00:00\",\"mainEntityOfPage\":{\"@id\":\"https:\\\/\\\/matis.is\\\/en\\\/frettir\\\/rf-a-raunvisindathingi-2006\\\/\"},\"wordCount\":483,\"publisher\":{\"@id\":\"https:\\\/\\\/matis.is\\\/#organization\"},\"image\":{\"@id\":\"https:\\\/\\\/matis.is\\\/en\\\/frettir\\\/rf-a-raunvisindathingi-2006\\\/#primaryimage\"},\"thumbnailUrl\":\"https:\\\/\\\/matis.is\\\/wp-content\\\/uploads\\\/Raunvisindathing.jpg\",\"articleSection\":[\"Fr\u00e9ttir\"],\"inLanguage\":\"en-GB\"},{\"@type\":\"WebPage\",\"@id\":\"https:\\\/\\\/matis.is\\\/en\\\/frettir\\\/rf-a-raunvisindathingi-2006\\\/\",\"url\":\"https:\\\/\\\/matis.is\\\/en\\\/frettir\\\/rf-a-raunvisindathingi-2006\\\/\",\"name\":\"Rf \u00e1 Raunv\u00edsinda\u00feingi 2006 - Mat\u00eds\",\"isPartOf\":{\"@id\":\"https:\\\/\\\/matis.is\\\/#website\"},\"primaryImageOfPage\":{\"@id\":\"https:\\\/\\\/matis.is\\\/en\\\/frettir\\\/rf-a-raunvisindathingi-2006\\\/#primaryimage\"},\"image\":{\"@id\":\"https:\\\/\\\/matis.is\\\/en\\\/frettir\\\/rf-a-raunvisindathingi-2006\\\/#primaryimage\"},\"thumbnailUrl\":\"https:\\\/\\\/matis.is\\\/wp-content\\\/uploads\\\/Raunvisindathing.jpg\",\"datePublished\":\"2006-03-03T15:49:00+00:00\",\"dateModified\":\"2021-09-17T08:27:13+00:00\",\"description\":\"Raunv\u00edsinda\u00feing H.\u00cd. 2006 hefst \u00ed dag \u00ed \u00d6skju, N\u00e1tt\u00farufr\u00e6\u00f0ih\u00fasi H.\u00cd. \u00ed Vatnsm\u00fdrinni og stendur \u00fea\u00f0 yfir \u00ed tvo daga. Markmi\u00f0 \u00feingsins er a\u00f0 kynna hinar miklu og fj\u00f6lbreyttu ranns\u00f3knir \u00ed raunv\u00edsindum sem stunda\u00f0ar eru vi\u00f0 H\u00e1sk\u00f3la \u00cdslands og stofnanir hans. \u00c1 \u00feinginu ver\u00f0a ranns\u00f3knir kynntar \u00ed erindum og \u00e1 veggspj\u00f6ldum og kynnir Rf sj\u00f6 ranns\u00f3knir \u00e1 veggspj\u00f6ldum.\",\"breadcrumb\":{\"@id\":\"https:\\\/\\\/matis.is\\\/en\\\/frettir\\\/rf-a-raunvisindathingi-2006\\\/#breadcrumb\"},\"inLanguage\":\"en-GB\",\"potentialAction\":[{\"@type\":\"ReadAction\",\"target\":[\"https:\\\/\\\/matis.is\\\/en\\\/frettir\\\/rf-a-raunvisindathingi-2006\\\/\"]}]},{\"@type\":\"ImageObject\",\"inLanguage\":\"en-GB\",\"@id\":\"https:\\\/\\\/matis.is\\\/en\\\/frettir\\\/rf-a-raunvisindathingi-2006\\\/#primaryimage\",\"url\":\"https:\\\/\\\/matis.is\\\/wp-content\\\/uploads\\\/Raunvisindathing.jpg\",\"contentUrl\":\"https:\\\/\\\/matis.is\\\/wp-content\\\/uploads\\\/Raunvisindathing.jpg\",\"width\":640,\"height\":233,\"caption\":\"OLYMPUS DIGITAL CAMERA\"},{\"@type\":\"BreadcrumbList\",\"@id\":\"https:\\\/\\\/matis.is\\\/en\\\/frettir\\\/rf-a-raunvisindathingi-2006\\\/#breadcrumb\",\"itemListElement\":[{\"@type\":\"ListItem\",\"position\":1,\"name\":\"Home\",\"item\":\"https:\\\/\\\/matis.is\\\/\"},{\"@type\":\"ListItem\",\"position\":2,\"name\":\"Rf \u00e1 Raunv\u00edsinda\u00feingi 2006\"}]},{\"@type\":\"WebSite\",\"@id\":\"https:\\\/\\\/matis.is\\\/#website\",\"url\":\"https:\\\/\\\/matis.is\\\/\",\"name\":\"Mat\u00eds\",\"description\":\"Ver\u00f0m\u00e6task\u00f6pun, matv\u00e6la\u00f6ryggi og l\u00fd\u00f0heilsa\",\"publisher\":{\"@id\":\"https:\\\/\\\/matis.is\\\/#organization\"},\"potentialAction\":[{\"@type\":\"SearchAction\",\"target\":{\"@type\":\"EntryPoint\",\"urlTemplate\":\"https:\\\/\\\/matis.is\\\/?s={search_term_string}\"},\"query-input\":{\"@type\":\"PropertyValueSpecification\",\"valueRequired\":true,\"valueName\":\"search_term_string\"}}],\"inLanguage\":\"en-GB\"},{\"@type\":\"Organization\",\"@id\":\"https:\\\/\\\/matis.is\\\/#organization\",\"name\":\"Mat\u00eds ohf.\",\"url\":\"https:\\\/\\\/matis.is\\\/\",\"logo\":{\"@type\":\"ImageObject\",\"inLanguage\":\"en-GB\",\"@id\":\"https:\\\/\\\/matis.is\\\/#\\\/schema\\\/logo\\\/image\\\/\",\"url\":\"https:\\\/\\\/matis.is\\\/wp-content\\\/uploads\\\/2021\\\/02\\\/matis_logo_blatthvitt.png\",\"contentUrl\":\"https:\\\/\\\/matis.is\\\/wp-content\\\/uploads\\\/2021\\\/02\\\/matis_logo_blatthvitt.png\",\"width\":1507,\"height\":1507,\"caption\":\"Mat\u00eds ohf.\"},\"image\":{\"@id\":\"https:\\\/\\\/matis.is\\\/#\\\/schema\\\/logo\\\/image\\\/\"},\"sameAs\":[\"https:\\\/\\\/www.facebook.com\\\/matisiceland\",\"https:\\\/\\\/x.com\\\/matisiceland\",\"https:\\\/\\\/www.instagram.com\\\/matisiceland\\\/\",\"https:\\\/\\\/www.linkedin.com\\\/matisiceland\\\/\",\"https:\\\/\\\/www.youtube.com\\\/channel\\\/UCY-frt3uTqgVZW-DLjoo5bA\"]},{\"@type\":\"Person\",\"@id\":\"https:\\\/\\\/matis.is\\\/#\\\/schema\\\/person\\\/33b92c850c915c93e67f291e3381a49a\",\"name\":\"admin\",\"sameAs\":[\"https:\\\/\\\/matis.mareframe.eu\"],\"url\":\"https:\\\/\\\/matis.is\\\/en\\\/author\\\/thormodurmatis-is\\\/\"}]}<\/script>\n<!-- \/ Yoast SEO plugin. -->","yoast_head_json":{"title":"IFL at the Science Congress 2006 - Mat\u00eds","description":"H.\u00cd. 2006 starts today in Askja, N\u00e1tt\u00farufr\u00e6\u00f0ih\u00fas H.\u00cd. in Vatnsm\u00fdri and it lasts for two days. The aim of the session is to present the great and varied research in the natural sciences that is conducted at the University of Iceland and its institutions. At the session, research will be presented in presentations and on posters, and IFL will present seven researches on posters.","robots":{"index":"index","follow":"follow","max-snippet":"max-snippet:-1","max-image-preview":"max-image-preview:large","max-video-preview":"max-video-preview:-1"},"canonical":"https:\/\/matis.is\/en\/frettir\/rf-a-raunvisindathingi-2006\/","og_locale":"en_GB","og_type":"article","og_title":"Rf \u00e1 Raunv\u00edsinda\u00feingi 2006 - Mat\u00eds","og_description":"Raunv\u00edsinda\u00feing H.\u00cd. 2006 hefst \u00ed dag \u00ed \u00d6skju, N\u00e1tt\u00farufr\u00e6\u00f0ih\u00fasi H.\u00cd. \u00ed Vatnsm\u00fdrinni og stendur \u00fea\u00f0 yfir \u00ed tvo daga. Markmi\u00f0 \u00feingsins er a\u00f0 kynna hinar miklu og fj\u00f6lbreyttu ranns\u00f3knir \u00ed raunv\u00edsindum sem stunda\u00f0ar eru vi\u00f0 H\u00e1sk\u00f3la \u00cdslands og stofnanir hans. \u00c1 \u00feinginu ver\u00f0a ranns\u00f3knir kynntar \u00ed erindum og \u00e1 veggspj\u00f6ldum og kynnir Rf sj\u00f6 ranns\u00f3knir \u00e1 veggspj\u00f6ldum.","og_url":"https:\/\/matis.is\/en\/frettir\/rf-a-raunvisindathingi-2006\/","og_site_name":"Mat\u00eds","article_publisher":"https:\/\/www.facebook.com\/matisiceland","article_published_time":"2006-03-03T15:49:00+00:00","article_modified_time":"2021-09-17T08:27:13+00:00","og_image":[{"width":640,"height":233,"url":"https:\/\/matis.is\/wp-content\/uploads\/Raunvisindathing.jpg","type":"image\/jpeg"}],"author":"admin","twitter_card":"summary_large_image","twitter_creator":"@matisiceland","twitter_site":"@matisiceland","twitter_misc":{"Written by":"admin","Estimated reading time":"2 minutes"},"schema":{"@context":"https:\/\/schema.org","@graph":[{"@type":"Article","@id":"https:\/\/matis.is\/en\/frettir\/rf-a-raunvisindathingi-2006\/#article","isPartOf":{"@id":"https:\/\/matis.is\/en\/frettir\/rf-a-raunvisindathingi-2006\/"},"author":{"name":"admin","@id":"https:\/\/matis.is\/#\/schema\/person\/33b92c850c915c93e67f291e3381a49a"},"headline":"Rf \u00e1 Raunv\u00edsinda\u00feingi 2006","datePublished":"2006-03-03T15:49:00+00:00","dateModified":"2021-09-17T08:27:13+00:00","mainEntityOfPage":{"@id":"https:\/\/matis.is\/en\/frettir\/rf-a-raunvisindathingi-2006\/"},"wordCount":483,"publisher":{"@id":"https:\/\/matis.is\/#organization"},"image":{"@id":"https:\/\/matis.is\/en\/frettir\/rf-a-raunvisindathingi-2006\/#primaryimage"},"thumbnailUrl":"https:\/\/matis.is\/wp-content\/uploads\/Raunvisindathing.jpg","articleSection":["Fr\u00e9ttir"],"inLanguage":"en-GB"},{"@type":"WebPage","@id":"https:\/\/matis.is\/en\/frettir\/rf-a-raunvisindathingi-2006\/","url":"https:\/\/matis.is\/en\/frettir\/rf-a-raunvisindathingi-2006\/","name":"IFL at the Science Congress 2006 - Mat\u00eds","isPartOf":{"@id":"https:\/\/matis.is\/#website"},"primaryImageOfPage":{"@id":"https:\/\/matis.is\/en\/frettir\/rf-a-raunvisindathingi-2006\/#primaryimage"},"image":{"@id":"https:\/\/matis.is\/en\/frettir\/rf-a-raunvisindathingi-2006\/#primaryimage"},"thumbnailUrl":"https:\/\/matis.is\/wp-content\/uploads\/Raunvisindathing.jpg","datePublished":"2006-03-03T15:49:00+00:00","dateModified":"2021-09-17T08:27:13+00:00","description":"H.\u00cd. 2006 starts today in Askja, N\u00e1tt\u00farufr\u00e6\u00f0ih\u00fas H.\u00cd. in Vatnsm\u00fdri and it lasts for two days. The aim of the session is to present the great and varied research in the natural sciences that is conducted at the University of Iceland and its institutions. At the session, research will be presented in presentations and on posters, and IFL will present seven researches on posters.","breadcrumb":{"@id":"https:\/\/matis.is\/en\/frettir\/rf-a-raunvisindathingi-2006\/#breadcrumb"},"inLanguage":"en-GB","potentialAction":[{"@type":"ReadAction","target":["https:\/\/matis.is\/en\/frettir\/rf-a-raunvisindathingi-2006\/"]}]},{"@type":"ImageObject","inLanguage":"en-GB","@id":"https:\/\/matis.is\/en\/frettir\/rf-a-raunvisindathingi-2006\/#primaryimage","url":"https:\/\/matis.is\/wp-content\/uploads\/Raunvisindathing.jpg","contentUrl":"https:\/\/matis.is\/wp-content\/uploads\/Raunvisindathing.jpg","width":640,"height":233,"caption":"OLYMPUS DIGITAL CAMERA"},{"@type":"BreadcrumbList","@id":"https:\/\/matis.is\/en\/frettir\/rf-a-raunvisindathingi-2006\/#breadcrumb","itemListElement":[{"@type":"ListItem","position":1,"name":"Home","item":"https:\/\/matis.is\/"},{"@type":"ListItem","position":2,"name":"Rf \u00e1 Raunv\u00edsinda\u00feingi 2006"}]},{"@type":"WebSite","@id":"https:\/\/matis.is\/#website","url":"https:\/\/matis.is\/","name":"Mat\u00eds","description":"Value creation, food security and public health","publisher":{"@id":"https:\/\/matis.is\/#organization"},"potentialAction":[{"@type":"SearchAction","target":{"@type":"EntryPoint","urlTemplate":"https:\/\/matis.is\/?s={search_term_string}"},"query-input":{"@type":"PropertyValueSpecification","valueRequired":true,"valueName":"search_term_string"}}],"inLanguage":"en-GB"},{"@type":"Organization","@id":"https:\/\/matis.is\/#organization","name":"Mat\u00eds ohf.","url":"https:\/\/matis.is\/","logo":{"@type":"ImageObject","inLanguage":"en-GB","@id":"https:\/\/matis.is\/#\/schema\/logo\/image\/","url":"https:\/\/matis.is\/wp-content\/uploads\/2021\/02\/matis_logo_blatthvitt.png","contentUrl":"https:\/\/matis.is\/wp-content\/uploads\/2021\/02\/matis_logo_blatthvitt.png","width":1507,"height":1507,"caption":"Mat\u00eds ohf."},"image":{"@id":"https:\/\/matis.is\/#\/schema\/logo\/image\/"},"sameAs":["https:\/\/www.facebook.com\/matisiceland","https:\/\/x.com\/matisiceland","https:\/\/www.instagram.com\/matisiceland\/","https:\/\/www.linkedin.com\/matisiceland\/","https:\/\/www.youtube.com\/channel\/UCY-frt3uTqgVZW-DLjoo5bA"]},{"@type":"Person","@id":"https:\/\/matis.is\/#\/schema\/person\/33b92c850c915c93e67f291e3381a49a","name":"admin","sameAs":["https:\/\/matis.mareframe.eu"],"url":"https:\/\/matis.is\/en\/author\/thormodurmatis-is\/"}]}},"spectra_custom_meta":{"_edit_lock":["1631867233:5"],"_wp_old_date":["2021-08-31"],"_thumbnail_id":["44024"],"_wp_page_template":["templates\/template-cover.php"],"_edit_last":["5"],"tengilidur":[""],"_tengilidur":["field_5ef905e0538b2"],"_yoast_wpseo_primary_category":["1973"],"_yoast_wpseo_metadesc":["Raunv\u00edsinda\u00feing H.\u00cd. 2006 hefst \u00ed dag \u00ed \u00d6skju, N\u00e1tt\u00farufr\u00e6\u00f0ih\u00fasi H.\u00cd. \u00ed Vatnsm\u00fdrinni og stendur \u00fea\u00f0 yfir \u00ed tvo daga. Markmi\u00f0 \u00feingsins er a\u00f0 kynna hinar miklu og fj\u00f6lbreyttu ranns\u00f3knir \u00ed raunv\u00edsindum sem stunda\u00f0ar eru vi\u00f0 H\u00e1sk\u00f3la \u00cdslands og stofnanir hans. \u00c1 \u00feinginu ver\u00f0a ranns\u00f3knir kynntar \u00ed erindum og \u00e1 veggspj\u00f6ldum og kynnir Rf sj\u00f6 ranns\u00f3knir \u00e1 veggspj\u00f6ldum."],"_yoast_wpseo_content_score":["30"],"_yoast_wpseo_estimated-reading-time-minutes":["2"],"wpmm_postgrid_views":["442"],"_uag_css_file_name":["uag-css-44023.css"],"_uag_page_assets":["a:9:{s:3:\"css\";s:263:\".uag-blocks-common-selector{z-index:var(--z-index-desktop) !important}@media (max-width: 976px){.uag-blocks-common-selector{z-index:var(--z-index-tablet) !important}}@media (max-width: 767px){.uag-blocks-common-selector{z-index:var(--z-index-mobile) !important}}\n\";s:2:\"js\";s:0:\"\";s:18:\"current_block_list\";a:7:{i:0;s:12:\"core\/heading\";i:1;s:14:\"core\/paragraph\";i:2;s:9:\"core\/list\";i:3;s:12:\"core\/buttons\";i:4;s:11:\"core\/button\";i:5;s:12:\"core\/columns\";i:6;s:11:\"core\/column\";}s:8:\"uag_flag\";b:0;s:11:\"uag_version\";s:10:\"1777477098\";s:6:\"gfonts\";a:0:{}s:10:\"gfonts_url\";s:0:\"\";s:12:\"gfonts_files\";a:0:{}s:14:\"uag_faq_layout\";b:0;}"]},"uagb_featured_image_src":{"full":["https:\/\/matis.is\/wp-content\/uploads\/Raunvisindathing.jpg",640,233,false],"thumbnail":["https:\/\/matis.is\/wp-content\/uploads\/Raunvisindathing-150x150.jpg",150,150,true],"medium":["https:\/\/matis.is\/wp-content\/uploads\/Raunvisindathing-300x109.jpg",300,109,true],"medium_large":["https:\/\/matis.is\/wp-content\/uploads\/Raunvisindathing.jpg",640,233,false],"large":["https:\/\/matis.is\/wp-content\/uploads\/Raunvisindathing.jpg",640,233,false],"1536x1536":["https:\/\/matis.is\/wp-content\/uploads\/Raunvisindathing.jpg",640,233,false],"2048x2048":["https:\/\/matis.is\/wp-content\/uploads\/Raunvisindathing.jpg",640,233,false],"trp-custom-language-flag":["https:\/\/matis.is\/wp-content\/uploads\/Raunvisindathing.jpg",18,7,false]},"uagb_author_info":{"display_name":"admin","author_link":"https:\/\/matis.is\/en\/author\/thormodurmatis-is\/"},"uagb_comment_info":0,"uagb_excerpt":"Raunv\u00edsinda\u00feing H.\u00cd. 2006 hefst \u00ed dag \u00ed \u00d6skju, N\u00e1tt\u00farufr\u00e6\u00f0ih\u00fasi H.\u00cd. \u00ed Vatnsm\u00fdrinni og stendur \u00fea\u00f0 yfir \u00ed tvo daga. Markmi\u00f0 [&hellip;]","_links":{"self":[{"href":"https:\/\/matis.is\/en\/wp-json\/wp\/v2\/posts\/44023","targetHints":{"allow":["GET"]}}],"collection":[{"href":"https:\/\/matis.is\/en\/wp-json\/wp\/v2\/posts"}],"about":[{"href":"https:\/\/matis.is\/en\/wp-json\/wp\/v2\/types\/post"}],"author":[{"embeddable":true,"href":"https:\/\/matis.is\/en\/wp-json\/wp\/v2\/users\/1"}],"replies":[{"embeddable":true,"href":"https:\/\/matis.is\/en\/wp-json\/wp\/v2\/comments?post=44023"}],"version-history":[{"count":2,"href":"https:\/\/matis.is\/en\/wp-json\/wp\/v2\/posts\/44023\/revisions"}],"predecessor-version":[{"id":44578,"href":"https:\/\/matis.is\/en\/wp-json\/wp\/v2\/posts\/44023\/revisions\/44578"}],"wp:featuredmedia":[{"embeddable":true,"href":"https:\/\/matis.is\/en\/wp-json\/wp\/v2\/media\/44024"}],"wp:attachment":[{"href":"https:\/\/matis.is\/en\/wp-json\/wp\/v2\/media?parent=44023"}],"wp:term":[{"taxonomy":"category","embeddable":true,"href":"https:\/\/matis.is\/en\/wp-json\/wp\/v2\/categories?post=44023"},{"taxonomy":"post_tag","embeddable":true,"href":"https:\/\/matis.is\/en\/wp-json\/wp\/v2\/tags?post=44023"}],"curies":[{"name":"wp","href":"https:\/\/api.w.org\/{rel}","templated":true}]}}