{"id":44059,"date":"2006-01-31T08:31:00","date_gmt":"2006-01-31T08:31:00","guid":{"rendered":"https:\/\/matis.is\/?p=44059"},"modified":"2021-09-01T08:33:35","modified_gmt":"2021-09-01T08:33:35","slug":"starfsmadur-rf-a-leid-til-astraliu","status":"publish","type":"post","link":"https:\/\/matis.is\/en\/frettir\/starfsmadur-rf-a-leid-til-astraliu\/","title":{"rendered":"IFL employee on his way to Australia"},"content":{"rendered":"<h4 class=\"wp-block-heading\">Katr\u00edn \u00c1sta Stef\u00e1nsd\u00f3ttir, an employee of the Processing and Development Department of IFL&#039;s Research Division, intends to pursue a master&#039;s degree in food science. This would not be newsworthy unless Katr\u00edn does not go the shortest way to her goal, but the Earth ends.<\/h4>\n\n\n\n<p><a href=\"https:\/\/gamla.matis.is\/stofnunin\/starfsfolk\/stakir\/\/nr\/1299\" target=\"_blank\" rel=\"noreferrer noopener\">Catherine<\/a>&nbsp;started working at IFL in 2004, after graduating with a BS in Food Science from the University of Iceland. In fact, it can be said that she had one foot on IFL some time before because she worked on part of a large project in food engineering II at IFL under the guidance of IFL experts.<\/p>\n\n\n\n<p>Katr\u00edn has previously gone astray in her career choices, for example in 2003 she was hired to work as a researcher in food chemistry at the Vysok\u00e1 \u0160kola Chemicko-Technologick\u00e1 (VSCHT, Institute of Chemical Technology), Prague, which she says was very informative and fun experience.<\/p>\n\n\n\n<p>Katr\u00edn&#039;s interest in pursuing postgraduate studies in food science in Australia can be traced to the fact that in 2005 she went on a world trip, including a visit to Australia, and reportedly liked the country and the nation. Does not spoil so that&nbsp;&nbsp;<a href=\"http:\/\/www.rmit.edu.au\/\" target=\"_blank\" rel=\"noreferrer noopener\">Royal Melbourne Institute of Technology<\/a>, where Katr\u00edn intends to study, offers exciting studies in her field of interest, processing and innovation of food from seafood.&nbsp;<\/p>\n\n\n\n<p>Today is Katr\u00edn&#039;s last day at IFL (at least for now) and she is wished good luck in play and work in foreign lands.<\/p>","protected":false},"excerpt":{"rendered":"<p>Katr\u00edn \u00c1sta Stef\u00e1nsd\u00f3ttir, starfsma\u00f0ur Vinnslu &#8211; og \u00fer\u00f3unardeildar Ranns\u00f3knarsvi\u00f0s Rf hyggur \u00e1 framhaldsn\u00e1m \u00ed meistaran\u00e1m \u00ed matv\u00e6lafr\u00e6\u00f0i. \u00deetta v\u00e6ri svo [&hellip;]<\/p>\n","protected":false},"author":1,"featured_media":39514,"comment_status":"closed","ping_status":"closed","sticky":false,"template":"templates\/template-cover.php","format":"standard","meta":{"_acf_changed":false,"_uag_custom_page_level_css":"","site-sidebar-layout":"default","site-content-layout":"","ast-site-content-layout":"default","site-content-style":"default","site-sidebar-style":"default","ast-global-header-display":"","ast-banner-title-visibility":"","ast-main-header-display":"","ast-hfb-above-header-display":"","ast-hfb-below-header-display":"","ast-hfb-mobile-header-display":"","site-post-title":"","ast-breadcrumbs-content":"","ast-featured-img":"","footer-sml-layout":"","ast-disable-related-posts":"","theme-transparent-header-meta":"","adv-header-id-meta":"","stick-header-meta":"","header-above-stick-meta":"","header-main-stick-meta":"","header-below-stick-meta":"","astra-migrate-meta-layouts":"default","ast-page-background-enabled":"default","ast-page-background-meta":{"desktop":{"background-color":"var(--ast-global-color-5)","background-image":"","background-repeat":"repeat","background-position":"center center","background-size":"auto","background-attachment":"scroll","background-type":"","background-media":"","overlay-type":"","overlay-color":"","overlay-opacity":"","overlay-gradient":""},"tablet":{"background-color":"","background-image":"","background-repeat":"repeat","background-position":"center center","background-size":"auto","background-attachment":"scroll","background-type":"","background-media":"","overlay-type":"","overlay-color":"","overlay-opacity":"","overlay-gradient":""},"mobile":{"background-color":"","background-image":"","background-repeat":"repeat","background-position":"center center","background-size":"auto","background-attachment":"scroll","background-type":"","background-media":"","overlay-type":"","overlay-color":"","overlay-opacity":"","overlay-gradient":""}},"ast-content-background-meta":{"desktop":{"background-color":"var(--ast-global-color-4)","background-image":"","background-repeat":"repeat","background-position":"center center","background-size":"auto","background-attachment":"scroll","background-type":"","background-media":"","overlay-type":"","overlay-color":"","overlay-opacity":"","overlay-gradient":""},"tablet":{"background-color":"var(--ast-global-color-4)","background-image":"","background-repeat":"repeat","background-position":"center center","background-size":"auto","background-attachment":"scroll","background-type":"","background-media":"","overlay-type":"","overlay-color":"","overlay-opacity":"","overlay-gradient":""},"mobile":{"background-color":"var(--ast-global-color-4)","background-image":"","background-repeat":"repeat","background-position":"center center","background-size":"auto","background-attachment":"scroll","background-type":"","background-media":"","overlay-type":"","overlay-color":"","overlay-opacity":"","overlay-gradient":""}},"footnotes":""},"categories":[1973],"tags":[],"class_list":["post-44059","post","type-post","status-publish","format-standard","has-post-thumbnail","hentry","category-frettir"],"acf":[],"yoast_head":"<!-- This site is optimized with the Yoast SEO plugin v27.4 - https:\/\/yoast.com\/product\/yoast-seo-wordpress\/ -->\n<title>Starfsma\u00f0ur Rf \u00e1 lei\u00f0 til \u00c1stral\u00edu - Mat\u00eds<\/title>\n<meta name=\"description\" content=\"Katr\u00edn \u00c1sta Stef\u00e1nsd\u00f3ttir, starfsma\u00f0ur Vinnslu - og \u00fer\u00f3unardeildar Ranns\u00f3knarsvi\u00f0s Rf hyggur \u00e1 framhaldsn\u00e1m \u00ed meistaran\u00e1m \u00ed matv\u00e6lafr\u00e6\u00f0i. \u00deetta v\u00e6ri svo sem ekki \u00ed fr\u00e1s\u00f6gur f\u00e6randi nema a\u00f0 Katr\u00edn fer ekki stystu lei\u00f0 a\u00f0 markmi\u00f0i s\u00ednu heldur fer J\u00f6r\u00f0ina \u00e1 enda.\" \/>\n<meta name=\"robots\" content=\"index, follow, max-snippet:-1, max-image-preview:large, max-video-preview:-1\" \/>\n<link rel=\"canonical\" href=\"https:\/\/matis.is\/en\/frettir\/starfsmadur-rf-a-leid-til-astraliu\/\" \/>\n<meta property=\"og:locale\" content=\"en_GB\" \/>\n<meta property=\"og:type\" content=\"article\" \/>\n<meta property=\"og:title\" content=\"Starfsma\u00f0ur Rf \u00e1 lei\u00f0 til \u00c1stral\u00edu - Mat\u00eds\" \/>\n<meta property=\"og:description\" content=\"Katr\u00edn \u00c1sta Stef\u00e1nsd\u00f3ttir, starfsma\u00f0ur Vinnslu - og \u00fer\u00f3unardeildar Ranns\u00f3knarsvi\u00f0s Rf hyggur \u00e1 framhaldsn\u00e1m \u00ed meistaran\u00e1m \u00ed matv\u00e6lafr\u00e6\u00f0i. \u00deetta v\u00e6ri svo sem ekki \u00ed fr\u00e1s\u00f6gur f\u00e6randi nema a\u00f0 Katr\u00edn fer ekki stystu lei\u00f0 a\u00f0 markmi\u00f0i s\u00ednu heldur fer J\u00f6r\u00f0ina \u00e1 enda.\" \/>\n<meta property=\"og:url\" content=\"https:\/\/matis.is\/en\/frettir\/starfsmadur-rf-a-leid-til-astraliu\/\" \/>\n<meta property=\"og:site_name\" content=\"Mat\u00eds\" \/>\n<meta property=\"article:publisher\" content=\"https:\/\/www.facebook.com\/matisiceland\" \/>\n<meta property=\"article:published_time\" content=\"2006-01-31T08:31:00+00:00\" \/>\n<meta property=\"article:modified_time\" content=\"2021-09-01T08:33:35+00:00\" \/>\n<meta property=\"og:image\" content=\"https:\/\/matis.is\/wp-content\/uploads\/hus-matis.jpg\" \/>\n\t<meta property=\"og:image:width\" content=\"900\" \/>\n\t<meta property=\"og:image:height\" content=\"420\" \/>\n\t<meta property=\"og:image:type\" content=\"image\/jpeg\" \/>\n<meta name=\"author\" content=\"admin\" \/>\n<meta name=\"twitter:card\" content=\"summary_large_image\" \/>\n<meta name=\"twitter:creator\" content=\"@matisiceland\" \/>\n<meta name=\"twitter:site\" content=\"@matisiceland\" \/>\n<meta name=\"twitter:label1\" content=\"Written by\" \/>\n\t<meta name=\"twitter:data1\" content=\"admin\" \/>\n\t<meta name=\"twitter:label2\" content=\"Estimated reading time\" \/>\n\t<meta name=\"twitter:data2\" content=\"1 minute\" \/>\n<script type=\"application\/ld+json\" class=\"yoast-schema-graph\">{\"@context\":\"https:\\\/\\\/schema.org\",\"@graph\":[{\"@type\":\"Article\",\"@id\":\"https:\\\/\\\/matis.is\\\/frettir\\\/starfsmadur-rf-a-leid-til-astraliu\\\/#article\",\"isPartOf\":{\"@id\":\"https:\\\/\\\/matis.is\\\/frettir\\\/starfsmadur-rf-a-leid-til-astraliu\\\/\"},\"author\":{\"name\":\"admin\",\"@id\":\"https:\\\/\\\/matis.is\\\/#\\\/schema\\\/person\\\/33b92c850c915c93e67f291e3381a49a\"},\"headline\":\"Starfsma\u00f0ur Rf \u00e1 lei\u00f0 til \u00c1stral\u00edu\",\"datePublished\":\"2006-01-31T08:31:00+00:00\",\"dateModified\":\"2021-09-01T08:33:35+00:00\",\"mainEntityOfPage\":{\"@id\":\"https:\\\/\\\/matis.is\\\/frettir\\\/starfsmadur-rf-a-leid-til-astraliu\\\/\"},\"wordCount\":284,\"publisher\":{\"@id\":\"https:\\\/\\\/matis.is\\\/#organization\"},\"image\":{\"@id\":\"https:\\\/\\\/matis.is\\\/frettir\\\/starfsmadur-rf-a-leid-til-astraliu\\\/#primaryimage\"},\"thumbnailUrl\":\"https:\\\/\\\/matis.is\\\/wp-content\\\/uploads\\\/hus-matis.jpg\",\"articleSection\":[\"Fr\u00e9ttir\"],\"inLanguage\":\"en-GB\"},{\"@type\":\"WebPage\",\"@id\":\"https:\\\/\\\/matis.is\\\/frettir\\\/starfsmadur-rf-a-leid-til-astraliu\\\/\",\"url\":\"https:\\\/\\\/matis.is\\\/frettir\\\/starfsmadur-rf-a-leid-til-astraliu\\\/\",\"name\":\"Starfsma\u00f0ur Rf \u00e1 lei\u00f0 til \u00c1stral\u00edu - Mat\u00eds\",\"isPartOf\":{\"@id\":\"https:\\\/\\\/matis.is\\\/#website\"},\"primaryImageOfPage\":{\"@id\":\"https:\\\/\\\/matis.is\\\/frettir\\\/starfsmadur-rf-a-leid-til-astraliu\\\/#primaryimage\"},\"image\":{\"@id\":\"https:\\\/\\\/matis.is\\\/frettir\\\/starfsmadur-rf-a-leid-til-astraliu\\\/#primaryimage\"},\"thumbnailUrl\":\"https:\\\/\\\/matis.is\\\/wp-content\\\/uploads\\\/hus-matis.jpg\",\"datePublished\":\"2006-01-31T08:31:00+00:00\",\"dateModified\":\"2021-09-01T08:33:35+00:00\",\"description\":\"Katr\u00edn \u00c1sta Stef\u00e1nsd\u00f3ttir, starfsma\u00f0ur Vinnslu - og \u00fer\u00f3unardeildar Ranns\u00f3knarsvi\u00f0s Rf hyggur \u00e1 framhaldsn\u00e1m \u00ed meistaran\u00e1m \u00ed matv\u00e6lafr\u00e6\u00f0i. \u00deetta v\u00e6ri svo sem ekki \u00ed fr\u00e1s\u00f6gur f\u00e6randi nema a\u00f0 Katr\u00edn fer ekki stystu lei\u00f0 a\u00f0 markmi\u00f0i s\u00ednu heldur fer J\u00f6r\u00f0ina \u00e1 enda.\",\"breadcrumb\":{\"@id\":\"https:\\\/\\\/matis.is\\\/frettir\\\/starfsmadur-rf-a-leid-til-astraliu\\\/#breadcrumb\"},\"inLanguage\":\"en-GB\",\"potentialAction\":[{\"@type\":\"ReadAction\",\"target\":[\"https:\\\/\\\/matis.is\\\/frettir\\\/starfsmadur-rf-a-leid-til-astraliu\\\/\"]}]},{\"@type\":\"ImageObject\",\"inLanguage\":\"en-GB\",\"@id\":\"https:\\\/\\\/matis.is\\\/frettir\\\/starfsmadur-rf-a-leid-til-astraliu\\\/#primaryimage\",\"url\":\"https:\\\/\\\/matis.is\\\/wp-content\\\/uploads\\\/hus-matis.jpg\",\"contentUrl\":\"https:\\\/\\\/matis.is\\\/wp-content\\\/uploads\\\/hus-matis.jpg\",\"width\":900,\"height\":420},{\"@type\":\"BreadcrumbList\",\"@id\":\"https:\\\/\\\/matis.is\\\/frettir\\\/starfsmadur-rf-a-leid-til-astraliu\\\/#breadcrumb\",\"itemListElement\":[{\"@type\":\"ListItem\",\"position\":1,\"name\":\"Home\",\"item\":\"https:\\\/\\\/matis.is\\\/\"},{\"@type\":\"ListItem\",\"position\":2,\"name\":\"Starfsma\u00f0ur Rf \u00e1 lei\u00f0 til \u00c1stral\u00edu\"}]},{\"@type\":\"WebSite\",\"@id\":\"https:\\\/\\\/matis.is\\\/#website\",\"url\":\"https:\\\/\\\/matis.is\\\/\",\"name\":\"Mat\u00eds\",\"description\":\"Ver\u00f0m\u00e6task\u00f6pun, matv\u00e6la\u00f6ryggi og l\u00fd\u00f0heilsa\",\"publisher\":{\"@id\":\"https:\\\/\\\/matis.is\\\/#organization\"},\"potentialAction\":[{\"@type\":\"SearchAction\",\"target\":{\"@type\":\"EntryPoint\",\"urlTemplate\":\"https:\\\/\\\/matis.is\\\/?s={search_term_string}\"},\"query-input\":{\"@type\":\"PropertyValueSpecification\",\"valueRequired\":true,\"valueName\":\"search_term_string\"}}],\"inLanguage\":\"en-GB\"},{\"@type\":\"Organization\",\"@id\":\"https:\\\/\\\/matis.is\\\/#organization\",\"name\":\"Mat\u00eds ohf.\",\"url\":\"https:\\\/\\\/matis.is\\\/\",\"logo\":{\"@type\":\"ImageObject\",\"inLanguage\":\"en-GB\",\"@id\":\"https:\\\/\\\/matis.is\\\/#\\\/schema\\\/logo\\\/image\\\/\",\"url\":\"https:\\\/\\\/matis.is\\\/wp-content\\\/uploads\\\/2021\\\/02\\\/matis_logo_blatthvitt.png\",\"contentUrl\":\"https:\\\/\\\/matis.is\\\/wp-content\\\/uploads\\\/2021\\\/02\\\/matis_logo_blatthvitt.png\",\"width\":1507,\"height\":1507,\"caption\":\"Mat\u00eds ohf.\"},\"image\":{\"@id\":\"https:\\\/\\\/matis.is\\\/#\\\/schema\\\/logo\\\/image\\\/\"},\"sameAs\":[\"https:\\\/\\\/www.facebook.com\\\/matisiceland\",\"https:\\\/\\\/x.com\\\/matisiceland\",\"https:\\\/\\\/www.instagram.com\\\/matisiceland\\\/\",\"https:\\\/\\\/www.linkedin.com\\\/matisiceland\\\/\",\"https:\\\/\\\/www.youtube.com\\\/channel\\\/UCY-frt3uTqgVZW-DLjoo5bA\"]},{\"@type\":\"Person\",\"@id\":\"https:\\\/\\\/matis.is\\\/#\\\/schema\\\/person\\\/33b92c850c915c93e67f291e3381a49a\",\"name\":\"admin\",\"sameAs\":[\"https:\\\/\\\/matis.mareframe.eu\"],\"url\":\"https:\\\/\\\/matis.is\\\/en\\\/author\\\/thormodurmatis-is\\\/\"}]}<\/script>\n<!-- \/ Yoast SEO plugin. -->","yoast_head_json":{"title":"IFL employee on his way to Australia - Mat\u00eds","description":"Katr\u00edn \u00c1sta Stef\u00e1nsd\u00f3ttir, an employee of the Processing and Development Department of IFL&#039;s Research Division, intends to pursue a master&#039;s degree in food science. This would not be newsworthy unless Katr\u00edn does not go the shortest way to her goal, but the Earth ends.","robots":{"index":"index","follow":"follow","max-snippet":"max-snippet:-1","max-image-preview":"max-image-preview:large","max-video-preview":"max-video-preview:-1"},"canonical":"https:\/\/matis.is\/en\/frettir\/starfsmadur-rf-a-leid-til-astraliu\/","og_locale":"en_GB","og_type":"article","og_title":"Starfsma\u00f0ur Rf \u00e1 lei\u00f0 til \u00c1stral\u00edu - Mat\u00eds","og_description":"Katr\u00edn \u00c1sta Stef\u00e1nsd\u00f3ttir, starfsma\u00f0ur Vinnslu - og \u00fer\u00f3unardeildar Ranns\u00f3knarsvi\u00f0s Rf hyggur \u00e1 framhaldsn\u00e1m \u00ed meistaran\u00e1m \u00ed matv\u00e6lafr\u00e6\u00f0i. \u00deetta v\u00e6ri svo sem ekki \u00ed fr\u00e1s\u00f6gur f\u00e6randi nema a\u00f0 Katr\u00edn fer ekki stystu lei\u00f0 a\u00f0 markmi\u00f0i s\u00ednu heldur fer J\u00f6r\u00f0ina \u00e1 enda.","og_url":"https:\/\/matis.is\/en\/frettir\/starfsmadur-rf-a-leid-til-astraliu\/","og_site_name":"Mat\u00eds","article_publisher":"https:\/\/www.facebook.com\/matisiceland","article_published_time":"2006-01-31T08:31:00+00:00","article_modified_time":"2021-09-01T08:33:35+00:00","og_image":[{"width":900,"height":420,"url":"https:\/\/matis.is\/wp-content\/uploads\/hus-matis.jpg","type":"image\/jpeg"}],"author":"admin","twitter_card":"summary_large_image","twitter_creator":"@matisiceland","twitter_site":"@matisiceland","twitter_misc":{"Written by":"admin","Estimated reading time":"1 minute"},"schema":{"@context":"https:\/\/schema.org","@graph":[{"@type":"Article","@id":"https:\/\/matis.is\/frettir\/starfsmadur-rf-a-leid-til-astraliu\/#article","isPartOf":{"@id":"https:\/\/matis.is\/frettir\/starfsmadur-rf-a-leid-til-astraliu\/"},"author":{"name":"admin","@id":"https:\/\/matis.is\/#\/schema\/person\/33b92c850c915c93e67f291e3381a49a"},"headline":"Starfsma\u00f0ur Rf \u00e1 lei\u00f0 til \u00c1stral\u00edu","datePublished":"2006-01-31T08:31:00+00:00","dateModified":"2021-09-01T08:33:35+00:00","mainEntityOfPage":{"@id":"https:\/\/matis.is\/frettir\/starfsmadur-rf-a-leid-til-astraliu\/"},"wordCount":284,"publisher":{"@id":"https:\/\/matis.is\/#organization"},"image":{"@id":"https:\/\/matis.is\/frettir\/starfsmadur-rf-a-leid-til-astraliu\/#primaryimage"},"thumbnailUrl":"https:\/\/matis.is\/wp-content\/uploads\/hus-matis.jpg","articleSection":["Fr\u00e9ttir"],"inLanguage":"en-GB"},{"@type":"WebPage","@id":"https:\/\/matis.is\/frettir\/starfsmadur-rf-a-leid-til-astraliu\/","url":"https:\/\/matis.is\/frettir\/starfsmadur-rf-a-leid-til-astraliu\/","name":"IFL employee on his way to Australia - Mat\u00eds","isPartOf":{"@id":"https:\/\/matis.is\/#website"},"primaryImageOfPage":{"@id":"https:\/\/matis.is\/frettir\/starfsmadur-rf-a-leid-til-astraliu\/#primaryimage"},"image":{"@id":"https:\/\/matis.is\/frettir\/starfsmadur-rf-a-leid-til-astraliu\/#primaryimage"},"thumbnailUrl":"https:\/\/matis.is\/wp-content\/uploads\/hus-matis.jpg","datePublished":"2006-01-31T08:31:00+00:00","dateModified":"2021-09-01T08:33:35+00:00","description":"Katr\u00edn \u00c1sta Stef\u00e1nsd\u00f3ttir, an employee of the Processing and Development Department of IFL&#039;s Research Division, intends to pursue a master&#039;s degree in food science. This would not be newsworthy unless Katr\u00edn does not go the shortest way to her goal, but the Earth ends.","breadcrumb":{"@id":"https:\/\/matis.is\/frettir\/starfsmadur-rf-a-leid-til-astraliu\/#breadcrumb"},"inLanguage":"en-GB","potentialAction":[{"@type":"ReadAction","target":["https:\/\/matis.is\/frettir\/starfsmadur-rf-a-leid-til-astraliu\/"]}]},{"@type":"ImageObject","inLanguage":"en-GB","@id":"https:\/\/matis.is\/frettir\/starfsmadur-rf-a-leid-til-astraliu\/#primaryimage","url":"https:\/\/matis.is\/wp-content\/uploads\/hus-matis.jpg","contentUrl":"https:\/\/matis.is\/wp-content\/uploads\/hus-matis.jpg","width":900,"height":420},{"@type":"BreadcrumbList","@id":"https:\/\/matis.is\/frettir\/starfsmadur-rf-a-leid-til-astraliu\/#breadcrumb","itemListElement":[{"@type":"ListItem","position":1,"name":"Home","item":"https:\/\/matis.is\/"},{"@type":"ListItem","position":2,"name":"Starfsma\u00f0ur Rf \u00e1 lei\u00f0 til \u00c1stral\u00edu"}]},{"@type":"WebSite","@id":"https:\/\/matis.is\/#website","url":"https:\/\/matis.is\/","name":"Mat\u00eds","description":"Value creation, food security and public health","publisher":{"@id":"https:\/\/matis.is\/#organization"},"potentialAction":[{"@type":"SearchAction","target":{"@type":"EntryPoint","urlTemplate":"https:\/\/matis.is\/?s={search_term_string}"},"query-input":{"@type":"PropertyValueSpecification","valueRequired":true,"valueName":"search_term_string"}}],"inLanguage":"en-GB"},{"@type":"Organization","@id":"https:\/\/matis.is\/#organization","name":"Mat\u00eds ohf.","url":"https:\/\/matis.is\/","logo":{"@type":"ImageObject","inLanguage":"en-GB","@id":"https:\/\/matis.is\/#\/schema\/logo\/image\/","url":"https:\/\/matis.is\/wp-content\/uploads\/2021\/02\/matis_logo_blatthvitt.png","contentUrl":"https:\/\/matis.is\/wp-content\/uploads\/2021\/02\/matis_logo_blatthvitt.png","width":1507,"height":1507,"caption":"Mat\u00eds ohf."},"image":{"@id":"https:\/\/matis.is\/#\/schema\/logo\/image\/"},"sameAs":["https:\/\/www.facebook.com\/matisiceland","https:\/\/x.com\/matisiceland","https:\/\/www.instagram.com\/matisiceland\/","https:\/\/www.linkedin.com\/matisiceland\/","https:\/\/www.youtube.com\/channel\/UCY-frt3uTqgVZW-DLjoo5bA"]},{"@type":"Person","@id":"https:\/\/matis.is\/#\/schema\/person\/33b92c850c915c93e67f291e3381a49a","name":"admin","sameAs":["https:\/\/matis.mareframe.eu"],"url":"https:\/\/matis.is\/en\/author\/thormodurmatis-is\/"}]}},"spectra_custom_meta":{"_edit_lock":["1630485295:5"],"_wp_old_date":["2021-09-01"],"_thumbnail_id":["39514"],"_wp_page_template":["templates\/template-cover.php"],"_edit_last":["5"],"tengilidur":[""],"_tengilidur":["field_5ef905e0538b2"],"_yoast_wpseo_primary_category":["1973"],"_yoast_wpseo_metadesc":["Katr\u00edn \u00c1sta Stef\u00e1nsd\u00f3ttir, starfsma\u00f0ur Vinnslu - og \u00fer\u00f3unardeildar Ranns\u00f3knarsvi\u00f0s Rf hyggur \u00e1 framhaldsn\u00e1m \u00ed meistaran\u00e1m \u00ed matv\u00e6lafr\u00e6\u00f0i. \u00deetta v\u00e6ri svo sem ekki \u00ed fr\u00e1s\u00f6gur f\u00e6randi nema a\u00f0 Katr\u00edn fer ekki stystu lei\u00f0 a\u00f0 markmi\u00f0i s\u00ednu heldur fer J\u00f6r\u00f0ina \u00e1 enda."],"_yoast_wpseo_content_score":["60"],"_yoast_wpseo_estimated-reading-time-minutes":["1"],"wpmm_postgrid_views":["477"],"_uag_css_file_name":["uag-css-44059.css"],"_uag_page_assets":["a:9:{s:3:\"css\";s:263:\".uag-blocks-common-selector{z-index:var(--z-index-desktop) !important}@media (max-width: 976px){.uag-blocks-common-selector{z-index:var(--z-index-tablet) !important}}@media (max-width: 767px){.uag-blocks-common-selector{z-index:var(--z-index-mobile) !important}}\n\";s:2:\"js\";s:0:\"\";s:18:\"current_block_list\";a:6:{i:0;s:12:\"core\/heading\";i:1;s:14:\"core\/paragraph\";i:2;s:12:\"core\/buttons\";i:3;s:11:\"core\/button\";i:4;s:12:\"core\/columns\";i:5;s:11:\"core\/column\";}s:8:\"uag_flag\";b:0;s:11:\"uag_version\";s:10:\"1777300790\";s:6:\"gfonts\";a:0:{}s:10:\"gfonts_url\";s:0:\"\";s:12:\"gfonts_files\";a:0:{}s:14:\"uag_faq_layout\";b:0;}"]},"uagb_featured_image_src":{"full":["https:\/\/matis.is\/wp-content\/uploads\/hus-matis.jpg",900,420,false],"thumbnail":["https:\/\/matis.is\/wp-content\/uploads\/hus-matis-150x150.jpg",150,150,true],"medium":["https:\/\/matis.is\/wp-content\/uploads\/hus-matis-300x140.jpg",300,140,true],"medium_large":["https:\/\/matis.is\/wp-content\/uploads\/hus-matis-768x358.jpg",768,358,true],"large":["https:\/\/matis.is\/wp-content\/uploads\/hus-matis.jpg",900,420,false],"1536x1536":["https:\/\/matis.is\/wp-content\/uploads\/hus-matis.jpg",900,420,false],"2048x2048":["https:\/\/matis.is\/wp-content\/uploads\/hus-matis.jpg",900,420,false],"trp-custom-language-flag":["https:\/\/matis.is\/wp-content\/uploads\/hus-matis.jpg",18,8,false]},"uagb_author_info":{"display_name":"admin","author_link":"https:\/\/matis.is\/en\/author\/thormodurmatis-is\/"},"uagb_comment_info":0,"uagb_excerpt":"Katr\u00edn \u00c1sta Stef\u00e1nsd\u00f3ttir, starfsma\u00f0ur Vinnslu &#8211; og \u00fer\u00f3unardeildar Ranns\u00f3knarsvi\u00f0s Rf hyggur \u00e1 framhaldsn\u00e1m \u00ed meistaran\u00e1m \u00ed matv\u00e6lafr\u00e6\u00f0i. \u00deetta v\u00e6ri svo [&hellip;]","_links":{"self":[{"href":"https:\/\/matis.is\/en\/wp-json\/wp\/v2\/posts\/44059","targetHints":{"allow":["GET"]}}],"collection":[{"href":"https:\/\/matis.is\/en\/wp-json\/wp\/v2\/posts"}],"about":[{"href":"https:\/\/matis.is\/en\/wp-json\/wp\/v2\/types\/post"}],"author":[{"embeddable":true,"href":"https:\/\/matis.is\/en\/wp-json\/wp\/v2\/users\/1"}],"replies":[{"embeddable":true,"href":"https:\/\/matis.is\/en\/wp-json\/wp\/v2\/comments?post=44059"}],"version-history":[{"count":1,"href":"https:\/\/matis.is\/en\/wp-json\/wp\/v2\/posts\/44059\/revisions"}],"predecessor-version":[{"id":44060,"href":"https:\/\/matis.is\/en\/wp-json\/wp\/v2\/posts\/44059\/revisions\/44060"}],"wp:featuredmedia":[{"embeddable":true,"href":"https:\/\/matis.is\/en\/wp-json\/wp\/v2\/media\/39514"}],"wp:attachment":[{"href":"https:\/\/matis.is\/en\/wp-json\/wp\/v2\/media?parent=44059"}],"wp:term":[{"taxonomy":"category","embeddable":true,"href":"https:\/\/matis.is\/en\/wp-json\/wp\/v2\/categories?post=44059"},{"taxonomy":"post_tag","embeddable":true,"href":"https:\/\/matis.is\/en\/wp-json\/wp\/v2\/tags?post=44059"}],"curies":[{"name":"wp","href":"https:\/\/api.w.org\/{rel}","templated":true}]}}