{"id":45290,"date":"2021-11-17T09:00:00","date_gmt":"2021-11-17T09:00:00","guid":{"rendered":"https:\/\/matis.is\/?p=45290"},"modified":"2021-11-17T11:27:30","modified_gmt":"2021-11-17T11:27:30","slug":"graenir-frumkvodlar-framtidar-komnir-i-girinn-vida-um-land","status":"publish","type":"post","link":"https:\/\/matis.is\/en\/frettir\/graenir-frumkvodlar-framtidar-komnir-i-girinn-vida-um-land\/","title":{"rendered":"The Green Entrepreneurs of the Future have entered the zone around the country"},"content":{"rendered":"<h4 class=\"wp-block-heading\">In recent weeks, Mat\u00eds&#039; staff has been busy launching the educational project Green Entrepreneurs of the Future in the three primary schools participating in the project this winter. Visits were made to \u00c1rsk\u00f3li in Sau\u00f0\u00e1rkr\u00f3kur, Nessk\u00f3li in Neskaupssta\u00f0ur and Grunnsk\u00f3li Bolungarv\u00edkur, where Mat\u00eds employees chatted with students 8-10. classes and their teachers on climate change, the environment and the project itself.<\/h4>\n\n\n\n<p>The educational project Green Entrepreneurs, funded by the Climate Fund, has the main goal of educating Icelandic primary school students about climate and environmental issues, the effects of climate change on the sea and its ecosystem, and not least, the potential impact on the fishing industry and society. The project will also aim to empower primary school students by educating them about the importance of innovation and entrepreneurship, not only as a tool in the fight against the climate problem, but also for themselves and their local community. One of the main products of the project will be teaching material for Icelandic teachers and their students, which includes about 40 different projects, games and experiments, to name a few. A packed package of information and not least, entertainment.<\/p>\n\n\n\n<figure class=\"wp-block-gallery columns-2 is-cropped wp-block-gallery-2 is-layout-flex wp-block-gallery-is-layout-flex\"><ul class=\"blocks-gallery-grid\"><li class=\"blocks-gallery-item\"><figure><img loading=\"lazy\" decoding=\"async\" width=\"768\" height=\"1024\" src=\"https:\/\/matis.is\/wp-content\/uploads\/Plakat-768x1024.jpg\" alt=\"\" data-id=\"45292\" data-link=\"https:\/\/matis.is\/?attachment_id=45292\" class=\"wp-image-45292\" srcset=\"https:\/\/matis.is\/wp-content\/uploads\/Plakat-768x1024.jpg 768w, https:\/\/matis.is\/wp-content\/uploads\/Plakat-225x300.jpg 225w, https:\/\/matis.is\/wp-content\/uploads\/Plakat-1152x1536.jpg 1152w, https:\/\/matis.is\/wp-content\/uploads\/Plakat-1536x2048.jpg 1536w, https:\/\/matis.is\/wp-content\/uploads\/Plakat-9x12.jpg 9w, https:\/\/matis.is\/wp-content\/uploads\/Plakat-1200x1600.jpg 1200w, https:\/\/matis.is\/wp-content\/uploads\/Plakat-1980x2640.jpg 1980w, https:\/\/matis.is\/wp-content\/uploads\/Plakat-scaled.jpg 1920w\" sizes=\"auto, (max-width: 768px) 100vw, 768px\" \/><\/figure><\/li><li class=\"blocks-gallery-item\"><figure><img loading=\"lazy\" decoding=\"async\" width=\"1024\" height=\"768\" src=\"https:\/\/matis.is\/wp-content\/uploads\/Kennsla-i-Nesskola-minni-1024x768.jpg\" alt=\"\" data-id=\"45293\" data-full-url=\"https:\/\/matis.is\/wp-content\/uploads\/Kennsla-i-Nesskola-minni.jpg\" data-link=\"https:\/\/matis.is\/?attachment_id=45293\" class=\"wp-image-45293\" srcset=\"https:\/\/matis.is\/wp-content\/uploads\/Kennsla-i-Nesskola-minni-1024x768.jpg 1024w, https:\/\/matis.is\/wp-content\/uploads\/Kennsla-i-Nesskola-minni-300x225.jpg 300w, https:\/\/matis.is\/wp-content\/uploads\/Kennsla-i-Nesskola-minni-768x576.jpg 768w, https:\/\/matis.is\/wp-content\/uploads\/Kennsla-i-Nesskola-minni-1536x1152.jpg 1536w, https:\/\/matis.is\/wp-content\/uploads\/Kennsla-i-Nesskola-minni-2048x1536.jpg 2048w, https:\/\/matis.is\/wp-content\/uploads\/Kennsla-i-Nesskola-minni-16x12.jpg 16w, https:\/\/matis.is\/wp-content\/uploads\/Kennsla-i-Nesskola-minni-1200x900.jpg 1200w, https:\/\/matis.is\/wp-content\/uploads\/Kennsla-i-Nesskola-minni-1980x1485.jpg 1980w\" sizes=\"auto, (max-width: 1024px) 100vw, 1024px\" \/><\/figure><\/li><\/ul><figcaption class=\"blocks-gallery-caption\">Left: Here, Katr\u00edn Hulda is holding a project poster for the Green Entrepreneurs of the Future, which the classes are working on together this winter. The poster will be available for download, along with other project material, by the middle of next year.<br>Th: Teaching in Nessk\u00f3li. Ragnhildur and Katr\u00edn visited the three schools and talked to the kids about climate issues but also had a game with students<\/figcaption><\/figure>\n\n\n\n<p><\/p>\n\n\n\n<p>In recent weeks, Mat\u00eds&#039; employees, Ragnhildur Fri\u00f0riksd\u00f3ttir and Katr\u00edn Hulda Gunnarsd\u00f3ttir, have visited the three primary schools that are participating in the project this winter. The teaching material will be tested in these three schools and that experience will be used to develop and improve the material and methods. During these visits, the children talked a lot about climate change, discussed what climate change really is and what it means for us, our society, the planet and the environment. <\/p>\n\n\n\n<div class=\"wp-block-media-text alignwide has-media-on-the-right is-stacked-on-mobile\" style=\"grid-template-columns:auto 39%\"><figure class=\"wp-block-media-text__media\"><img loading=\"lazy\" decoding=\"async\" width=\"1920\" height=\"2560\" src=\"https:\/\/matis.is\/wp-content\/uploads\/lundaleikur-scaled.jpg\" alt=\"\" class=\"wp-image-45291 size-full\" srcset=\"https:\/\/matis.is\/wp-content\/uploads\/lundaleikur-scaled.jpg 1920w, https:\/\/matis.is\/wp-content\/uploads\/lundaleikur-225x300.jpg 225w, https:\/\/matis.is\/wp-content\/uploads\/lundaleikur-768x1024.jpg 768w, https:\/\/matis.is\/wp-content\/uploads\/lundaleikur-1152x1536.jpg 1152w, https:\/\/matis.is\/wp-content\/uploads\/lundaleikur-1536x2048.jpg 1536w, https:\/\/matis.is\/wp-content\/uploads\/lundaleikur-9x12.jpg 9w, https:\/\/matis.is\/wp-content\/uploads\/lundaleikur-1200x1600.jpg 1200w, https:\/\/matis.is\/wp-content\/uploads\/lundaleikur-1980x2640.jpg 1980w\" sizes=\"auto, (max-width: 1920px) 100vw, 1920px\" \/><\/figure><div class=\"wp-block-media-text__content\">\n<p class=\"has-large-font-size\">Lively discussions and a great atmosphere were created, as the kids are enthusiastic and full of enthusiasm about their future and nature. A game with a climate-related twist was started in all three schools and in the picture to the right you can see when the students tried Lundaleikinn, which is one of 40 games and projects of the Green Entrepreneurs of the Future. Finally, the project was introduced to the students, where their role and that of the class were reviewed.<\/p>\n<\/div><\/div>\n\n\n\n<p><\/p>\n\n\n\n<p>In the coming weeks, teaching in workshops will take place in the three schools and we encourage everyone who is interested to follow the project&#039;s website, <a href=\"https:\/\/graenirfrumkvodlar.com\/\">www.graenirfrumkv\u00f6dlar.com<\/a> and the instagram page <a href=\"https:\/\/www.instagram.com\/gff_matis\/\">gff_matis.<\/a> There will be photos, videos and other things related to the project. At the end of the project, or around the middle of next year, the teaching material will finally be made available for download on the project&#039;s website.<\/p>\n\n\n\n<figure class=\"wp-block-image size-large\"><img loading=\"lazy\" decoding=\"async\" width=\"1024\" height=\"1024\" src=\"https:\/\/matis.is\/wp-content\/uploads\/GFF-teymid-1024x1024.jpg\" alt=\"\" class=\"wp-image-45294\" srcset=\"https:\/\/matis.is\/wp-content\/uploads\/GFF-teymid-1024x1024.jpg 1024w, https:\/\/matis.is\/wp-content\/uploads\/GFF-teymid-300x300.jpg 300w, https:\/\/matis.is\/wp-content\/uploads\/GFF-teymid-150x150.jpg 150w, https:\/\/matis.is\/wp-content\/uploads\/GFF-teymid-768x768.jpg 768w, https:\/\/matis.is\/wp-content\/uploads\/GFF-teymid-1536x1536.jpg 1536w, https:\/\/matis.is\/wp-content\/uploads\/GFF-teymid-2048x2048.jpg 2048w, https:\/\/matis.is\/wp-content\/uploads\/GFF-teymid-12x12.jpg 12w, https:\/\/matis.is\/wp-content\/uploads\/GFF-teymid-1200x1200.jpg 1200w, https:\/\/matis.is\/wp-content\/uploads\/GFF-teymid-1980x1980.jpg 1980w\" sizes=\"auto, (max-width: 1024px) 100vw, 1024px\" \/><figcaption>The team behind the Green Entrepreneurs of the Future<\/figcaption><\/figure>","protected":false},"excerpt":{"rendered":"<p>Undanfarnar vikur hefur starfsf\u00f3lk Mat\u00eds veri\u00f0 \u00ed \u00f3\u00f0a \u00f6nn a\u00f0 koma fr\u00e6\u00f0sluverkefninu Gr\u00e6nir Frumkv\u00f6\u00f0lar Framt\u00ed\u00f0ar af sta\u00f0 \u00ed \u00feeim \u00feremur [&hellip;]<\/p>\n","protected":false},"author":1,"featured_media":42796,"comment_status":"closed","ping_status":"closed","sticky":false,"template":"templates\/template-cover.php","format":"standard","meta":{"_acf_changed":false,"_uag_custom_page_level_css":"","site-sidebar-layout":"default","site-content-layout":"","ast-site-content-layout":"default","site-content-style":"default","site-sidebar-style":"default","ast-global-header-display":"","ast-banner-title-visibility":"","ast-main-header-display":"","ast-hfb-above-header-display":"","ast-hfb-below-header-display":"","ast-hfb-mobile-header-display":"","site-post-title":"","ast-breadcrumbs-content":"","ast-featured-img":"","footer-sml-layout":"","ast-disable-related-posts":"","theme-transparent-header-meta":"","adv-header-id-meta":"","stick-header-meta":"","header-above-stick-meta":"","header-main-stick-meta":"","header-below-stick-meta":"","astra-migrate-meta-layouts":"default","ast-page-background-enabled":"default","ast-page-background-meta":{"desktop":{"background-color":"var(--ast-global-color-5)","background-image":"","background-repeat":"repeat","background-position":"center center","background-size":"auto","background-attachment":"scroll","background-type":"","background-media":"","overlay-type":"","overlay-color":"","overlay-opacity":"","overlay-gradient":""},"tablet":{"background-color":"","background-image":"","background-repeat":"repeat","background-position":"center center","background-size":"auto","background-attachment":"scroll","background-type":"","background-media":"","overlay-type":"","overlay-color":"","overlay-opacity":"","overlay-gradient":""},"mobile":{"background-color":"","background-image":"","background-repeat":"repeat","background-position":"center center","background-size":"auto","background-attachment":"scroll","background-type":"","background-media":"","overlay-type":"","overlay-color":"","overlay-opacity":"","overlay-gradient":""}},"ast-content-background-meta":{"desktop":{"background-color":"var(--ast-global-color-4)","background-image":"","background-repeat":"repeat","background-position":"center center","background-size":"auto","background-attachment":"scroll","background-type":"","background-media":"","overlay-type":"","overlay-color":"","overlay-opacity":"","overlay-gradient":""},"tablet":{"background-color":"var(--ast-global-color-4)","background-image":"","background-repeat":"repeat","background-position":"center center","background-size":"auto","background-attachment":"scroll","background-type":"","background-media":"","overlay-type":"","overlay-color":"","overlay-opacity":"","overlay-gradient":""},"mobile":{"background-color":"var(--ast-global-color-4)","background-image":"","background-repeat":"repeat","background-position":"center center","background-size":"auto","background-attachment":"scroll","background-type":"","background-media":"","overlay-type":"","overlay-color":"","overlay-opacity":"","overlay-gradient":""}},"footnotes":""},"categories":[1973],"tags":[],"class_list":["post-45290","post","type-post","status-publish","format-standard","has-post-thumbnail","hentry","category-frettir"],"acf":[],"yoast_head":"<!-- This site is optimized with the Yoast SEO plugin v27.4 - https:\/\/yoast.com\/product\/yoast-seo-wordpress\/ -->\n<title>Gr\u00e6nir Frumkv\u00f6\u00f0lar Framt\u00ed\u00f0ar komnir \u00ed g\u00edrinn v\u00ed\u00f0a um land - Mat\u00eds<\/title>\n<meta name=\"robots\" content=\"index, follow, max-snippet:-1, max-image-preview:large, max-video-preview:-1\" \/>\n<link rel=\"canonical\" href=\"https:\/\/matis.is\/en\/frettir\/graenir-frumkvodlar-framtidar-komnir-i-girinn-vida-um-land\/\" \/>\n<meta property=\"og:locale\" content=\"en_GB\" \/>\n<meta property=\"og:type\" content=\"article\" \/>\n<meta property=\"og:title\" content=\"Gr\u00e6nir Frumkv\u00f6\u00f0lar Framt\u00ed\u00f0ar komnir \u00ed g\u00edrinn v\u00ed\u00f0a um land - Mat\u00eds\" \/>\n<meta property=\"og:description\" content=\"Undanfarnar vikur hefur starfsf\u00f3lk Mat\u00eds veri\u00f0 \u00ed \u00f3\u00f0a \u00f6nn a\u00f0 koma fr\u00e6\u00f0sluverkefninu Gr\u00e6nir Frumkv\u00f6\u00f0lar Framt\u00ed\u00f0ar af sta\u00f0 \u00ed \u00feeim \u00feremur [&hellip;]\" \/>\n<meta property=\"og:url\" content=\"https:\/\/matis.is\/en\/frettir\/graenir-frumkvodlar-framtidar-komnir-i-girinn-vida-um-land\/\" \/>\n<meta property=\"og:site_name\" content=\"Mat\u00eds\" \/>\n<meta property=\"article:publisher\" content=\"https:\/\/www.facebook.com\/matisiceland\" \/>\n<meta property=\"article:published_time\" content=\"2021-11-17T09:00:00+00:00\" \/>\n<meta property=\"article:modified_time\" content=\"2021-11-17T11:27:30+00:00\" \/>\n<meta property=\"og:image\" content=\"https:\/\/matis.is\/wp-content\/uploads\/graenir-frumkvodlar-1.png\" \/>\n\t<meta property=\"og:image:width\" content=\"784\" \/>\n\t<meta property=\"og:image:height\" content=\"385\" \/>\n\t<meta property=\"og:image:type\" content=\"image\/png\" \/>\n<meta name=\"author\" content=\"admin\" \/>\n<meta name=\"twitter:card\" content=\"summary_large_image\" \/>\n<meta name=\"twitter:creator\" content=\"@matisiceland\" \/>\n<meta name=\"twitter:site\" content=\"@matisiceland\" \/>\n<meta name=\"twitter:label1\" content=\"Written by\" \/>\n\t<meta name=\"twitter:data1\" content=\"admin\" \/>\n\t<meta name=\"twitter:label2\" content=\"Estimated reading time\" \/>\n\t<meta name=\"twitter:data2\" content=\"3 minutes\" \/>\n<script type=\"application\/ld+json\" class=\"yoast-schema-graph\">{\"@context\":\"https:\\\/\\\/schema.org\",\"@graph\":[{\"@type\":\"Article\",\"@id\":\"https:\\\/\\\/matis.is\\\/frettir\\\/graenir-frumkvodlar-framtidar-komnir-i-girinn-vida-um-land\\\/#article\",\"isPartOf\":{\"@id\":\"https:\\\/\\\/matis.is\\\/frettir\\\/graenir-frumkvodlar-framtidar-komnir-i-girinn-vida-um-land\\\/\"},\"author\":{\"name\":\"admin\",\"@id\":\"https:\\\/\\\/matis.is\\\/#\\\/schema\\\/person\\\/33b92c850c915c93e67f291e3381a49a\"},\"headline\":\"Gr\u00e6nir Frumkv\u00f6\u00f0lar Framt\u00ed\u00f0ar komnir \u00ed g\u00edrinn v\u00ed\u00f0a um land\",\"datePublished\":\"2021-11-17T09:00:00+00:00\",\"dateModified\":\"2021-11-17T11:27:30+00:00\",\"mainEntityOfPage\":{\"@id\":\"https:\\\/\\\/matis.is\\\/frettir\\\/graenir-frumkvodlar-framtidar-komnir-i-girinn-vida-um-land\\\/\"},\"wordCount\":528,\"publisher\":{\"@id\":\"https:\\\/\\\/matis.is\\\/#organization\"},\"image\":{\"@id\":\"https:\\\/\\\/matis.is\\\/frettir\\\/graenir-frumkvodlar-framtidar-komnir-i-girinn-vida-um-land\\\/#primaryimage\"},\"thumbnailUrl\":\"https:\\\/\\\/matis.is\\\/wp-content\\\/uploads\\\/graenir-frumkvodlar-1.png\",\"articleSection\":[\"Fr\u00e9ttir\"],\"inLanguage\":\"en-GB\"},{\"@type\":\"WebPage\",\"@id\":\"https:\\\/\\\/matis.is\\\/frettir\\\/graenir-frumkvodlar-framtidar-komnir-i-girinn-vida-um-land\\\/\",\"url\":\"https:\\\/\\\/matis.is\\\/frettir\\\/graenir-frumkvodlar-framtidar-komnir-i-girinn-vida-um-land\\\/\",\"name\":\"Gr\u00e6nir Frumkv\u00f6\u00f0lar Framt\u00ed\u00f0ar komnir \u00ed g\u00edrinn v\u00ed\u00f0a um land - Mat\u00eds\",\"isPartOf\":{\"@id\":\"https:\\\/\\\/matis.is\\\/#website\"},\"primaryImageOfPage\":{\"@id\":\"https:\\\/\\\/matis.is\\\/frettir\\\/graenir-frumkvodlar-framtidar-komnir-i-girinn-vida-um-land\\\/#primaryimage\"},\"image\":{\"@id\":\"https:\\\/\\\/matis.is\\\/frettir\\\/graenir-frumkvodlar-framtidar-komnir-i-girinn-vida-um-land\\\/#primaryimage\"},\"thumbnailUrl\":\"https:\\\/\\\/matis.is\\\/wp-content\\\/uploads\\\/graenir-frumkvodlar-1.png\",\"datePublished\":\"2021-11-17T09:00:00+00:00\",\"dateModified\":\"2021-11-17T11:27:30+00:00\",\"breadcrumb\":{\"@id\":\"https:\\\/\\\/matis.is\\\/frettir\\\/graenir-frumkvodlar-framtidar-komnir-i-girinn-vida-um-land\\\/#breadcrumb\"},\"inLanguage\":\"en-GB\",\"potentialAction\":[{\"@type\":\"ReadAction\",\"target\":[\"https:\\\/\\\/matis.is\\\/frettir\\\/graenir-frumkvodlar-framtidar-komnir-i-girinn-vida-um-land\\\/\"]}]},{\"@type\":\"ImageObject\",\"inLanguage\":\"en-GB\",\"@id\":\"https:\\\/\\\/matis.is\\\/frettir\\\/graenir-frumkvodlar-framtidar-komnir-i-girinn-vida-um-land\\\/#primaryimage\",\"url\":\"https:\\\/\\\/matis.is\\\/wp-content\\\/uploads\\\/graenir-frumkvodlar-1.png\",\"contentUrl\":\"https:\\\/\\\/matis.is\\\/wp-content\\\/uploads\\\/graenir-frumkvodlar-1.png\",\"width\":784,\"height\":385},{\"@type\":\"BreadcrumbList\",\"@id\":\"https:\\\/\\\/matis.is\\\/frettir\\\/graenir-frumkvodlar-framtidar-komnir-i-girinn-vida-um-land\\\/#breadcrumb\",\"itemListElement\":[{\"@type\":\"ListItem\",\"position\":1,\"name\":\"Home\",\"item\":\"https:\\\/\\\/matis.is\\\/\"},{\"@type\":\"ListItem\",\"position\":2,\"name\":\"Gr\u00e6nir Frumkv\u00f6\u00f0lar Framt\u00ed\u00f0ar komnir \u00ed g\u00edrinn v\u00ed\u00f0a um land\"}]},{\"@type\":\"WebSite\",\"@id\":\"https:\\\/\\\/matis.is\\\/#website\",\"url\":\"https:\\\/\\\/matis.is\\\/\",\"name\":\"Mat\u00eds\",\"description\":\"Ver\u00f0m\u00e6task\u00f6pun, matv\u00e6la\u00f6ryggi og l\u00fd\u00f0heilsa\",\"publisher\":{\"@id\":\"https:\\\/\\\/matis.is\\\/#organization\"},\"potentialAction\":[{\"@type\":\"SearchAction\",\"target\":{\"@type\":\"EntryPoint\",\"urlTemplate\":\"https:\\\/\\\/matis.is\\\/?s={search_term_string}\"},\"query-input\":{\"@type\":\"PropertyValueSpecification\",\"valueRequired\":true,\"valueName\":\"search_term_string\"}}],\"inLanguage\":\"en-GB\"},{\"@type\":\"Organization\",\"@id\":\"https:\\\/\\\/matis.is\\\/#organization\",\"name\":\"Mat\u00eds ohf.\",\"url\":\"https:\\\/\\\/matis.is\\\/\",\"logo\":{\"@type\":\"ImageObject\",\"inLanguage\":\"en-GB\",\"@id\":\"https:\\\/\\\/matis.is\\\/#\\\/schema\\\/logo\\\/image\\\/\",\"url\":\"https:\\\/\\\/matis.is\\\/wp-content\\\/uploads\\\/2021\\\/02\\\/matis_logo_blatthvitt.png\",\"contentUrl\":\"https:\\\/\\\/matis.is\\\/wp-content\\\/uploads\\\/2021\\\/02\\\/matis_logo_blatthvitt.png\",\"width\":1507,\"height\":1507,\"caption\":\"Mat\u00eds ohf.\"},\"image\":{\"@id\":\"https:\\\/\\\/matis.is\\\/#\\\/schema\\\/logo\\\/image\\\/\"},\"sameAs\":[\"https:\\\/\\\/www.facebook.com\\\/matisiceland\",\"https:\\\/\\\/x.com\\\/matisiceland\",\"https:\\\/\\\/www.instagram.com\\\/matisiceland\\\/\",\"https:\\\/\\\/www.linkedin.com\\\/matisiceland\\\/\",\"https:\\\/\\\/www.youtube.com\\\/channel\\\/UCY-frt3uTqgVZW-DLjoo5bA\"]},{\"@type\":\"Person\",\"@id\":\"https:\\\/\\\/matis.is\\\/#\\\/schema\\\/person\\\/33b92c850c915c93e67f291e3381a49a\",\"name\":\"admin\",\"sameAs\":[\"https:\\\/\\\/matis.mareframe.eu\"],\"url\":\"https:\\\/\\\/matis.is\\\/en\\\/author\\\/thormodurmatis-is\\\/\"}]}<\/script>\n<!-- \/ Yoast SEO plugin. -->","yoast_head_json":{"title":"The Green Entrepreneurs of the Future have entered the zone around the country - Mat\u00eds","robots":{"index":"index","follow":"follow","max-snippet":"max-snippet:-1","max-image-preview":"max-image-preview:large","max-video-preview":"max-video-preview:-1"},"canonical":"https:\/\/matis.is\/en\/frettir\/graenir-frumkvodlar-framtidar-komnir-i-girinn-vida-um-land\/","og_locale":"en_GB","og_type":"article","og_title":"Gr\u00e6nir Frumkv\u00f6\u00f0lar Framt\u00ed\u00f0ar komnir \u00ed g\u00edrinn v\u00ed\u00f0a um land - Mat\u00eds","og_description":"Undanfarnar vikur hefur starfsf\u00f3lk Mat\u00eds veri\u00f0 \u00ed \u00f3\u00f0a \u00f6nn a\u00f0 koma fr\u00e6\u00f0sluverkefninu Gr\u00e6nir Frumkv\u00f6\u00f0lar Framt\u00ed\u00f0ar af sta\u00f0 \u00ed \u00feeim \u00feremur [&hellip;]","og_url":"https:\/\/matis.is\/en\/frettir\/graenir-frumkvodlar-framtidar-komnir-i-girinn-vida-um-land\/","og_site_name":"Mat\u00eds","article_publisher":"https:\/\/www.facebook.com\/matisiceland","article_published_time":"2021-11-17T09:00:00+00:00","article_modified_time":"2021-11-17T11:27:30+00:00","og_image":[{"width":784,"height":385,"url":"https:\/\/matis.is\/wp-content\/uploads\/graenir-frumkvodlar-1.png","type":"image\/png"}],"author":"admin","twitter_card":"summary_large_image","twitter_creator":"@matisiceland","twitter_site":"@matisiceland","twitter_misc":{"Written by":"admin","Estimated reading time":"3 minutes"},"schema":{"@context":"https:\/\/schema.org","@graph":[{"@type":"Article","@id":"https:\/\/matis.is\/frettir\/graenir-frumkvodlar-framtidar-komnir-i-girinn-vida-um-land\/#article","isPartOf":{"@id":"https:\/\/matis.is\/frettir\/graenir-frumkvodlar-framtidar-komnir-i-girinn-vida-um-land\/"},"author":{"name":"admin","@id":"https:\/\/matis.is\/#\/schema\/person\/33b92c850c915c93e67f291e3381a49a"},"headline":"Gr\u00e6nir Frumkv\u00f6\u00f0lar Framt\u00ed\u00f0ar komnir \u00ed g\u00edrinn v\u00ed\u00f0a um land","datePublished":"2021-11-17T09:00:00+00:00","dateModified":"2021-11-17T11:27:30+00:00","mainEntityOfPage":{"@id":"https:\/\/matis.is\/frettir\/graenir-frumkvodlar-framtidar-komnir-i-girinn-vida-um-land\/"},"wordCount":528,"publisher":{"@id":"https:\/\/matis.is\/#organization"},"image":{"@id":"https:\/\/matis.is\/frettir\/graenir-frumkvodlar-framtidar-komnir-i-girinn-vida-um-land\/#primaryimage"},"thumbnailUrl":"https:\/\/matis.is\/wp-content\/uploads\/graenir-frumkvodlar-1.png","articleSection":["Fr\u00e9ttir"],"inLanguage":"en-GB"},{"@type":"WebPage","@id":"https:\/\/matis.is\/frettir\/graenir-frumkvodlar-framtidar-komnir-i-girinn-vida-um-land\/","url":"https:\/\/matis.is\/frettir\/graenir-frumkvodlar-framtidar-komnir-i-girinn-vida-um-land\/","name":"The Green Entrepreneurs of the Future have entered the zone around the country - Mat\u00eds","isPartOf":{"@id":"https:\/\/matis.is\/#website"},"primaryImageOfPage":{"@id":"https:\/\/matis.is\/frettir\/graenir-frumkvodlar-framtidar-komnir-i-girinn-vida-um-land\/#primaryimage"},"image":{"@id":"https:\/\/matis.is\/frettir\/graenir-frumkvodlar-framtidar-komnir-i-girinn-vida-um-land\/#primaryimage"},"thumbnailUrl":"https:\/\/matis.is\/wp-content\/uploads\/graenir-frumkvodlar-1.png","datePublished":"2021-11-17T09:00:00+00:00","dateModified":"2021-11-17T11:27:30+00:00","breadcrumb":{"@id":"https:\/\/matis.is\/frettir\/graenir-frumkvodlar-framtidar-komnir-i-girinn-vida-um-land\/#breadcrumb"},"inLanguage":"en-GB","potentialAction":[{"@type":"ReadAction","target":["https:\/\/matis.is\/frettir\/graenir-frumkvodlar-framtidar-komnir-i-girinn-vida-um-land\/"]}]},{"@type":"ImageObject","inLanguage":"en-GB","@id":"https:\/\/matis.is\/frettir\/graenir-frumkvodlar-framtidar-komnir-i-girinn-vida-um-land\/#primaryimage","url":"https:\/\/matis.is\/wp-content\/uploads\/graenir-frumkvodlar-1.png","contentUrl":"https:\/\/matis.is\/wp-content\/uploads\/graenir-frumkvodlar-1.png","width":784,"height":385},{"@type":"BreadcrumbList","@id":"https:\/\/matis.is\/frettir\/graenir-frumkvodlar-framtidar-komnir-i-girinn-vida-um-land\/#breadcrumb","itemListElement":[{"@type":"ListItem","position":1,"name":"Home","item":"https:\/\/matis.is\/"},{"@type":"ListItem","position":2,"name":"Gr\u00e6nir Frumkv\u00f6\u00f0lar Framt\u00ed\u00f0ar komnir \u00ed g\u00edrinn v\u00ed\u00f0a um land"}]},{"@type":"WebSite","@id":"https:\/\/matis.is\/#website","url":"https:\/\/matis.is\/","name":"Mat\u00eds","description":"Value creation, food security and public health","publisher":{"@id":"https:\/\/matis.is\/#organization"},"potentialAction":[{"@type":"SearchAction","target":{"@type":"EntryPoint","urlTemplate":"https:\/\/matis.is\/?s={search_term_string}"},"query-input":{"@type":"PropertyValueSpecification","valueRequired":true,"valueName":"search_term_string"}}],"inLanguage":"en-GB"},{"@type":"Organization","@id":"https:\/\/matis.is\/#organization","name":"Mat\u00eds ohf.","url":"https:\/\/matis.is\/","logo":{"@type":"ImageObject","inLanguage":"en-GB","@id":"https:\/\/matis.is\/#\/schema\/logo\/image\/","url":"https:\/\/matis.is\/wp-content\/uploads\/2021\/02\/matis_logo_blatthvitt.png","contentUrl":"https:\/\/matis.is\/wp-content\/uploads\/2021\/02\/matis_logo_blatthvitt.png","width":1507,"height":1507,"caption":"Mat\u00eds ohf."},"image":{"@id":"https:\/\/matis.is\/#\/schema\/logo\/image\/"},"sameAs":["https:\/\/www.facebook.com\/matisiceland","https:\/\/x.com\/matisiceland","https:\/\/www.instagram.com\/matisiceland\/","https:\/\/www.linkedin.com\/matisiceland\/","https:\/\/www.youtube.com\/channel\/UCY-frt3uTqgVZW-DLjoo5bA"]},{"@type":"Person","@id":"https:\/\/matis.is\/#\/schema\/person\/33b92c850c915c93e67f291e3381a49a","name":"admin","sameAs":["https:\/\/matis.mareframe.eu"],"url":"https:\/\/matis.is\/en\/author\/thormodurmatis-is\/"}]}},"spectra_custom_meta":{"_edit_lock":["1637148451:1"],"_edit_last":["1"],"tengilidur":["28273"],"_tengilidur":["field_5ef905e0538b2"],"_yoast_wpseo_content_score":["30"],"_yoast_wpseo_estimated-reading-time-minutes":["3"],"_thumbnail_id":["42796"],"_wp_page_template":["templates\/template-cover.php"],"_yoast_wpseo_primary_category":["1973"],"wpmm_postgrid_views":["486"],"_uag_css_file_name":["uag-css-45290.css"],"_uag_page_assets":["a:9:{s:3:\"css\";s:263:\".uag-blocks-common-selector{z-index:var(--z-index-desktop) !important}@media (max-width: 976px){.uag-blocks-common-selector{z-index:var(--z-index-tablet) !important}}@media (max-width: 767px){.uag-blocks-common-selector{z-index:var(--z-index-mobile) !important}}\n\";s:2:\"js\";s:0:\"\";s:18:\"current_block_list\";a:9:{i:0;s:12:\"core\/heading\";i:1;s:14:\"core\/paragraph\";i:2;s:12:\"core\/gallery\";i:3;s:15:\"core\/media-text\";i:4;s:10:\"core\/image\";i:5;s:12:\"core\/buttons\";i:6;s:11:\"core\/button\";i:7;s:12:\"core\/columns\";i:8;s:11:\"core\/column\";}s:8:\"uag_flag\";b:0;s:11:\"uag_version\";s:10:\"1777300790\";s:6:\"gfonts\";a:0:{}s:10:\"gfonts_url\";s:0:\"\";s:12:\"gfonts_files\";a:0:{}s:14:\"uag_faq_layout\";b:0;}"]},"uagb_featured_image_src":{"full":["https:\/\/matis.is\/wp-content\/uploads\/graenir-frumkvodlar-1.png",784,385,false],"thumbnail":["https:\/\/matis.is\/wp-content\/uploads\/graenir-frumkvodlar-1-150x150.png",150,150,true],"medium":["https:\/\/matis.is\/wp-content\/uploads\/graenir-frumkvodlar-1-300x147.png",300,147,true],"medium_large":["https:\/\/matis.is\/wp-content\/uploads\/graenir-frumkvodlar-1-768x377.png",768,377,true],"large":["https:\/\/matis.is\/wp-content\/uploads\/graenir-frumkvodlar-1.png",784,385,false],"1536x1536":["https:\/\/matis.is\/wp-content\/uploads\/graenir-frumkvodlar-1.png",784,385,false],"2048x2048":["https:\/\/matis.is\/wp-content\/uploads\/graenir-frumkvodlar-1.png",784,385,false],"trp-custom-language-flag":["https:\/\/matis.is\/wp-content\/uploads\/graenir-frumkvodlar-1.png",18,9,false]},"uagb_author_info":{"display_name":"admin","author_link":"https:\/\/matis.is\/en\/author\/thormodurmatis-is\/"},"uagb_comment_info":0,"uagb_excerpt":"Undanfarnar vikur hefur starfsf\u00f3lk Mat\u00eds veri\u00f0 \u00ed \u00f3\u00f0a \u00f6nn a\u00f0 koma fr\u00e6\u00f0sluverkefninu Gr\u00e6nir Frumkv\u00f6\u00f0lar Framt\u00ed\u00f0ar af sta\u00f0 \u00ed \u00feeim \u00feremur [&hellip;]","_links":{"self":[{"href":"https:\/\/matis.is\/en\/wp-json\/wp\/v2\/posts\/45290","targetHints":{"allow":["GET"]}}],"collection":[{"href":"https:\/\/matis.is\/en\/wp-json\/wp\/v2\/posts"}],"about":[{"href":"https:\/\/matis.is\/en\/wp-json\/wp\/v2\/types\/post"}],"author":[{"embeddable":true,"href":"https:\/\/matis.is\/en\/wp-json\/wp\/v2\/users\/1"}],"replies":[{"embeddable":true,"href":"https:\/\/matis.is\/en\/wp-json\/wp\/v2\/comments?post=45290"}],"version-history":[{"count":11,"href":"https:\/\/matis.is\/en\/wp-json\/wp\/v2\/posts\/45290\/revisions"}],"predecessor-version":[{"id":45305,"href":"https:\/\/matis.is\/en\/wp-json\/wp\/v2\/posts\/45290\/revisions\/45305"}],"wp:featuredmedia":[{"embeddable":true,"href":"https:\/\/matis.is\/en\/wp-json\/wp\/v2\/media\/42796"}],"wp:attachment":[{"href":"https:\/\/matis.is\/en\/wp-json\/wp\/v2\/media?parent=45290"}],"wp:term":[{"taxonomy":"category","embeddable":true,"href":"https:\/\/matis.is\/en\/wp-json\/wp\/v2\/categories?post=45290"},{"taxonomy":"post_tag","embeddable":true,"href":"https:\/\/matis.is\/en\/wp-json\/wp\/v2\/tags?post=45290"}],"curies":[{"name":"wp","href":"https:\/\/api.w.org\/{rel}","templated":true}]}}