{"id":45346,"date":"2021-11-18T17:02:49","date_gmt":"2021-11-18T17:02:49","guid":{"rendered":"https:\/\/matis.is\/?p=45346"},"modified":"2021-11-19T11:27:34","modified_gmt":"2021-11-19T11:27:34","slug":"islenskt-graenmeti-gegni-mikilvaegu-hlutverki-fyrir-imynd-landsins-og-sjalfbaerni","status":"publish","type":"post","link":"https:\/\/matis.is\/en\/frettir\/islenskt-graenmeti-gegni-mikilvaegu-hlutverki-fyrir-imynd-landsins-og-sjalfbaerni\/","title":{"rendered":"Icelandic vegetables play an important role in the country&#039;s image and sustainability"},"content":{"rendered":"<p><\/p>\n\n\n\n<h4 class=\"wp-block-heading\">Recently, an article appeared in <a href=\"https:\/\/www.bbl.is\/\">B\u00e6ndabla\u00f0i\u00f0 <\/a>where one of Mat\u00eds&#039; vegetable projects; Improved quality, shelf life and less waste in the value chain of Icelandic vegetables were reported, in addition to discussions with the project manager \u00d3lafur Reykdal. &nbsp;<\/h4>\n\n\n\n<p>The project on the value chain of Icelandic vegetables received a grant from the Food Fund and began this year but will end next year. The main topics are shelf life research, research on ways to make value from underutilized by-products of horticulture and analyzes aimed at reducing waste in the entire vegetation chain of vegetables. The various parts of the project have been worked on in recent months and Mat\u00eds staff hopes to be able to deliver interesting results to the vegetable sector in the coming months, \u00d3lafur told a journalist.<\/p>\n\n\n\n<p>The project aims to strengthen the vegetable sector in Iceland with new knowledge that supports the development of the sector, which means increased production, more employment opportunities and an increased supply of nutritious products. The project is carried out in collaboration with the University of Iceland and the retail chain Samkaup, but the Association of Horticultural Farmers, the Horticultural Sales Association and the Agricultural Advisory Center have also been consulted.<\/p>\n\n\n\n<p>B\u00e6ndabla\u00f0i\u00f0&#039;s article can be read in its entirety here: <a href=\"https:\/\/www.bbl.is\/frettir\/aukid-verdmaeti-islenskrar-graenmetisframleidslu\">Increased value of Icelandic vegetable production<\/a><\/p>\n\n\n\n<p>You can follow the progress of the project on its project page here: <a href=\"https:\/\/matis.is\/en\/matis_projects\/baett-gaedi-geymsluthol-og-minni-soun-i-virdiskedju-islensks-graenmetis\/\">Improved quality, shelf life and less waste in the value chain of Icelandic vegetables.<\/a><\/p>\n\n\n\n<p>Mat\u00eds has historically conducted various researches on vegetables and interesting discussions took place on related issues at a focus meeting held this spring on the value chain of vegetables. A recording of the meeting can be accessed here: <a href=\"https:\/\/matis.is\/en\/vidburdir\/virdiskedja-graenmetis\/\">Value chain of vegetables<\/a><\/p>","protected":false},"excerpt":{"rendered":"<p>\u00c1 d\u00f6gunum birtist grein \u00ed B\u00e6ndabla\u00f0inu \u00fear sem einu af gr\u00e6nmetisverkefnum Mat\u00eds; B\u00e6tt g\u00e6\u00f0i, geymslu\u00feol og minni s\u00f3un \u00ed vir\u00f0iske\u00f0ju [&hellip;]<\/p>\n","protected":false},"author":1,"featured_media":45347,"comment_status":"closed","ping_status":"closed","sticky":false,"template":"templates\/template-cover.php","format":"standard","meta":{"_acf_changed":false,"_uag_custom_page_level_css":"","site-sidebar-layout":"default","site-content-layout":"","ast-site-content-layout":"default","site-content-style":"default","site-sidebar-style":"default","ast-global-header-display":"","ast-banner-title-visibility":"","ast-main-header-display":"","ast-hfb-above-header-display":"","ast-hfb-below-header-display":"","ast-hfb-mobile-header-display":"","site-post-title":"","ast-breadcrumbs-content":"","ast-featured-img":"","footer-sml-layout":"","ast-disable-related-posts":"","theme-transparent-header-meta":"","adv-header-id-meta":"","stick-header-meta":"","header-above-stick-meta":"","header-main-stick-meta":"","header-below-stick-meta":"","astra-migrate-meta-layouts":"default","ast-page-background-enabled":"default","ast-page-background-meta":{"desktop":{"background-color":"var(--ast-global-color-5)","background-image":"","background-repeat":"repeat","background-position":"center center","background-size":"auto","background-attachment":"scroll","background-type":"","background-media":"","overlay-type":"","overlay-color":"","overlay-opacity":"","overlay-gradient":""},"tablet":{"background-color":"","background-image":"","background-repeat":"repeat","background-position":"center center","background-size":"auto","background-attachment":"scroll","background-type":"","background-media":"","overlay-type":"","overlay-color":"","overlay-opacity":"","overlay-gradient":""},"mobile":{"background-color":"","background-image":"","background-repeat":"repeat","background-position":"center center","background-size":"auto","background-attachment":"scroll","background-type":"","background-media":"","overlay-type":"","overlay-color":"","overlay-opacity":"","overlay-gradient":""}},"ast-content-background-meta":{"desktop":{"background-color":"var(--ast-global-color-4)","background-image":"","background-repeat":"repeat","background-position":"center center","background-size":"auto","background-attachment":"scroll","background-type":"","background-media":"","overlay-type":"","overlay-color":"","overlay-opacity":"","overlay-gradient":""},"tablet":{"background-color":"var(--ast-global-color-4)","background-image":"","background-repeat":"repeat","background-position":"center center","background-size":"auto","background-attachment":"scroll","background-type":"","background-media":"","overlay-type":"","overlay-color":"","overlay-opacity":"","overlay-gradient":""},"mobile":{"background-color":"var(--ast-global-color-4)","background-image":"","background-repeat":"repeat","background-position":"center center","background-size":"auto","background-attachment":"scroll","background-type":"","background-media":"","overlay-type":"","overlay-color":"","overlay-opacity":"","overlay-gradient":""}},"footnotes":""},"categories":[1973],"tags":[],"class_list":["post-45346","post","type-post","status-publish","format-standard","has-post-thumbnail","hentry","category-frettir"],"acf":[],"yoast_head":"<!-- This site is optimized with the Yoast SEO plugin v27.4 - https:\/\/yoast.com\/product\/yoast-seo-wordpress\/ -->\n<title>\u00cdslenskt gr\u00e6nmeti gegni mikilv\u00e6gu hlutverki fyrir \u00edmynd landsins og sj\u00e1lfb\u00e6rni - Mat\u00eds<\/title>\n<meta name=\"description\" content=\"B\u00e6tt g\u00e6\u00f0i, geymslu\u00feol og minni s\u00f3un \u00ed vir\u00f0iske\u00f0ju \u00edslensks gr\u00e6nmetis ger\u00f0 skil \u00ed B\u00e6ndabla\u00f0inu og r\u00e6tt vi\u00f0 verkefnastj\u00f3rann \u00d3laf Reykdal. \u00a0\" \/>\n<meta name=\"robots\" content=\"index, follow, max-snippet:-1, max-image-preview:large, max-video-preview:-1\" \/>\n<link rel=\"canonical\" href=\"https:\/\/matis.is\/en\/frettir\/islenskt-graenmeti-gegni-mikilvaegu-hlutverki-fyrir-imynd-landsins-og-sjalfbaerni\/\" \/>\n<meta property=\"og:locale\" content=\"en_GB\" \/>\n<meta property=\"og:type\" content=\"article\" \/>\n<meta property=\"og:title\" content=\"\u00cdslenskt gr\u00e6nmeti gegni mikilv\u00e6gu hlutverki fyrir \u00edmynd landsins og sj\u00e1lfb\u00e6rni - Mat\u00eds\" \/>\n<meta property=\"og:description\" content=\"B\u00e6tt g\u00e6\u00f0i, geymslu\u00feol og minni s\u00f3un \u00ed vir\u00f0iske\u00f0ju \u00edslensks gr\u00e6nmetis ger\u00f0 skil \u00ed B\u00e6ndabla\u00f0inu og r\u00e6tt vi\u00f0 verkefnastj\u00f3rann \u00d3laf Reykdal. \u00a0\" \/>\n<meta property=\"og:url\" content=\"https:\/\/matis.is\/en\/frettir\/islenskt-graenmeti-gegni-mikilvaegu-hlutverki-fyrir-imynd-landsins-og-sjalfbaerni\/\" \/>\n<meta property=\"og:site_name\" content=\"Mat\u00eds\" \/>\n<meta property=\"article:publisher\" content=\"https:\/\/www.facebook.com\/matisiceland\" \/>\n<meta property=\"article:published_time\" content=\"2021-11-18T17:02:49+00:00\" \/>\n<meta property=\"article:modified_time\" content=\"2021-11-19T11:27:34+00:00\" \/>\n<meta property=\"og:image\" content=\"https:\/\/matis.is\/wp-content\/uploads\/blomkal-og-brokkoli.jpg\" \/>\n\t<meta property=\"og:image:width\" content=\"2508\" \/>\n\t<meta property=\"og:image:height\" content=\"1672\" \/>\n\t<meta property=\"og:image:type\" content=\"image\/jpeg\" \/>\n<meta name=\"author\" content=\"admin\" \/>\n<meta name=\"twitter:card\" content=\"summary_large_image\" \/>\n<meta name=\"twitter:creator\" content=\"@matisiceland\" \/>\n<meta name=\"twitter:site\" content=\"@matisiceland\" \/>\n<meta name=\"twitter:label1\" content=\"Written by\" \/>\n\t<meta name=\"twitter:data1\" content=\"admin\" \/>\n\t<meta name=\"twitter:label2\" content=\"Estimated reading time\" \/>\n\t<meta name=\"twitter:data2\" content=\"2 minutes\" \/>\n<script type=\"application\/ld+json\" class=\"yoast-schema-graph\">{\"@context\":\"https:\\\/\\\/schema.org\",\"@graph\":[{\"@type\":\"Article\",\"@id\":\"https:\\\/\\\/matis.is\\\/en\\\/frettir\\\/islenskt-graenmeti-gegni-mikilvaegu-hlutverki-fyrir-imynd-landsins-og-sjalfbaerni\\\/#article\",\"isPartOf\":{\"@id\":\"https:\\\/\\\/matis.is\\\/en\\\/frettir\\\/islenskt-graenmeti-gegni-mikilvaegu-hlutverki-fyrir-imynd-landsins-og-sjalfbaerni\\\/\"},\"author\":{\"name\":\"admin\",\"@id\":\"https:\\\/\\\/matis.is\\\/#\\\/schema\\\/person\\\/33b92c850c915c93e67f291e3381a49a\"},\"headline\":\"\u00cdslenskt gr\u00e6nmeti gegni mikilv\u00e6gu hlutverki fyrir \u00edmynd landsins og sj\u00e1lfb\u00e6rni\",\"datePublished\":\"2021-11-18T17:02:49+00:00\",\"dateModified\":\"2021-11-19T11:27:34+00:00\",\"mainEntityOfPage\":{\"@id\":\"https:\\\/\\\/matis.is\\\/en\\\/frettir\\\/islenskt-graenmeti-gegni-mikilvaegu-hlutverki-fyrir-imynd-landsins-og-sjalfbaerni\\\/\"},\"wordCount\":337,\"publisher\":{\"@id\":\"https:\\\/\\\/matis.is\\\/#organization\"},\"image\":{\"@id\":\"https:\\\/\\\/matis.is\\\/en\\\/frettir\\\/islenskt-graenmeti-gegni-mikilvaegu-hlutverki-fyrir-imynd-landsins-og-sjalfbaerni\\\/#primaryimage\"},\"thumbnailUrl\":\"https:\\\/\\\/matis.is\\\/wp-content\\\/uploads\\\/blomkal-og-brokkoli.jpg\",\"articleSection\":[\"Fr\u00e9ttir\"],\"inLanguage\":\"en-GB\"},{\"@type\":\"WebPage\",\"@id\":\"https:\\\/\\\/matis.is\\\/en\\\/frettir\\\/islenskt-graenmeti-gegni-mikilvaegu-hlutverki-fyrir-imynd-landsins-og-sjalfbaerni\\\/\",\"url\":\"https:\\\/\\\/matis.is\\\/en\\\/frettir\\\/islenskt-graenmeti-gegni-mikilvaegu-hlutverki-fyrir-imynd-landsins-og-sjalfbaerni\\\/\",\"name\":\"\u00cdslenskt gr\u00e6nmeti gegni mikilv\u00e6gu hlutverki fyrir \u00edmynd landsins og sj\u00e1lfb\u00e6rni - Mat\u00eds\",\"isPartOf\":{\"@id\":\"https:\\\/\\\/matis.is\\\/#website\"},\"primaryImageOfPage\":{\"@id\":\"https:\\\/\\\/matis.is\\\/en\\\/frettir\\\/islenskt-graenmeti-gegni-mikilvaegu-hlutverki-fyrir-imynd-landsins-og-sjalfbaerni\\\/#primaryimage\"},\"image\":{\"@id\":\"https:\\\/\\\/matis.is\\\/en\\\/frettir\\\/islenskt-graenmeti-gegni-mikilvaegu-hlutverki-fyrir-imynd-landsins-og-sjalfbaerni\\\/#primaryimage\"},\"thumbnailUrl\":\"https:\\\/\\\/matis.is\\\/wp-content\\\/uploads\\\/blomkal-og-brokkoli.jpg\",\"datePublished\":\"2021-11-18T17:02:49+00:00\",\"dateModified\":\"2021-11-19T11:27:34+00:00\",\"description\":\"B\u00e6tt g\u00e6\u00f0i, geymslu\u00feol og minni s\u00f3un \u00ed vir\u00f0iske\u00f0ju \u00edslensks gr\u00e6nmetis ger\u00f0 skil \u00ed B\u00e6ndabla\u00f0inu og r\u00e6tt vi\u00f0 verkefnastj\u00f3rann \u00d3laf Reykdal. \u00a0\",\"breadcrumb\":{\"@id\":\"https:\\\/\\\/matis.is\\\/en\\\/frettir\\\/islenskt-graenmeti-gegni-mikilvaegu-hlutverki-fyrir-imynd-landsins-og-sjalfbaerni\\\/#breadcrumb\"},\"inLanguage\":\"en-GB\",\"potentialAction\":[{\"@type\":\"ReadAction\",\"target\":[\"https:\\\/\\\/matis.is\\\/en\\\/frettir\\\/islenskt-graenmeti-gegni-mikilvaegu-hlutverki-fyrir-imynd-landsins-og-sjalfbaerni\\\/\"]}]},{\"@type\":\"ImageObject\",\"inLanguage\":\"en-GB\",\"@id\":\"https:\\\/\\\/matis.is\\\/en\\\/frettir\\\/islenskt-graenmeti-gegni-mikilvaegu-hlutverki-fyrir-imynd-landsins-og-sjalfbaerni\\\/#primaryimage\",\"url\":\"https:\\\/\\\/matis.is\\\/wp-content\\\/uploads\\\/blomkal-og-brokkoli.jpg\",\"contentUrl\":\"https:\\\/\\\/matis.is\\\/wp-content\\\/uploads\\\/blomkal-og-brokkoli.jpg\",\"width\":2508,\"height\":1672},{\"@type\":\"BreadcrumbList\",\"@id\":\"https:\\\/\\\/matis.is\\\/en\\\/frettir\\\/islenskt-graenmeti-gegni-mikilvaegu-hlutverki-fyrir-imynd-landsins-og-sjalfbaerni\\\/#breadcrumb\",\"itemListElement\":[{\"@type\":\"ListItem\",\"position\":1,\"name\":\"Home\",\"item\":\"https:\\\/\\\/matis.is\\\/\"},{\"@type\":\"ListItem\",\"position\":2,\"name\":\"\u00cdslenskt gr\u00e6nmeti gegni mikilv\u00e6gu hlutverki fyrir \u00edmynd landsins og sj\u00e1lfb\u00e6rni\"}]},{\"@type\":\"WebSite\",\"@id\":\"https:\\\/\\\/matis.is\\\/#website\",\"url\":\"https:\\\/\\\/matis.is\\\/\",\"name\":\"Mat\u00eds\",\"description\":\"Ver\u00f0m\u00e6task\u00f6pun, matv\u00e6la\u00f6ryggi og l\u00fd\u00f0heilsa\",\"publisher\":{\"@id\":\"https:\\\/\\\/matis.is\\\/#organization\"},\"potentialAction\":[{\"@type\":\"SearchAction\",\"target\":{\"@type\":\"EntryPoint\",\"urlTemplate\":\"https:\\\/\\\/matis.is\\\/?s={search_term_string}\"},\"query-input\":{\"@type\":\"PropertyValueSpecification\",\"valueRequired\":true,\"valueName\":\"search_term_string\"}}],\"inLanguage\":\"en-GB\"},{\"@type\":\"Organization\",\"@id\":\"https:\\\/\\\/matis.is\\\/#organization\",\"name\":\"Mat\u00eds ohf.\",\"url\":\"https:\\\/\\\/matis.is\\\/\",\"logo\":{\"@type\":\"ImageObject\",\"inLanguage\":\"en-GB\",\"@id\":\"https:\\\/\\\/matis.is\\\/#\\\/schema\\\/logo\\\/image\\\/\",\"url\":\"https:\\\/\\\/matis.is\\\/wp-content\\\/uploads\\\/2021\\\/02\\\/matis_logo_blatthvitt.png\",\"contentUrl\":\"https:\\\/\\\/matis.is\\\/wp-content\\\/uploads\\\/2021\\\/02\\\/matis_logo_blatthvitt.png\",\"width\":1507,\"height\":1507,\"caption\":\"Mat\u00eds ohf.\"},\"image\":{\"@id\":\"https:\\\/\\\/matis.is\\\/#\\\/schema\\\/logo\\\/image\\\/\"},\"sameAs\":[\"https:\\\/\\\/www.facebook.com\\\/matisiceland\",\"https:\\\/\\\/x.com\\\/matisiceland\",\"https:\\\/\\\/www.instagram.com\\\/matisiceland\\\/\",\"https:\\\/\\\/www.linkedin.com\\\/matisiceland\\\/\",\"https:\\\/\\\/www.youtube.com\\\/channel\\\/UCY-frt3uTqgVZW-DLjoo5bA\"]},{\"@type\":\"Person\",\"@id\":\"https:\\\/\\\/matis.is\\\/#\\\/schema\\\/person\\\/33b92c850c915c93e67f291e3381a49a\",\"name\":\"admin\",\"sameAs\":[\"https:\\\/\\\/matis.mareframe.eu\"],\"url\":\"https:\\\/\\\/matis.is\\\/en\\\/author\\\/thormodurmatis-is\\\/\"}]}<\/script>\n<!-- \/ Yoast SEO plugin. -->","yoast_head_json":{"title":"Icelandic vegetables play an important role in the country&#039;s image and sustainability - Mat\u00eds","description":"Improved quality, shelf life and less waste in the value chain of Icelandic vegetables are reported in B\u00e6ndabla\u00f0i\u00f0 and discussed with the project manager \u00d3lafur Reykdal. \u00a0","robots":{"index":"index","follow":"follow","max-snippet":"max-snippet:-1","max-image-preview":"max-image-preview:large","max-video-preview":"max-video-preview:-1"},"canonical":"https:\/\/matis.is\/en\/frettir\/islenskt-graenmeti-gegni-mikilvaegu-hlutverki-fyrir-imynd-landsins-og-sjalfbaerni\/","og_locale":"en_GB","og_type":"article","og_title":"\u00cdslenskt gr\u00e6nmeti gegni mikilv\u00e6gu hlutverki fyrir \u00edmynd landsins og sj\u00e1lfb\u00e6rni - Mat\u00eds","og_description":"B\u00e6tt g\u00e6\u00f0i, geymslu\u00feol og minni s\u00f3un \u00ed vir\u00f0iske\u00f0ju \u00edslensks gr\u00e6nmetis ger\u00f0 skil \u00ed B\u00e6ndabla\u00f0inu og r\u00e6tt vi\u00f0 verkefnastj\u00f3rann \u00d3laf Reykdal. \u00a0","og_url":"https:\/\/matis.is\/en\/frettir\/islenskt-graenmeti-gegni-mikilvaegu-hlutverki-fyrir-imynd-landsins-og-sjalfbaerni\/","og_site_name":"Mat\u00eds","article_publisher":"https:\/\/www.facebook.com\/matisiceland","article_published_time":"2021-11-18T17:02:49+00:00","article_modified_time":"2021-11-19T11:27:34+00:00","og_image":[{"width":2508,"height":1672,"url":"https:\/\/matis.is\/wp-content\/uploads\/blomkal-og-brokkoli.jpg","type":"image\/jpeg"}],"author":"admin","twitter_card":"summary_large_image","twitter_creator":"@matisiceland","twitter_site":"@matisiceland","twitter_misc":{"Written by":"admin","Estimated reading time":"2 minutes"},"schema":{"@context":"https:\/\/schema.org","@graph":[{"@type":"Article","@id":"https:\/\/matis.is\/en\/frettir\/islenskt-graenmeti-gegni-mikilvaegu-hlutverki-fyrir-imynd-landsins-og-sjalfbaerni\/#article","isPartOf":{"@id":"https:\/\/matis.is\/en\/frettir\/islenskt-graenmeti-gegni-mikilvaegu-hlutverki-fyrir-imynd-landsins-og-sjalfbaerni\/"},"author":{"name":"admin","@id":"https:\/\/matis.is\/#\/schema\/person\/33b92c850c915c93e67f291e3381a49a"},"headline":"\u00cdslenskt gr\u00e6nmeti gegni mikilv\u00e6gu hlutverki fyrir \u00edmynd landsins og sj\u00e1lfb\u00e6rni","datePublished":"2021-11-18T17:02:49+00:00","dateModified":"2021-11-19T11:27:34+00:00","mainEntityOfPage":{"@id":"https:\/\/matis.is\/en\/frettir\/islenskt-graenmeti-gegni-mikilvaegu-hlutverki-fyrir-imynd-landsins-og-sjalfbaerni\/"},"wordCount":337,"publisher":{"@id":"https:\/\/matis.is\/#organization"},"image":{"@id":"https:\/\/matis.is\/en\/frettir\/islenskt-graenmeti-gegni-mikilvaegu-hlutverki-fyrir-imynd-landsins-og-sjalfbaerni\/#primaryimage"},"thumbnailUrl":"https:\/\/matis.is\/wp-content\/uploads\/blomkal-og-brokkoli.jpg","articleSection":["Fr\u00e9ttir"],"inLanguage":"en-GB"},{"@type":"WebPage","@id":"https:\/\/matis.is\/en\/frettir\/islenskt-graenmeti-gegni-mikilvaegu-hlutverki-fyrir-imynd-landsins-og-sjalfbaerni\/","url":"https:\/\/matis.is\/en\/frettir\/islenskt-graenmeti-gegni-mikilvaegu-hlutverki-fyrir-imynd-landsins-og-sjalfbaerni\/","name":"Icelandic vegetables play an important role in the country&#039;s image and sustainability - Mat\u00eds","isPartOf":{"@id":"https:\/\/matis.is\/#website"},"primaryImageOfPage":{"@id":"https:\/\/matis.is\/en\/frettir\/islenskt-graenmeti-gegni-mikilvaegu-hlutverki-fyrir-imynd-landsins-og-sjalfbaerni\/#primaryimage"},"image":{"@id":"https:\/\/matis.is\/en\/frettir\/islenskt-graenmeti-gegni-mikilvaegu-hlutverki-fyrir-imynd-landsins-og-sjalfbaerni\/#primaryimage"},"thumbnailUrl":"https:\/\/matis.is\/wp-content\/uploads\/blomkal-og-brokkoli.jpg","datePublished":"2021-11-18T17:02:49+00:00","dateModified":"2021-11-19T11:27:34+00:00","description":"Improved quality, shelf life and less waste in the value chain of Icelandic vegetables are reported in B\u00e6ndabla\u00f0i\u00f0 and discussed with the project manager \u00d3lafur Reykdal. \u00a0","breadcrumb":{"@id":"https:\/\/matis.is\/en\/frettir\/islenskt-graenmeti-gegni-mikilvaegu-hlutverki-fyrir-imynd-landsins-og-sjalfbaerni\/#breadcrumb"},"inLanguage":"en-GB","potentialAction":[{"@type":"ReadAction","target":["https:\/\/matis.is\/en\/frettir\/islenskt-graenmeti-gegni-mikilvaegu-hlutverki-fyrir-imynd-landsins-og-sjalfbaerni\/"]}]},{"@type":"ImageObject","inLanguage":"en-GB","@id":"https:\/\/matis.is\/en\/frettir\/islenskt-graenmeti-gegni-mikilvaegu-hlutverki-fyrir-imynd-landsins-og-sjalfbaerni\/#primaryimage","url":"https:\/\/matis.is\/wp-content\/uploads\/blomkal-og-brokkoli.jpg","contentUrl":"https:\/\/matis.is\/wp-content\/uploads\/blomkal-og-brokkoli.jpg","width":2508,"height":1672},{"@type":"BreadcrumbList","@id":"https:\/\/matis.is\/en\/frettir\/islenskt-graenmeti-gegni-mikilvaegu-hlutverki-fyrir-imynd-landsins-og-sjalfbaerni\/#breadcrumb","itemListElement":[{"@type":"ListItem","position":1,"name":"Home","item":"https:\/\/matis.is\/"},{"@type":"ListItem","position":2,"name":"\u00cdslenskt gr\u00e6nmeti gegni mikilv\u00e6gu hlutverki fyrir \u00edmynd landsins og sj\u00e1lfb\u00e6rni"}]},{"@type":"WebSite","@id":"https:\/\/matis.is\/#website","url":"https:\/\/matis.is\/","name":"Mat\u00eds","description":"Value creation, food security and public health","publisher":{"@id":"https:\/\/matis.is\/#organization"},"potentialAction":[{"@type":"SearchAction","target":{"@type":"EntryPoint","urlTemplate":"https:\/\/matis.is\/?s={search_term_string}"},"query-input":{"@type":"PropertyValueSpecification","valueRequired":true,"valueName":"search_term_string"}}],"inLanguage":"en-GB"},{"@type":"Organization","@id":"https:\/\/matis.is\/#organization","name":"Mat\u00eds ohf.","url":"https:\/\/matis.is\/","logo":{"@type":"ImageObject","inLanguage":"en-GB","@id":"https:\/\/matis.is\/#\/schema\/logo\/image\/","url":"https:\/\/matis.is\/wp-content\/uploads\/2021\/02\/matis_logo_blatthvitt.png","contentUrl":"https:\/\/matis.is\/wp-content\/uploads\/2021\/02\/matis_logo_blatthvitt.png","width":1507,"height":1507,"caption":"Mat\u00eds ohf."},"image":{"@id":"https:\/\/matis.is\/#\/schema\/logo\/image\/"},"sameAs":["https:\/\/www.facebook.com\/matisiceland","https:\/\/x.com\/matisiceland","https:\/\/www.instagram.com\/matisiceland\/","https:\/\/www.linkedin.com\/matisiceland\/","https:\/\/www.youtube.com\/channel\/UCY-frt3uTqgVZW-DLjoo5bA"]},{"@type":"Person","@id":"https:\/\/matis.is\/#\/schema\/person\/33b92c850c915c93e67f291e3381a49a","name":"admin","sameAs":["https:\/\/matis.mareframe.eu"],"url":"https:\/\/matis.is\/en\/author\/thormodurmatis-is\/"}]}},"spectra_custom_meta":{"_edit_lock":["1637321255:1"],"_thumbnail_id":["45347"],"_edit_last":["1"],"tengilidur":[""],"_tengilidur":["field_5ef905e0538b2"],"_yoast_wpseo_primary_category":["1973"],"_yoast_wpseo_metadesc":["B\u00e6tt g\u00e6\u00f0i, geymslu\u00feol og minni s\u00f3un \u00ed vir\u00f0iske\u00f0ju \u00edslensks gr\u00e6nmetis ger\u00f0 skil \u00ed B\u00e6ndabla\u00f0inu og r\u00e6tt vi\u00f0 verkefnastj\u00f3rann \u00d3laf Reykdal. \u00a0"],"_yoast_wpseo_content_score":["60"],"_yoast_wpseo_estimated-reading-time-minutes":["2"],"_wp_page_template":["templates\/template-cover.php"],"wpmm_postgrid_views":["524"],"_uag_css_file_name":["uag-css-45346.css"],"_uag_page_assets":["a:9:{s:3:\"css\";s:263:\".uag-blocks-common-selector{z-index:var(--z-index-desktop) !important}@media (max-width: 976px){.uag-blocks-common-selector{z-index:var(--z-index-tablet) !important}}@media (max-width: 767px){.uag-blocks-common-selector{z-index:var(--z-index-mobile) !important}}\n\";s:2:\"js\";s:0:\"\";s:18:\"current_block_list\";a:6:{i:0;s:14:\"core\/paragraph\";i:1;s:12:\"core\/heading\";i:2;s:12:\"core\/buttons\";i:3;s:11:\"core\/button\";i:4;s:12:\"core\/columns\";i:5;s:11:\"core\/column\";}s:8:\"uag_flag\";b:0;s:11:\"uag_version\";s:10:\"1777300790\";s:6:\"gfonts\";a:0:{}s:10:\"gfonts_url\";s:0:\"\";s:12:\"gfonts_files\";a:0:{}s:14:\"uag_faq_layout\";b:0;}"]},"uagb_featured_image_src":{"full":["https:\/\/matis.is\/wp-content\/uploads\/blomkal-og-brokkoli.jpg",2508,1672,false],"thumbnail":["https:\/\/matis.is\/wp-content\/uploads\/blomkal-og-brokkoli-150x150.jpg",150,150,true],"medium":["https:\/\/matis.is\/wp-content\/uploads\/blomkal-og-brokkoli-300x200.jpg",300,200,true],"medium_large":["https:\/\/matis.is\/wp-content\/uploads\/blomkal-og-brokkoli-768x512.jpg",768,512,true],"large":["https:\/\/matis.is\/wp-content\/uploads\/blomkal-og-brokkoli-1024x683.jpg",1024,683,true],"1536x1536":["https:\/\/matis.is\/wp-content\/uploads\/blomkal-og-brokkoli-1536x1024.jpg",1536,1024,true],"2048x2048":["https:\/\/matis.is\/wp-content\/uploads\/blomkal-og-brokkoli-2048x1365.jpg",2048,1365,true],"trp-custom-language-flag":["https:\/\/matis.is\/wp-content\/uploads\/blomkal-og-brokkoli-18x12.jpg",18,12,true]},"uagb_author_info":{"display_name":"admin","author_link":"https:\/\/matis.is\/en\/author\/thormodurmatis-is\/"},"uagb_comment_info":0,"uagb_excerpt":"\u00c1 d\u00f6gunum birtist grein \u00ed B\u00e6ndabla\u00f0inu \u00fear sem einu af gr\u00e6nmetisverkefnum Mat\u00eds; B\u00e6tt g\u00e6\u00f0i, geymslu\u00feol og minni s\u00f3un \u00ed vir\u00f0iske\u00f0ju [&hellip;]","_links":{"self":[{"href":"https:\/\/matis.is\/en\/wp-json\/wp\/v2\/posts\/45346","targetHints":{"allow":["GET"]}}],"collection":[{"href":"https:\/\/matis.is\/en\/wp-json\/wp\/v2\/posts"}],"about":[{"href":"https:\/\/matis.is\/en\/wp-json\/wp\/v2\/types\/post"}],"author":[{"embeddable":true,"href":"https:\/\/matis.is\/en\/wp-json\/wp\/v2\/users\/1"}],"replies":[{"embeddable":true,"href":"https:\/\/matis.is\/en\/wp-json\/wp\/v2\/comments?post=45346"}],"version-history":[{"count":3,"href":"https:\/\/matis.is\/en\/wp-json\/wp\/v2\/posts\/45346\/revisions"}],"predecessor-version":[{"id":45355,"href":"https:\/\/matis.is\/en\/wp-json\/wp\/v2\/posts\/45346\/revisions\/45355"}],"wp:featuredmedia":[{"embeddable":true,"href":"https:\/\/matis.is\/en\/wp-json\/wp\/v2\/media\/45347"}],"wp:attachment":[{"href":"https:\/\/matis.is\/en\/wp-json\/wp\/v2\/media?parent=45346"}],"wp:term":[{"taxonomy":"category","embeddable":true,"href":"https:\/\/matis.is\/en\/wp-json\/wp\/v2\/categories?post=45346"},{"taxonomy":"post_tag","embeddable":true,"href":"https:\/\/matis.is\/en\/wp-json\/wp\/v2\/tags?post=45346"}],"curies":[{"name":"wp","href":"https:\/\/api.w.org\/{rel}","templated":true}]}}