{"id":45396,"date":"2021-12-08T14:56:47","date_gmt":"2021-12-08T14:56:47","guid":{"rendered":"https:\/\/matis.is\/?p=45396"},"modified":"2021-12-08T15:05:59","modified_gmt":"2021-12-08T15:05:59","slug":"nyr-sjavarutvegs-og-landbunadarradherra-svandis-svavarsdottir-heimsotti-matis","status":"publish","type":"post","link":"https:\/\/matis.is\/en\/frettir\/nyr-sjavarutvegs-og-landbunadarradherra-svandis-svavarsdottir-heimsotti-matis\/","title":{"rendered":"The new Minister of Fisheries and Agriculture, Svand\u00eds Svavarsd\u00f3ttir, visited Mat\u00eds"},"content":{"rendered":"<h4 class=\"wp-block-heading\">Svand\u00eds Svavarsd\u00f3ttir, the new Minister of Fisheries and Agriculture, visited Mat\u00eds at the beginning of the week together with I\u00f0unn Gar\u00f0arsd\u00f3ttir, Assistant Minister, Benedikt \u00c1rnason, Minister of Foreign Affairs and other staff of the Ministry.<\/h4>\n\n\n\n<p>The group met Odd M\u00e1r Gunnarsson, CEO of Mat\u00eds, as well as other employees and was introduced to the operation. Special attention was paid to agriculture, fisheries, education and the environment, but it is clear that there are various opportunities in the company&#039;s work that are in line with the government&#039;s newly introduced priorities for the next four years. Finally, the group went around Mat\u00eds&#039; premises, where the directors and staff of the professional groups presented the activities, the projects that are being carried out and the facilities that are available. &nbsp;&nbsp;&nbsp;<\/p>\n\n\n\n<figure class=\"wp-block-gallery columns-2 is-cropped wp-block-gallery-2 is-layout-flex wp-block-gallery-is-layout-flex\"><ul class=\"blocks-gallery-grid\"><li class=\"blocks-gallery-item\"><figure><img loading=\"lazy\" decoding=\"async\" width=\"768\" height=\"1024\" src=\"https:\/\/matis.is\/wp-content\/uploads\/radherraheimsokn-svandis5-2-768x1024.jpg\" alt=\"\" data-id=\"45402\" data-full-url=\"https:\/\/matis.is\/wp-content\/uploads\/radherraheimsokn-svandis5-2-rotated.jpg\" data-link=\"https:\/\/matis.is\/?attachment_id=45402\" class=\"wp-image-45402\" srcset=\"https:\/\/matis.is\/wp-content\/uploads\/radherraheimsokn-svandis5-2-768x1024.jpg 768w, https:\/\/matis.is\/wp-content\/uploads\/radherraheimsokn-svandis5-2-225x300.jpg 225w, https:\/\/matis.is\/wp-content\/uploads\/radherraheimsokn-svandis5-2-1152x1536.jpg 1152w, https:\/\/matis.is\/wp-content\/uploads\/radherraheimsokn-svandis5-2-9x12.jpg 9w, https:\/\/matis.is\/wp-content\/uploads\/radherraheimsokn-svandis5-2-1200x1600.jpg 1200w, https:\/\/matis.is\/wp-content\/uploads\/radherraheimsokn-svandis5-2-rotated.jpg 1254w\" sizes=\"auto, (max-width: 768px) 100vw, 768px\" \/><\/figure><\/li><li class=\"blocks-gallery-item\"><figure><img loading=\"lazy\" decoding=\"async\" width=\"720\" height=\"960\" src=\"https:\/\/matis.is\/wp-content\/uploads\/radherra-svandis.jpg\" alt=\"\" data-id=\"45403\" data-full-url=\"https:\/\/matis.is\/wp-content\/uploads\/radherra-svandis.jpg\" data-link=\"https:\/\/matis.is\/?attachment_id=45403\" class=\"wp-image-45403\" srcset=\"https:\/\/matis.is\/wp-content\/uploads\/radherra-svandis.jpg 720w, https:\/\/matis.is\/wp-content\/uploads\/radherra-svandis-225x300.jpg 225w, https:\/\/matis.is\/wp-content\/uploads\/radherra-svandis-9x12.jpg 9w\" sizes=\"auto, (max-width: 720px) 100vw, 720px\" \/><\/figure><\/li><\/ul><figcaption class=\"blocks-gallery-caption\"><br>\u00d3lafur H. Fri\u00f0j\u00f3nsson, director of biotechnology, Vigg\u00f3 Marteinsson, director of microbiology and Oddur M\u00e1r Gunnarsson, CEO were among those who showed Svand\u00eds the premises.<\/figcaption><\/figure>\n\n\n\n<p>The visit was the most enjoyable and Mat\u00eds staff looks forward to continued successful collaboration with the ministry with Svand\u00eds Svavarsd\u00f3ttir at the forefront of the party.<\/p>","protected":false},"excerpt":{"rendered":"<p>Svand\u00eds Svavarsd\u00f3ttir, n\u00fdr sj\u00e1var\u00fatvegs- og landb\u00fana\u00f0arr\u00e1\u00f0herra heims\u00f3tti Mat\u00eds \u00ed upphafi vikunnar \u00e1samt I\u00f0unni Gar\u00f0arsd\u00f3ttur a\u00f0sto\u00f0armanni r\u00e1\u00f0herra, Benedikt \u00c1rnasyni r\u00e1\u00f0uneytisstj\u00f3ra og [&hellip;]<\/p>\n","protected":false},"author":1,"featured_media":45407,"comment_status":"closed","ping_status":"closed","sticky":false,"template":"templates\/template-cover.php","format":"standard","meta":{"_acf_changed":false,"_uag_custom_page_level_css":"","site-sidebar-layout":"default","site-content-layout":"","ast-site-content-layout":"default","site-content-style":"default","site-sidebar-style":"default","ast-global-header-display":"","ast-banner-title-visibility":"","ast-main-header-display":"","ast-hfb-above-header-display":"","ast-hfb-below-header-display":"","ast-hfb-mobile-header-display":"","site-post-title":"","ast-breadcrumbs-content":"","ast-featured-img":"","footer-sml-layout":"","ast-disable-related-posts":"","theme-transparent-header-meta":"","adv-header-id-meta":"","stick-header-meta":"","header-above-stick-meta":"","header-main-stick-meta":"","header-below-stick-meta":"","astra-migrate-meta-layouts":"default","ast-page-background-enabled":"default","ast-page-background-meta":{"desktop":{"background-color":"var(--ast-global-color-5)","background-image":"","background-repeat":"repeat","background-position":"center center","background-size":"auto","background-attachment":"scroll","background-type":"","background-media":"","overlay-type":"","overlay-color":"","overlay-opacity":"","overlay-gradient":""},"tablet":{"background-color":"","background-image":"","background-repeat":"repeat","background-position":"center center","background-size":"auto","background-attachment":"scroll","background-type":"","background-media":"","overlay-type":"","overlay-color":"","overlay-opacity":"","overlay-gradient":""},"mobile":{"background-color":"","background-image":"","background-repeat":"repeat","background-position":"center center","background-size":"auto","background-attachment":"scroll","background-type":"","background-media":"","overlay-type":"","overlay-color":"","overlay-opacity":"","overlay-gradient":""}},"ast-content-background-meta":{"desktop":{"background-color":"var(--ast-global-color-4)","background-image":"","background-repeat":"repeat","background-position":"center center","background-size":"auto","background-attachment":"scroll","background-type":"","background-media":"","overlay-type":"","overlay-color":"","overlay-opacity":"","overlay-gradient":""},"tablet":{"background-color":"var(--ast-global-color-4)","background-image":"","background-repeat":"repeat","background-position":"center center","background-size":"auto","background-attachment":"scroll","background-type":"","background-media":"","overlay-type":"","overlay-color":"","overlay-opacity":"","overlay-gradient":""},"mobile":{"background-color":"var(--ast-global-color-4)","background-image":"","background-repeat":"repeat","background-position":"center center","background-size":"auto","background-attachment":"scroll","background-type":"","background-media":"","overlay-type":"","overlay-color":"","overlay-opacity":"","overlay-gradient":""}},"footnotes":""},"categories":[1973],"tags":[],"class_list":["post-45396","post","type-post","status-publish","format-standard","has-post-thumbnail","hentry","category-frettir"],"acf":[],"yoast_head":"<!-- This site is optimized with the Yoast SEO plugin v27.4 - https:\/\/yoast.com\/product\/yoast-seo-wordpress\/ -->\n<title>N\u00fdr sj\u00e1var\u00fatvegs- og landb\u00fana\u00f0arr\u00e1\u00f0herra, Svand\u00eds Svavarsd\u00f3ttir heims\u00f3tti Mat\u00eds - Mat\u00eds<\/title>\n<meta name=\"robots\" content=\"index, follow, max-snippet:-1, max-image-preview:large, max-video-preview:-1\" \/>\n<link rel=\"canonical\" href=\"https:\/\/matis.is\/en\/frettir\/nyr-sjavarutvegs-og-landbunadarradherra-svandis-svavarsdottir-heimsotti-matis\/\" \/>\n<meta property=\"og:locale\" content=\"en_GB\" \/>\n<meta property=\"og:type\" content=\"article\" \/>\n<meta property=\"og:title\" content=\"N\u00fdr sj\u00e1var\u00fatvegs- og landb\u00fana\u00f0arr\u00e1\u00f0herra, Svand\u00eds Svavarsd\u00f3ttir heims\u00f3tti Mat\u00eds - Mat\u00eds\" \/>\n<meta property=\"og:description\" content=\"Svand\u00eds Svavarsd\u00f3ttir, n\u00fdr sj\u00e1var\u00fatvegs- og landb\u00fana\u00f0arr\u00e1\u00f0herra heims\u00f3tti Mat\u00eds \u00ed upphafi vikunnar \u00e1samt I\u00f0unni Gar\u00f0arsd\u00f3ttur a\u00f0sto\u00f0armanni r\u00e1\u00f0herra, Benedikt \u00c1rnasyni r\u00e1\u00f0uneytisstj\u00f3ra og [&hellip;]\" \/>\n<meta property=\"og:url\" content=\"https:\/\/matis.is\/en\/frettir\/nyr-sjavarutvegs-og-landbunadarradherra-svandis-svavarsdottir-heimsotti-matis\/\" \/>\n<meta property=\"og:site_name\" content=\"Mat\u00eds\" \/>\n<meta property=\"article:publisher\" content=\"https:\/\/www.facebook.com\/matisiceland\" \/>\n<meta property=\"article:published_time\" content=\"2021-12-08T14:56:47+00:00\" \/>\n<meta property=\"article:modified_time\" content=\"2021-12-08T15:05:59+00:00\" \/>\n<meta property=\"og:image\" content=\"https:\/\/matis.is\/wp-content\/uploads\/radherraheimsokn-svandis6-1-e1638975940836.jpg\" \/>\n\t<meta property=\"og:image:width\" content=\"1672\" \/>\n\t<meta property=\"og:image:height\" content=\"1107\" \/>\n\t<meta property=\"og:image:type\" content=\"image\/jpeg\" \/>\n<meta name=\"author\" content=\"admin\" \/>\n<meta name=\"twitter:card\" content=\"summary_large_image\" \/>\n<meta name=\"twitter:creator\" content=\"@matisiceland\" \/>\n<meta name=\"twitter:site\" content=\"@matisiceland\" \/>\n<meta name=\"twitter:label1\" content=\"Written by\" \/>\n\t<meta name=\"twitter:data1\" content=\"admin\" \/>\n\t<meta name=\"twitter:label2\" content=\"Estimated reading time\" \/>\n\t<meta name=\"twitter:data2\" content=\"2 minutes\" \/>\n<script type=\"application\/ld+json\" class=\"yoast-schema-graph\">{\"@context\":\"https:\\\/\\\/schema.org\",\"@graph\":[{\"@type\":\"Article\",\"@id\":\"https:\\\/\\\/matis.is\\\/frettir\\\/nyr-sjavarutvegs-og-landbunadarradherra-svandis-svavarsdottir-heimsotti-matis\\\/#article\",\"isPartOf\":{\"@id\":\"https:\\\/\\\/matis.is\\\/frettir\\\/nyr-sjavarutvegs-og-landbunadarradherra-svandis-svavarsdottir-heimsotti-matis\\\/\"},\"author\":{\"name\":\"admin\",\"@id\":\"https:\\\/\\\/matis.is\\\/#\\\/schema\\\/person\\\/33b92c850c915c93e67f291e3381a49a\"},\"headline\":\"N\u00fdr sj\u00e1var\u00fatvegs- og landb\u00fana\u00f0arr\u00e1\u00f0herra, Svand\u00eds Svavarsd\u00f3ttir heims\u00f3tti Mat\u00eds\",\"datePublished\":\"2021-12-08T14:56:47+00:00\",\"dateModified\":\"2021-12-08T15:05:59+00:00\",\"mainEntityOfPage\":{\"@id\":\"https:\\\/\\\/matis.is\\\/frettir\\\/nyr-sjavarutvegs-og-landbunadarradherra-svandis-svavarsdottir-heimsotti-matis\\\/\"},\"wordCount\":227,\"publisher\":{\"@id\":\"https:\\\/\\\/matis.is\\\/#organization\"},\"image\":{\"@id\":\"https:\\\/\\\/matis.is\\\/frettir\\\/nyr-sjavarutvegs-og-landbunadarradherra-svandis-svavarsdottir-heimsotti-matis\\\/#primaryimage\"},\"thumbnailUrl\":\"https:\\\/\\\/matis.is\\\/wp-content\\\/uploads\\\/radherraheimsokn-svandis6-1-e1638975940836.jpg\",\"articleSection\":[\"Fr\u00e9ttir\"],\"inLanguage\":\"en-GB\"},{\"@type\":\"WebPage\",\"@id\":\"https:\\\/\\\/matis.is\\\/frettir\\\/nyr-sjavarutvegs-og-landbunadarradherra-svandis-svavarsdottir-heimsotti-matis\\\/\",\"url\":\"https:\\\/\\\/matis.is\\\/frettir\\\/nyr-sjavarutvegs-og-landbunadarradherra-svandis-svavarsdottir-heimsotti-matis\\\/\",\"name\":\"N\u00fdr sj\u00e1var\u00fatvegs- og landb\u00fana\u00f0arr\u00e1\u00f0herra, Svand\u00eds Svavarsd\u00f3ttir heims\u00f3tti Mat\u00eds - Mat\u00eds\",\"isPartOf\":{\"@id\":\"https:\\\/\\\/matis.is\\\/#website\"},\"primaryImageOfPage\":{\"@id\":\"https:\\\/\\\/matis.is\\\/frettir\\\/nyr-sjavarutvegs-og-landbunadarradherra-svandis-svavarsdottir-heimsotti-matis\\\/#primaryimage\"},\"image\":{\"@id\":\"https:\\\/\\\/matis.is\\\/frettir\\\/nyr-sjavarutvegs-og-landbunadarradherra-svandis-svavarsdottir-heimsotti-matis\\\/#primaryimage\"},\"thumbnailUrl\":\"https:\\\/\\\/matis.is\\\/wp-content\\\/uploads\\\/radherraheimsokn-svandis6-1-e1638975940836.jpg\",\"datePublished\":\"2021-12-08T14:56:47+00:00\",\"dateModified\":\"2021-12-08T15:05:59+00:00\",\"breadcrumb\":{\"@id\":\"https:\\\/\\\/matis.is\\\/frettir\\\/nyr-sjavarutvegs-og-landbunadarradherra-svandis-svavarsdottir-heimsotti-matis\\\/#breadcrumb\"},\"inLanguage\":\"en-GB\",\"potentialAction\":[{\"@type\":\"ReadAction\",\"target\":[\"https:\\\/\\\/matis.is\\\/frettir\\\/nyr-sjavarutvegs-og-landbunadarradherra-svandis-svavarsdottir-heimsotti-matis\\\/\"]}]},{\"@type\":\"ImageObject\",\"inLanguage\":\"en-GB\",\"@id\":\"https:\\\/\\\/matis.is\\\/frettir\\\/nyr-sjavarutvegs-og-landbunadarradherra-svandis-svavarsdottir-heimsotti-matis\\\/#primaryimage\",\"url\":\"https:\\\/\\\/matis.is\\\/wp-content\\\/uploads\\\/radherraheimsokn-svandis6-1-e1638975940836.jpg\",\"contentUrl\":\"https:\\\/\\\/matis.is\\\/wp-content\\\/uploads\\\/radherraheimsokn-svandis6-1-e1638975940836.jpg\",\"width\":1672,\"height\":1107},{\"@type\":\"BreadcrumbList\",\"@id\":\"https:\\\/\\\/matis.is\\\/frettir\\\/nyr-sjavarutvegs-og-landbunadarradherra-svandis-svavarsdottir-heimsotti-matis\\\/#breadcrumb\",\"itemListElement\":[{\"@type\":\"ListItem\",\"position\":1,\"name\":\"Home\",\"item\":\"https:\\\/\\\/matis.is\\\/\"},{\"@type\":\"ListItem\",\"position\":2,\"name\":\"N\u00fdr sj\u00e1var\u00fatvegs- og landb\u00fana\u00f0arr\u00e1\u00f0herra, Svand\u00eds Svavarsd\u00f3ttir heims\u00f3tti Mat\u00eds\"}]},{\"@type\":\"WebSite\",\"@id\":\"https:\\\/\\\/matis.is\\\/#website\",\"url\":\"https:\\\/\\\/matis.is\\\/\",\"name\":\"Mat\u00eds\",\"description\":\"Ver\u00f0m\u00e6task\u00f6pun, matv\u00e6la\u00f6ryggi og l\u00fd\u00f0heilsa\",\"publisher\":{\"@id\":\"https:\\\/\\\/matis.is\\\/#organization\"},\"potentialAction\":[{\"@type\":\"SearchAction\",\"target\":{\"@type\":\"EntryPoint\",\"urlTemplate\":\"https:\\\/\\\/matis.is\\\/?s={search_term_string}\"},\"query-input\":{\"@type\":\"PropertyValueSpecification\",\"valueRequired\":true,\"valueName\":\"search_term_string\"}}],\"inLanguage\":\"en-GB\"},{\"@type\":\"Organization\",\"@id\":\"https:\\\/\\\/matis.is\\\/#organization\",\"name\":\"Mat\u00eds ohf.\",\"url\":\"https:\\\/\\\/matis.is\\\/\",\"logo\":{\"@type\":\"ImageObject\",\"inLanguage\":\"en-GB\",\"@id\":\"https:\\\/\\\/matis.is\\\/#\\\/schema\\\/logo\\\/image\\\/\",\"url\":\"https:\\\/\\\/matis.is\\\/wp-content\\\/uploads\\\/2021\\\/02\\\/matis_logo_blatthvitt.png\",\"contentUrl\":\"https:\\\/\\\/matis.is\\\/wp-content\\\/uploads\\\/2021\\\/02\\\/matis_logo_blatthvitt.png\",\"width\":1507,\"height\":1507,\"caption\":\"Mat\u00eds ohf.\"},\"image\":{\"@id\":\"https:\\\/\\\/matis.is\\\/#\\\/schema\\\/logo\\\/image\\\/\"},\"sameAs\":[\"https:\\\/\\\/www.facebook.com\\\/matisiceland\",\"https:\\\/\\\/x.com\\\/matisiceland\",\"https:\\\/\\\/www.instagram.com\\\/matisiceland\\\/\",\"https:\\\/\\\/www.linkedin.com\\\/matisiceland\\\/\",\"https:\\\/\\\/www.youtube.com\\\/channel\\\/UCY-frt3uTqgVZW-DLjoo5bA\"]},{\"@type\":\"Person\",\"@id\":\"https:\\\/\\\/matis.is\\\/#\\\/schema\\\/person\\\/33b92c850c915c93e67f291e3381a49a\",\"name\":\"admin\",\"sameAs\":[\"https:\\\/\\\/matis.mareframe.eu\"],\"url\":\"https:\\\/\\\/matis.is\\\/en\\\/author\\\/thormodurmatis-is\\\/\"}]}<\/script>\n<!-- \/ Yoast SEO plugin. -->","yoast_head_json":{"title":"The new Minister of Fisheries and Agriculture, Svand\u00eds Svavarsd\u00f3ttir, visited Mat\u00eds - Mat\u00eds","robots":{"index":"index","follow":"follow","max-snippet":"max-snippet:-1","max-image-preview":"max-image-preview:large","max-video-preview":"max-video-preview:-1"},"canonical":"https:\/\/matis.is\/en\/frettir\/nyr-sjavarutvegs-og-landbunadarradherra-svandis-svavarsdottir-heimsotti-matis\/","og_locale":"en_GB","og_type":"article","og_title":"N\u00fdr sj\u00e1var\u00fatvegs- og landb\u00fana\u00f0arr\u00e1\u00f0herra, Svand\u00eds Svavarsd\u00f3ttir heims\u00f3tti Mat\u00eds - Mat\u00eds","og_description":"Svand\u00eds Svavarsd\u00f3ttir, n\u00fdr sj\u00e1var\u00fatvegs- og landb\u00fana\u00f0arr\u00e1\u00f0herra heims\u00f3tti Mat\u00eds \u00ed upphafi vikunnar \u00e1samt I\u00f0unni Gar\u00f0arsd\u00f3ttur a\u00f0sto\u00f0armanni r\u00e1\u00f0herra, Benedikt \u00c1rnasyni r\u00e1\u00f0uneytisstj\u00f3ra og [&hellip;]","og_url":"https:\/\/matis.is\/en\/frettir\/nyr-sjavarutvegs-og-landbunadarradherra-svandis-svavarsdottir-heimsotti-matis\/","og_site_name":"Mat\u00eds","article_publisher":"https:\/\/www.facebook.com\/matisiceland","article_published_time":"2021-12-08T14:56:47+00:00","article_modified_time":"2021-12-08T15:05:59+00:00","og_image":[{"width":1672,"height":1107,"url":"https:\/\/matis.is\/wp-content\/uploads\/radherraheimsokn-svandis6-1-e1638975940836.jpg","type":"image\/jpeg"}],"author":"admin","twitter_card":"summary_large_image","twitter_creator":"@matisiceland","twitter_site":"@matisiceland","twitter_misc":{"Written by":"admin","Estimated reading time":"2 minutes"},"schema":{"@context":"https:\/\/schema.org","@graph":[{"@type":"Article","@id":"https:\/\/matis.is\/frettir\/nyr-sjavarutvegs-og-landbunadarradherra-svandis-svavarsdottir-heimsotti-matis\/#article","isPartOf":{"@id":"https:\/\/matis.is\/frettir\/nyr-sjavarutvegs-og-landbunadarradherra-svandis-svavarsdottir-heimsotti-matis\/"},"author":{"name":"admin","@id":"https:\/\/matis.is\/#\/schema\/person\/33b92c850c915c93e67f291e3381a49a"},"headline":"N\u00fdr sj\u00e1var\u00fatvegs- og landb\u00fana\u00f0arr\u00e1\u00f0herra, Svand\u00eds Svavarsd\u00f3ttir heims\u00f3tti Mat\u00eds","datePublished":"2021-12-08T14:56:47+00:00","dateModified":"2021-12-08T15:05:59+00:00","mainEntityOfPage":{"@id":"https:\/\/matis.is\/frettir\/nyr-sjavarutvegs-og-landbunadarradherra-svandis-svavarsdottir-heimsotti-matis\/"},"wordCount":227,"publisher":{"@id":"https:\/\/matis.is\/#organization"},"image":{"@id":"https:\/\/matis.is\/frettir\/nyr-sjavarutvegs-og-landbunadarradherra-svandis-svavarsdottir-heimsotti-matis\/#primaryimage"},"thumbnailUrl":"https:\/\/matis.is\/wp-content\/uploads\/radherraheimsokn-svandis6-1-e1638975940836.jpg","articleSection":["Fr\u00e9ttir"],"inLanguage":"en-GB"},{"@type":"WebPage","@id":"https:\/\/matis.is\/frettir\/nyr-sjavarutvegs-og-landbunadarradherra-svandis-svavarsdottir-heimsotti-matis\/","url":"https:\/\/matis.is\/frettir\/nyr-sjavarutvegs-og-landbunadarradherra-svandis-svavarsdottir-heimsotti-matis\/","name":"The new Minister of Fisheries and Agriculture, Svand\u00eds Svavarsd\u00f3ttir, visited Mat\u00eds - Mat\u00eds","isPartOf":{"@id":"https:\/\/matis.is\/#website"},"primaryImageOfPage":{"@id":"https:\/\/matis.is\/frettir\/nyr-sjavarutvegs-og-landbunadarradherra-svandis-svavarsdottir-heimsotti-matis\/#primaryimage"},"image":{"@id":"https:\/\/matis.is\/frettir\/nyr-sjavarutvegs-og-landbunadarradherra-svandis-svavarsdottir-heimsotti-matis\/#primaryimage"},"thumbnailUrl":"https:\/\/matis.is\/wp-content\/uploads\/radherraheimsokn-svandis6-1-e1638975940836.jpg","datePublished":"2021-12-08T14:56:47+00:00","dateModified":"2021-12-08T15:05:59+00:00","breadcrumb":{"@id":"https:\/\/matis.is\/frettir\/nyr-sjavarutvegs-og-landbunadarradherra-svandis-svavarsdottir-heimsotti-matis\/#breadcrumb"},"inLanguage":"en-GB","potentialAction":[{"@type":"ReadAction","target":["https:\/\/matis.is\/frettir\/nyr-sjavarutvegs-og-landbunadarradherra-svandis-svavarsdottir-heimsotti-matis\/"]}]},{"@type":"ImageObject","inLanguage":"en-GB","@id":"https:\/\/matis.is\/frettir\/nyr-sjavarutvegs-og-landbunadarradherra-svandis-svavarsdottir-heimsotti-matis\/#primaryimage","url":"https:\/\/matis.is\/wp-content\/uploads\/radherraheimsokn-svandis6-1-e1638975940836.jpg","contentUrl":"https:\/\/matis.is\/wp-content\/uploads\/radherraheimsokn-svandis6-1-e1638975940836.jpg","width":1672,"height":1107},{"@type":"BreadcrumbList","@id":"https:\/\/matis.is\/frettir\/nyr-sjavarutvegs-og-landbunadarradherra-svandis-svavarsdottir-heimsotti-matis\/#breadcrumb","itemListElement":[{"@type":"ListItem","position":1,"name":"Home","item":"https:\/\/matis.is\/"},{"@type":"ListItem","position":2,"name":"N\u00fdr sj\u00e1var\u00fatvegs- og landb\u00fana\u00f0arr\u00e1\u00f0herra, Svand\u00eds Svavarsd\u00f3ttir heims\u00f3tti Mat\u00eds"}]},{"@type":"WebSite","@id":"https:\/\/matis.is\/#website","url":"https:\/\/matis.is\/","name":"Mat\u00eds","description":"Value creation, food security and public health","publisher":{"@id":"https:\/\/matis.is\/#organization"},"potentialAction":[{"@type":"SearchAction","target":{"@type":"EntryPoint","urlTemplate":"https:\/\/matis.is\/?s={search_term_string}"},"query-input":{"@type":"PropertyValueSpecification","valueRequired":true,"valueName":"search_term_string"}}],"inLanguage":"en-GB"},{"@type":"Organization","@id":"https:\/\/matis.is\/#organization","name":"Mat\u00eds ohf.","url":"https:\/\/matis.is\/","logo":{"@type":"ImageObject","inLanguage":"en-GB","@id":"https:\/\/matis.is\/#\/schema\/logo\/image\/","url":"https:\/\/matis.is\/wp-content\/uploads\/2021\/02\/matis_logo_blatthvitt.png","contentUrl":"https:\/\/matis.is\/wp-content\/uploads\/2021\/02\/matis_logo_blatthvitt.png","width":1507,"height":1507,"caption":"Mat\u00eds ohf."},"image":{"@id":"https:\/\/matis.is\/#\/schema\/logo\/image\/"},"sameAs":["https:\/\/www.facebook.com\/matisiceland","https:\/\/x.com\/matisiceland","https:\/\/www.instagram.com\/matisiceland\/","https:\/\/www.linkedin.com\/matisiceland\/","https:\/\/www.youtube.com\/channel\/UCY-frt3uTqgVZW-DLjoo5bA"]},{"@type":"Person","@id":"https:\/\/matis.is\/#\/schema\/person\/33b92c850c915c93e67f291e3381a49a","name":"admin","sameAs":["https:\/\/matis.mareframe.eu"],"url":"https:\/\/matis.is\/en\/author\/thormodurmatis-is\/"}]}},"spectra_custom_meta":{"_edit_lock":["1638975962:1"],"_thumbnail_id":["45407"],"_wp_page_template":["templates\/template-cover.php"],"_edit_last":["1"],"tengilidur":[""],"_tengilidur":["field_5ef905e0538b2"],"_yoast_wpseo_primary_category":["1973"],"_yoast_wpseo_content_score":["60"],"_yoast_wpseo_estimated-reading-time-minutes":["2"],"wpmm_postgrid_views":["568"],"_uag_css_file_name":["uag-css-45396.css"],"_uag_page_assets":["a:9:{s:3:\"css\";s:263:\".uag-blocks-common-selector{z-index:var(--z-index-desktop) !important}@media (max-width: 976px){.uag-blocks-common-selector{z-index:var(--z-index-tablet) !important}}@media (max-width: 767px){.uag-blocks-common-selector{z-index:var(--z-index-mobile) !important}}\n\";s:2:\"js\";s:0:\"\";s:18:\"current_block_list\";a:7:{i:0;s:12:\"core\/heading\";i:1;s:14:\"core\/paragraph\";i:2;s:12:\"core\/gallery\";i:3;s:12:\"core\/buttons\";i:4;s:11:\"core\/button\";i:5;s:12:\"core\/columns\";i:6;s:11:\"core\/column\";}s:8:\"uag_flag\";b:0;s:11:\"uag_version\";s:10:\"1777477098\";s:6:\"gfonts\";a:0:{}s:10:\"gfonts_url\";s:0:\"\";s:12:\"gfonts_files\";a:0:{}s:14:\"uag_faq_layout\";b:0;}"]},"uagb_featured_image_src":{"full":["https:\/\/matis.is\/wp-content\/uploads\/radherraheimsokn-svandis6-1-e1638975940836.jpg",1672,1107,false],"thumbnail":["https:\/\/matis.is\/wp-content\/uploads\/radherraheimsokn-svandis6-1-e1638975940836-150x150.jpg",150,150,true],"medium":["https:\/\/matis.is\/wp-content\/uploads\/radherraheimsokn-svandis6-1-e1638975940836-300x199.jpg",300,199,true],"medium_large":["https:\/\/matis.is\/wp-content\/uploads\/radherraheimsokn-svandis6-1-e1638975940836-768x508.jpg",768,508,true],"large":["https:\/\/matis.is\/wp-content\/uploads\/radherraheimsokn-svandis6-1-e1638975940836-1024x678.jpg",1024,678,true],"1536x1536":["https:\/\/matis.is\/wp-content\/uploads\/radherraheimsokn-svandis6-1-e1638975940836-1536x1017.jpg",1536,1017,true],"2048x2048":["https:\/\/matis.is\/wp-content\/uploads\/radherraheimsokn-svandis6-1-e1638975940836.jpg",1672,1107,false],"trp-custom-language-flag":["https:\/\/matis.is\/wp-content\/uploads\/radherraheimsokn-svandis6-1-e1638975940836-18x12.jpg",18,12,true]},"uagb_author_info":{"display_name":"admin","author_link":"https:\/\/matis.is\/en\/author\/thormodurmatis-is\/"},"uagb_comment_info":0,"uagb_excerpt":"Svand\u00eds Svavarsd\u00f3ttir, n\u00fdr sj\u00e1var\u00fatvegs- og landb\u00fana\u00f0arr\u00e1\u00f0herra heims\u00f3tti Mat\u00eds \u00ed upphafi vikunnar \u00e1samt I\u00f0unni Gar\u00f0arsd\u00f3ttur a\u00f0sto\u00f0armanni r\u00e1\u00f0herra, Benedikt \u00c1rnasyni r\u00e1\u00f0uneytisstj\u00f3ra og [&hellip;]","_links":{"self":[{"href":"https:\/\/matis.is\/en\/wp-json\/wp\/v2\/posts\/45396","targetHints":{"allow":["GET"]}}],"collection":[{"href":"https:\/\/matis.is\/en\/wp-json\/wp\/v2\/posts"}],"about":[{"href":"https:\/\/matis.is\/en\/wp-json\/wp\/v2\/types\/post"}],"author":[{"embeddable":true,"href":"https:\/\/matis.is\/en\/wp-json\/wp\/v2\/users\/1"}],"replies":[{"embeddable":true,"href":"https:\/\/matis.is\/en\/wp-json\/wp\/v2\/comments?post=45396"}],"version-history":[{"count":2,"href":"https:\/\/matis.is\/en\/wp-json\/wp\/v2\/posts\/45396\/revisions"}],"predecessor-version":[{"id":45406,"href":"https:\/\/matis.is\/en\/wp-json\/wp\/v2\/posts\/45396\/revisions\/45406"}],"wp:featuredmedia":[{"embeddable":true,"href":"https:\/\/matis.is\/en\/wp-json\/wp\/v2\/media\/45407"}],"wp:attachment":[{"href":"https:\/\/matis.is\/en\/wp-json\/wp\/v2\/media?parent=45396"}],"wp:term":[{"taxonomy":"category","embeddable":true,"href":"https:\/\/matis.is\/en\/wp-json\/wp\/v2\/categories?post=45396"},{"taxonomy":"post_tag","embeddable":true,"href":"https:\/\/matis.is\/en\/wp-json\/wp\/v2\/tags?post=45396"}],"curies":[{"name":"wp","href":"https:\/\/api.w.org\/{rel}","templated":true}]}}