{"id":45574,"date":"2022-01-19T15:44:10","date_gmt":"2022-01-19T15:44:10","guid":{"rendered":"https:\/\/matis.is\/?p=45574"},"modified":"2022-01-19T15:44:35","modified_gmt":"2022-01-19T15:44:35","slug":"verndandi-arfgerdin-arr-loksins-fundin-i-islensku-saudfe","status":"publish","type":"post","link":"https:\/\/matis.is\/en\/frettir\/verndandi-arfgerdin-arr-loksins-fundin-i-islensku-saudfe\/","title":{"rendered":"The protective genotype ARR was finally found in Icelandic sheep"},"content":{"rendered":"<h4 class=\"wp-block-heading\">The recognized protective genotype against scrapie in sheep, ARR, has now been found for the first time in an Icelandic sheep. This is a great meeting because this is a genotype that is internationally recognized as a protector and has been worked on in many parts of Europe to eradicate horseradish with good results. <\/h4>\n\n\n\n<p>The genotype has never before been found in sheep in Iceland, despite extensive searches. Mat\u00eds has been offering scrub gene analysis since 2004. Mat\u00eds has traditionally sequenced the scraping gene in about 3,500 sheep and never before found this variability. Specialists at the University of Iceland Laboratory of Pathology at Keldur have also conducted a systematic search for this genotype for years.<\/p>\n\n\n\n<p>Mat\u00eds received samples for analysis from an extensive research project carried out by RML, the University of Iceland Laboratory of Pathology at Keldur and Kar\u00f3l\u00edna El\u00edsabetard\u00f3ttir, a sheep farmer in Hvammshl\u00ed\u00f0. The analyzes confirmed the previous result, but at the same time four additional related artefacts were found on the farm that carry this genotype.<\/p>\n\n\n\n<p>Mat\u00eds is currently working in collaboration with Stefan\u00eda \u00deorgeirsd\u00f3ttir, a specialist at the University of Iceland&#039;s Experimental Center for Pathology at Keldur, on the introduction of new methods for diagnosing the scraping gene. The aim of the study is twofold. First, to add more genetic sites to the regular analysis, including the newly discovered protective genotype (site 171) and possibly more variable sites within the scraping gene. Secondly, ways will be sought to increase the efficiency and capacity of scrapie analyzes, with the aim of reducing the cost of analyzes so that it will be possible to reduce the price of analyzes to farmers.<\/p>\n\n\n\n<p><strong>More information about this remarkable discovery can be found on the RML website: <a href=\"https:\/\/www.rml.is\/is\/starfsemi\/frettir\/verndandi-arfgerdin-arr-fundin\">Protective genotype ARR found<\/a><\/strong><\/p>","protected":false},"excerpt":{"rendered":"<p>Hin vi\u00f0urkennda verndandi arfger\u00f0 gegn ri\u00f0uveiki \u00ed sau\u00f0f\u00e9, ARR, hefur n\u00fa fundist \u00ed fyrsta sinn \u00ed \u00edslenskri kind. \u00deetta er [&hellip;]<\/p>\n","protected":false},"author":1,"featured_media":45053,"comment_status":"closed","ping_status":"closed","sticky":false,"template":"templates\/template-cover.php","format":"standard","meta":{"_acf_changed":false,"_uag_custom_page_level_css":"","site-sidebar-layout":"default","site-content-layout":"","ast-site-content-layout":"default","site-content-style":"default","site-sidebar-style":"default","ast-global-header-display":"","ast-banner-title-visibility":"","ast-main-header-display":"","ast-hfb-above-header-display":"","ast-hfb-below-header-display":"","ast-hfb-mobile-header-display":"","site-post-title":"","ast-breadcrumbs-content":"","ast-featured-img":"","footer-sml-layout":"","ast-disable-related-posts":"","theme-transparent-header-meta":"","adv-header-id-meta":"","stick-header-meta":"","header-above-stick-meta":"","header-main-stick-meta":"","header-below-stick-meta":"","astra-migrate-meta-layouts":"default","ast-page-background-enabled":"default","ast-page-background-meta":{"desktop":{"background-color":"var(--ast-global-color-5)","background-image":"","background-repeat":"repeat","background-position":"center center","background-size":"auto","background-attachment":"scroll","background-type":"","background-media":"","overlay-type":"","overlay-color":"","overlay-opacity":"","overlay-gradient":""},"tablet":{"background-color":"","background-image":"","background-repeat":"repeat","background-position":"center center","background-size":"auto","background-attachment":"scroll","background-type":"","background-media":"","overlay-type":"","overlay-color":"","overlay-opacity":"","overlay-gradient":""},"mobile":{"background-color":"","background-image":"","background-repeat":"repeat","background-position":"center center","background-size":"auto","background-attachment":"scroll","background-type":"","background-media":"","overlay-type":"","overlay-color":"","overlay-opacity":"","overlay-gradient":""}},"ast-content-background-meta":{"desktop":{"background-color":"var(--ast-global-color-4)","background-image":"","background-repeat":"repeat","background-position":"center center","background-size":"auto","background-attachment":"scroll","background-type":"","background-media":"","overlay-type":"","overlay-color":"","overlay-opacity":"","overlay-gradient":""},"tablet":{"background-color":"var(--ast-global-color-4)","background-image":"","background-repeat":"repeat","background-position":"center center","background-size":"auto","background-attachment":"scroll","background-type":"","background-media":"","overlay-type":"","overlay-color":"","overlay-opacity":"","overlay-gradient":""},"mobile":{"background-color":"var(--ast-global-color-4)","background-image":"","background-repeat":"repeat","background-position":"center center","background-size":"auto","background-attachment":"scroll","background-type":"","background-media":"","overlay-type":"","overlay-color":"","overlay-opacity":"","overlay-gradient":""}},"footnotes":""},"categories":[1973],"tags":[],"class_list":["post-45574","post","type-post","status-publish","format-standard","has-post-thumbnail","hentry","category-frettir"],"acf":[],"yoast_head":"<!-- This site is optimized with the Yoast SEO plugin v27.4 - https:\/\/yoast.com\/product\/yoast-seo-wordpress\/ -->\n<title>Verndandi arfger\u00f0in ARR loksins fundin \u00ed \u00edslensku sau\u00f0f\u00e9 - Mat\u00eds<\/title>\n<meta name=\"robots\" content=\"index, follow, max-snippet:-1, max-image-preview:large, max-video-preview:-1\" \/>\n<link rel=\"canonical\" href=\"https:\/\/matis.is\/en\/frettir\/verndandi-arfgerdin-arr-loksins-fundin-i-islensku-saudfe\/\" \/>\n<meta property=\"og:locale\" content=\"en_GB\" \/>\n<meta property=\"og:type\" content=\"article\" \/>\n<meta property=\"og:title\" content=\"Verndandi arfger\u00f0in ARR loksins fundin \u00ed \u00edslensku sau\u00f0f\u00e9 - Mat\u00eds\" \/>\n<meta property=\"og:description\" content=\"Hin vi\u00f0urkennda verndandi arfger\u00f0 gegn ri\u00f0uveiki \u00ed sau\u00f0f\u00e9, ARR, hefur n\u00fa fundist \u00ed fyrsta sinn \u00ed \u00edslenskri kind. \u00deetta er [&hellip;]\" \/>\n<meta property=\"og:url\" content=\"https:\/\/matis.is\/en\/frettir\/verndandi-arfgerdin-arr-loksins-fundin-i-islensku-saudfe\/\" \/>\n<meta property=\"og:site_name\" content=\"Mat\u00eds\" \/>\n<meta property=\"article:publisher\" content=\"https:\/\/www.facebook.com\/matisiceland\" \/>\n<meta property=\"article:published_time\" content=\"2022-01-19T15:44:10+00:00\" \/>\n<meta property=\"article:modified_time\" content=\"2022-01-19T15:44:35+00:00\" \/>\n<meta property=\"og:image\" content=\"https:\/\/matis.is\/wp-content\/uploads\/Kindur-a-fjalli-minni.jpg\" \/>\n\t<meta property=\"og:image:width\" content=\"2449\" \/>\n\t<meta property=\"og:image:height\" content=\"1632\" \/>\n\t<meta property=\"og:image:type\" content=\"image\/jpeg\" \/>\n<meta name=\"author\" content=\"admin\" \/>\n<meta name=\"twitter:card\" content=\"summary_large_image\" \/>\n<meta name=\"twitter:creator\" content=\"@matisiceland\" \/>\n<meta name=\"twitter:site\" content=\"@matisiceland\" \/>\n<meta name=\"twitter:label1\" content=\"Written by\" \/>\n\t<meta name=\"twitter:data1\" content=\"admin\" \/>\n\t<meta name=\"twitter:label2\" content=\"Estimated reading time\" \/>\n\t<meta name=\"twitter:data2\" content=\"2 minutes\" \/>\n<script type=\"application\/ld+json\" class=\"yoast-schema-graph\">{\"@context\":\"https:\\\/\\\/schema.org\",\"@graph\":[{\"@type\":\"Article\",\"@id\":\"https:\\\/\\\/matis.is\\\/frettir\\\/verndandi-arfgerdin-arr-loksins-fundin-i-islensku-saudfe\\\/#article\",\"isPartOf\":{\"@id\":\"https:\\\/\\\/matis.is\\\/frettir\\\/verndandi-arfgerdin-arr-loksins-fundin-i-islensku-saudfe\\\/\"},\"author\":{\"name\":\"admin\",\"@id\":\"https:\\\/\\\/matis.is\\\/#\\\/schema\\\/person\\\/33b92c850c915c93e67f291e3381a49a\"},\"headline\":\"Verndandi arfger\u00f0in ARR loksins fundin \u00ed \u00edslensku sau\u00f0f\u00e9\",\"datePublished\":\"2022-01-19T15:44:10+00:00\",\"dateModified\":\"2022-01-19T15:44:35+00:00\",\"mainEntityOfPage\":{\"@id\":\"https:\\\/\\\/matis.is\\\/frettir\\\/verndandi-arfgerdin-arr-loksins-fundin-i-islensku-saudfe\\\/\"},\"wordCount\":329,\"publisher\":{\"@id\":\"https:\\\/\\\/matis.is\\\/#organization\"},\"image\":{\"@id\":\"https:\\\/\\\/matis.is\\\/frettir\\\/verndandi-arfgerdin-arr-loksins-fundin-i-islensku-saudfe\\\/#primaryimage\"},\"thumbnailUrl\":\"https:\\\/\\\/matis.is\\\/wp-content\\\/uploads\\\/Kindur-a-fjalli-minni.jpg\",\"articleSection\":[\"Fr\u00e9ttir\"],\"inLanguage\":\"en-GB\"},{\"@type\":\"WebPage\",\"@id\":\"https:\\\/\\\/matis.is\\\/frettir\\\/verndandi-arfgerdin-arr-loksins-fundin-i-islensku-saudfe\\\/\",\"url\":\"https:\\\/\\\/matis.is\\\/frettir\\\/verndandi-arfgerdin-arr-loksins-fundin-i-islensku-saudfe\\\/\",\"name\":\"Verndandi arfger\u00f0in ARR loksins fundin \u00ed \u00edslensku sau\u00f0f\u00e9 - Mat\u00eds\",\"isPartOf\":{\"@id\":\"https:\\\/\\\/matis.is\\\/#website\"},\"primaryImageOfPage\":{\"@id\":\"https:\\\/\\\/matis.is\\\/frettir\\\/verndandi-arfgerdin-arr-loksins-fundin-i-islensku-saudfe\\\/#primaryimage\"},\"image\":{\"@id\":\"https:\\\/\\\/matis.is\\\/frettir\\\/verndandi-arfgerdin-arr-loksins-fundin-i-islensku-saudfe\\\/#primaryimage\"},\"thumbnailUrl\":\"https:\\\/\\\/matis.is\\\/wp-content\\\/uploads\\\/Kindur-a-fjalli-minni.jpg\",\"datePublished\":\"2022-01-19T15:44:10+00:00\",\"dateModified\":\"2022-01-19T15:44:35+00:00\",\"breadcrumb\":{\"@id\":\"https:\\\/\\\/matis.is\\\/frettir\\\/verndandi-arfgerdin-arr-loksins-fundin-i-islensku-saudfe\\\/#breadcrumb\"},\"inLanguage\":\"en-GB\",\"potentialAction\":[{\"@type\":\"ReadAction\",\"target\":[\"https:\\\/\\\/matis.is\\\/frettir\\\/verndandi-arfgerdin-arr-loksins-fundin-i-islensku-saudfe\\\/\"]}]},{\"@type\":\"ImageObject\",\"inLanguage\":\"en-GB\",\"@id\":\"https:\\\/\\\/matis.is\\\/frettir\\\/verndandi-arfgerdin-arr-loksins-fundin-i-islensku-saudfe\\\/#primaryimage\",\"url\":\"https:\\\/\\\/matis.is\\\/wp-content\\\/uploads\\\/Kindur-a-fjalli-minni.jpg\",\"contentUrl\":\"https:\\\/\\\/matis.is\\\/wp-content\\\/uploads\\\/Kindur-a-fjalli-minni.jpg\",\"width\":2449,\"height\":1632},{\"@type\":\"BreadcrumbList\",\"@id\":\"https:\\\/\\\/matis.is\\\/frettir\\\/verndandi-arfgerdin-arr-loksins-fundin-i-islensku-saudfe\\\/#breadcrumb\",\"itemListElement\":[{\"@type\":\"ListItem\",\"position\":1,\"name\":\"Home\",\"item\":\"https:\\\/\\\/matis.is\\\/\"},{\"@type\":\"ListItem\",\"position\":2,\"name\":\"Verndandi arfger\u00f0in ARR loksins fundin \u00ed \u00edslensku sau\u00f0f\u00e9\"}]},{\"@type\":\"WebSite\",\"@id\":\"https:\\\/\\\/matis.is\\\/#website\",\"url\":\"https:\\\/\\\/matis.is\\\/\",\"name\":\"Mat\u00eds\",\"description\":\"Ver\u00f0m\u00e6task\u00f6pun, matv\u00e6la\u00f6ryggi og l\u00fd\u00f0heilsa\",\"publisher\":{\"@id\":\"https:\\\/\\\/matis.is\\\/#organization\"},\"potentialAction\":[{\"@type\":\"SearchAction\",\"target\":{\"@type\":\"EntryPoint\",\"urlTemplate\":\"https:\\\/\\\/matis.is\\\/?s={search_term_string}\"},\"query-input\":{\"@type\":\"PropertyValueSpecification\",\"valueRequired\":true,\"valueName\":\"search_term_string\"}}],\"inLanguage\":\"en-GB\"},{\"@type\":\"Organization\",\"@id\":\"https:\\\/\\\/matis.is\\\/#organization\",\"name\":\"Mat\u00eds ohf.\",\"url\":\"https:\\\/\\\/matis.is\\\/\",\"logo\":{\"@type\":\"ImageObject\",\"inLanguage\":\"en-GB\",\"@id\":\"https:\\\/\\\/matis.is\\\/#\\\/schema\\\/logo\\\/image\\\/\",\"url\":\"https:\\\/\\\/matis.is\\\/wp-content\\\/uploads\\\/2021\\\/02\\\/matis_logo_blatthvitt.png\",\"contentUrl\":\"https:\\\/\\\/matis.is\\\/wp-content\\\/uploads\\\/2021\\\/02\\\/matis_logo_blatthvitt.png\",\"width\":1507,\"height\":1507,\"caption\":\"Mat\u00eds ohf.\"},\"image\":{\"@id\":\"https:\\\/\\\/matis.is\\\/#\\\/schema\\\/logo\\\/image\\\/\"},\"sameAs\":[\"https:\\\/\\\/www.facebook.com\\\/matisiceland\",\"https:\\\/\\\/x.com\\\/matisiceland\",\"https:\\\/\\\/www.instagram.com\\\/matisiceland\\\/\",\"https:\\\/\\\/www.linkedin.com\\\/matisiceland\\\/\",\"https:\\\/\\\/www.youtube.com\\\/channel\\\/UCY-frt3uTqgVZW-DLjoo5bA\"]},{\"@type\":\"Person\",\"@id\":\"https:\\\/\\\/matis.is\\\/#\\\/schema\\\/person\\\/33b92c850c915c93e67f291e3381a49a\",\"name\":\"admin\",\"sameAs\":[\"https:\\\/\\\/matis.mareframe.eu\"],\"url\":\"https:\\\/\\\/matis.is\\\/en\\\/author\\\/thormodurmatis-is\\\/\"}]}<\/script>\n<!-- \/ Yoast SEO plugin. -->","yoast_head_json":{"title":"The protective genotype ARR finally found in Icelandic sheep - Mat\u00eds","robots":{"index":"index","follow":"follow","max-snippet":"max-snippet:-1","max-image-preview":"max-image-preview:large","max-video-preview":"max-video-preview:-1"},"canonical":"https:\/\/matis.is\/en\/frettir\/verndandi-arfgerdin-arr-loksins-fundin-i-islensku-saudfe\/","og_locale":"en_GB","og_type":"article","og_title":"Verndandi arfger\u00f0in ARR loksins fundin \u00ed \u00edslensku sau\u00f0f\u00e9 - Mat\u00eds","og_description":"Hin vi\u00f0urkennda verndandi arfger\u00f0 gegn ri\u00f0uveiki \u00ed sau\u00f0f\u00e9, ARR, hefur n\u00fa fundist \u00ed fyrsta sinn \u00ed \u00edslenskri kind. \u00deetta er [&hellip;]","og_url":"https:\/\/matis.is\/en\/frettir\/verndandi-arfgerdin-arr-loksins-fundin-i-islensku-saudfe\/","og_site_name":"Mat\u00eds","article_publisher":"https:\/\/www.facebook.com\/matisiceland","article_published_time":"2022-01-19T15:44:10+00:00","article_modified_time":"2022-01-19T15:44:35+00:00","og_image":[{"width":2449,"height":1632,"url":"https:\/\/matis.is\/wp-content\/uploads\/Kindur-a-fjalli-minni.jpg","type":"image\/jpeg"}],"author":"admin","twitter_card":"summary_large_image","twitter_creator":"@matisiceland","twitter_site":"@matisiceland","twitter_misc":{"Written by":"admin","Estimated reading time":"2 minutes"},"schema":{"@context":"https:\/\/schema.org","@graph":[{"@type":"Article","@id":"https:\/\/matis.is\/frettir\/verndandi-arfgerdin-arr-loksins-fundin-i-islensku-saudfe\/#article","isPartOf":{"@id":"https:\/\/matis.is\/frettir\/verndandi-arfgerdin-arr-loksins-fundin-i-islensku-saudfe\/"},"author":{"name":"admin","@id":"https:\/\/matis.is\/#\/schema\/person\/33b92c850c915c93e67f291e3381a49a"},"headline":"Verndandi arfger\u00f0in ARR loksins fundin \u00ed \u00edslensku sau\u00f0f\u00e9","datePublished":"2022-01-19T15:44:10+00:00","dateModified":"2022-01-19T15:44:35+00:00","mainEntityOfPage":{"@id":"https:\/\/matis.is\/frettir\/verndandi-arfgerdin-arr-loksins-fundin-i-islensku-saudfe\/"},"wordCount":329,"publisher":{"@id":"https:\/\/matis.is\/#organization"},"image":{"@id":"https:\/\/matis.is\/frettir\/verndandi-arfgerdin-arr-loksins-fundin-i-islensku-saudfe\/#primaryimage"},"thumbnailUrl":"https:\/\/matis.is\/wp-content\/uploads\/Kindur-a-fjalli-minni.jpg","articleSection":["Fr\u00e9ttir"],"inLanguage":"en-GB"},{"@type":"WebPage","@id":"https:\/\/matis.is\/frettir\/verndandi-arfgerdin-arr-loksins-fundin-i-islensku-saudfe\/","url":"https:\/\/matis.is\/frettir\/verndandi-arfgerdin-arr-loksins-fundin-i-islensku-saudfe\/","name":"The protective genotype ARR finally found in Icelandic sheep - Mat\u00eds","isPartOf":{"@id":"https:\/\/matis.is\/#website"},"primaryImageOfPage":{"@id":"https:\/\/matis.is\/frettir\/verndandi-arfgerdin-arr-loksins-fundin-i-islensku-saudfe\/#primaryimage"},"image":{"@id":"https:\/\/matis.is\/frettir\/verndandi-arfgerdin-arr-loksins-fundin-i-islensku-saudfe\/#primaryimage"},"thumbnailUrl":"https:\/\/matis.is\/wp-content\/uploads\/Kindur-a-fjalli-minni.jpg","datePublished":"2022-01-19T15:44:10+00:00","dateModified":"2022-01-19T15:44:35+00:00","breadcrumb":{"@id":"https:\/\/matis.is\/frettir\/verndandi-arfgerdin-arr-loksins-fundin-i-islensku-saudfe\/#breadcrumb"},"inLanguage":"en-GB","potentialAction":[{"@type":"ReadAction","target":["https:\/\/matis.is\/frettir\/verndandi-arfgerdin-arr-loksins-fundin-i-islensku-saudfe\/"]}]},{"@type":"ImageObject","inLanguage":"en-GB","@id":"https:\/\/matis.is\/frettir\/verndandi-arfgerdin-arr-loksins-fundin-i-islensku-saudfe\/#primaryimage","url":"https:\/\/matis.is\/wp-content\/uploads\/Kindur-a-fjalli-minni.jpg","contentUrl":"https:\/\/matis.is\/wp-content\/uploads\/Kindur-a-fjalli-minni.jpg","width":2449,"height":1632},{"@type":"BreadcrumbList","@id":"https:\/\/matis.is\/frettir\/verndandi-arfgerdin-arr-loksins-fundin-i-islensku-saudfe\/#breadcrumb","itemListElement":[{"@type":"ListItem","position":1,"name":"Home","item":"https:\/\/matis.is\/"},{"@type":"ListItem","position":2,"name":"Verndandi arfger\u00f0in ARR loksins fundin \u00ed \u00edslensku sau\u00f0f\u00e9"}]},{"@type":"WebSite","@id":"https:\/\/matis.is\/#website","url":"https:\/\/matis.is\/","name":"Mat\u00eds","description":"Value creation, food security and public health","publisher":{"@id":"https:\/\/matis.is\/#organization"},"potentialAction":[{"@type":"SearchAction","target":{"@type":"EntryPoint","urlTemplate":"https:\/\/matis.is\/?s={search_term_string}"},"query-input":{"@type":"PropertyValueSpecification","valueRequired":true,"valueName":"search_term_string"}}],"inLanguage":"en-GB"},{"@type":"Organization","@id":"https:\/\/matis.is\/#organization","name":"Mat\u00eds ohf.","url":"https:\/\/matis.is\/","logo":{"@type":"ImageObject","inLanguage":"en-GB","@id":"https:\/\/matis.is\/#\/schema\/logo\/image\/","url":"https:\/\/matis.is\/wp-content\/uploads\/2021\/02\/matis_logo_blatthvitt.png","contentUrl":"https:\/\/matis.is\/wp-content\/uploads\/2021\/02\/matis_logo_blatthvitt.png","width":1507,"height":1507,"caption":"Mat\u00eds ohf."},"image":{"@id":"https:\/\/matis.is\/#\/schema\/logo\/image\/"},"sameAs":["https:\/\/www.facebook.com\/matisiceland","https:\/\/x.com\/matisiceland","https:\/\/www.instagram.com\/matisiceland\/","https:\/\/www.linkedin.com\/matisiceland\/","https:\/\/www.youtube.com\/channel\/UCY-frt3uTqgVZW-DLjoo5bA"]},{"@type":"Person","@id":"https:\/\/matis.is\/#\/schema\/person\/33b92c850c915c93e67f291e3381a49a","name":"admin","sameAs":["https:\/\/matis.mareframe.eu"],"url":"https:\/\/matis.is\/en\/author\/thormodurmatis-is\/"}]}},"spectra_custom_meta":{"_edit_lock":["1642607075:1"],"_thumbnail_id":["45053"],"_edit_last":["1"],"tengilidur":[""],"_tengilidur":["field_5ef905e0538b2"],"_yoast_wpseo_primary_category":["1973"],"_yoast_wpseo_content_score":["60"],"_yoast_wpseo_estimated-reading-time-minutes":["2"],"_wp_page_template":["templates\/template-cover.php"],"wpmm_postgrid_views":["543"],"_uag_css_file_name":["uag-css-45574.css"],"_uag_page_assets":["a:9:{s:3:\"css\";s:263:\".uag-blocks-common-selector{z-index:var(--z-index-desktop) !important}@media (max-width: 976px){.uag-blocks-common-selector{z-index:var(--z-index-tablet) !important}}@media (max-width: 767px){.uag-blocks-common-selector{z-index:var(--z-index-mobile) !important}}\n\";s:2:\"js\";s:0:\"\";s:18:\"current_block_list\";a:6:{i:0;s:12:\"core\/heading\";i:1;s:14:\"core\/paragraph\";i:2;s:12:\"core\/buttons\";i:3;s:11:\"core\/button\";i:4;s:12:\"core\/columns\";i:5;s:11:\"core\/column\";}s:8:\"uag_flag\";b:0;s:11:\"uag_version\";s:10:\"1777300790\";s:6:\"gfonts\";a:0:{}s:10:\"gfonts_url\";s:0:\"\";s:12:\"gfonts_files\";a:0:{}s:14:\"uag_faq_layout\";b:0;}"]},"uagb_featured_image_src":{"full":["https:\/\/matis.is\/wp-content\/uploads\/Kindur-a-fjalli-minni.jpg",2449,1632,false],"thumbnail":["https:\/\/matis.is\/wp-content\/uploads\/Kindur-a-fjalli-minni-150x150.jpg",150,150,true],"medium":["https:\/\/matis.is\/wp-content\/uploads\/Kindur-a-fjalli-minni-300x200.jpg",300,200,true],"medium_large":["https:\/\/matis.is\/wp-content\/uploads\/Kindur-a-fjalli-minni-768x512.jpg",768,512,true],"large":["https:\/\/matis.is\/wp-content\/uploads\/Kindur-a-fjalli-minni-1024x682.jpg",1024,682,true],"1536x1536":["https:\/\/matis.is\/wp-content\/uploads\/Kindur-a-fjalli-minni-1536x1024.jpg",1536,1024,true],"2048x2048":["https:\/\/matis.is\/wp-content\/uploads\/Kindur-a-fjalli-minni-2048x1365.jpg",2048,1365,true],"trp-custom-language-flag":["https:\/\/matis.is\/wp-content\/uploads\/Kindur-a-fjalli-minni.jpg",18,12,false]},"uagb_author_info":{"display_name":"admin","author_link":"https:\/\/matis.is\/en\/author\/thormodurmatis-is\/"},"uagb_comment_info":0,"uagb_excerpt":"Hin vi\u00f0urkennda verndandi arfger\u00f0 gegn ri\u00f0uveiki \u00ed sau\u00f0f\u00e9, ARR, hefur n\u00fa fundist \u00ed fyrsta sinn \u00ed \u00edslenskri kind. \u00deetta er [&hellip;]","_links":{"self":[{"href":"https:\/\/matis.is\/en\/wp-json\/wp\/v2\/posts\/45574","targetHints":{"allow":["GET"]}}],"collection":[{"href":"https:\/\/matis.is\/en\/wp-json\/wp\/v2\/posts"}],"about":[{"href":"https:\/\/matis.is\/en\/wp-json\/wp\/v2\/types\/post"}],"author":[{"embeddable":true,"href":"https:\/\/matis.is\/en\/wp-json\/wp\/v2\/users\/1"}],"replies":[{"embeddable":true,"href":"https:\/\/matis.is\/en\/wp-json\/wp\/v2\/comments?post=45574"}],"version-history":[{"count":1,"href":"https:\/\/matis.is\/en\/wp-json\/wp\/v2\/posts\/45574\/revisions"}],"predecessor-version":[{"id":45575,"href":"https:\/\/matis.is\/en\/wp-json\/wp\/v2\/posts\/45574\/revisions\/45575"}],"wp:featuredmedia":[{"embeddable":true,"href":"https:\/\/matis.is\/en\/wp-json\/wp\/v2\/media\/45053"}],"wp:attachment":[{"href":"https:\/\/matis.is\/en\/wp-json\/wp\/v2\/media?parent=45574"}],"wp:term":[{"taxonomy":"category","embeddable":true,"href":"https:\/\/matis.is\/en\/wp-json\/wp\/v2\/categories?post=45574"},{"taxonomy":"post_tag","embeddable":true,"href":"https:\/\/matis.is\/en\/wp-json\/wp\/v2\/tags?post=45574"}],"curies":[{"name":"wp","href":"https:\/\/api.w.org\/{rel}","templated":true}]}}