{"id":45649,"date":"2022-02-11T14:09:30","date_gmt":"2022-02-11T14:09:30","guid":{"rendered":"https:\/\/matis.is\/?p=45649"},"modified":"2022-02-11T14:41:35","modified_gmt":"2022-02-11T14:41:35","slug":"verkefnid-krakkakropp-tilnefnt-til-nyskopunarverdlauna-forseta-islands","status":"publish","type":"post","link":"https:\/\/matis.is\/en\/frettir\/verkefnid-krakkakropp-tilnefnt-til-nyskopunarverdlauna-forseta-islands\/","title":{"rendered":"The Krakkakropp project nominated for the President of Iceland&#039;s Innovation Award"},"content":{"rendered":"<h4 class=\"wp-block-heading\">The Krakkakropp project was nominated for the President of Iceland&#039;s Innovation Award. The project was funded by the Student Innovation Fund and was carried out in connection with the project <a href=\"https:\/\/matis.is\/en\/matis_projects\/baett-gaedi-geymsluthol-og-minni-soun-i-virdiskedju-islensks-graenmetis\/\">&quot;Improved quality, shelf life and less waste in the vegetable value chain&quot;<\/a> at Mat\u00eds. Krakkakropp is ready-made baby food made from Icelandic vegetables.<\/h4>\n\n\n\n<p>The project was carried out by Arnkel Arason, Sigr\u00fan Anna Magn\u00fasd\u00f3ttir and Vaka Mar Valsd\u00f3ttir, students in food science at the School of Health Sciences at the University of Iceland. The supervisor was \u00d3lafur Reykdal, project manager at Mat\u00eds.<\/p>\n\n\n\n<p>The President of Iceland&#039;s Innovation Award was presented on 10 February. The award went to the project &quot;<a href=\"https:\/\/www.rannis.is\/frettir\/nyskopunarverdlaun-forseta-islands-2022\">Better intensive care with a data monitor<\/a>. &quot;<\/p>\n\n\n\n<p>The President of Iceland&#039;s Innovation Award is given annually to those students who have done outstanding work in solving a project that was funded by the Student Innovation Fund the previous summer.&nbsp; <\/p>\n\n\n\n<p>Krakkakropp was among 6 projects nominated for the award and received special recognition. This is considered a very good result as a number of projects were considered. Following the project, students have now founded the company Sifmar ehf. The company has also received additional grants, students have participated in business and marketing accelerations and Landsvirkjun has invested in the company.<\/p>\n\n\n\n<figure class=\"wp-block-image size-full\"><img loading=\"lazy\" decoding=\"async\" width=\"950\" height=\"634\" src=\"https:\/\/matis.is\/wp-content\/uploads\/Krakkakropp_Bessastadir.jpg\" alt=\"\" class=\"wp-image-45650\" srcset=\"https:\/\/matis.is\/wp-content\/uploads\/Krakkakropp_Bessastadir.jpg 950w, https:\/\/matis.is\/wp-content\/uploads\/Krakkakropp_Bessastadir-300x200.jpg 300w, https:\/\/matis.is\/wp-content\/uploads\/Krakkakropp_Bessastadir-768x513.jpg 768w, https:\/\/matis.is\/wp-content\/uploads\/Krakkakropp_Bessastadir-18x12.jpg 18w\" sizes=\"auto, (max-width: 950px) 100vw, 950px\" \/><figcaption>Vaka Mar Valsd\u00f3ttir, Sigr\u00fan Anna Magn\u00fasd\u00f3ttir and Arnkell Arason receive awards for the outstanding project &quot;Krakkakropp.&quot; Photo \/ Arnar Valdimarsson.<\/figcaption><\/figure>\n\n\n\n<h4 class=\"wp-block-heading\">Further information about the project:<\/h4>\n\n\n\n<p><strong>Krakkakreistur and Krakkakropp: Icelandic baby food.<\/strong><\/p>\n\n\n\n<p>The project was carried out by Vaka Mar Valsd\u00f3ttir, Sigr\u00fan Anna Magn\u00fasd\u00f3ttir and Arnkel Arason, students in food science at the School of Health Sciences at the University of Iceland. The supervisor was \u00d3lafur Reykdal, project manager at Mat\u00eds. The trigger for the project was a big hole in the market, but at the moment no ready-made Icelandic baby food is available. At the same time, imports of foreign baby food increase by hundreds of tonnes annually.<\/p>\n\n\n\n<p>Iceland has green energy, sustainable production, clean water, excellent raw materials and the negligible use of pesticides in vegetable production. Therefore, we in Iceland have full capacity to produce good and healthy baby food for our children.<\/p>\n\n\n\n<p>The students&#039; ideal was to use their learning experience to develop prototypes of Icelandic baby food that could be produced responsibly with environmental considerations and hygiene in the forefront. Children&#039;s public health is an urgent problem, but approx. a quarter of Icelandic children measure their ideal weight. It is therefore important to respond with healthy and suitable solutions for families with children. Food waste has a huge impact on climate change, but about 45% of the world&#039;s vegetables are considered to be wasted. In collaboration with S\u00f6luf\u00e9lag gar\u00f0yrkjumanna, the students developed baby food from, among other things, vegetables that are either too small, too big, curved or broken. Such vegetables would not be useful in traditional sale products but are otherwise of perfect quality and therefore ideal for the production of mashed and dried baby food.<\/p>\n\n\n\n<blockquote class=\"wp-block-quote is-layout-flow wp-block-quote-is-layout-flow\"><p>At the end of the project, five prototypes remained <em>Kids&#039; circles <\/em>- suitable baby food in bags and three prototypes of <em>Kids body <\/em>- pediatric nasal congestion.<\/p><\/blockquote>\n\n\n\n<p>Following the project, students have now founded the company Sifmar ehf. The company has also received additional grants, students have participated in business and marketing accelerations and Landsvirkjun has invested in the company. During the day at Sifmar ehf. is an ongoing financing process so that safer and more environmentally friendly production can be offered in this country.<\/p>\n\n\n\n<p>It can therefore be said with truth that Icelandic production, sustainability, children&#039;s public health, combating food waste, positive environmental impact, agriculture and technological development are all issues that affect the project and go hand in hand with the United Nations&#039; global goals.<\/p>","protected":false},"excerpt":{"rendered":"<p>Verkefni\u00f0 Krakkakropp var tilnefnt til N\u00fdsk\u00f6punarver\u00f0launa forseta \u00cdslands. Verkefni\u00f0 var styrkt af N\u00fdsk\u00f6punarsj\u00f3\u00f0i n\u00e1msmanna og var unni\u00f0 \u00ed tengslum vi\u00f0 [&hellip;]<\/p>\n","protected":false},"author":1,"featured_media":45654,"comment_status":"closed","ping_status":"closed","sticky":false,"template":"templates\/template-cover.php","format":"standard","meta":{"_acf_changed":false,"_uag_custom_page_level_css":"","site-sidebar-layout":"default","site-content-layout":"","ast-site-content-layout":"default","site-content-style":"default","site-sidebar-style":"default","ast-global-header-display":"","ast-banner-title-visibility":"","ast-main-header-display":"","ast-hfb-above-header-display":"","ast-hfb-below-header-display":"","ast-hfb-mobile-header-display":"","site-post-title":"","ast-breadcrumbs-content":"","ast-featured-img":"","footer-sml-layout":"","ast-disable-related-posts":"","theme-transparent-header-meta":"","adv-header-id-meta":"","stick-header-meta":"","header-above-stick-meta":"","header-main-stick-meta":"","header-below-stick-meta":"","astra-migrate-meta-layouts":"default","ast-page-background-enabled":"default","ast-page-background-meta":{"desktop":{"background-color":"var(--ast-global-color-5)","background-image":"","background-repeat":"repeat","background-position":"center center","background-size":"auto","background-attachment":"scroll","background-type":"","background-media":"","overlay-type":"","overlay-color":"","overlay-opacity":"","overlay-gradient":""},"tablet":{"background-color":"","background-image":"","background-repeat":"repeat","background-position":"center center","background-size":"auto","background-attachment":"scroll","background-type":"","background-media":"","overlay-type":"","overlay-color":"","overlay-opacity":"","overlay-gradient":""},"mobile":{"background-color":"","background-image":"","background-repeat":"repeat","background-position":"center center","background-size":"auto","background-attachment":"scroll","background-type":"","background-media":"","overlay-type":"","overlay-color":"","overlay-opacity":"","overlay-gradient":""}},"ast-content-background-meta":{"desktop":{"background-color":"var(--ast-global-color-4)","background-image":"","background-repeat":"repeat","background-position":"center center","background-size":"auto","background-attachment":"scroll","background-type":"","background-media":"","overlay-type":"","overlay-color":"","overlay-opacity":"","overlay-gradient":""},"tablet":{"background-color":"var(--ast-global-color-4)","background-image":"","background-repeat":"repeat","background-position":"center center","background-size":"auto","background-attachment":"scroll","background-type":"","background-media":"","overlay-type":"","overlay-color":"","overlay-opacity":"","overlay-gradient":""},"mobile":{"background-color":"var(--ast-global-color-4)","background-image":"","background-repeat":"repeat","background-position":"center center","background-size":"auto","background-attachment":"scroll","background-type":"","background-media":"","overlay-type":"","overlay-color":"","overlay-opacity":"","overlay-gradient":""}},"footnotes":""},"categories":[1973],"tags":[],"class_list":["post-45649","post","type-post","status-publish","format-standard","has-post-thumbnail","hentry","category-frettir"],"acf":[],"yoast_head":"<!-- This site is optimized with the Yoast SEO plugin v27.4 - https:\/\/yoast.com\/product\/yoast-seo-wordpress\/ -->\n<title>Verkefni\u00f0 Krakkakropp tilnefnt til N\u00fdsk\u00f6punarver\u00f0launa forseta \u00cdslands - Mat\u00eds<\/title>\n<meta name=\"robots\" content=\"index, follow, max-snippet:-1, max-image-preview:large, max-video-preview:-1\" \/>\n<link rel=\"canonical\" href=\"https:\/\/matis.is\/en\/frettir\/verkefnid-krakkakropp-tilnefnt-til-nyskopunarverdlauna-forseta-islands\/\" \/>\n<meta property=\"og:locale\" content=\"en_GB\" \/>\n<meta property=\"og:type\" content=\"article\" \/>\n<meta property=\"og:title\" content=\"Verkefni\u00f0 Krakkakropp tilnefnt til N\u00fdsk\u00f6punarver\u00f0launa forseta \u00cdslands - Mat\u00eds\" \/>\n<meta property=\"og:description\" content=\"Verkefni\u00f0 Krakkakropp var tilnefnt til N\u00fdsk\u00f6punarver\u00f0launa forseta \u00cdslands. Verkefni\u00f0 var styrkt af N\u00fdsk\u00f6punarsj\u00f3\u00f0i n\u00e1msmanna og var unni\u00f0 \u00ed tengslum vi\u00f0 [&hellip;]\" \/>\n<meta property=\"og:url\" content=\"https:\/\/matis.is\/en\/frettir\/verkefnid-krakkakropp-tilnefnt-til-nyskopunarverdlauna-forseta-islands\/\" \/>\n<meta property=\"og:site_name\" content=\"Mat\u00eds\" \/>\n<meta property=\"article:publisher\" content=\"https:\/\/www.facebook.com\/matisiceland\" \/>\n<meta property=\"article:published_time\" content=\"2022-02-11T14:09:30+00:00\" \/>\n<meta property=\"article:modified_time\" content=\"2022-02-11T14:41:35+00:00\" \/>\n<meta property=\"og:image\" content=\"https:\/\/matis.is\/wp-content\/uploads\/\/2.png\" \/>\n\t<meta property=\"og:image:width\" content=\"2560\" \/>\n\t<meta property=\"og:image:height\" content=\"1280\" \/>\n\t<meta property=\"og:image:type\" content=\"image\/png\" \/>\n<meta name=\"author\" content=\"admin\" \/>\n<meta name=\"twitter:card\" content=\"summary_large_image\" \/>\n<meta name=\"twitter:creator\" content=\"@matisiceland\" \/>\n<meta name=\"twitter:site\" content=\"@matisiceland\" \/>\n<meta name=\"twitter:label1\" content=\"Written by\" \/>\n\t<meta name=\"twitter:data1\" content=\"admin\" \/>\n\t<meta name=\"twitter:label2\" content=\"Estimated reading time\" \/>\n\t<meta name=\"twitter:data2\" content=\"3 minutes\" \/>\n<script type=\"application\/ld+json\" class=\"yoast-schema-graph\">{\"@context\":\"https:\\\/\\\/schema.org\",\"@graph\":[{\"@type\":\"Article\",\"@id\":\"https:\\\/\\\/matis.is\\\/frettir\\\/verkefnid-krakkakropp-tilnefnt-til-nyskopunarverdlauna-forseta-islands\\\/#article\",\"isPartOf\":{\"@id\":\"https:\\\/\\\/matis.is\\\/frettir\\\/verkefnid-krakkakropp-tilnefnt-til-nyskopunarverdlauna-forseta-islands\\\/\"},\"author\":{\"name\":\"admin\",\"@id\":\"https:\\\/\\\/matis.is\\\/#\\\/schema\\\/person\\\/33b92c850c915c93e67f291e3381a49a\"},\"headline\":\"Verkefni\u00f0 Krakkakropp tilnefnt til N\u00fdsk\u00f6punarver\u00f0launa forseta \u00cdslands\",\"datePublished\":\"2022-02-11T14:09:30+00:00\",\"dateModified\":\"2022-02-11T14:41:35+00:00\",\"mainEntityOfPage\":{\"@id\":\"https:\\\/\\\/matis.is\\\/frettir\\\/verkefnid-krakkakropp-tilnefnt-til-nyskopunarverdlauna-forseta-islands\\\/\"},\"wordCount\":677,\"publisher\":{\"@id\":\"https:\\\/\\\/matis.is\\\/#organization\"},\"image\":{\"@id\":\"https:\\\/\\\/matis.is\\\/frettir\\\/verkefnid-krakkakropp-tilnefnt-til-nyskopunarverdlauna-forseta-islands\\\/#primaryimage\"},\"thumbnailUrl\":\"https:\\\/\\\/matis.is\\\/wp-content\\\/uploads\\\/\\\/2.png\",\"articleSection\":[\"Fr\u00e9ttir\"],\"inLanguage\":\"en-GB\"},{\"@type\":\"WebPage\",\"@id\":\"https:\\\/\\\/matis.is\\\/frettir\\\/verkefnid-krakkakropp-tilnefnt-til-nyskopunarverdlauna-forseta-islands\\\/\",\"url\":\"https:\\\/\\\/matis.is\\\/frettir\\\/verkefnid-krakkakropp-tilnefnt-til-nyskopunarverdlauna-forseta-islands\\\/\",\"name\":\"Verkefni\u00f0 Krakkakropp tilnefnt til N\u00fdsk\u00f6punarver\u00f0launa forseta \u00cdslands - Mat\u00eds\",\"isPartOf\":{\"@id\":\"https:\\\/\\\/matis.is\\\/#website\"},\"primaryImageOfPage\":{\"@id\":\"https:\\\/\\\/matis.is\\\/frettir\\\/verkefnid-krakkakropp-tilnefnt-til-nyskopunarverdlauna-forseta-islands\\\/#primaryimage\"},\"image\":{\"@id\":\"https:\\\/\\\/matis.is\\\/frettir\\\/verkefnid-krakkakropp-tilnefnt-til-nyskopunarverdlauna-forseta-islands\\\/#primaryimage\"},\"thumbnailUrl\":\"https:\\\/\\\/matis.is\\\/wp-content\\\/uploads\\\/\\\/2.png\",\"datePublished\":\"2022-02-11T14:09:30+00:00\",\"dateModified\":\"2022-02-11T14:41:35+00:00\",\"breadcrumb\":{\"@id\":\"https:\\\/\\\/matis.is\\\/frettir\\\/verkefnid-krakkakropp-tilnefnt-til-nyskopunarverdlauna-forseta-islands\\\/#breadcrumb\"},\"inLanguage\":\"en-GB\",\"potentialAction\":[{\"@type\":\"ReadAction\",\"target\":[\"https:\\\/\\\/matis.is\\\/frettir\\\/verkefnid-krakkakropp-tilnefnt-til-nyskopunarverdlauna-forseta-islands\\\/\"]}]},{\"@type\":\"ImageObject\",\"inLanguage\":\"en-GB\",\"@id\":\"https:\\\/\\\/matis.is\\\/frettir\\\/verkefnid-krakkakropp-tilnefnt-til-nyskopunarverdlauna-forseta-islands\\\/#primaryimage\",\"url\":\"https:\\\/\\\/matis.is\\\/wp-content\\\/uploads\\\/\\\/2.png\",\"contentUrl\":\"https:\\\/\\\/matis.is\\\/wp-content\\\/uploads\\\/\\\/2.png\",\"width\":2560,\"height\":1280},{\"@type\":\"BreadcrumbList\",\"@id\":\"https:\\\/\\\/matis.is\\\/frettir\\\/verkefnid-krakkakropp-tilnefnt-til-nyskopunarverdlauna-forseta-islands\\\/#breadcrumb\",\"itemListElement\":[{\"@type\":\"ListItem\",\"position\":1,\"name\":\"Home\",\"item\":\"https:\\\/\\\/matis.is\\\/\"},{\"@type\":\"ListItem\",\"position\":2,\"name\":\"Verkefni\u00f0 Krakkakropp tilnefnt til N\u00fdsk\u00f6punarver\u00f0launa forseta \u00cdslands\"}]},{\"@type\":\"WebSite\",\"@id\":\"https:\\\/\\\/matis.is\\\/#website\",\"url\":\"https:\\\/\\\/matis.is\\\/\",\"name\":\"Mat\u00eds\",\"description\":\"Ver\u00f0m\u00e6task\u00f6pun, matv\u00e6la\u00f6ryggi og l\u00fd\u00f0heilsa\",\"publisher\":{\"@id\":\"https:\\\/\\\/matis.is\\\/#organization\"},\"potentialAction\":[{\"@type\":\"SearchAction\",\"target\":{\"@type\":\"EntryPoint\",\"urlTemplate\":\"https:\\\/\\\/matis.is\\\/?s={search_term_string}\"},\"query-input\":{\"@type\":\"PropertyValueSpecification\",\"valueRequired\":true,\"valueName\":\"search_term_string\"}}],\"inLanguage\":\"en-GB\"},{\"@type\":\"Organization\",\"@id\":\"https:\\\/\\\/matis.is\\\/#organization\",\"name\":\"Mat\u00eds ohf.\",\"url\":\"https:\\\/\\\/matis.is\\\/\",\"logo\":{\"@type\":\"ImageObject\",\"inLanguage\":\"en-GB\",\"@id\":\"https:\\\/\\\/matis.is\\\/#\\\/schema\\\/logo\\\/image\\\/\",\"url\":\"https:\\\/\\\/matis.is\\\/wp-content\\\/uploads\\\/2021\\\/02\\\/matis_logo_blatthvitt.png\",\"contentUrl\":\"https:\\\/\\\/matis.is\\\/wp-content\\\/uploads\\\/2021\\\/02\\\/matis_logo_blatthvitt.png\",\"width\":1507,\"height\":1507,\"caption\":\"Mat\u00eds ohf.\"},\"image\":{\"@id\":\"https:\\\/\\\/matis.is\\\/#\\\/schema\\\/logo\\\/image\\\/\"},\"sameAs\":[\"https:\\\/\\\/www.facebook.com\\\/matisiceland\",\"https:\\\/\\\/x.com\\\/matisiceland\",\"https:\\\/\\\/www.instagram.com\\\/matisiceland\\\/\",\"https:\\\/\\\/www.linkedin.com\\\/matisiceland\\\/\",\"https:\\\/\\\/www.youtube.com\\\/channel\\\/UCY-frt3uTqgVZW-DLjoo5bA\"]},{\"@type\":\"Person\",\"@id\":\"https:\\\/\\\/matis.is\\\/#\\\/schema\\\/person\\\/33b92c850c915c93e67f291e3381a49a\",\"name\":\"admin\",\"sameAs\":[\"https:\\\/\\\/matis.mareframe.eu\"],\"url\":\"https:\\\/\\\/matis.is\\\/en\\\/author\\\/thormodurmatis-is\\\/\"}]}<\/script>\n<!-- \/ Yoast SEO plugin. -->","yoast_head_json":{"title":"The Krakkakropp project nominated for the President of Iceland&#039;s Innovation Award - Mat\u00eds","robots":{"index":"index","follow":"follow","max-snippet":"max-snippet:-1","max-image-preview":"max-image-preview:large","max-video-preview":"max-video-preview:-1"},"canonical":"https:\/\/matis.is\/en\/frettir\/verkefnid-krakkakropp-tilnefnt-til-nyskopunarverdlauna-forseta-islands\/","og_locale":"en_GB","og_type":"article","og_title":"Verkefni\u00f0 Krakkakropp tilnefnt til N\u00fdsk\u00f6punarver\u00f0launa forseta \u00cdslands - Mat\u00eds","og_description":"Verkefni\u00f0 Krakkakropp var tilnefnt til N\u00fdsk\u00f6punarver\u00f0launa forseta \u00cdslands. Verkefni\u00f0 var styrkt af N\u00fdsk\u00f6punarsj\u00f3\u00f0i n\u00e1msmanna og var unni\u00f0 \u00ed tengslum vi\u00f0 [&hellip;]","og_url":"https:\/\/matis.is\/en\/frettir\/verkefnid-krakkakropp-tilnefnt-til-nyskopunarverdlauna-forseta-islands\/","og_site_name":"Mat\u00eds","article_publisher":"https:\/\/www.facebook.com\/matisiceland","article_published_time":"2022-02-11T14:09:30+00:00","article_modified_time":"2022-02-11T14:41:35+00:00","og_image":[{"width":2560,"height":1280,"url":"https:\/\/matis.is\/wp-content\/uploads\/\/2.png","type":"image\/png"}],"author":"admin","twitter_card":"summary_large_image","twitter_creator":"@matisiceland","twitter_site":"@matisiceland","twitter_misc":{"Written by":"admin","Estimated reading time":"3 minutes"},"schema":{"@context":"https:\/\/schema.org","@graph":[{"@type":"Article","@id":"https:\/\/matis.is\/frettir\/verkefnid-krakkakropp-tilnefnt-til-nyskopunarverdlauna-forseta-islands\/#article","isPartOf":{"@id":"https:\/\/matis.is\/frettir\/verkefnid-krakkakropp-tilnefnt-til-nyskopunarverdlauna-forseta-islands\/"},"author":{"name":"admin","@id":"https:\/\/matis.is\/#\/schema\/person\/33b92c850c915c93e67f291e3381a49a"},"headline":"Verkefni\u00f0 Krakkakropp tilnefnt til N\u00fdsk\u00f6punarver\u00f0launa forseta \u00cdslands","datePublished":"2022-02-11T14:09:30+00:00","dateModified":"2022-02-11T14:41:35+00:00","mainEntityOfPage":{"@id":"https:\/\/matis.is\/frettir\/verkefnid-krakkakropp-tilnefnt-til-nyskopunarverdlauna-forseta-islands\/"},"wordCount":677,"publisher":{"@id":"https:\/\/matis.is\/#organization"},"image":{"@id":"https:\/\/matis.is\/frettir\/verkefnid-krakkakropp-tilnefnt-til-nyskopunarverdlauna-forseta-islands\/#primaryimage"},"thumbnailUrl":"https:\/\/matis.is\/wp-content\/uploads\/\/2.png","articleSection":["Fr\u00e9ttir"],"inLanguage":"en-GB"},{"@type":"WebPage","@id":"https:\/\/matis.is\/frettir\/verkefnid-krakkakropp-tilnefnt-til-nyskopunarverdlauna-forseta-islands\/","url":"https:\/\/matis.is\/frettir\/verkefnid-krakkakropp-tilnefnt-til-nyskopunarverdlauna-forseta-islands\/","name":"The Krakkakropp project nominated for the President of Iceland&#039;s Innovation Award - Mat\u00eds","isPartOf":{"@id":"https:\/\/matis.is\/#website"},"primaryImageOfPage":{"@id":"https:\/\/matis.is\/frettir\/verkefnid-krakkakropp-tilnefnt-til-nyskopunarverdlauna-forseta-islands\/#primaryimage"},"image":{"@id":"https:\/\/matis.is\/frettir\/verkefnid-krakkakropp-tilnefnt-til-nyskopunarverdlauna-forseta-islands\/#primaryimage"},"thumbnailUrl":"https:\/\/matis.is\/wp-content\/uploads\/\/2.png","datePublished":"2022-02-11T14:09:30+00:00","dateModified":"2022-02-11T14:41:35+00:00","breadcrumb":{"@id":"https:\/\/matis.is\/frettir\/verkefnid-krakkakropp-tilnefnt-til-nyskopunarverdlauna-forseta-islands\/#breadcrumb"},"inLanguage":"en-GB","potentialAction":[{"@type":"ReadAction","target":["https:\/\/matis.is\/frettir\/verkefnid-krakkakropp-tilnefnt-til-nyskopunarverdlauna-forseta-islands\/"]}]},{"@type":"ImageObject","inLanguage":"en-GB","@id":"https:\/\/matis.is\/frettir\/verkefnid-krakkakropp-tilnefnt-til-nyskopunarverdlauna-forseta-islands\/#primaryimage","url":"https:\/\/matis.is\/wp-content\/uploads\/\/2.png","contentUrl":"https:\/\/matis.is\/wp-content\/uploads\/\/2.png","width":2560,"height":1280},{"@type":"BreadcrumbList","@id":"https:\/\/matis.is\/frettir\/verkefnid-krakkakropp-tilnefnt-til-nyskopunarverdlauna-forseta-islands\/#breadcrumb","itemListElement":[{"@type":"ListItem","position":1,"name":"Home","item":"https:\/\/matis.is\/"},{"@type":"ListItem","position":2,"name":"Verkefni\u00f0 Krakkakropp tilnefnt til N\u00fdsk\u00f6punarver\u00f0launa forseta \u00cdslands"}]},{"@type":"WebSite","@id":"https:\/\/matis.is\/#website","url":"https:\/\/matis.is\/","name":"Mat\u00eds","description":"Value creation, food security and public health","publisher":{"@id":"https:\/\/matis.is\/#organization"},"potentialAction":[{"@type":"SearchAction","target":{"@type":"EntryPoint","urlTemplate":"https:\/\/matis.is\/?s={search_term_string}"},"query-input":{"@type":"PropertyValueSpecification","valueRequired":true,"valueName":"search_term_string"}}],"inLanguage":"en-GB"},{"@type":"Organization","@id":"https:\/\/matis.is\/#organization","name":"Mat\u00eds ohf.","url":"https:\/\/matis.is\/","logo":{"@type":"ImageObject","inLanguage":"en-GB","@id":"https:\/\/matis.is\/#\/schema\/logo\/image\/","url":"https:\/\/matis.is\/wp-content\/uploads\/2021\/02\/matis_logo_blatthvitt.png","contentUrl":"https:\/\/matis.is\/wp-content\/uploads\/2021\/02\/matis_logo_blatthvitt.png","width":1507,"height":1507,"caption":"Mat\u00eds ohf."},"image":{"@id":"https:\/\/matis.is\/#\/schema\/logo\/image\/"},"sameAs":["https:\/\/www.facebook.com\/matisiceland","https:\/\/x.com\/matisiceland","https:\/\/www.instagram.com\/matisiceland\/","https:\/\/www.linkedin.com\/matisiceland\/","https:\/\/www.youtube.com\/channel\/UCY-frt3uTqgVZW-DLjoo5bA"]},{"@type":"Person","@id":"https:\/\/matis.is\/#\/schema\/person\/33b92c850c915c93e67f291e3381a49a","name":"admin","sameAs":["https:\/\/matis.mareframe.eu"],"url":"https:\/\/matis.is\/en\/author\/thormodurmatis-is\/"}]}},"spectra_custom_meta":{"_edit_lock":["1644590496:1"],"_oembed_a273a73eb2553803b1ae361f120559ef":["{{unknown}}"],"_thumbnail_id":["45654"],"_wp_page_template":["templates\/template-cover.php"],"_edit_last":["1"],"tengilidur":[""],"_tengilidur":["field_5ef905e0538b2"],"_yoast_wpseo_primary_category":["1973"],"_yoast_wpseo_content_score":["60"],"_yoast_wpseo_estimated-reading-time-minutes":["3"],"wpmm_postgrid_views":["531"],"_uag_css_file_name":["uag-css-45649.css"],"_uag_page_assets":["a:9:{s:3:\"css\";s:263:\".uag-blocks-common-selector{z-index:var(--z-index-desktop) !important}@media (max-width: 976px){.uag-blocks-common-selector{z-index:var(--z-index-tablet) !important}}@media (max-width: 767px){.uag-blocks-common-selector{z-index:var(--z-index-mobile) !important}}\n\";s:2:\"js\";s:0:\"\";s:18:\"current_block_list\";a:8:{i:0;s:12:\"core\/heading\";i:1;s:14:\"core\/paragraph\";i:2;s:10:\"core\/image\";i:3;s:10:\"core\/quote\";i:4;s:12:\"core\/buttons\";i:5;s:11:\"core\/button\";i:6;s:12:\"core\/columns\";i:7;s:11:\"core\/column\";}s:8:\"uag_flag\";b:0;s:11:\"uag_version\";s:10:\"1777300790\";s:6:\"gfonts\";a:0:{}s:10:\"gfonts_url\";s:0:\"\";s:12:\"gfonts_files\";a:0:{}s:14:\"uag_faq_layout\";b:0;}"]},"uagb_featured_image_src":{"full":["https:\/\/matis.is\/wp-content\/uploads\/\/2.png",2560,1280,false],"thumbnail":["https:\/\/matis.is\/wp-content\/uploads\/\/2-150x150.png",150,150,true],"medium":["https:\/\/matis.is\/wp-content\/uploads\/\/2-300x150.png",300,150,true],"medium_large":["https:\/\/matis.is\/wp-content\/uploads\/\/2-768x384.png",768,384,true],"large":["https:\/\/matis.is\/wp-content\/uploads\/\/2-1024x512.png",1024,512,true],"1536x1536":["https:\/\/matis.is\/wp-content\/uploads\/\/2-1536x768.png",1536,768,true],"2048x2048":["https:\/\/matis.is\/wp-content\/uploads\/\/2-2048x1024.png",2048,1024,true],"trp-custom-language-flag":["https:\/\/matis.is\/wp-content\/uploads\/\/2-18x9.png",18,9,true]},"uagb_author_info":{"display_name":"admin","author_link":"https:\/\/matis.is\/en\/author\/thormodurmatis-is\/"},"uagb_comment_info":0,"uagb_excerpt":"Verkefni\u00f0 Krakkakropp var tilnefnt til N\u00fdsk\u00f6punarver\u00f0launa forseta \u00cdslands. Verkefni\u00f0 var styrkt af N\u00fdsk\u00f6punarsj\u00f3\u00f0i n\u00e1msmanna og var unni\u00f0 \u00ed tengslum vi\u00f0 [&hellip;]","_links":{"self":[{"href":"https:\/\/matis.is\/en\/wp-json\/wp\/v2\/posts\/45649","targetHints":{"allow":["GET"]}}],"collection":[{"href":"https:\/\/matis.is\/en\/wp-json\/wp\/v2\/posts"}],"about":[{"href":"https:\/\/matis.is\/en\/wp-json\/wp\/v2\/types\/post"}],"author":[{"embeddable":true,"href":"https:\/\/matis.is\/en\/wp-json\/wp\/v2\/users\/1"}],"replies":[{"embeddable":true,"href":"https:\/\/matis.is\/en\/wp-json\/wp\/v2\/comments?post=45649"}],"version-history":[{"count":2,"href":"https:\/\/matis.is\/en\/wp-json\/wp\/v2\/posts\/45649\/revisions"}],"predecessor-version":[{"id":45652,"href":"https:\/\/matis.is\/en\/wp-json\/wp\/v2\/posts\/45649\/revisions\/45652"}],"wp:featuredmedia":[{"embeddable":true,"href":"https:\/\/matis.is\/en\/wp-json\/wp\/v2\/media\/45654"}],"wp:attachment":[{"href":"https:\/\/matis.is\/en\/wp-json\/wp\/v2\/media?parent=45649"}],"wp:term":[{"taxonomy":"category","embeddable":true,"href":"https:\/\/matis.is\/en\/wp-json\/wp\/v2\/categories?post=45649"},{"taxonomy":"post_tag","embeddable":true,"href":"https:\/\/matis.is\/en\/wp-json\/wp\/v2\/tags?post=45649"}],"curies":[{"name":"wp","href":"https:\/\/api.w.org\/{rel}","templated":true}]}}