{"id":45789,"date":"2022-03-02T13:44:22","date_gmt":"2022-03-02T13:44:22","guid":{"rendered":"https:\/\/matis.is\/?p=45789"},"modified":"2022-03-02T13:44:23","modified_gmt":"2022-03-02T13:44:23","slug":"matur-i-ferdathjonustu-framtidarinnar-island-umraeduskjal-og-samantekt-eftir-vinnustofur-med-islenskum-hagadilum-i-februar-og-mars-2021","status":"publish","type":"post","link":"https:\/\/matis.is\/en\/skyrsla\/matur-i-ferdathjonustu-framtidarinnar-island-umraeduskjal-og-samantekt-eftir-vinnustofur-med-islenskum-hagadilum-i-februar-og-mars-2021\/","title":{"rendered":"Food in the tourism of the future - Iceland. Discussion paper and summary after workshops with Icelandic stakeholders in February and March 2021"},"content":{"rendered":"<p class=\"wp-block-paragraph\">\u00c1tta Nor\u00f0urlanda\u00fej\u00f3\u00f0ir standa a\u00f0 verkefninu Nordic Food in Tourism sem er styrkt af norr\u00e6nu r\u00e1\u00f0herranefndinni \u00e1 t\u00edmabilinu 2019- 2021. Markmi\u00f0 verkefnisins er a\u00f0 kanna hvernig fer\u00f0amenn og a\u00f0rir gestir tala um e\u00f0a skynja norr\u00e6nan mat, varpa lj\u00f3si \u00e1 mikilv\u00e6gi sta\u00f0bundinna matv\u00e6la \u00ed sj\u00e1lfb\u00e6rri fer\u00f0a\u00fej\u00f3nustu og \u00f6\u00f0last inns\u00fdn \u00ed hvernig loftslags-, neyslubreytingar og a\u00f0rir straumar geta m\u00f3ta\u00f0 framt\u00ed\u00f0 matar \u00ed fer\u00f0a\u00fej\u00f3nustu. Tilgangurinn er a\u00f0 vekja athygli \u00e1 framt\u00ed\u00f0ar\u00e1skorunum og t\u00e6kif\u00e6rum tengdum mat \u00ed fer\u00f0a\u00fej\u00f3nustu og veita stefnum\u00f3tandi lei\u00f0beiningar sem sty\u00f0ja framt\u00ed\u00f0ara\u00f0ger\u00f0ir og stefnum\u00f3tun \u00e1 Nor\u00f0url\u00f6ndunum sem samr\u00e6mast einnig markmi\u00f0um Sameinu\u00f0u \u00fej\u00f3\u00f0anna um sj\u00e1lfb\u00e6ra \u00fer\u00f3un. Ni\u00f0urst\u00f6\u00f0ur verkefnisins byggja \u00e1 greiningum gagna, a\u00f0fer\u00f0um framt\u00ed\u00f0arfr\u00e6\u00f0a og vi\u00f0t\u00f6lum vi\u00f0 s\u00e9rfr\u00e6\u00f0inga \u00ed samvinnu vi\u00f0 r\u00e1\u00f0gjafafyrirt\u00e6ki\u00f0 Kairos Future. Til a\u00f0 kanna hva\u00f0a \u00e1skoranir og t\u00e6kif\u00e6ri vi\u00f0 st\u00f6ndum frammi fyrir h\u00e9rlendis var\u00f0andi mat \u00ed fer\u00f0a\u00fej\u00f3nustu var haldinn kynningarfundur og tv\u00e6r vinnustofur \u00ed febr\u00faar og mars 2021 undir stj\u00f3rn verkefnisins Nordic Food in Tourism. Nordic Food in Tourism kom enn fremur a\u00f0 \u00feremur lausnam\u00f3tum sem haldin voru \u00e1 \u00cdslandi 2020-2021 \u00fear sem unni\u00f0 var a\u00f0 lausnum sem stu\u00f0la a\u00f0 aukinni <a href=\"https:\/\/matis.is\/en\/skyrsla\/hrognkelsakollagen-umhverfisvaen-afurd-sustainable-lumpfish-collagen\/\">sustainability<\/a> og reyndist mikil \u00e1hersla l\u00f6g\u00f0 \u00e1 t\u00e6kif\u00e6ri tengd matv\u00e6lum.<\/p>\n\n\n\n<p class=\"wp-block-paragraph\">Many suggestions for action were made in the workshops, but in many cases it is unclear who should pull the cart and be responsible for following the suggestions. Proposals were submitted for implementation and partners of actions, but more parties could be involved in their implementation. This document is a summary that reflects the attitudes of the participants in the workshops and the emphases of the participants in the solutions. Furthermore, to this extent, other results from the Nordic Food in Tourism project as well as other sources are interwoven with this aim, with the aim of deepening the understanding of the discussion points that were made and the measures that are proposed. The actions and emphases that emerge are limited to Iceland and the emphases that the participants of the workshop in this country wanted to convey. The aim is for this summary to be used as a basis for proposals for policy-making on tourism assessment in Iceland and to provide inspiration for further collaboration, development, investment and innovation in tourism assessment with sustainability as a guiding principle.<\/p>","protected":false},"excerpt":{"rendered":"<p>\u00c1tta Nor\u00f0urlanda\u00fej\u00f3\u00f0ir standa a\u00f0 verkefninu Nordic Food in Tourism sem er styrkt af norr\u00e6nu r\u00e1\u00f0herranefndinni \u00e1 t\u00edmabilinu 2019- 2021. Markmi\u00f0 [&hellip;]<\/p>\n","protected":false},"author":3,"featured_media":0,"comment_status":"closed","ping_status":"closed","sticky":false,"template":"","format":"standard","meta":{"_acf_changed":false,"_uag_custom_page_level_css":"","site-sidebar-layout":"default","site-content-layout":"","ast-site-content-layout":"default","site-content-style":"default","site-sidebar-style":"default","ast-global-header-display":"","ast-banner-title-visibility":"","ast-main-header-display":"","ast-hfb-above-header-display":"","ast-hfb-below-header-display":"","ast-hfb-mobile-header-display":"","site-post-title":"","ast-breadcrumbs-content":"","ast-featured-img":"","footer-sml-layout":"","ast-disable-related-posts":"","theme-transparent-header-meta":"","adv-header-id-meta":"","stick-header-meta":"","header-above-stick-meta":"","header-main-stick-meta":"","header-below-stick-meta":"","astra-migrate-meta-layouts":"default","ast-page-background-enabled":"default","ast-page-background-meta":{"desktop":{"background-color":"var(--ast-global-color-5)","background-image":"","background-repeat":"repeat","background-position":"center center","background-size":"auto","background-attachment":"scroll","background-type":"","background-media":"","overlay-type":"","overlay-color":"","overlay-opacity":"","overlay-gradient":""},"tablet":{"background-color":"","background-image":"","background-repeat":"repeat","background-position":"center center","background-size":"auto","background-attachment":"scroll","background-type":"","background-media":"","overlay-type":"","overlay-color":"","overlay-opacity":"","overlay-gradient":""},"mobile":{"background-color":"","background-image":"","background-repeat":"repeat","background-position":"center center","background-size":"auto","background-attachment":"scroll","background-type":"","background-media":"","overlay-type":"","overlay-color":"","overlay-opacity":"","overlay-gradient":""}},"ast-content-background-meta":{"desktop":{"background-color":"var(--ast-global-color-4)","background-image":"","background-repeat":"repeat","background-position":"center center","background-size":"auto","background-attachment":"scroll","background-type":"","background-media":"","overlay-type":"","overlay-color":"","overlay-opacity":"","overlay-gradient":""},"tablet":{"background-color":"var(--ast-global-color-4)","background-image":"","background-repeat":"repeat","background-position":"center center","background-size":"auto","background-attachment":"scroll","background-type":"","background-media":"","overlay-type":"","overlay-color":"","overlay-opacity":"","overlay-gradient":""},"mobile":{"background-color":"var(--ast-global-color-4)","background-image":"","background-repeat":"repeat","background-position":"center center","background-size":"auto","background-attachment":"scroll","background-type":"","background-media":"","overlay-type":"","overlay-color":"","overlay-opacity":"","overlay-gradient":""}},"footnotes":""},"categories":[15],"tags":[2055,695,2054,69,697,2048,699],"class_list":["post-45789","post","type-post","status-publish","format-standard","hentry","category-skyrsla","tag-adgerdir","tag-ferdathjonusta","tag-framtid","tag-iceland","tag-matur","tag-nordic","tag-sjalfbaerni"],"acf":[],"yoast_head":"<!-- This site is optimized with the Yoast SEO plugin v28.3 - https:\/\/yoast.com\/product\/yoast-seo-wordpress\/ -->\n<title>Matur \u00ed fer\u00f0a\u00fej\u00f3nustu framt\u00ed\u00f0arinnar \u2013 \u00cdsland. Umr\u00e6\u00f0uskjal og samantekt eftir vinnustofur me\u00f0 \u00edslenskum haga\u00f0ilum \u00ed febr\u00faar og mars 2021 - Mat\u00eds<\/title>\n<meta name=\"robots\" content=\"index, follow, max-snippet:-1, max-image-preview:large, max-video-preview:-1\" \/>\n<link rel=\"canonical\" href=\"https:\/\/matis.is\/en\/skyrsla\/matur-i-ferdathjonustu-framtidarinnar-island-umraeduskjal-og-samantekt-eftir-vinnustofur-med-islenskum-hagadilum-i-februar-og-mars-2021\/\" \/>\n<meta property=\"og:locale\" content=\"en_GB\" \/>\n<meta property=\"og:type\" content=\"article\" \/>\n<meta property=\"og:title\" content=\"Matur \u00ed fer\u00f0a\u00fej\u00f3nustu framt\u00ed\u00f0arinnar \u2013 \u00cdsland. Umr\u00e6\u00f0uskjal og samantekt eftir vinnustofur me\u00f0 \u00edslenskum haga\u00f0ilum \u00ed febr\u00faar og mars 2021 - Mat\u00eds\" \/>\n<meta property=\"og:description\" content=\"\u00c1tta Nor\u00f0urlanda\u00fej\u00f3\u00f0ir standa a\u00f0 verkefninu Nordic Food in Tourism sem er styrkt af norr\u00e6nu r\u00e1\u00f0herranefndinni \u00e1 t\u00edmabilinu 2019- 2021. Markmi\u00f0 [&hellip;]\" \/>\n<meta property=\"og:url\" content=\"https:\/\/matis.is\/en\/skyrsla\/matur-i-ferdathjonustu-framtidarinnar-island-umraeduskjal-og-samantekt-eftir-vinnustofur-med-islenskum-hagadilum-i-februar-og-mars-2021\/\" \/>\n<meta property=\"og:site_name\" content=\"Mat\u00eds\" \/>\n<meta property=\"article:publisher\" content=\"https:\/\/www.facebook.com\/matisiceland\" \/>\n<meta property=\"article:published_time\" content=\"2022-03-02T13:44:22+00:00\" \/>\n<meta property=\"article:modified_time\" content=\"2022-03-02T13:44:23+00:00\" \/>\n<meta name=\"author\" content=\"Krist\u00edn Edda Gylfad\u00f3ttir\" \/>\n<meta name=\"twitter:card\" content=\"summary_large_image\" \/>\n<meta name=\"twitter:creator\" content=\"@matisiceland\" \/>\n<meta name=\"twitter:site\" content=\"@matisiceland\" \/>\n<meta name=\"twitter:label1\" content=\"Written by\" \/>\n\t<meta name=\"twitter:data1\" content=\"Krist\u00edn Edda Gylfad\u00f3ttir\" \/>\n\t<meta name=\"twitter:label2\" content=\"Estimated reading time\" \/>\n\t<meta name=\"twitter:data2\" content=\"2 minutes\" \/>\n<script type=\"application\/ld+json\" class=\"yoast-schema-graph\">{\"@context\":\"https:\\\/\\\/schema.org\",\"@graph\":[{\"@type\":\"Article\",\"@id\":\"https:\\\/\\\/matis.is\\\/skyrsla\\\/matur-i-ferdathjonustu-framtidarinnar-island-umraeduskjal-og-samantekt-eftir-vinnustofur-med-islenskum-hagadilum-i-februar-og-mars-2021\\\/#article\",\"isPartOf\":{\"@id\":\"https:\\\/\\\/matis.is\\\/skyrsla\\\/matur-i-ferdathjonustu-framtidarinnar-island-umraeduskjal-og-samantekt-eftir-vinnustofur-med-islenskum-hagadilum-i-februar-og-mars-2021\\\/\"},\"author\":{\"name\":\"Krist\u00edn Edda Gylfad\u00f3ttir\",\"@id\":\"https:\\\/\\\/matis.is\\\/#\\\/schema\\\/person\\\/af2d479c72e5e79c4570d409abf2dc9b\"},\"headline\":\"Matur \u00ed fer\u00f0a\u00fej\u00f3nustu framt\u00ed\u00f0arinnar \u2013 \u00cdsland. Umr\u00e6\u00f0uskjal og samantekt eftir vinnustofur me\u00f0 \u00edslenskum haga\u00f0ilum \u00ed febr\u00faar og mars 2021\",\"datePublished\":\"2022-03-02T13:44:22+00:00\",\"dateModified\":\"2022-03-02T13:44:23+00:00\",\"mainEntityOfPage\":{\"@id\":\"https:\\\/\\\/matis.is\\\/skyrsla\\\/matur-i-ferdathjonustu-framtidarinnar-island-umraeduskjal-og-samantekt-eftir-vinnustofur-med-islenskum-hagadilum-i-februar-og-mars-2021\\\/\"},\"wordCount\":464,\"publisher\":{\"@id\":\"https:\\\/\\\/matis.is\\\/#organization\"},\"keywords\":[\"a\u00f0ger\u00f0ir\",\"Fer\u00f0a\u00fej\u00f3nusta\",\"framt\u00ed\u00f0\",\"Iceland\",\"Matur\",\"nordic\",\"Sj\u00e1lfb\u00e6rni\"],\"articleSection\":[\"Sk\u00fdrslur\"],\"inLanguage\":\"en-GB\"},{\"@type\":\"WebPage\",\"@id\":\"https:\\\/\\\/matis.is\\\/skyrsla\\\/matur-i-ferdathjonustu-framtidarinnar-island-umraeduskjal-og-samantekt-eftir-vinnustofur-med-islenskum-hagadilum-i-februar-og-mars-2021\\\/\",\"url\":\"https:\\\/\\\/matis.is\\\/skyrsla\\\/matur-i-ferdathjonustu-framtidarinnar-island-umraeduskjal-og-samantekt-eftir-vinnustofur-med-islenskum-hagadilum-i-februar-og-mars-2021\\\/\",\"name\":\"Matur \u00ed fer\u00f0a\u00fej\u00f3nustu framt\u00ed\u00f0arinnar \u2013 \u00cdsland. Umr\u00e6\u00f0uskjal og samantekt eftir vinnustofur me\u00f0 \u00edslenskum haga\u00f0ilum \u00ed febr\u00faar og mars 2021 - Mat\u00eds\",\"isPartOf\":{\"@id\":\"https:\\\/\\\/matis.is\\\/#website\"},\"datePublished\":\"2022-03-02T13:44:22+00:00\",\"dateModified\":\"2022-03-02T13:44:23+00:00\",\"breadcrumb\":{\"@id\":\"https:\\\/\\\/matis.is\\\/skyrsla\\\/matur-i-ferdathjonustu-framtidarinnar-island-umraeduskjal-og-samantekt-eftir-vinnustofur-med-islenskum-hagadilum-i-februar-og-mars-2021\\\/#breadcrumb\"},\"inLanguage\":\"en-GB\",\"potentialAction\":[{\"@type\":\"ReadAction\",\"target\":[\"https:\\\/\\\/matis.is\\\/skyrsla\\\/matur-i-ferdathjonustu-framtidarinnar-island-umraeduskjal-og-samantekt-eftir-vinnustofur-med-islenskum-hagadilum-i-februar-og-mars-2021\\\/\"]}]},{\"@type\":\"BreadcrumbList\",\"@id\":\"https:\\\/\\\/matis.is\\\/skyrsla\\\/matur-i-ferdathjonustu-framtidarinnar-island-umraeduskjal-og-samantekt-eftir-vinnustofur-med-islenskum-hagadilum-i-februar-og-mars-2021\\\/#breadcrumb\",\"itemListElement\":[{\"@type\":\"ListItem\",\"position\":1,\"name\":\"Home\",\"item\":\"https:\\\/\\\/matis.is\\\/\"},{\"@type\":\"ListItem\",\"position\":2,\"name\":\"Matur \u00ed fer\u00f0a\u00fej\u00f3nustu framt\u00ed\u00f0arinnar \u2013 \u00cdsland. Umr\u00e6\u00f0uskjal og samantekt eftir vinnustofur me\u00f0 \u00edslenskum haga\u00f0ilum \u00ed febr\u00faar og mars 2021\"}]},{\"@type\":\"WebSite\",\"@id\":\"https:\\\/\\\/matis.is\\\/#website\",\"url\":\"https:\\\/\\\/matis.is\\\/\",\"name\":\"Mat\u00eds\",\"description\":\"Ver\u00f0m\u00e6task\u00f6pun, matv\u00e6la\u00f6ryggi og l\u00fd\u00f0heilsa\",\"publisher\":{\"@id\":\"https:\\\/\\\/matis.is\\\/#organization\"},\"potentialAction\":[{\"@type\":\"SearchAction\",\"target\":{\"@type\":\"EntryPoint\",\"urlTemplate\":\"https:\\\/\\\/matis.is\\\/?s={search_term_string}\"},\"query-input\":{\"@type\":\"PropertyValueSpecification\",\"valueRequired\":true,\"valueName\":\"search_term_string\"}}],\"inLanguage\":\"en-GB\"},{\"@type\":\"Organization\",\"@id\":\"https:\\\/\\\/matis.is\\\/#organization\",\"name\":\"Mat\u00eds ohf.\",\"url\":\"https:\\\/\\\/matis.is\\\/\",\"logo\":{\"@type\":\"ImageObject\",\"inLanguage\":\"en-GB\",\"@id\":\"https:\\\/\\\/matis.is\\\/#\\\/schema\\\/logo\\\/image\\\/\",\"url\":\"https:\\\/\\\/matis.is\\\/wp-content\\\/uploads\\\/2021\\\/02\\\/matis_logo_blatthvitt.png\",\"contentUrl\":\"https:\\\/\\\/matis.is\\\/wp-content\\\/uploads\\\/2021\\\/02\\\/matis_logo_blatthvitt.png\",\"width\":1507,\"height\":1507,\"caption\":\"Mat\u00eds ohf.\"},\"image\":{\"@id\":\"https:\\\/\\\/matis.is\\\/#\\\/schema\\\/logo\\\/image\\\/\"},\"sameAs\":[\"https:\\\/\\\/www.facebook.com\\\/matisiceland\",\"https:\\\/\\\/x.com\\\/matisiceland\",\"https:\\\/\\\/www.instagram.com\\\/matisiceland\\\/\",\"https:\\\/\\\/www.linkedin.com\\\/matisiceland\\\/\",\"https:\\\/\\\/www.youtube.com\\\/channel\\\/UCY-frt3uTqgVZW-DLjoo5bA\"]},{\"@type\":\"Person\",\"@id\":\"https:\\\/\\\/matis.is\\\/#\\\/schema\\\/person\\\/af2d479c72e5e79c4570d409abf2dc9b\",\"name\":\"Krist\u00edn Edda Gylfad\u00f3ttir\",\"url\":\"https:\\\/\\\/matis.is\\\/en\\\/author\\\/kristingmatis-is\\\/\"}]}<\/script>\n<!-- \/ Yoast SEO plugin. -->","yoast_head_json":{"title":"Food in the tourism of the future - Iceland. Discussion paper and summary after workshops with Icelandic stakeholders in February and March 2021 - Mat\u00eds","robots":{"index":"index","follow":"follow","max-snippet":"max-snippet:-1","max-image-preview":"max-image-preview:large","max-video-preview":"max-video-preview:-1"},"canonical":"https:\/\/matis.is\/en\/skyrsla\/matur-i-ferdathjonustu-framtidarinnar-island-umraeduskjal-og-samantekt-eftir-vinnustofur-med-islenskum-hagadilum-i-februar-og-mars-2021\/","og_locale":"en_GB","og_type":"article","og_title":"Matur \u00ed fer\u00f0a\u00fej\u00f3nustu framt\u00ed\u00f0arinnar \u2013 \u00cdsland. Umr\u00e6\u00f0uskjal og samantekt eftir vinnustofur me\u00f0 \u00edslenskum haga\u00f0ilum \u00ed febr\u00faar og mars 2021 - Mat\u00eds","og_description":"\u00c1tta Nor\u00f0urlanda\u00fej\u00f3\u00f0ir standa a\u00f0 verkefninu Nordic Food in Tourism sem er styrkt af norr\u00e6nu r\u00e1\u00f0herranefndinni \u00e1 t\u00edmabilinu 2019- 2021. Markmi\u00f0 [&hellip;]","og_url":"https:\/\/matis.is\/en\/skyrsla\/matur-i-ferdathjonustu-framtidarinnar-island-umraeduskjal-og-samantekt-eftir-vinnustofur-med-islenskum-hagadilum-i-februar-og-mars-2021\/","og_site_name":"Mat\u00eds","article_publisher":"https:\/\/www.facebook.com\/matisiceland","article_published_time":"2022-03-02T13:44:22+00:00","article_modified_time":"2022-03-02T13:44:23+00:00","author":"Krist\u00edn Edda Gylfad\u00f3ttir","twitter_card":"summary_large_image","twitter_creator":"@matisiceland","twitter_site":"@matisiceland","twitter_misc":{"Written by":"Krist\u00edn Edda Gylfad\u00f3ttir","Estimated reading time":"2 minutes"},"schema":{"@context":"https:\/\/schema.org","@graph":[{"@type":"Article","@id":"https:\/\/matis.is\/skyrsla\/matur-i-ferdathjonustu-framtidarinnar-island-umraeduskjal-og-samantekt-eftir-vinnustofur-med-islenskum-hagadilum-i-februar-og-mars-2021\/#article","isPartOf":{"@id":"https:\/\/matis.is\/skyrsla\/matur-i-ferdathjonustu-framtidarinnar-island-umraeduskjal-og-samantekt-eftir-vinnustofur-med-islenskum-hagadilum-i-februar-og-mars-2021\/"},"author":{"name":"Krist\u00edn Edda Gylfad\u00f3ttir","@id":"https:\/\/matis.is\/#\/schema\/person\/af2d479c72e5e79c4570d409abf2dc9b"},"headline":"Matur \u00ed fer\u00f0a\u00fej\u00f3nustu framt\u00ed\u00f0arinnar \u2013 \u00cdsland. Umr\u00e6\u00f0uskjal og samantekt eftir vinnustofur me\u00f0 \u00edslenskum haga\u00f0ilum \u00ed febr\u00faar og mars 2021","datePublished":"2022-03-02T13:44:22+00:00","dateModified":"2022-03-02T13:44:23+00:00","mainEntityOfPage":{"@id":"https:\/\/matis.is\/skyrsla\/matur-i-ferdathjonustu-framtidarinnar-island-umraeduskjal-og-samantekt-eftir-vinnustofur-med-islenskum-hagadilum-i-februar-og-mars-2021\/"},"wordCount":464,"publisher":{"@id":"https:\/\/matis.is\/#organization"},"keywords":["a\u00f0ger\u00f0ir","Fer\u00f0a\u00fej\u00f3nusta","framt\u00ed\u00f0","Iceland","Matur","nordic","Sj\u00e1lfb\u00e6rni"],"articleSection":["Sk\u00fdrslur"],"inLanguage":"en-GB"},{"@type":"WebPage","@id":"https:\/\/matis.is\/skyrsla\/matur-i-ferdathjonustu-framtidarinnar-island-umraeduskjal-og-samantekt-eftir-vinnustofur-med-islenskum-hagadilum-i-februar-og-mars-2021\/","url":"https:\/\/matis.is\/skyrsla\/matur-i-ferdathjonustu-framtidarinnar-island-umraeduskjal-og-samantekt-eftir-vinnustofur-med-islenskum-hagadilum-i-februar-og-mars-2021\/","name":"Food in the tourism of the future - Iceland. Discussion paper and summary after workshops with Icelandic stakeholders in February and March 2021 - Mat\u00eds","isPartOf":{"@id":"https:\/\/matis.is\/#website"},"datePublished":"2022-03-02T13:44:22+00:00","dateModified":"2022-03-02T13:44:23+00:00","breadcrumb":{"@id":"https:\/\/matis.is\/skyrsla\/matur-i-ferdathjonustu-framtidarinnar-island-umraeduskjal-og-samantekt-eftir-vinnustofur-med-islenskum-hagadilum-i-februar-og-mars-2021\/#breadcrumb"},"inLanguage":"en-GB","potentialAction":[{"@type":"ReadAction","target":["https:\/\/matis.is\/skyrsla\/matur-i-ferdathjonustu-framtidarinnar-island-umraeduskjal-og-samantekt-eftir-vinnustofur-med-islenskum-hagadilum-i-februar-og-mars-2021\/"]}]},{"@type":"BreadcrumbList","@id":"https:\/\/matis.is\/skyrsla\/matur-i-ferdathjonustu-framtidarinnar-island-umraeduskjal-og-samantekt-eftir-vinnustofur-med-islenskum-hagadilum-i-februar-og-mars-2021\/#breadcrumb","itemListElement":[{"@type":"ListItem","position":1,"name":"Home","item":"https:\/\/matis.is\/"},{"@type":"ListItem","position":2,"name":"Matur \u00ed fer\u00f0a\u00fej\u00f3nustu framt\u00ed\u00f0arinnar \u2013 \u00cdsland. Umr\u00e6\u00f0uskjal og samantekt eftir vinnustofur me\u00f0 \u00edslenskum haga\u00f0ilum \u00ed febr\u00faar og mars 2021"}]},{"@type":"WebSite","@id":"https:\/\/matis.is\/#website","url":"https:\/\/matis.is\/","name":"Mat\u00eds","description":"Value creation, food security and public health","publisher":{"@id":"https:\/\/matis.is\/#organization"},"potentialAction":[{"@type":"SearchAction","target":{"@type":"EntryPoint","urlTemplate":"https:\/\/matis.is\/?s={search_term_string}"},"query-input":{"@type":"PropertyValueSpecification","valueRequired":true,"valueName":"search_term_string"}}],"inLanguage":"en-GB"},{"@type":"Organization","@id":"https:\/\/matis.is\/#organization","name":"Mat\u00eds ohf.","url":"https:\/\/matis.is\/","logo":{"@type":"ImageObject","inLanguage":"en-GB","@id":"https:\/\/matis.is\/#\/schema\/logo\/image\/","url":"https:\/\/matis.is\/wp-content\/uploads\/2021\/02\/matis_logo_blatthvitt.png","contentUrl":"https:\/\/matis.is\/wp-content\/uploads\/2021\/02\/matis_logo_blatthvitt.png","width":1507,"height":1507,"caption":"Mat\u00eds ohf."},"image":{"@id":"https:\/\/matis.is\/#\/schema\/logo\/image\/"},"sameAs":["https:\/\/www.facebook.com\/matisiceland","https:\/\/x.com\/matisiceland","https:\/\/www.instagram.com\/matisiceland\/","https:\/\/www.linkedin.com\/matisiceland\/","https:\/\/www.youtube.com\/channel\/UCY-frt3uTqgVZW-DLjoo5bA"]},{"@type":"Person","@id":"https:\/\/matis.is\/#\/schema\/person\/af2d479c72e5e79c4570d409abf2dc9b","name":"Krist\u00edn Edda Gylfad\u00f3ttir","url":"https:\/\/matis.is\/en\/author\/kristingmatis-is\/"}]}},"spectra_custom_meta":{"_edit_lock":["1646229067:3"],"_edit_last":["3"],"_yoast_wpseo_content_score":["30"],"_yoast_wpseo_estimated-reading-time-minutes":["2"],"skyrsluhofundar":["Ritstj\u00f3rar: \u00de\u00f3ra Valsd\u00f3ttir Mat\u00eds og Brynja Laxdal Matarau\u00f0ur \u00cdslands\r\n\r\nMe\u00f0h\u00f6fundar: \u00c1sta Krist\u00edn Sigurj\u00f3nsd\u00f3ttir \u00cdslenski fer\u00f0aklasinn, Gu\u00f0r\u00fan \u00de\u00f3ra Gunnarsd\u00f3ttir Ranns\u00f3knarmi\u00f0st\u00f6\u00f0 fer\u00f0am\u00e1la, Kolbr\u00fan Sveinsd\u00f3ttir Mat\u00eds, Laufey Haraldsd\u00f3ttir H\u00e1sk\u00f3linn \u00e1 H\u00f3lum, \u00d3li \u00de\u00f3r Hilmarsson Mat\u00eds, Rakel Halld\u00f3rsd\u00f3ttir Mat\u00eds, Selma D\u00f6gg Sigurj\u00f3nsd\u00f3ttir H\u00e1sk\u00f3la-, i\u00f0na\u00f0ar- og n\u00fdsk\u00f6punarr\u00e1\u00f0uneyti\u00f0, Sunna \u00de\u00f3r\u00f0ard\u00f3ttir Menningar- og vi\u00f0skiptar\u00e1\u00f0uneyti\u00f0, Tj\u00f6rvi Bjarnason B\u00e6ndasamt\u00f6k \u00cdslands"],"_skyrsluhofundar":["field_5f05a53476361"],"tengill":["https:\/\/zenodo.org\/record\/6322820#.Yh9hSi2l2X0"],"_tengill":["field_5f05a55b76362"],"styrktaradili":["Norr\u00e6na r\u00e1\u00f0herrar\u00e1\u00f0i\u00f0"],"_styrktaradili":["field_5f05a57e76363"],"utgafudags":["20220302"],"_utgafudags":["field_5f05a59b76364"],"numer":["12-22"],"_numer":["field_5f05a6fdc098d"],"tengilidur_matis":["a:1:{i:0;s:5:\"28321\";}"],"_tengilidur_matis":["field_618924b1b45f2"],"_":["field_6189250fb45f3"],"tengilidur":[""],"_tengilidur":["field_5ef905e0538b2"],"_yoast_wpseo_primary_category":["15"],"_yoast_wpseo_focuskw":["Matur \u00ed fer\u00f0a\u00fej\u00f3nustu framt\u00ed\u00f0arinnar \u2013 \u00cdsland"],"_yoast_wpseo_linkdex":["52"],"wpmm_postgrid_views":["549"],"_uag_css_file_name":["uag-css-45789.css"],"_uag_page_assets":["a:9:{s:3:\"css\";s:260:\".uag-blocks-common-selector{z-index:var(--z-index-desktop) !important}@media(max-width: 976px){.uag-blocks-common-selector{z-index:var(--z-index-tablet) !important}}@media(max-width: 767px){.uag-blocks-common-selector{z-index:var(--z-index-mobile) !important}}\";s:2:\"js\";s:0:\"\";s:18:\"current_block_list\";a:6:{i:0;s:14:\"core\/paragraph\";i:1;s:12:\"core\/buttons\";i:2;s:11:\"core\/button\";i:3;s:12:\"core\/heading\";i:4;s:12:\"core\/columns\";i:5;s:11:\"core\/column\";}s:8:\"uag_flag\";b:0;s:11:\"uag_version\";s:10:\"1787911379\";s:6:\"gfonts\";a:0:{}s:10:\"gfonts_url\";s:0:\"\";s:12:\"gfonts_files\";a:0:{}s:14:\"uag_faq_layout\";b:0;}"]},"uagb_featured_image_src":{"full":false,"thumbnail":false,"medium":false,"medium_large":false,"large":false,"1536x1536":false,"2048x2048":false,"trp-custom-language-flag":false},"uagb_author_info":{"display_name":"Krist\u00edn Edda Gylfad\u00f3ttir","author_link":"https:\/\/matis.is\/en\/author\/kristingmatis-is\/"},"uagb_comment_info":0,"uagb_excerpt":"\u00c1tta Nor\u00f0urlanda\u00fej\u00f3\u00f0ir standa a\u00f0 verkefninu Nordic Food in Tourism sem er styrkt af norr\u00e6nu r\u00e1\u00f0herranefndinni \u00e1 t\u00edmabilinu 2019- 2021. Markmi\u00f0 [&hellip;]","_links":{"self":[{"href":"https:\/\/matis.is\/en\/wp-json\/wp\/v2\/posts\/45789","targetHints":{"allow":["GET"]}}],"collection":[{"href":"https:\/\/matis.is\/en\/wp-json\/wp\/v2\/posts"}],"about":[{"href":"https:\/\/matis.is\/en\/wp-json\/wp\/v2\/types\/post"}],"author":[{"embeddable":true,"href":"https:\/\/matis.is\/en\/wp-json\/wp\/v2\/users\/3"}],"replies":[{"embeddable":true,"href":"https:\/\/matis.is\/en\/wp-json\/wp\/v2\/comments?post=45789"}],"version-history":[{"count":5,"href":"https:\/\/matis.is\/en\/wp-json\/wp\/v2\/posts\/45789\/revisions"}],"predecessor-version":[{"id":45794,"href":"https:\/\/matis.is\/en\/wp-json\/wp\/v2\/posts\/45789\/revisions\/45794"}],"wp:attachment":[{"href":"https:\/\/matis.is\/en\/wp-json\/wp\/v2\/media?parent=45789"}],"wp:term":[{"taxonomy":"category","embeddable":true,"href":"https:\/\/matis.is\/en\/wp-json\/wp\/v2\/categories?post=45789"},{"taxonomy":"post_tag","embeddable":true,"href":"https:\/\/matis.is\/en\/wp-json\/wp\/v2\/tags?post=45789"}],"curies":[{"name":"wp","href":"https:\/\/api.w.org\/{rel}","templated":true}]}}