{"id":45897,"date":"2022-03-24T15:47:08","date_gmt":"2022-03-24T15:47:08","guid":{"rendered":"https:\/\/matis.is\/?p=45897"},"modified":"2022-03-25T15:33:40","modified_gmt":"2022-03-25T15:33:40","slug":"graenir-frumkvodlar-framtidar-a-saudarkroki-i-sjonvarpsfrettum","status":"publish","type":"post","link":"https:\/\/matis.is\/en\/frettir\/graenir-frumkvodlar-framtidar-a-saudarkroki-i-sjonvarpsfrettum\/","title":{"rendered":"Green Entrepreneurs of the Future in Sau\u00f0\u00e1rkr\u00f3kur in TV news"},"content":{"rendered":"<h4 class=\"wp-block-heading\">This week, the project managers in the Green Entrepreneurs of the Future project organized an innovation competition, the so-called MAKEathoni, among children in the 9th grade at \u00c1rsk\u00f3li in Sau\u00f0\u00e1rkr\u00f3kur. <\/h4>\n\n\n\n<p>The MAKEathon was covered in the R\u00daV evening news this week, but it was the first of three that will be held in connection with the Green Entrepreneurs. Interviews were conducted with teachers and students at \u00c1rsk\u00f3li, in addition to Justine Vanhalst, project manager at Mat\u00eds, explaining the prototypes that the kids made in the competition. <\/p>\n\n\n\n<p>The news is available on the R\u00daV website here: <a href=\"https:\/\/www.ruv.is\/frett\/2022\/03\/25\/graenir-frumkvodlar-framtidar\">The Green Entrepreneurs of the Future<\/a><\/p>\n\n\n\n<div class=\"wp-block-columns is-layout-flex wp-container-core-columns-is-layout-28f84493 wp-block-columns-is-layout-flex\">\n<div class=\"wp-block-column is-layout-flow wp-block-column-is-layout-flow\">\n<figure class=\"wp-block-image size-large\"><a href=\"https:\/\/www.ruv.is\/sjonvarp\/spila\/tiufrettir\/30763\/9kjpdv\/graenir-frumkvodlar-framtidar\"><img loading=\"lazy\" decoding=\"async\" width=\"1024\" height=\"572\" src=\"https:\/\/matis.is\/wp-content\/uploads\/justine-RUV-GFF-1024x572.png\" alt=\"\" class=\"wp-image-45898\" srcset=\"https:\/\/matis.is\/wp-content\/uploads\/justine-RUV-GFF-1024x572.png 1024w, https:\/\/matis.is\/wp-content\/uploads\/justine-RUV-GFF-300x168.png 300w, https:\/\/matis.is\/wp-content\/uploads\/justine-RUV-GFF-768x429.png 768w, https:\/\/matis.is\/wp-content\/uploads\/justine-RUV-GFF-18x10.png 18w, https:\/\/matis.is\/wp-content\/uploads\/justine-RUV-GFF.png 1087w\" sizes=\"auto, (max-width: 1024px) 100vw, 1024px\" \/><\/a><\/figure>\n<\/div>\n\n\n\n<div class=\"wp-block-column is-layout-flow wp-block-column-is-layout-flow\">\n<figure class=\"wp-block-image size-full\"><a href=\"https:\/\/graenirfrumkvodlar.com\/\"><img loading=\"lazy\" decoding=\"async\" width=\"784\" height=\"385\" src=\"https:\/\/matis.is\/wp-content\/uploads\/graenir-frumkvodlar-2.png\" alt=\"\" class=\"wp-image-45899\" srcset=\"https:\/\/matis.is\/wp-content\/uploads\/graenir-frumkvodlar-2.png 784w, https:\/\/matis.is\/wp-content\/uploads\/graenir-frumkvodlar-2-300x147.png 300w, https:\/\/matis.is\/wp-content\/uploads\/graenir-frumkvodlar-2-768x377.png 768w, https:\/\/matis.is\/wp-content\/uploads\/graenir-frumkvodlar-2-18x9.png 18w\" sizes=\"auto, (max-width: 784px) 100vw, 784px\" \/><\/a><\/figure>\n<\/div>\n<\/div>\n\n\n\n<p><strong>Here you can follow the progress of the project:<\/strong><\/p>\n\n\n\n<ul class=\"wp-block-list\"><li><a href=\"https:\/\/graenirfrumkvodlar.com\/\">Website of the project<\/a><\/li><li><a href=\"https:\/\/www.instagram.com\/gff_matis\/\">The project&#039;s Instagram page<\/a><\/li><li>#Graenirfromkvodlar<\/li><\/ul>","protected":false},"excerpt":{"rendered":"<p>Verkefnastj\u00f3rar \u00ed verkefninu Gr\u00e6nir Frumkv\u00f6\u00f0lar Framt\u00ed\u00f0ar st\u00f3\u00f0u \u00ed vikunni fyrir n\u00fdsk\u00f6punarkeppni, svok\u00f6llu\u00f0u MAKEathoni, me\u00f0al barna \u00ed 9. bekk \u00ed \u00c1rsk\u00f3la [&hellip;]<\/p>\n","protected":false},"author":1,"featured_media":45898,"comment_status":"closed","ping_status":"closed","sticky":false,"template":"templates\/template-cover.php","format":"standard","meta":{"_acf_changed":false,"_uag_custom_page_level_css":"","site-sidebar-layout":"default","site-content-layout":"","ast-site-content-layout":"default","site-content-style":"default","site-sidebar-style":"default","ast-global-header-display":"","ast-banner-title-visibility":"","ast-main-header-display":"","ast-hfb-above-header-display":"","ast-hfb-below-header-display":"","ast-hfb-mobile-header-display":"","site-post-title":"","ast-breadcrumbs-content":"","ast-featured-img":"","footer-sml-layout":"","ast-disable-related-posts":"","theme-transparent-header-meta":"","adv-header-id-meta":"","stick-header-meta":"","header-above-stick-meta":"","header-main-stick-meta":"","header-below-stick-meta":"","astra-migrate-meta-layouts":"default","ast-page-background-enabled":"default","ast-page-background-meta":{"desktop":{"background-color":"var(--ast-global-color-5)","background-image":"","background-repeat":"repeat","background-position":"center center","background-size":"auto","background-attachment":"scroll","background-type":"","background-media":"","overlay-type":"","overlay-color":"","overlay-opacity":"","overlay-gradient":""},"tablet":{"background-color":"","background-image":"","background-repeat":"repeat","background-position":"center center","background-size":"auto","background-attachment":"scroll","background-type":"","background-media":"","overlay-type":"","overlay-color":"","overlay-opacity":"","overlay-gradient":""},"mobile":{"background-color":"","background-image":"","background-repeat":"repeat","background-position":"center center","background-size":"auto","background-attachment":"scroll","background-type":"","background-media":"","overlay-type":"","overlay-color":"","overlay-opacity":"","overlay-gradient":""}},"ast-content-background-meta":{"desktop":{"background-color":"var(--ast-global-color-4)","background-image":"","background-repeat":"repeat","background-position":"center center","background-size":"auto","background-attachment":"scroll","background-type":"","background-media":"","overlay-type":"","overlay-color":"","overlay-opacity":"","overlay-gradient":""},"tablet":{"background-color":"var(--ast-global-color-4)","background-image":"","background-repeat":"repeat","background-position":"center center","background-size":"auto","background-attachment":"scroll","background-type":"","background-media":"","overlay-type":"","overlay-color":"","overlay-opacity":"","overlay-gradient":""},"mobile":{"background-color":"var(--ast-global-color-4)","background-image":"","background-repeat":"repeat","background-position":"center center","background-size":"auto","background-attachment":"scroll","background-type":"","background-media":"","overlay-type":"","overlay-color":"","overlay-opacity":"","overlay-gradient":""}},"footnotes":""},"categories":[1973],"tags":[],"class_list":["post-45897","post","type-post","status-publish","format-standard","has-post-thumbnail","hentry","category-frettir"],"acf":[],"yoast_head":"<!-- This site is optimized with the Yoast SEO plugin v27.4 - https:\/\/yoast.com\/product\/yoast-seo-wordpress\/ -->\n<title>Gr\u00e6nir Frumkv\u00f6\u00f0lar Framt\u00ed\u00f0ar \u00e1 Sau\u00f0\u00e1rkr\u00f3ki \u00ed sj\u00f3nvarpsfr\u00e9ttum - Mat\u00eds<\/title>\n<meta name=\"robots\" content=\"index, follow, max-snippet:-1, max-image-preview:large, max-video-preview:-1\" \/>\n<link rel=\"canonical\" href=\"https:\/\/matis.is\/en\/frettir\/graenir-frumkvodlar-framtidar-a-saudarkroki-i-sjonvarpsfrettum\/\" \/>\n<meta property=\"og:locale\" content=\"en_GB\" \/>\n<meta property=\"og:type\" content=\"article\" \/>\n<meta property=\"og:title\" content=\"Gr\u00e6nir Frumkv\u00f6\u00f0lar Framt\u00ed\u00f0ar \u00e1 Sau\u00f0\u00e1rkr\u00f3ki \u00ed sj\u00f3nvarpsfr\u00e9ttum - Mat\u00eds\" \/>\n<meta property=\"og:description\" content=\"Verkefnastj\u00f3rar \u00ed verkefninu Gr\u00e6nir Frumkv\u00f6\u00f0lar Framt\u00ed\u00f0ar st\u00f3\u00f0u \u00ed vikunni fyrir n\u00fdsk\u00f6punarkeppni, svok\u00f6llu\u00f0u MAKEathoni, me\u00f0al barna \u00ed 9. bekk \u00ed \u00c1rsk\u00f3la [&hellip;]\" \/>\n<meta property=\"og:url\" content=\"https:\/\/matis.is\/en\/frettir\/graenir-frumkvodlar-framtidar-a-saudarkroki-i-sjonvarpsfrettum\/\" \/>\n<meta property=\"og:site_name\" content=\"Mat\u00eds\" \/>\n<meta property=\"article:publisher\" content=\"https:\/\/www.facebook.com\/matisiceland\" \/>\n<meta property=\"article:published_time\" content=\"2022-03-24T15:47:08+00:00\" \/>\n<meta property=\"article:modified_time\" content=\"2022-03-25T15:33:40+00:00\" \/>\n<meta property=\"og:image\" content=\"https:\/\/matis.is\/wp-content\/uploads\/justine-RUV-GFF.png\" \/>\n\t<meta property=\"og:image:width\" content=\"1087\" \/>\n\t<meta property=\"og:image:height\" content=\"607\" \/>\n\t<meta property=\"og:image:type\" content=\"image\/png\" \/>\n<meta name=\"author\" content=\"admin\" \/>\n<meta name=\"twitter:card\" content=\"summary_large_image\" \/>\n<meta name=\"twitter:creator\" content=\"@matisiceland\" \/>\n<meta name=\"twitter:site\" content=\"@matisiceland\" \/>\n<meta name=\"twitter:label1\" content=\"Written by\" \/>\n\t<meta name=\"twitter:data1\" content=\"admin\" \/>\n\t<meta name=\"twitter:label2\" content=\"Estimated reading time\" \/>\n\t<meta name=\"twitter:data2\" content=\"1 minute\" \/>\n<script type=\"application\/ld+json\" class=\"yoast-schema-graph\">{\"@context\":\"https:\\\/\\\/schema.org\",\"@graph\":[{\"@type\":\"Article\",\"@id\":\"https:\\\/\\\/matis.is\\\/en\\\/frettir\\\/graenir-frumkvodlar-framtidar-a-saudarkroki-i-sjonvarpsfrettum\\\/#article\",\"isPartOf\":{\"@id\":\"https:\\\/\\\/matis.is\\\/en\\\/frettir\\\/graenir-frumkvodlar-framtidar-a-saudarkroki-i-sjonvarpsfrettum\\\/\"},\"author\":{\"name\":\"admin\",\"@id\":\"https:\\\/\\\/matis.is\\\/#\\\/schema\\\/person\\\/33b92c850c915c93e67f291e3381a49a\"},\"headline\":\"Gr\u00e6nir Frumkv\u00f6\u00f0lar Framt\u00ed\u00f0ar \u00e1 Sau\u00f0\u00e1rkr\u00f3ki \u00ed sj\u00f3nvarpsfr\u00e9ttum\",\"datePublished\":\"2022-03-24T15:47:08+00:00\",\"dateModified\":\"2022-03-25T15:33:40+00:00\",\"mainEntityOfPage\":{\"@id\":\"https:\\\/\\\/matis.is\\\/en\\\/frettir\\\/graenir-frumkvodlar-framtidar-a-saudarkroki-i-sjonvarpsfrettum\\\/\"},\"wordCount\":132,\"publisher\":{\"@id\":\"https:\\\/\\\/matis.is\\\/#organization\"},\"image\":{\"@id\":\"https:\\\/\\\/matis.is\\\/en\\\/frettir\\\/graenir-frumkvodlar-framtidar-a-saudarkroki-i-sjonvarpsfrettum\\\/#primaryimage\"},\"thumbnailUrl\":\"https:\\\/\\\/matis.is\\\/wp-content\\\/uploads\\\/justine-RUV-GFF.png\",\"articleSection\":[\"Fr\u00e9ttir\"],\"inLanguage\":\"en-GB\"},{\"@type\":\"WebPage\",\"@id\":\"https:\\\/\\\/matis.is\\\/en\\\/frettir\\\/graenir-frumkvodlar-framtidar-a-saudarkroki-i-sjonvarpsfrettum\\\/\",\"url\":\"https:\\\/\\\/matis.is\\\/en\\\/frettir\\\/graenir-frumkvodlar-framtidar-a-saudarkroki-i-sjonvarpsfrettum\\\/\",\"name\":\"Gr\u00e6nir Frumkv\u00f6\u00f0lar Framt\u00ed\u00f0ar \u00e1 Sau\u00f0\u00e1rkr\u00f3ki \u00ed sj\u00f3nvarpsfr\u00e9ttum - Mat\u00eds\",\"isPartOf\":{\"@id\":\"https:\\\/\\\/matis.is\\\/#website\"},\"primaryImageOfPage\":{\"@id\":\"https:\\\/\\\/matis.is\\\/en\\\/frettir\\\/graenir-frumkvodlar-framtidar-a-saudarkroki-i-sjonvarpsfrettum\\\/#primaryimage\"},\"image\":{\"@id\":\"https:\\\/\\\/matis.is\\\/en\\\/frettir\\\/graenir-frumkvodlar-framtidar-a-saudarkroki-i-sjonvarpsfrettum\\\/#primaryimage\"},\"thumbnailUrl\":\"https:\\\/\\\/matis.is\\\/wp-content\\\/uploads\\\/justine-RUV-GFF.png\",\"datePublished\":\"2022-03-24T15:47:08+00:00\",\"dateModified\":\"2022-03-25T15:33:40+00:00\",\"breadcrumb\":{\"@id\":\"https:\\\/\\\/matis.is\\\/en\\\/frettir\\\/graenir-frumkvodlar-framtidar-a-saudarkroki-i-sjonvarpsfrettum\\\/#breadcrumb\"},\"inLanguage\":\"en-GB\",\"potentialAction\":[{\"@type\":\"ReadAction\",\"target\":[\"https:\\\/\\\/matis.is\\\/en\\\/frettir\\\/graenir-frumkvodlar-framtidar-a-saudarkroki-i-sjonvarpsfrettum\\\/\"]}]},{\"@type\":\"ImageObject\",\"inLanguage\":\"en-GB\",\"@id\":\"https:\\\/\\\/matis.is\\\/en\\\/frettir\\\/graenir-frumkvodlar-framtidar-a-saudarkroki-i-sjonvarpsfrettum\\\/#primaryimage\",\"url\":\"https:\\\/\\\/matis.is\\\/wp-content\\\/uploads\\\/justine-RUV-GFF.png\",\"contentUrl\":\"https:\\\/\\\/matis.is\\\/wp-content\\\/uploads\\\/justine-RUV-GFF.png\",\"width\":1087,\"height\":607},{\"@type\":\"BreadcrumbList\",\"@id\":\"https:\\\/\\\/matis.is\\\/en\\\/frettir\\\/graenir-frumkvodlar-framtidar-a-saudarkroki-i-sjonvarpsfrettum\\\/#breadcrumb\",\"itemListElement\":[{\"@type\":\"ListItem\",\"position\":1,\"name\":\"Home\",\"item\":\"https:\\\/\\\/matis.is\\\/\"},{\"@type\":\"ListItem\",\"position\":2,\"name\":\"Gr\u00e6nir Frumkv\u00f6\u00f0lar Framt\u00ed\u00f0ar \u00e1 Sau\u00f0\u00e1rkr\u00f3ki \u00ed sj\u00f3nvarpsfr\u00e9ttum\"}]},{\"@type\":\"WebSite\",\"@id\":\"https:\\\/\\\/matis.is\\\/#website\",\"url\":\"https:\\\/\\\/matis.is\\\/\",\"name\":\"Mat\u00eds\",\"description\":\"Ver\u00f0m\u00e6task\u00f6pun, matv\u00e6la\u00f6ryggi og l\u00fd\u00f0heilsa\",\"publisher\":{\"@id\":\"https:\\\/\\\/matis.is\\\/#organization\"},\"potentialAction\":[{\"@type\":\"SearchAction\",\"target\":{\"@type\":\"EntryPoint\",\"urlTemplate\":\"https:\\\/\\\/matis.is\\\/?s={search_term_string}\"},\"query-input\":{\"@type\":\"PropertyValueSpecification\",\"valueRequired\":true,\"valueName\":\"search_term_string\"}}],\"inLanguage\":\"en-GB\"},{\"@type\":\"Organization\",\"@id\":\"https:\\\/\\\/matis.is\\\/#organization\",\"name\":\"Mat\u00eds ohf.\",\"url\":\"https:\\\/\\\/matis.is\\\/\",\"logo\":{\"@type\":\"ImageObject\",\"inLanguage\":\"en-GB\",\"@id\":\"https:\\\/\\\/matis.is\\\/#\\\/schema\\\/logo\\\/image\\\/\",\"url\":\"https:\\\/\\\/matis.is\\\/wp-content\\\/uploads\\\/2021\\\/02\\\/matis_logo_blatthvitt.png\",\"contentUrl\":\"https:\\\/\\\/matis.is\\\/wp-content\\\/uploads\\\/2021\\\/02\\\/matis_logo_blatthvitt.png\",\"width\":1507,\"height\":1507,\"caption\":\"Mat\u00eds ohf.\"},\"image\":{\"@id\":\"https:\\\/\\\/matis.is\\\/#\\\/schema\\\/logo\\\/image\\\/\"},\"sameAs\":[\"https:\\\/\\\/www.facebook.com\\\/matisiceland\",\"https:\\\/\\\/x.com\\\/matisiceland\",\"https:\\\/\\\/www.instagram.com\\\/matisiceland\\\/\",\"https:\\\/\\\/www.linkedin.com\\\/matisiceland\\\/\",\"https:\\\/\\\/www.youtube.com\\\/channel\\\/UCY-frt3uTqgVZW-DLjoo5bA\"]},{\"@type\":\"Person\",\"@id\":\"https:\\\/\\\/matis.is\\\/#\\\/schema\\\/person\\\/33b92c850c915c93e67f291e3381a49a\",\"name\":\"admin\",\"sameAs\":[\"https:\\\/\\\/matis.mareframe.eu\"],\"url\":\"https:\\\/\\\/matis.is\\\/en\\\/author\\\/thormodurmatis-is\\\/\"}]}<\/script>\n<!-- \/ Yoast SEO plugin. -->","yoast_head_json":{"title":"Green Entrepreneurs of the Future in Sau\u00f0\u00e1rkr\u00f3kur in TV news - Mat\u00eds","robots":{"index":"index","follow":"follow","max-snippet":"max-snippet:-1","max-image-preview":"max-image-preview:large","max-video-preview":"max-video-preview:-1"},"canonical":"https:\/\/matis.is\/en\/frettir\/graenir-frumkvodlar-framtidar-a-saudarkroki-i-sjonvarpsfrettum\/","og_locale":"en_GB","og_type":"article","og_title":"Gr\u00e6nir Frumkv\u00f6\u00f0lar Framt\u00ed\u00f0ar \u00e1 Sau\u00f0\u00e1rkr\u00f3ki \u00ed sj\u00f3nvarpsfr\u00e9ttum - Mat\u00eds","og_description":"Verkefnastj\u00f3rar \u00ed verkefninu Gr\u00e6nir Frumkv\u00f6\u00f0lar Framt\u00ed\u00f0ar st\u00f3\u00f0u \u00ed vikunni fyrir n\u00fdsk\u00f6punarkeppni, svok\u00f6llu\u00f0u MAKEathoni, me\u00f0al barna \u00ed 9. bekk \u00ed \u00c1rsk\u00f3la [&hellip;]","og_url":"https:\/\/matis.is\/en\/frettir\/graenir-frumkvodlar-framtidar-a-saudarkroki-i-sjonvarpsfrettum\/","og_site_name":"Mat\u00eds","article_publisher":"https:\/\/www.facebook.com\/matisiceland","article_published_time":"2022-03-24T15:47:08+00:00","article_modified_time":"2022-03-25T15:33:40+00:00","og_image":[{"width":1087,"height":607,"url":"https:\/\/matis.is\/wp-content\/uploads\/justine-RUV-GFF.png","type":"image\/png"}],"author":"admin","twitter_card":"summary_large_image","twitter_creator":"@matisiceland","twitter_site":"@matisiceland","twitter_misc":{"Written by":"admin","Estimated reading time":"1 minute"},"schema":{"@context":"https:\/\/schema.org","@graph":[{"@type":"Article","@id":"https:\/\/matis.is\/en\/frettir\/graenir-frumkvodlar-framtidar-a-saudarkroki-i-sjonvarpsfrettum\/#article","isPartOf":{"@id":"https:\/\/matis.is\/en\/frettir\/graenir-frumkvodlar-framtidar-a-saudarkroki-i-sjonvarpsfrettum\/"},"author":{"name":"admin","@id":"https:\/\/matis.is\/#\/schema\/person\/33b92c850c915c93e67f291e3381a49a"},"headline":"Gr\u00e6nir Frumkv\u00f6\u00f0lar Framt\u00ed\u00f0ar \u00e1 Sau\u00f0\u00e1rkr\u00f3ki \u00ed sj\u00f3nvarpsfr\u00e9ttum","datePublished":"2022-03-24T15:47:08+00:00","dateModified":"2022-03-25T15:33:40+00:00","mainEntityOfPage":{"@id":"https:\/\/matis.is\/en\/frettir\/graenir-frumkvodlar-framtidar-a-saudarkroki-i-sjonvarpsfrettum\/"},"wordCount":132,"publisher":{"@id":"https:\/\/matis.is\/#organization"},"image":{"@id":"https:\/\/matis.is\/en\/frettir\/graenir-frumkvodlar-framtidar-a-saudarkroki-i-sjonvarpsfrettum\/#primaryimage"},"thumbnailUrl":"https:\/\/matis.is\/wp-content\/uploads\/justine-RUV-GFF.png","articleSection":["Fr\u00e9ttir"],"inLanguage":"en-GB"},{"@type":"WebPage","@id":"https:\/\/matis.is\/en\/frettir\/graenir-frumkvodlar-framtidar-a-saudarkroki-i-sjonvarpsfrettum\/","url":"https:\/\/matis.is\/en\/frettir\/graenir-frumkvodlar-framtidar-a-saudarkroki-i-sjonvarpsfrettum\/","name":"Green Entrepreneurs of the Future in Sau\u00f0\u00e1rkr\u00f3kur in TV news - Mat\u00eds","isPartOf":{"@id":"https:\/\/matis.is\/#website"},"primaryImageOfPage":{"@id":"https:\/\/matis.is\/en\/frettir\/graenir-frumkvodlar-framtidar-a-saudarkroki-i-sjonvarpsfrettum\/#primaryimage"},"image":{"@id":"https:\/\/matis.is\/en\/frettir\/graenir-frumkvodlar-framtidar-a-saudarkroki-i-sjonvarpsfrettum\/#primaryimage"},"thumbnailUrl":"https:\/\/matis.is\/wp-content\/uploads\/justine-RUV-GFF.png","datePublished":"2022-03-24T15:47:08+00:00","dateModified":"2022-03-25T15:33:40+00:00","breadcrumb":{"@id":"https:\/\/matis.is\/en\/frettir\/graenir-frumkvodlar-framtidar-a-saudarkroki-i-sjonvarpsfrettum\/#breadcrumb"},"inLanguage":"en-GB","potentialAction":[{"@type":"ReadAction","target":["https:\/\/matis.is\/en\/frettir\/graenir-frumkvodlar-framtidar-a-saudarkroki-i-sjonvarpsfrettum\/"]}]},{"@type":"ImageObject","inLanguage":"en-GB","@id":"https:\/\/matis.is\/en\/frettir\/graenir-frumkvodlar-framtidar-a-saudarkroki-i-sjonvarpsfrettum\/#primaryimage","url":"https:\/\/matis.is\/wp-content\/uploads\/justine-RUV-GFF.png","contentUrl":"https:\/\/matis.is\/wp-content\/uploads\/justine-RUV-GFF.png","width":1087,"height":607},{"@type":"BreadcrumbList","@id":"https:\/\/matis.is\/en\/frettir\/graenir-frumkvodlar-framtidar-a-saudarkroki-i-sjonvarpsfrettum\/#breadcrumb","itemListElement":[{"@type":"ListItem","position":1,"name":"Home","item":"https:\/\/matis.is\/"},{"@type":"ListItem","position":2,"name":"Gr\u00e6nir Frumkv\u00f6\u00f0lar Framt\u00ed\u00f0ar \u00e1 Sau\u00f0\u00e1rkr\u00f3ki \u00ed sj\u00f3nvarpsfr\u00e9ttum"}]},{"@type":"WebSite","@id":"https:\/\/matis.is\/#website","url":"https:\/\/matis.is\/","name":"Mat\u00eds","description":"Value creation, food security and public health","publisher":{"@id":"https:\/\/matis.is\/#organization"},"potentialAction":[{"@type":"SearchAction","target":{"@type":"EntryPoint","urlTemplate":"https:\/\/matis.is\/?s={search_term_string}"},"query-input":{"@type":"PropertyValueSpecification","valueRequired":true,"valueName":"search_term_string"}}],"inLanguage":"en-GB"},{"@type":"Organization","@id":"https:\/\/matis.is\/#organization","name":"Mat\u00eds ohf.","url":"https:\/\/matis.is\/","logo":{"@type":"ImageObject","inLanguage":"en-GB","@id":"https:\/\/matis.is\/#\/schema\/logo\/image\/","url":"https:\/\/matis.is\/wp-content\/uploads\/2021\/02\/matis_logo_blatthvitt.png","contentUrl":"https:\/\/matis.is\/wp-content\/uploads\/2021\/02\/matis_logo_blatthvitt.png","width":1507,"height":1507,"caption":"Mat\u00eds ohf."},"image":{"@id":"https:\/\/matis.is\/#\/schema\/logo\/image\/"},"sameAs":["https:\/\/www.facebook.com\/matisiceland","https:\/\/x.com\/matisiceland","https:\/\/www.instagram.com\/matisiceland\/","https:\/\/www.linkedin.com\/matisiceland\/","https:\/\/www.youtube.com\/channel\/UCY-frt3uTqgVZW-DLjoo5bA"]},{"@type":"Person","@id":"https:\/\/matis.is\/#\/schema\/person\/33b92c850c915c93e67f291e3381a49a","name":"admin","sameAs":["https:\/\/matis.mareframe.eu"],"url":"https:\/\/matis.is\/en\/author\/thormodurmatis-is\/"}]}},"spectra_custom_meta":{"_edit_lock":["1648222421:4"],"_thumbnail_id":["45898"],"_wp_page_template":["templates\/template-cover.php"],"_edit_last":["4"],"tengilidur":[""],"_tengilidur":["field_5ef905e0538b2"],"_yoast_wpseo_primary_category":["1973"],"_yoast_wpseo_content_score":["60"],"_yoast_wpseo_estimated-reading-time-minutes":["1"],"wpmm_postgrid_views":["534"],"_uag_css_file_name":["uag-css-45897.css"],"_uag_page_assets":["a:9:{s:3:\"css\";s:263:\".uag-blocks-common-selector{z-index:var(--z-index-desktop) !important}@media (max-width: 976px){.uag-blocks-common-selector{z-index:var(--z-index-tablet) !important}}@media (max-width: 767px){.uag-blocks-common-selector{z-index:var(--z-index-mobile) !important}}\n\";s:2:\"js\";s:0:\"\";s:18:\"current_block_list\";a:8:{i:0;s:12:\"core\/heading\";i:1;s:14:\"core\/paragraph\";i:2;s:12:\"core\/columns\";i:3;s:11:\"core\/column\";i:4;s:10:\"core\/image\";i:5;s:9:\"core\/list\";i:6;s:12:\"core\/buttons\";i:7;s:11:\"core\/button\";}s:8:\"uag_flag\";b:0;s:11:\"uag_version\";s:10:\"1777300790\";s:6:\"gfonts\";a:0:{}s:10:\"gfonts_url\";s:0:\"\";s:12:\"gfonts_files\";a:0:{}s:14:\"uag_faq_layout\";b:0;}"]},"uagb_featured_image_src":{"full":["https:\/\/matis.is\/wp-content\/uploads\/justine-RUV-GFF.png",1087,607,false],"thumbnail":["https:\/\/matis.is\/wp-content\/uploads\/justine-RUV-GFF-150x150.png",150,150,true],"medium":["https:\/\/matis.is\/wp-content\/uploads\/justine-RUV-GFF-300x168.png",300,168,true],"medium_large":["https:\/\/matis.is\/wp-content\/uploads\/justine-RUV-GFF-768x429.png",768,429,true],"large":["https:\/\/matis.is\/wp-content\/uploads\/justine-RUV-GFF-1024x572.png",1024,572,true],"1536x1536":["https:\/\/matis.is\/wp-content\/uploads\/justine-RUV-GFF.png",1087,607,false],"2048x2048":["https:\/\/matis.is\/wp-content\/uploads\/justine-RUV-GFF.png",1087,607,false],"trp-custom-language-flag":["https:\/\/matis.is\/wp-content\/uploads\/justine-RUV-GFF-18x10.png",18,10,true]},"uagb_author_info":{"display_name":"admin","author_link":"https:\/\/matis.is\/en\/author\/thormodurmatis-is\/"},"uagb_comment_info":0,"uagb_excerpt":"Verkefnastj\u00f3rar \u00ed verkefninu Gr\u00e6nir Frumkv\u00f6\u00f0lar Framt\u00ed\u00f0ar st\u00f3\u00f0u \u00ed vikunni fyrir n\u00fdsk\u00f6punarkeppni, svok\u00f6llu\u00f0u MAKEathoni, me\u00f0al barna \u00ed 9. bekk \u00ed \u00c1rsk\u00f3la [&hellip;]","_links":{"self":[{"href":"https:\/\/matis.is\/en\/wp-json\/wp\/v2\/posts\/45897","targetHints":{"allow":["GET"]}}],"collection":[{"href":"https:\/\/matis.is\/en\/wp-json\/wp\/v2\/posts"}],"about":[{"href":"https:\/\/matis.is\/en\/wp-json\/wp\/v2\/types\/post"}],"author":[{"embeddable":true,"href":"https:\/\/matis.is\/en\/wp-json\/wp\/v2\/users\/1"}],"replies":[{"embeddable":true,"href":"https:\/\/matis.is\/en\/wp-json\/wp\/v2\/comments?post=45897"}],"version-history":[{"count":4,"href":"https:\/\/matis.is\/en\/wp-json\/wp\/v2\/posts\/45897\/revisions"}],"predecessor-version":[{"id":45903,"href":"https:\/\/matis.is\/en\/wp-json\/wp\/v2\/posts\/45897\/revisions\/45903"}],"wp:featuredmedia":[{"embeddable":true,"href":"https:\/\/matis.is\/en\/wp-json\/wp\/v2\/media\/45898"}],"wp:attachment":[{"href":"https:\/\/matis.is\/en\/wp-json\/wp\/v2\/media?parent=45897"}],"wp:term":[{"taxonomy":"category","embeddable":true,"href":"https:\/\/matis.is\/en\/wp-json\/wp\/v2\/categories?post=45897"},{"taxonomy":"post_tag","embeddable":true,"href":"https:\/\/matis.is\/en\/wp-json\/wp\/v2\/tags?post=45897"}],"curies":[{"name":"wp","href":"https:\/\/api.w.org\/{rel}","templated":true}]}}