{"id":46013,"date":"2022-04-25T08:51:35","date_gmt":"2022-04-25T08:51:35","guid":{"rendered":"https:\/\/matis.is\/?p=46013"},"modified":"2022-04-25T08:52:05","modified_gmt":"2022-04-25T08:52:05","slug":"nyskopunarkeppni-i-nesskola","status":"publish","type":"post","link":"https:\/\/matis.is\/en\/frettir\/nyskopunarkeppni-i-nesskola\/","title":{"rendered":"Innovation competition at Nessk\u00f3li"},"content":{"rendered":"<h4 class=\"wp-block-heading\">On April 26 and 27, the third and final MAKEathon of the Green Entrepreneurs of the Future project will take place, at Nessk\u00f3li in Neskaupsta\u00f0ur. MAKEathon \u00c1rsk\u00f3li and Grunnsk\u00f3li Bolungarv\u00edkur have already done with great results. The MAKEathon project is an innovation competition that lasts for two days.<\/h4>\n\n\n\n<p>In this MAKEathoni, 24 students in 8th grade Viktor\u00eda Gilsd\u00f3ttir participate. They work together in teams competing to solve a challenge that will be found during their visits to fisheries companies in the area. The challenge will be environmental and climate change. They try to create a kind of prototype, among other things in collaboration with FabLab Austurland under the guidance of M\u00f3ses Helgi Halld\u00f3rsson.&nbsp; <\/p>\n\n\n\n<blockquote class=\"wp-block-quote is-layout-flow wp-block-quote-is-layout-flow\"><p>Since this autumn, students have been taught about climate change, sustainability and innovation, among other things. All GFF material will be made available after the project is completed.<\/p><\/blockquote>\n\n\n\n<p>The Green Entrepreneurs of the Future project started in schools in September 2021 and MAKEathonin is their final part. The national competition between the three schools will take place in May and its results will be announced in Innovation Week (at Mat\u00eds&#039; presentation on 20 May).<\/p>\n\n\n\n<p>The television station N4 has been recording about the project all winter, so they will be filmed on site. The show will be shown on the television station this autumn and the project will be presented there.<\/p>\n\n\n\n<figure class=\"wp-block-image size-large\"><img loading=\"lazy\" decoding=\"async\" width=\"1024\" height=\"768\" src=\"https:\/\/matis.is\/wp-content\/uploads\/nesskoli-1-1024x768.jpg\" alt=\"\" class=\"wp-image-46014\" srcset=\"https:\/\/matis.is\/wp-content\/uploads\/nesskoli-1-1024x768.jpg 1024w, https:\/\/matis.is\/wp-content\/uploads\/nesskoli-1-300x225.jpg 300w, https:\/\/matis.is\/wp-content\/uploads\/nesskoli-1-768x576.jpg 768w, https:\/\/matis.is\/wp-content\/uploads\/nesskoli-1-1536x1152.jpg 1536w, https:\/\/matis.is\/wp-content\/uploads\/nesskoli-1-2048x1536.jpg 2048w, https:\/\/matis.is\/wp-content\/uploads\/nesskoli-1-16x12.jpg 16w, https:\/\/matis.is\/wp-content\/uploads\/nesskoli-1-1200x900.jpg 1200w, https:\/\/matis.is\/wp-content\/uploads\/nesskoli-1-1980x1485.jpg 1980w\" sizes=\"auto, (max-width: 1024px) 100vw, 1024px\" \/><\/figure>\n\n\n\n<p>Green Entrepreneurs of the Future is an educational project intended for the oldest grades of primary school. The aim is to educate students about the effects of climate change on the ocean and its ecosystem, sustainability and innovation in an innovative and fun way. The project is funded by the Climate Fund and is managed by Mat\u00eds. Other participants are the three schools, FabLab workshops in each location, Cambridge University, Climate-KIC and the Deep Entrepreneurship Center.<\/p>\n\n\n\n<p>For more information, please contact the project manager of the project: <a href=\"mailto:Justine@matis.is\">Justine@matis.is<\/a>. Schools that want to participate are especially encouraged to get in touch. <\/p>\n\n\n\n<p>(media can be contacted by phone: 762 0266).<\/p>\n\n\n\n<p><strong>Here you can follow the progress of the project:<\/strong><\/p>\n\n\n\n<ul class=\"wp-block-list\"><li><a href=\"https:\/\/graenirfrumkvodlar.com\/\">Website of the project<\/a><\/li><li><a href=\"https:\/\/www.instagram.com\/gff_matis\/\">The project&#039;s Instagram page<\/a><\/li><li>#Graenirfromkvodlar<\/li><\/ul>","protected":false},"excerpt":{"rendered":"<p>Dagana 26. og 27. apr\u00edl fer fram \u00feri\u00f0ja og s\u00ed\u00f0asta MAKEathon verkefnisins Gr\u00e6nir Frumkv\u00f6\u00f0lar Framt\u00ed\u00f0ar, \u00ed Nessk\u00f3la \u00ed Neskaupsta\u00f0. MAKEathon [&hellip;]<\/p>\n","protected":false},"author":1,"featured_media":46015,"comment_status":"closed","ping_status":"closed","sticky":false,"template":"templates\/template-cover.php","format":"standard","meta":{"_acf_changed":false,"_uag_custom_page_level_css":"","site-sidebar-layout":"default","site-content-layout":"","ast-site-content-layout":"default","site-content-style":"default","site-sidebar-style":"default","ast-global-header-display":"","ast-banner-title-visibility":"","ast-main-header-display":"","ast-hfb-above-header-display":"","ast-hfb-below-header-display":"","ast-hfb-mobile-header-display":"","site-post-title":"","ast-breadcrumbs-content":"","ast-featured-img":"","footer-sml-layout":"","ast-disable-related-posts":"","theme-transparent-header-meta":"","adv-header-id-meta":"","stick-header-meta":"","header-above-stick-meta":"","header-main-stick-meta":"","header-below-stick-meta":"","astra-migrate-meta-layouts":"default","ast-page-background-enabled":"default","ast-page-background-meta":{"desktop":{"background-color":"var(--ast-global-color-5)","background-image":"","background-repeat":"repeat","background-position":"center center","background-size":"auto","background-attachment":"scroll","background-type":"","background-media":"","overlay-type":"","overlay-color":"","overlay-opacity":"","overlay-gradient":""},"tablet":{"background-color":"","background-image":"","background-repeat":"repeat","background-position":"center center","background-size":"auto","background-attachment":"scroll","background-type":"","background-media":"","overlay-type":"","overlay-color":"","overlay-opacity":"","overlay-gradient":""},"mobile":{"background-color":"","background-image":"","background-repeat":"repeat","background-position":"center center","background-size":"auto","background-attachment":"scroll","background-type":"","background-media":"","overlay-type":"","overlay-color":"","overlay-opacity":"","overlay-gradient":""}},"ast-content-background-meta":{"desktop":{"background-color":"var(--ast-global-color-4)","background-image":"","background-repeat":"repeat","background-position":"center center","background-size":"auto","background-attachment":"scroll","background-type":"","background-media":"","overlay-type":"","overlay-color":"","overlay-opacity":"","overlay-gradient":""},"tablet":{"background-color":"var(--ast-global-color-4)","background-image":"","background-repeat":"repeat","background-position":"center center","background-size":"auto","background-attachment":"scroll","background-type":"","background-media":"","overlay-type":"","overlay-color":"","overlay-opacity":"","overlay-gradient":""},"mobile":{"background-color":"var(--ast-global-color-4)","background-image":"","background-repeat":"repeat","background-position":"center center","background-size":"auto","background-attachment":"scroll","background-type":"","background-media":"","overlay-type":"","overlay-color":"","overlay-opacity":"","overlay-gradient":""}},"footnotes":""},"categories":[1973],"tags":[],"class_list":["post-46013","post","type-post","status-publish","format-standard","has-post-thumbnail","hentry","category-frettir"],"acf":[],"yoast_head":"<!-- This site is optimized with the Yoast SEO plugin v27.4 - https:\/\/yoast.com\/product\/yoast-seo-wordpress\/ -->\n<title>N\u00fdsk\u00f6punarkeppni \u00ed Nessk\u00f3la - Mat\u00eds<\/title>\n<meta name=\"robots\" content=\"index, follow, max-snippet:-1, max-image-preview:large, max-video-preview:-1\" \/>\n<link rel=\"canonical\" href=\"https:\/\/matis.is\/en\/frettir\/nyskopunarkeppni-i-nesskola\/\" \/>\n<meta property=\"og:locale\" content=\"en_GB\" \/>\n<meta property=\"og:type\" content=\"article\" \/>\n<meta property=\"og:title\" content=\"N\u00fdsk\u00f6punarkeppni \u00ed Nessk\u00f3la - Mat\u00eds\" \/>\n<meta property=\"og:description\" content=\"Dagana 26. og 27. apr\u00edl fer fram \u00feri\u00f0ja og s\u00ed\u00f0asta MAKEathon verkefnisins Gr\u00e6nir Frumkv\u00f6\u00f0lar Framt\u00ed\u00f0ar, \u00ed Nessk\u00f3la \u00ed Neskaupsta\u00f0. MAKEathon [&hellip;]\" \/>\n<meta property=\"og:url\" content=\"https:\/\/matis.is\/en\/frettir\/nyskopunarkeppni-i-nesskola\/\" \/>\n<meta property=\"og:site_name\" content=\"Mat\u00eds\" \/>\n<meta property=\"article:publisher\" content=\"https:\/\/www.facebook.com\/matisiceland\" \/>\n<meta property=\"article:published_time\" content=\"2022-04-25T08:51:35+00:00\" \/>\n<meta property=\"article:modified_time\" content=\"2022-04-25T08:52:05+00:00\" \/>\n<meta property=\"og:image\" content=\"https:\/\/matis.is\/wp-content\/uploads\/nesskol_GFF-scaled.jpg\" \/>\n\t<meta property=\"og:image:width\" content=\"2560\" \/>\n\t<meta property=\"og:image:height\" content=\"1770\" \/>\n\t<meta property=\"og:image:type\" content=\"image\/jpeg\" \/>\n<meta name=\"author\" content=\"admin\" \/>\n<meta name=\"twitter:card\" content=\"summary_large_image\" \/>\n<meta name=\"twitter:creator\" content=\"@matisiceland\" \/>\n<meta name=\"twitter:site\" content=\"@matisiceland\" \/>\n<meta name=\"twitter:label1\" content=\"Written by\" \/>\n\t<meta name=\"twitter:data1\" content=\"admin\" \/>\n\t<meta name=\"twitter:label2\" content=\"Estimated reading time\" \/>\n\t<meta name=\"twitter:data2\" content=\"2 minutes\" \/>\n<script type=\"application\/ld+json\" class=\"yoast-schema-graph\">{\"@context\":\"https:\\\/\\\/schema.org\",\"@graph\":[{\"@type\":\"Article\",\"@id\":\"https:\\\/\\\/matis.is\\\/en\\\/frettir\\\/nyskopunarkeppni-i-nesskola\\\/#article\",\"isPartOf\":{\"@id\":\"https:\\\/\\\/matis.is\\\/en\\\/frettir\\\/nyskopunarkeppni-i-nesskola\\\/\"},\"author\":{\"name\":\"admin\",\"@id\":\"https:\\\/\\\/matis.is\\\/#\\\/schema\\\/person\\\/33b92c850c915c93e67f291e3381a49a\"},\"headline\":\"N\u00fdsk\u00f6punarkeppni \u00ed Nessk\u00f3la\",\"datePublished\":\"2022-04-25T08:51:35+00:00\",\"dateModified\":\"2022-04-25T08:52:05+00:00\",\"mainEntityOfPage\":{\"@id\":\"https:\\\/\\\/matis.is\\\/en\\\/frettir\\\/nyskopunarkeppni-i-nesskola\\\/\"},\"wordCount\":371,\"publisher\":{\"@id\":\"https:\\\/\\\/matis.is\\\/#organization\"},\"image\":{\"@id\":\"https:\\\/\\\/matis.is\\\/en\\\/frettir\\\/nyskopunarkeppni-i-nesskola\\\/#primaryimage\"},\"thumbnailUrl\":\"https:\\\/\\\/matis.is\\\/wp-content\\\/uploads\\\/nesskol_GFF-scaled.jpg\",\"articleSection\":[\"Fr\u00e9ttir\"],\"inLanguage\":\"en-GB\"},{\"@type\":\"WebPage\",\"@id\":\"https:\\\/\\\/matis.is\\\/en\\\/frettir\\\/nyskopunarkeppni-i-nesskola\\\/\",\"url\":\"https:\\\/\\\/matis.is\\\/en\\\/frettir\\\/nyskopunarkeppni-i-nesskola\\\/\",\"name\":\"N\u00fdsk\u00f6punarkeppni \u00ed Nessk\u00f3la - Mat\u00eds\",\"isPartOf\":{\"@id\":\"https:\\\/\\\/matis.is\\\/#website\"},\"primaryImageOfPage\":{\"@id\":\"https:\\\/\\\/matis.is\\\/en\\\/frettir\\\/nyskopunarkeppni-i-nesskola\\\/#primaryimage\"},\"image\":{\"@id\":\"https:\\\/\\\/matis.is\\\/en\\\/frettir\\\/nyskopunarkeppni-i-nesskola\\\/#primaryimage\"},\"thumbnailUrl\":\"https:\\\/\\\/matis.is\\\/wp-content\\\/uploads\\\/nesskol_GFF-scaled.jpg\",\"datePublished\":\"2022-04-25T08:51:35+00:00\",\"dateModified\":\"2022-04-25T08:52:05+00:00\",\"breadcrumb\":{\"@id\":\"https:\\\/\\\/matis.is\\\/en\\\/frettir\\\/nyskopunarkeppni-i-nesskola\\\/#breadcrumb\"},\"inLanguage\":\"en-GB\",\"potentialAction\":[{\"@type\":\"ReadAction\",\"target\":[\"https:\\\/\\\/matis.is\\\/en\\\/frettir\\\/nyskopunarkeppni-i-nesskola\\\/\"]}]},{\"@type\":\"ImageObject\",\"inLanguage\":\"en-GB\",\"@id\":\"https:\\\/\\\/matis.is\\\/en\\\/frettir\\\/nyskopunarkeppni-i-nesskola\\\/#primaryimage\",\"url\":\"https:\\\/\\\/matis.is\\\/wp-content\\\/uploads\\\/nesskol_GFF-scaled.jpg\",\"contentUrl\":\"https:\\\/\\\/matis.is\\\/wp-content\\\/uploads\\\/nesskol_GFF-scaled.jpg\",\"width\":2560,\"height\":1770},{\"@type\":\"BreadcrumbList\",\"@id\":\"https:\\\/\\\/matis.is\\\/en\\\/frettir\\\/nyskopunarkeppni-i-nesskola\\\/#breadcrumb\",\"itemListElement\":[{\"@type\":\"ListItem\",\"position\":1,\"name\":\"Home\",\"item\":\"https:\\\/\\\/matis.is\\\/\"},{\"@type\":\"ListItem\",\"position\":2,\"name\":\"N\u00fdsk\u00f6punarkeppni \u00ed Nessk\u00f3la\"}]},{\"@type\":\"WebSite\",\"@id\":\"https:\\\/\\\/matis.is\\\/#website\",\"url\":\"https:\\\/\\\/matis.is\\\/\",\"name\":\"Mat\u00eds\",\"description\":\"Ver\u00f0m\u00e6task\u00f6pun, matv\u00e6la\u00f6ryggi og l\u00fd\u00f0heilsa\",\"publisher\":{\"@id\":\"https:\\\/\\\/matis.is\\\/#organization\"},\"potentialAction\":[{\"@type\":\"SearchAction\",\"target\":{\"@type\":\"EntryPoint\",\"urlTemplate\":\"https:\\\/\\\/matis.is\\\/?s={search_term_string}\"},\"query-input\":{\"@type\":\"PropertyValueSpecification\",\"valueRequired\":true,\"valueName\":\"search_term_string\"}}],\"inLanguage\":\"en-GB\"},{\"@type\":\"Organization\",\"@id\":\"https:\\\/\\\/matis.is\\\/#organization\",\"name\":\"Mat\u00eds ohf.\",\"url\":\"https:\\\/\\\/matis.is\\\/\",\"logo\":{\"@type\":\"ImageObject\",\"inLanguage\":\"en-GB\",\"@id\":\"https:\\\/\\\/matis.is\\\/#\\\/schema\\\/logo\\\/image\\\/\",\"url\":\"https:\\\/\\\/matis.is\\\/wp-content\\\/uploads\\\/2021\\\/02\\\/matis_logo_blatthvitt.png\",\"contentUrl\":\"https:\\\/\\\/matis.is\\\/wp-content\\\/uploads\\\/2021\\\/02\\\/matis_logo_blatthvitt.png\",\"width\":1507,\"height\":1507,\"caption\":\"Mat\u00eds ohf.\"},\"image\":{\"@id\":\"https:\\\/\\\/matis.is\\\/#\\\/schema\\\/logo\\\/image\\\/\"},\"sameAs\":[\"https:\\\/\\\/www.facebook.com\\\/matisiceland\",\"https:\\\/\\\/x.com\\\/matisiceland\",\"https:\\\/\\\/www.instagram.com\\\/matisiceland\\\/\",\"https:\\\/\\\/www.linkedin.com\\\/matisiceland\\\/\",\"https:\\\/\\\/www.youtube.com\\\/channel\\\/UCY-frt3uTqgVZW-DLjoo5bA\"]},{\"@type\":\"Person\",\"@id\":\"https:\\\/\\\/matis.is\\\/#\\\/schema\\\/person\\\/33b92c850c915c93e67f291e3381a49a\",\"name\":\"admin\",\"sameAs\":[\"https:\\\/\\\/matis.mareframe.eu\"],\"url\":\"https:\\\/\\\/matis.is\\\/en\\\/author\\\/thormodurmatis-is\\\/\"}]}<\/script>\n<!-- \/ Yoast SEO plugin. -->","yoast_head_json":{"title":"Innovation competition in Nessk\u00f3li - Mat\u00eds","robots":{"index":"index","follow":"follow","max-snippet":"max-snippet:-1","max-image-preview":"max-image-preview:large","max-video-preview":"max-video-preview:-1"},"canonical":"https:\/\/matis.is\/en\/frettir\/nyskopunarkeppni-i-nesskola\/","og_locale":"en_GB","og_type":"article","og_title":"N\u00fdsk\u00f6punarkeppni \u00ed Nessk\u00f3la - Mat\u00eds","og_description":"Dagana 26. og 27. apr\u00edl fer fram \u00feri\u00f0ja og s\u00ed\u00f0asta MAKEathon verkefnisins Gr\u00e6nir Frumkv\u00f6\u00f0lar Framt\u00ed\u00f0ar, \u00ed Nessk\u00f3la \u00ed Neskaupsta\u00f0. MAKEathon [&hellip;]","og_url":"https:\/\/matis.is\/en\/frettir\/nyskopunarkeppni-i-nesskola\/","og_site_name":"Mat\u00eds","article_publisher":"https:\/\/www.facebook.com\/matisiceland","article_published_time":"2022-04-25T08:51:35+00:00","article_modified_time":"2022-04-25T08:52:05+00:00","og_image":[{"width":2560,"height":1770,"url":"https:\/\/matis.is\/wp-content\/uploads\/nesskol_GFF-scaled.jpg","type":"image\/jpeg"}],"author":"admin","twitter_card":"summary_large_image","twitter_creator":"@matisiceland","twitter_site":"@matisiceland","twitter_misc":{"Written by":"admin","Estimated reading time":"2 minutes"},"schema":{"@context":"https:\/\/schema.org","@graph":[{"@type":"Article","@id":"https:\/\/matis.is\/en\/frettir\/nyskopunarkeppni-i-nesskola\/#article","isPartOf":{"@id":"https:\/\/matis.is\/en\/frettir\/nyskopunarkeppni-i-nesskola\/"},"author":{"name":"admin","@id":"https:\/\/matis.is\/#\/schema\/person\/33b92c850c915c93e67f291e3381a49a"},"headline":"N\u00fdsk\u00f6punarkeppni \u00ed Nessk\u00f3la","datePublished":"2022-04-25T08:51:35+00:00","dateModified":"2022-04-25T08:52:05+00:00","mainEntityOfPage":{"@id":"https:\/\/matis.is\/en\/frettir\/nyskopunarkeppni-i-nesskola\/"},"wordCount":371,"publisher":{"@id":"https:\/\/matis.is\/#organization"},"image":{"@id":"https:\/\/matis.is\/en\/frettir\/nyskopunarkeppni-i-nesskola\/#primaryimage"},"thumbnailUrl":"https:\/\/matis.is\/wp-content\/uploads\/nesskol_GFF-scaled.jpg","articleSection":["Fr\u00e9ttir"],"inLanguage":"en-GB"},{"@type":"WebPage","@id":"https:\/\/matis.is\/en\/frettir\/nyskopunarkeppni-i-nesskola\/","url":"https:\/\/matis.is\/en\/frettir\/nyskopunarkeppni-i-nesskola\/","name":"Innovation competition in Nessk\u00f3li - Mat\u00eds","isPartOf":{"@id":"https:\/\/matis.is\/#website"},"primaryImageOfPage":{"@id":"https:\/\/matis.is\/en\/frettir\/nyskopunarkeppni-i-nesskola\/#primaryimage"},"image":{"@id":"https:\/\/matis.is\/en\/frettir\/nyskopunarkeppni-i-nesskola\/#primaryimage"},"thumbnailUrl":"https:\/\/matis.is\/wp-content\/uploads\/nesskol_GFF-scaled.jpg","datePublished":"2022-04-25T08:51:35+00:00","dateModified":"2022-04-25T08:52:05+00:00","breadcrumb":{"@id":"https:\/\/matis.is\/en\/frettir\/nyskopunarkeppni-i-nesskola\/#breadcrumb"},"inLanguage":"en-GB","potentialAction":[{"@type":"ReadAction","target":["https:\/\/matis.is\/en\/frettir\/nyskopunarkeppni-i-nesskola\/"]}]},{"@type":"ImageObject","inLanguage":"en-GB","@id":"https:\/\/matis.is\/en\/frettir\/nyskopunarkeppni-i-nesskola\/#primaryimage","url":"https:\/\/matis.is\/wp-content\/uploads\/nesskol_GFF-scaled.jpg","contentUrl":"https:\/\/matis.is\/wp-content\/uploads\/nesskol_GFF-scaled.jpg","width":2560,"height":1770},{"@type":"BreadcrumbList","@id":"https:\/\/matis.is\/en\/frettir\/nyskopunarkeppni-i-nesskola\/#breadcrumb","itemListElement":[{"@type":"ListItem","position":1,"name":"Home","item":"https:\/\/matis.is\/"},{"@type":"ListItem","position":2,"name":"N\u00fdsk\u00f6punarkeppni \u00ed Nessk\u00f3la"}]},{"@type":"WebSite","@id":"https:\/\/matis.is\/#website","url":"https:\/\/matis.is\/","name":"Mat\u00eds","description":"Value creation, food security and public health","publisher":{"@id":"https:\/\/matis.is\/#organization"},"potentialAction":[{"@type":"SearchAction","target":{"@type":"EntryPoint","urlTemplate":"https:\/\/matis.is\/?s={search_term_string}"},"query-input":{"@type":"PropertyValueSpecification","valueRequired":true,"valueName":"search_term_string"}}],"inLanguage":"en-GB"},{"@type":"Organization","@id":"https:\/\/matis.is\/#organization","name":"Mat\u00eds ohf.","url":"https:\/\/matis.is\/","logo":{"@type":"ImageObject","inLanguage":"en-GB","@id":"https:\/\/matis.is\/#\/schema\/logo\/image\/","url":"https:\/\/matis.is\/wp-content\/uploads\/2021\/02\/matis_logo_blatthvitt.png","contentUrl":"https:\/\/matis.is\/wp-content\/uploads\/2021\/02\/matis_logo_blatthvitt.png","width":1507,"height":1507,"caption":"Mat\u00eds ohf."},"image":{"@id":"https:\/\/matis.is\/#\/schema\/logo\/image\/"},"sameAs":["https:\/\/www.facebook.com\/matisiceland","https:\/\/x.com\/matisiceland","https:\/\/www.instagram.com\/matisiceland\/","https:\/\/www.linkedin.com\/matisiceland\/","https:\/\/www.youtube.com\/channel\/UCY-frt3uTqgVZW-DLjoo5bA"]},{"@type":"Person","@id":"https:\/\/matis.is\/#\/schema\/person\/33b92c850c915c93e67f291e3381a49a","name":"admin","sameAs":["https:\/\/matis.mareframe.eu"],"url":"https:\/\/matis.is\/en\/author\/thormodurmatis-is\/"}]}},"spectra_custom_meta":{"_edit_lock":["1650876726:1"],"_thumbnail_id":["46015"],"_wp_page_template":["templates\/template-cover.php"],"_edit_last":["1"],"tengilidur":[""],"_tengilidur":["field_5ef905e0538b2"],"_yoast_wpseo_primary_category":["1973"],"_yoast_wpseo_content_score":["90"],"_yoast_wpseo_estimated-reading-time-minutes":["2"],"wpmm_postgrid_views":["527"],"_uag_css_file_name":["uag-css-46013.css"],"_uag_page_assets":["a:9:{s:3:\"css\";s:263:\".uag-blocks-common-selector{z-index:var(--z-index-desktop) !important}@media (max-width: 976px){.uag-blocks-common-selector{z-index:var(--z-index-tablet) !important}}@media (max-width: 767px){.uag-blocks-common-selector{z-index:var(--z-index-mobile) !important}}\n\";s:2:\"js\";s:0:\"\";s:18:\"current_block_list\";a:9:{i:0;s:12:\"core\/heading\";i:1;s:14:\"core\/paragraph\";i:2;s:10:\"core\/quote\";i:3;s:10:\"core\/image\";i:4;s:9:\"core\/list\";i:5;s:12:\"core\/buttons\";i:6;s:11:\"core\/button\";i:7;s:12:\"core\/columns\";i:8;s:11:\"core\/column\";}s:8:\"uag_flag\";b:0;s:11:\"uag_version\";s:10:\"1777040860\";s:6:\"gfonts\";a:0:{}s:10:\"gfonts_url\";s:0:\"\";s:12:\"gfonts_files\";a:0:{}s:14:\"uag_faq_layout\";b:0;}"]},"uagb_featured_image_src":{"full":["https:\/\/matis.is\/wp-content\/uploads\/nesskol_GFF-scaled.jpg",2560,1770,false],"thumbnail":["https:\/\/matis.is\/wp-content\/uploads\/nesskol_GFF-150x150.jpg",150,150,true],"medium":["https:\/\/matis.is\/wp-content\/uploads\/nesskol_GFF-300x207.jpg",300,207,true],"medium_large":["https:\/\/matis.is\/wp-content\/uploads\/nesskol_GFF-768x531.jpg",768,531,true],"large":["https:\/\/matis.is\/wp-content\/uploads\/nesskol_GFF-1024x708.jpg",1024,708,true],"1536x1536":["https:\/\/matis.is\/wp-content\/uploads\/nesskol_GFF-1536x1062.jpg",1536,1062,true],"2048x2048":["https:\/\/matis.is\/wp-content\/uploads\/nesskol_GFF-2048x1416.jpg",2048,1416,true],"trp-custom-language-flag":["https:\/\/matis.is\/wp-content\/uploads\/nesskol_GFF-18x12.jpg",18,12,true]},"uagb_author_info":{"display_name":"admin","author_link":"https:\/\/matis.is\/en\/author\/thormodurmatis-is\/"},"uagb_comment_info":0,"uagb_excerpt":"Dagana 26. og 27. apr\u00edl fer fram \u00feri\u00f0ja og s\u00ed\u00f0asta MAKEathon verkefnisins Gr\u00e6nir Frumkv\u00f6\u00f0lar Framt\u00ed\u00f0ar, \u00ed Nessk\u00f3la \u00ed Neskaupsta\u00f0. MAKEathon [&hellip;]","_links":{"self":[{"href":"https:\/\/matis.is\/en\/wp-json\/wp\/v2\/posts\/46013","targetHints":{"allow":["GET"]}}],"collection":[{"href":"https:\/\/matis.is\/en\/wp-json\/wp\/v2\/posts"}],"about":[{"href":"https:\/\/matis.is\/en\/wp-json\/wp\/v2\/types\/post"}],"author":[{"embeddable":true,"href":"https:\/\/matis.is\/en\/wp-json\/wp\/v2\/users\/1"}],"replies":[{"embeddable":true,"href":"https:\/\/matis.is\/en\/wp-json\/wp\/v2\/comments?post=46013"}],"version-history":[{"count":2,"href":"https:\/\/matis.is\/en\/wp-json\/wp\/v2\/posts\/46013\/revisions"}],"predecessor-version":[{"id":46017,"href":"https:\/\/matis.is\/en\/wp-json\/wp\/v2\/posts\/46013\/revisions\/46017"}],"wp:featuredmedia":[{"embeddable":true,"href":"https:\/\/matis.is\/en\/wp-json\/wp\/v2\/media\/46015"}],"wp:attachment":[{"href":"https:\/\/matis.is\/en\/wp-json\/wp\/v2\/media?parent=46013"}],"wp:term":[{"taxonomy":"category","embeddable":true,"href":"https:\/\/matis.is\/en\/wp-json\/wp\/v2\/categories?post=46013"},{"taxonomy":"post_tag","embeddable":true,"href":"https:\/\/matis.is\/en\/wp-json\/wp\/v2\/tags?post=46013"}],"curies":[{"name":"wp","href":"https:\/\/api.w.org\/{rel}","templated":true}]}}