{"id":46024,"date":"2022-05-05T08:46:27","date_gmt":"2022-05-05T08:46:27","guid":{"rendered":"https:\/\/matis.is\/?p=46024"},"modified":"2022-05-09T11:12:41","modified_gmt":"2022-05-09T11:12:41","slug":"hvernig-verda-stadbundin-matvaeli-nytt-i-ferdathjonustu-arid-2040","status":"publish","type":"post","link":"https:\/\/matis.is\/en\/frettir\/hvernig-verda-stadbundin-matvaeli-nytt-i-ferdathjonustu-arid-2040\/","title":{"rendered":"How will local foods be used in tourism in 2040?"},"content":{"rendered":"<h4 class=\"wp-block-heading\">If locals are proud of the cultural heritage, emphasize the traditions and customs of food culture as well as being guided by the uniqueness of food in different regions, food-related tourism in the Nordic countries has good conditions to increase in the future.&nbsp; &nbsp;<\/h4>\n\n\n\n<p>The food tradition is a large part of the image of a country and a nation, as it reflects culture and history and is marked by the times and nature of each country. The dining experience is an integral part of the tourist experience wherever they go. <\/p>\n\n\n\n<div class=\"wp-block-columns is-layout-flex wp-container-core-columns-is-layout-28f84493 wp-block-columns-is-layout-flex\">\n<div class=\"wp-block-column is-layout-flow wp-block-column-is-layout-flow\">\n<p>In the Nordic countries, there has been a great awareness of the value of regional cuisine in terms of innovation, development and consumption for locals as well as foreign visitors. At the same time, there is an increasing emphasis on sustainability in food production as well as tourism, so that a balance between growth and protection is maintained.<\/p>\n<\/div>\n\n\n\n<div class=\"wp-block-column is-vertically-aligned-center is-layout-flow wp-block-column-is-layout-flow\">\n<div class=\"wp-block-image\"><figure class=\"aligncenter size-full is-resized\"><img loading=\"lazy\" decoding=\"async\" src=\"https:\/\/matis.is\/wp-content\/uploads\/nordic-fit.jpg\" alt=\"\" class=\"wp-image-46392\" width=\"289\" height=\"139\" srcset=\"https:\/\/matis.is\/wp-content\/uploads\/nordic-fit.jpg 679w, https:\/\/matis.is\/wp-content\/uploads\/nordic-fit-300x145.jpg 300w, https:\/\/matis.is\/wp-content\/uploads\/nordic-fit-18x9.jpg 18w\" sizes=\"auto, (max-width: 289px) 100vw, 289px\" \/><\/figure><\/div>\n<\/div>\n<\/div>\n\n\n\n<p><\/p>\n\n\n\n<p>The Nordic Food in Tourism project has just been completed. The aim was to examine how tourists and other visitors talk about or perceive Nordic food, highlight the importance of local food in sustainable tourism and gain insight into how climate change, consumption changes and other variables can shape the future of food in tourism. The aim was to raise awareness of future challenges and opportunities related to tourism assessment and to provide strategic guidance in support of future action and Nordic policy-making that is also in line with the United Nations&#039; Sustainable Development Goals.<\/p>\n\n\n\n<figure class=\"wp-block-gallery columns-2 is-cropped wp-block-gallery-2 is-layout-flex wp-block-gallery-is-layout-flex\"><ul class=\"blocks-gallery-grid\"><li class=\"blocks-gallery-item\"><figure><img loading=\"lazy\" decoding=\"async\" width=\"768\" height=\"1024\" src=\"https:\/\/matis.is\/wp-content\/uploads\/IMG_2265-768x1024.jpg\" alt=\"\" data-id=\"46373\" data-link=\"https:\/\/matis.is\/?attachment_id=46373\" class=\"wp-image-46373\" srcset=\"https:\/\/matis.is\/wp-content\/uploads\/IMG_2265-768x1024.jpg 768w, https:\/\/matis.is\/wp-content\/uploads\/IMG_2265-225x300.jpg 225w, https:\/\/matis.is\/wp-content\/uploads\/IMG_2265-1152x1536.jpg 1152w, https:\/\/matis.is\/wp-content\/uploads\/IMG_2265-1536x2048.jpg 1536w, https:\/\/matis.is\/wp-content\/uploads\/IMG_2265-9x12.jpg 9w, https:\/\/matis.is\/wp-content\/uploads\/IMG_2265-1200x1600.jpg 1200w, https:\/\/matis.is\/wp-content\/uploads\/IMG_2265-1980x2640.jpg 1980w, https:\/\/matis.is\/wp-content\/uploads\/IMG_2265-scaled.jpg 1920w\" sizes=\"auto, (max-width: 768px) 100vw, 768px\" \/><\/figure><\/li><li class=\"blocks-gallery-item\"><figure><img loading=\"lazy\" decoding=\"async\" width=\"1024\" height=\"768\" src=\"https:\/\/matis.is\/wp-content\/uploads\/IMG_2281-1024x768.jpg\" alt=\"\" data-id=\"46374\" data-full-url=\"https:\/\/matis.is\/wp-content\/uploads\/IMG_2281-scaled.jpg\" data-link=\"https:\/\/matis.is\/?attachment_id=46374\" class=\"wp-image-46374\" srcset=\"https:\/\/matis.is\/wp-content\/uploads\/IMG_2281-1024x768.jpg 1024w, https:\/\/matis.is\/wp-content\/uploads\/IMG_2281-300x225.jpg 300w, https:\/\/matis.is\/wp-content\/uploads\/IMG_2281-768x576.jpg 768w, https:\/\/matis.is\/wp-content\/uploads\/IMG_2281-1536x1152.jpg 1536w, https:\/\/matis.is\/wp-content\/uploads\/IMG_2281-2048x1536.jpg 2048w, https:\/\/matis.is\/wp-content\/uploads\/IMG_2281-16x12.jpg 16w, https:\/\/matis.is\/wp-content\/uploads\/IMG_2281-1200x900.jpg 1200w, https:\/\/matis.is\/wp-content\/uploads\/IMG_2281-1980x1485.jpg 1980w\" sizes=\"auto, (max-width: 1024px) 100vw, 1024px\" \/><\/figure><\/li><\/ul><\/figure>\n\n\n\n<p>Food is a powerful marketing force in tourism. Nature, culture, clean energy and bustling human life are attractive resources and Iceland has everything to offer to integrate these four into the marketing of food in tourism. There is a need for a targeted publicity policy that aims to create interest and demand for food-related entertainment and local consumption, but also to respond to the interest and demand that already exists. There is a need to strengthen community awareness of the uniqueness of the food production we live in, knowledge of our food heritage and opportunities for the future. <\/p>\n\n\n\n<p>Building a destination that intends to establish itself as a sought-after food destination in Europe requires strong cooperation and organizational power in order for the message to be strong. Service and quality need to be monitored in marketing and infrastructure needs to be ready to live up to promises and expectations. <\/p>\n\n\n\n<blockquote class=\"wp-block-quote is-layout-flow wp-block-quote-is-layout-flow\"><p>It is important to look at the food value chain where the quality of the raw material is the basis, but consumer satisfaction and experience dominate demand. <\/p><\/blockquote>\n\n\n\n<p>It is important here that consumers and primary producers listen to each other to promote the development that the market calls for, with sustainability in mind. It is important to promote development and innovation in the light of underutilized resources and food policy aimed at minimizing waste. It is necessary to consider future scenarios, organization and collaboration.<\/p>\n\n\n\n<figure class=\"wp-block-gallery columns-2 is-cropped wp-block-gallery-3 is-layout-flex wp-block-gallery-is-layout-flex\"><ul class=\"blocks-gallery-grid\"><li class=\"blocks-gallery-item\"><figure><img loading=\"lazy\" decoding=\"async\" width=\"768\" height=\"1024\" src=\"https:\/\/matis.is\/wp-content\/uploads\/IMG_4322_1024.jpg\" alt=\"\" data-id=\"46376\" data-full-url=\"https:\/\/matis.is\/wp-content\/uploads\/IMG_4322_1024.jpg\" data-link=\"https:\/\/matis.is\/?attachment_id=46376\" class=\"wp-image-46376\" srcset=\"https:\/\/matis.is\/wp-content\/uploads\/IMG_4322_1024.jpg 768w, https:\/\/matis.is\/wp-content\/uploads\/IMG_4322_1024-225x300.jpg 225w, https:\/\/matis.is\/wp-content\/uploads\/IMG_4322_1024-9x12.jpg 9w\" sizes=\"auto, (max-width: 768px) 100vw, 768px\" \/><\/figure><\/li><li class=\"blocks-gallery-item\"><figure><img loading=\"lazy\" decoding=\"async\" width=\"1024\" height=\"1024\" src=\"https:\/\/matis.is\/wp-content\/uploads\/IMG_3631_1024-1024x1024.jpg\" alt=\"\" data-id=\"46375\" data-link=\"https:\/\/matis.is\/?attachment_id=46375\" class=\"wp-image-46375\" srcset=\"https:\/\/matis.is\/wp-content\/uploads\/IMG_3631_1024.jpg 1024w, https:\/\/matis.is\/wp-content\/uploads\/IMG_3631_1024-300x300.jpg 300w, https:\/\/matis.is\/wp-content\/uploads\/IMG_3631_1024-150x150.jpg 150w, https:\/\/matis.is\/wp-content\/uploads\/IMG_3631_1024-768x768.jpg 768w, https:\/\/matis.is\/wp-content\/uploads\/IMG_3631_1024-12x12.jpg 12w\" sizes=\"auto, (max-width: 1024px) 100vw, 1024px\" \/><\/figure><\/li><\/ul><\/figure>\n\n\n\n<p>The Nordic food in Tourism project was one of the three Presidency projects of the Nordic Council of Ministers under the auspices of sustainable tourism in the north. The Ministry of Culture and Commerce (formerly the Ministry of Industry and Innovation) led the project in collaboration with the Icelandic Travel Cluster and Mat\u00eds. Nordic partners came from Norway, Denmark, Sweden, Greenland, the Faroe Islands, \u00c5land and Finland, as well as an expert group from universities and the business community. The results of the project are based on data analysis, methods of futurology, interviews with experts and the results of a workshop with stakeholders. <\/p>\n\n\n\n<p><strong>The results are published in two reports, one focusing on the future vision and strategic guidance in relation to tourism assessment in the Nordic countries and the other in Iceland:<\/strong><\/p>\n\n\n\n<ul class=\"wp-block-list\"><li><a href=\"https:\/\/nordicfoodintourism.is\/wp-content\/uploads\/2022\/04\/Report_NordicFoodInFutureTourism_FEB2022_WEB.pdf\">Nordic Food in Tourism <\/a><\/li><li><a href=\"https:\/\/nordicfoodintourism.is\/wp-content\/uploads\/2022\/04\/Matur-i-ferdathjonustu-framtidarinnar-Island-vinnustofur_FEB2022_WEB.pdf\">Food in the tourism of the future - Iceland<\/a><\/li><\/ul>\n\n\n\n<p>We encourage people to take advantage of these results, as they provide inspiration for further collaboration, development, investment and innovation in food tourism with sustainability in mind. The reports and further information can be found on the project website; <a href=\"http:\/\/www.nordicfoodintourism.is\/\">Nordicfoodintourism.is <\/a><\/p>","protected":false},"excerpt":{"rendered":"<p>S\u00e9u heimamenn stoltir af menningararfinum, leggi \u00e1herslu \u00e1 hef\u00f0ir og si\u00f0i matarmenningar \u00e1samt \u00fev\u00ed a\u00f0 hafa s\u00e9rst\u00f6\u00f0u matv\u00e6la \u00e1 mismunandi [&hellip;]<\/p>\n","protected":false},"author":1,"featured_media":46376,"comment_status":"closed","ping_status":"closed","sticky":false,"template":"templates\/template-cover.php","format":"standard","meta":{"_acf_changed":false,"_uag_custom_page_level_css":"","site-sidebar-layout":"default","site-content-layout":"","ast-site-content-layout":"default","site-content-style":"default","site-sidebar-style":"default","ast-global-header-display":"","ast-banner-title-visibility":"","ast-main-header-display":"","ast-hfb-above-header-display":"","ast-hfb-below-header-display":"","ast-hfb-mobile-header-display":"","site-post-title":"","ast-breadcrumbs-content":"","ast-featured-img":"","footer-sml-layout":"","ast-disable-related-posts":"","theme-transparent-header-meta":"","adv-header-id-meta":"","stick-header-meta":"","header-above-stick-meta":"","header-main-stick-meta":"","header-below-stick-meta":"","astra-migrate-meta-layouts":"default","ast-page-background-enabled":"default","ast-page-background-meta":{"desktop":{"background-color":"var(--ast-global-color-5)","background-image":"","background-repeat":"repeat","background-position":"center center","background-size":"auto","background-attachment":"scroll","background-type":"","background-media":"","overlay-type":"","overlay-color":"","overlay-opacity":"","overlay-gradient":""},"tablet":{"background-color":"","background-image":"","background-repeat":"repeat","background-position":"center center","background-size":"auto","background-attachment":"scroll","background-type":"","background-media":"","overlay-type":"","overlay-color":"","overlay-opacity":"","overlay-gradient":""},"mobile":{"background-color":"","background-image":"","background-repeat":"repeat","background-position":"center center","background-size":"auto","background-attachment":"scroll","background-type":"","background-media":"","overlay-type":"","overlay-color":"","overlay-opacity":"","overlay-gradient":""}},"ast-content-background-meta":{"desktop":{"background-color":"var(--ast-global-color-4)","background-image":"","background-repeat":"repeat","background-position":"center center","background-size":"auto","background-attachment":"scroll","background-type":"","background-media":"","overlay-type":"","overlay-color":"","overlay-opacity":"","overlay-gradient":""},"tablet":{"background-color":"var(--ast-global-color-4)","background-image":"","background-repeat":"repeat","background-position":"center center","background-size":"auto","background-attachment":"scroll","background-type":"","background-media":"","overlay-type":"","overlay-color":"","overlay-opacity":"","overlay-gradient":""},"mobile":{"background-color":"var(--ast-global-color-4)","background-image":"","background-repeat":"repeat","background-position":"center center","background-size":"auto","background-attachment":"scroll","background-type":"","background-media":"","overlay-type":"","overlay-color":"","overlay-opacity":"","overlay-gradient":""}},"footnotes":""},"categories":[1973],"tags":[],"class_list":["post-46024","post","type-post","status-publish","format-standard","has-post-thumbnail","hentry","category-frettir"],"acf":[],"yoast_head":"<!-- This site is optimized with the Yoast SEO plugin v27.4 - https:\/\/yoast.com\/product\/yoast-seo-wordpress\/ -->\n<title>Hvernig ver\u00f0a sta\u00f0bundin matv\u00e6li n\u00fdtt \u00ed fer\u00f0a\u00fej\u00f3nustu \u00e1ri\u00f0 2040? - Mat\u00eds<\/title>\n<meta name=\"robots\" content=\"index, follow, max-snippet:-1, max-image-preview:large, max-video-preview:-1\" \/>\n<link rel=\"canonical\" href=\"https:\/\/matis.is\/en\/frettir\/hvernig-verda-stadbundin-matvaeli-nytt-i-ferdathjonustu-arid-2040\/\" \/>\n<meta property=\"og:locale\" content=\"en_GB\" \/>\n<meta property=\"og:type\" content=\"article\" \/>\n<meta property=\"og:title\" content=\"Hvernig ver\u00f0a sta\u00f0bundin matv\u00e6li n\u00fdtt \u00ed fer\u00f0a\u00fej\u00f3nustu \u00e1ri\u00f0 2040? - Mat\u00eds\" \/>\n<meta property=\"og:description\" content=\"S\u00e9u heimamenn stoltir af menningararfinum, leggi \u00e1herslu \u00e1 hef\u00f0ir og si\u00f0i matarmenningar \u00e1samt \u00fev\u00ed a\u00f0 hafa s\u00e9rst\u00f6\u00f0u matv\u00e6la \u00e1 mismunandi [&hellip;]\" \/>\n<meta property=\"og:url\" content=\"https:\/\/matis.is\/en\/frettir\/hvernig-verda-stadbundin-matvaeli-nytt-i-ferdathjonustu-arid-2040\/\" \/>\n<meta property=\"og:site_name\" content=\"Mat\u00eds\" \/>\n<meta property=\"article:publisher\" content=\"https:\/\/www.facebook.com\/matisiceland\" \/>\n<meta property=\"article:published_time\" content=\"2022-05-05T08:46:27+00:00\" \/>\n<meta property=\"article:modified_time\" content=\"2022-05-09T11:12:41+00:00\" \/>\n<meta property=\"og:image\" content=\"https:\/\/matis.is\/wp-content\/uploads\/IMG_4322_1024.jpg\" \/>\n\t<meta property=\"og:image:width\" content=\"768\" \/>\n\t<meta property=\"og:image:height\" content=\"1024\" \/>\n\t<meta property=\"og:image:type\" content=\"image\/jpeg\" \/>\n<meta name=\"author\" content=\"admin\" \/>\n<meta name=\"twitter:card\" content=\"summary_large_image\" \/>\n<meta name=\"twitter:creator\" content=\"@matisiceland\" \/>\n<meta name=\"twitter:site\" content=\"@matisiceland\" \/>\n<meta name=\"twitter:label1\" content=\"Written by\" \/>\n\t<meta name=\"twitter:data1\" content=\"admin\" \/>\n\t<meta name=\"twitter:label2\" content=\"Estimated reading time\" \/>\n\t<meta name=\"twitter:data2\" content=\"5 minutes\" \/>\n<script type=\"application\/ld+json\" class=\"yoast-schema-graph\">{\"@context\":\"https:\\\/\\\/schema.org\",\"@graph\":[{\"@type\":\"Article\",\"@id\":\"https:\\\/\\\/matis.is\\\/en\\\/frettir\\\/hvernig-verda-stadbundin-matvaeli-nytt-i-ferdathjonustu-arid-2040\\\/#article\",\"isPartOf\":{\"@id\":\"https:\\\/\\\/matis.is\\\/en\\\/frettir\\\/hvernig-verda-stadbundin-matvaeli-nytt-i-ferdathjonustu-arid-2040\\\/\"},\"author\":{\"name\":\"admin\",\"@id\":\"https:\\\/\\\/matis.is\\\/#\\\/schema\\\/person\\\/33b92c850c915c93e67f291e3381a49a\"},\"headline\":\"Hvernig ver\u00f0a sta\u00f0bundin matv\u00e6li n\u00fdtt \u00ed fer\u00f0a\u00fej\u00f3nustu \u00e1ri\u00f0 2040?\",\"datePublished\":\"2022-05-05T08:46:27+00:00\",\"dateModified\":\"2022-05-09T11:12:41+00:00\",\"mainEntityOfPage\":{\"@id\":\"https:\\\/\\\/matis.is\\\/en\\\/frettir\\\/hvernig-verda-stadbundin-matvaeli-nytt-i-ferdathjonustu-arid-2040\\\/\"},\"wordCount\":790,\"publisher\":{\"@id\":\"https:\\\/\\\/matis.is\\\/#organization\"},\"image\":{\"@id\":\"https:\\\/\\\/matis.is\\\/en\\\/frettir\\\/hvernig-verda-stadbundin-matvaeli-nytt-i-ferdathjonustu-arid-2040\\\/#primaryimage\"},\"thumbnailUrl\":\"https:\\\/\\\/matis.is\\\/wp-content\\\/uploads\\\/IMG_4322_1024.jpg\",\"articleSection\":[\"Fr\u00e9ttir\"],\"inLanguage\":\"en-GB\"},{\"@type\":\"WebPage\",\"@id\":\"https:\\\/\\\/matis.is\\\/en\\\/frettir\\\/hvernig-verda-stadbundin-matvaeli-nytt-i-ferdathjonustu-arid-2040\\\/\",\"url\":\"https:\\\/\\\/matis.is\\\/en\\\/frettir\\\/hvernig-verda-stadbundin-matvaeli-nytt-i-ferdathjonustu-arid-2040\\\/\",\"name\":\"Hvernig ver\u00f0a sta\u00f0bundin matv\u00e6li n\u00fdtt \u00ed fer\u00f0a\u00fej\u00f3nustu \u00e1ri\u00f0 2040? - Mat\u00eds\",\"isPartOf\":{\"@id\":\"https:\\\/\\\/matis.is\\\/#website\"},\"primaryImageOfPage\":{\"@id\":\"https:\\\/\\\/matis.is\\\/en\\\/frettir\\\/hvernig-verda-stadbundin-matvaeli-nytt-i-ferdathjonustu-arid-2040\\\/#primaryimage\"},\"image\":{\"@id\":\"https:\\\/\\\/matis.is\\\/en\\\/frettir\\\/hvernig-verda-stadbundin-matvaeli-nytt-i-ferdathjonustu-arid-2040\\\/#primaryimage\"},\"thumbnailUrl\":\"https:\\\/\\\/matis.is\\\/wp-content\\\/uploads\\\/IMG_4322_1024.jpg\",\"datePublished\":\"2022-05-05T08:46:27+00:00\",\"dateModified\":\"2022-05-09T11:12:41+00:00\",\"breadcrumb\":{\"@id\":\"https:\\\/\\\/matis.is\\\/en\\\/frettir\\\/hvernig-verda-stadbundin-matvaeli-nytt-i-ferdathjonustu-arid-2040\\\/#breadcrumb\"},\"inLanguage\":\"en-GB\",\"potentialAction\":[{\"@type\":\"ReadAction\",\"target\":[\"https:\\\/\\\/matis.is\\\/en\\\/frettir\\\/hvernig-verda-stadbundin-matvaeli-nytt-i-ferdathjonustu-arid-2040\\\/\"]}]},{\"@type\":\"ImageObject\",\"inLanguage\":\"en-GB\",\"@id\":\"https:\\\/\\\/matis.is\\\/en\\\/frettir\\\/hvernig-verda-stadbundin-matvaeli-nytt-i-ferdathjonustu-arid-2040\\\/#primaryimage\",\"url\":\"https:\\\/\\\/matis.is\\\/wp-content\\\/uploads\\\/IMG_4322_1024.jpg\",\"contentUrl\":\"https:\\\/\\\/matis.is\\\/wp-content\\\/uploads\\\/IMG_4322_1024.jpg\",\"width\":768,\"height\":1024},{\"@type\":\"BreadcrumbList\",\"@id\":\"https:\\\/\\\/matis.is\\\/en\\\/frettir\\\/hvernig-verda-stadbundin-matvaeli-nytt-i-ferdathjonustu-arid-2040\\\/#breadcrumb\",\"itemListElement\":[{\"@type\":\"ListItem\",\"position\":1,\"name\":\"Home\",\"item\":\"https:\\\/\\\/matis.is\\\/\"},{\"@type\":\"ListItem\",\"position\":2,\"name\":\"Hvernig ver\u00f0a sta\u00f0bundin matv\u00e6li n\u00fdtt \u00ed fer\u00f0a\u00fej\u00f3nustu \u00e1ri\u00f0 2040?\"}]},{\"@type\":\"WebSite\",\"@id\":\"https:\\\/\\\/matis.is\\\/#website\",\"url\":\"https:\\\/\\\/matis.is\\\/\",\"name\":\"Mat\u00eds\",\"description\":\"Ver\u00f0m\u00e6task\u00f6pun, matv\u00e6la\u00f6ryggi og l\u00fd\u00f0heilsa\",\"publisher\":{\"@id\":\"https:\\\/\\\/matis.is\\\/#organization\"},\"potentialAction\":[{\"@type\":\"SearchAction\",\"target\":{\"@type\":\"EntryPoint\",\"urlTemplate\":\"https:\\\/\\\/matis.is\\\/?s={search_term_string}\"},\"query-input\":{\"@type\":\"PropertyValueSpecification\",\"valueRequired\":true,\"valueName\":\"search_term_string\"}}],\"inLanguage\":\"en-GB\"},{\"@type\":\"Organization\",\"@id\":\"https:\\\/\\\/matis.is\\\/#organization\",\"name\":\"Mat\u00eds ohf.\",\"url\":\"https:\\\/\\\/matis.is\\\/\",\"logo\":{\"@type\":\"ImageObject\",\"inLanguage\":\"en-GB\",\"@id\":\"https:\\\/\\\/matis.is\\\/#\\\/schema\\\/logo\\\/image\\\/\",\"url\":\"https:\\\/\\\/matis.is\\\/wp-content\\\/uploads\\\/2021\\\/02\\\/matis_logo_blatthvitt.png\",\"contentUrl\":\"https:\\\/\\\/matis.is\\\/wp-content\\\/uploads\\\/2021\\\/02\\\/matis_logo_blatthvitt.png\",\"width\":1507,\"height\":1507,\"caption\":\"Mat\u00eds ohf.\"},\"image\":{\"@id\":\"https:\\\/\\\/matis.is\\\/#\\\/schema\\\/logo\\\/image\\\/\"},\"sameAs\":[\"https:\\\/\\\/www.facebook.com\\\/matisiceland\",\"https:\\\/\\\/x.com\\\/matisiceland\",\"https:\\\/\\\/www.instagram.com\\\/matisiceland\\\/\",\"https:\\\/\\\/www.linkedin.com\\\/matisiceland\\\/\",\"https:\\\/\\\/www.youtube.com\\\/channel\\\/UCY-frt3uTqgVZW-DLjoo5bA\"]},{\"@type\":\"Person\",\"@id\":\"https:\\\/\\\/matis.is\\\/#\\\/schema\\\/person\\\/33b92c850c915c93e67f291e3381a49a\",\"name\":\"admin\",\"sameAs\":[\"https:\\\/\\\/matis.mareframe.eu\"],\"url\":\"https:\\\/\\\/matis.is\\\/en\\\/author\\\/thormodurmatis-is\\\/\"}]}<\/script>\n<!-- \/ Yoast SEO plugin. -->","yoast_head_json":{"title":"How will local foods be used in tourism in 2040? - Mat\u00eds","robots":{"index":"index","follow":"follow","max-snippet":"max-snippet:-1","max-image-preview":"max-image-preview:large","max-video-preview":"max-video-preview:-1"},"canonical":"https:\/\/matis.is\/en\/frettir\/hvernig-verda-stadbundin-matvaeli-nytt-i-ferdathjonustu-arid-2040\/","og_locale":"en_GB","og_type":"article","og_title":"Hvernig ver\u00f0a sta\u00f0bundin matv\u00e6li n\u00fdtt \u00ed fer\u00f0a\u00fej\u00f3nustu \u00e1ri\u00f0 2040? - Mat\u00eds","og_description":"S\u00e9u heimamenn stoltir af menningararfinum, leggi \u00e1herslu \u00e1 hef\u00f0ir og si\u00f0i matarmenningar \u00e1samt \u00fev\u00ed a\u00f0 hafa s\u00e9rst\u00f6\u00f0u matv\u00e6la \u00e1 mismunandi [&hellip;]","og_url":"https:\/\/matis.is\/en\/frettir\/hvernig-verda-stadbundin-matvaeli-nytt-i-ferdathjonustu-arid-2040\/","og_site_name":"Mat\u00eds","article_publisher":"https:\/\/www.facebook.com\/matisiceland","article_published_time":"2022-05-05T08:46:27+00:00","article_modified_time":"2022-05-09T11:12:41+00:00","og_image":[{"width":768,"height":1024,"url":"https:\/\/matis.is\/wp-content\/uploads\/IMG_4322_1024.jpg","type":"image\/jpeg"}],"author":"admin","twitter_card":"summary_large_image","twitter_creator":"@matisiceland","twitter_site":"@matisiceland","twitter_misc":{"Written by":"admin","Estimated reading time":"5 minutes"},"schema":{"@context":"https:\/\/schema.org","@graph":[{"@type":"Article","@id":"https:\/\/matis.is\/en\/frettir\/hvernig-verda-stadbundin-matvaeli-nytt-i-ferdathjonustu-arid-2040\/#article","isPartOf":{"@id":"https:\/\/matis.is\/en\/frettir\/hvernig-verda-stadbundin-matvaeli-nytt-i-ferdathjonustu-arid-2040\/"},"author":{"name":"admin","@id":"https:\/\/matis.is\/#\/schema\/person\/33b92c850c915c93e67f291e3381a49a"},"headline":"Hvernig ver\u00f0a sta\u00f0bundin matv\u00e6li n\u00fdtt \u00ed fer\u00f0a\u00fej\u00f3nustu \u00e1ri\u00f0 2040?","datePublished":"2022-05-05T08:46:27+00:00","dateModified":"2022-05-09T11:12:41+00:00","mainEntityOfPage":{"@id":"https:\/\/matis.is\/en\/frettir\/hvernig-verda-stadbundin-matvaeli-nytt-i-ferdathjonustu-arid-2040\/"},"wordCount":790,"publisher":{"@id":"https:\/\/matis.is\/#organization"},"image":{"@id":"https:\/\/matis.is\/en\/frettir\/hvernig-verda-stadbundin-matvaeli-nytt-i-ferdathjonustu-arid-2040\/#primaryimage"},"thumbnailUrl":"https:\/\/matis.is\/wp-content\/uploads\/IMG_4322_1024.jpg","articleSection":["Fr\u00e9ttir"],"inLanguage":"en-GB"},{"@type":"WebPage","@id":"https:\/\/matis.is\/en\/frettir\/hvernig-verda-stadbundin-matvaeli-nytt-i-ferdathjonustu-arid-2040\/","url":"https:\/\/matis.is\/en\/frettir\/hvernig-verda-stadbundin-matvaeli-nytt-i-ferdathjonustu-arid-2040\/","name":"How will local foods be used in tourism in 2040? - Mat\u00eds","isPartOf":{"@id":"https:\/\/matis.is\/#website"},"primaryImageOfPage":{"@id":"https:\/\/matis.is\/en\/frettir\/hvernig-verda-stadbundin-matvaeli-nytt-i-ferdathjonustu-arid-2040\/#primaryimage"},"image":{"@id":"https:\/\/matis.is\/en\/frettir\/hvernig-verda-stadbundin-matvaeli-nytt-i-ferdathjonustu-arid-2040\/#primaryimage"},"thumbnailUrl":"https:\/\/matis.is\/wp-content\/uploads\/IMG_4322_1024.jpg","datePublished":"2022-05-05T08:46:27+00:00","dateModified":"2022-05-09T11:12:41+00:00","breadcrumb":{"@id":"https:\/\/matis.is\/en\/frettir\/hvernig-verda-stadbundin-matvaeli-nytt-i-ferdathjonustu-arid-2040\/#breadcrumb"},"inLanguage":"en-GB","potentialAction":[{"@type":"ReadAction","target":["https:\/\/matis.is\/en\/frettir\/hvernig-verda-stadbundin-matvaeli-nytt-i-ferdathjonustu-arid-2040\/"]}]},{"@type":"ImageObject","inLanguage":"en-GB","@id":"https:\/\/matis.is\/en\/frettir\/hvernig-verda-stadbundin-matvaeli-nytt-i-ferdathjonustu-arid-2040\/#primaryimage","url":"https:\/\/matis.is\/wp-content\/uploads\/IMG_4322_1024.jpg","contentUrl":"https:\/\/matis.is\/wp-content\/uploads\/IMG_4322_1024.jpg","width":768,"height":1024},{"@type":"BreadcrumbList","@id":"https:\/\/matis.is\/en\/frettir\/hvernig-verda-stadbundin-matvaeli-nytt-i-ferdathjonustu-arid-2040\/#breadcrumb","itemListElement":[{"@type":"ListItem","position":1,"name":"Home","item":"https:\/\/matis.is\/"},{"@type":"ListItem","position":2,"name":"Hvernig ver\u00f0a sta\u00f0bundin matv\u00e6li n\u00fdtt \u00ed fer\u00f0a\u00fej\u00f3nustu \u00e1ri\u00f0 2040?"}]},{"@type":"WebSite","@id":"https:\/\/matis.is\/#website","url":"https:\/\/matis.is\/","name":"Mat\u00eds","description":"Value creation, food security and public health","publisher":{"@id":"https:\/\/matis.is\/#organization"},"potentialAction":[{"@type":"SearchAction","target":{"@type":"EntryPoint","urlTemplate":"https:\/\/matis.is\/?s={search_term_string}"},"query-input":{"@type":"PropertyValueSpecification","valueRequired":true,"valueName":"search_term_string"}}],"inLanguage":"en-GB"},{"@type":"Organization","@id":"https:\/\/matis.is\/#organization","name":"Mat\u00eds ohf.","url":"https:\/\/matis.is\/","logo":{"@type":"ImageObject","inLanguage":"en-GB","@id":"https:\/\/matis.is\/#\/schema\/logo\/image\/","url":"https:\/\/matis.is\/wp-content\/uploads\/2021\/02\/matis_logo_blatthvitt.png","contentUrl":"https:\/\/matis.is\/wp-content\/uploads\/2021\/02\/matis_logo_blatthvitt.png","width":1507,"height":1507,"caption":"Mat\u00eds ohf."},"image":{"@id":"https:\/\/matis.is\/#\/schema\/logo\/image\/"},"sameAs":["https:\/\/www.facebook.com\/matisiceland","https:\/\/x.com\/matisiceland","https:\/\/www.instagram.com\/matisiceland\/","https:\/\/www.linkedin.com\/matisiceland\/","https:\/\/www.youtube.com\/channel\/UCY-frt3uTqgVZW-DLjoo5bA"]},{"@type":"Person","@id":"https:\/\/matis.is\/#\/schema\/person\/33b92c850c915c93e67f291e3381a49a","name":"admin","sameAs":["https:\/\/matis.mareframe.eu"],"url":"https:\/\/matis.is\/en\/author\/thormodurmatis-is\/"}]}},"spectra_custom_meta":{"_edit_lock":["1652186299:3"],"_thumbnail_id":["46376"],"_wp_page_template":["templates\/template-cover.php"],"_edit_last":["1"],"tengilidur":[""],"_tengilidur":["field_5ef905e0538b2"],"_yoast_wpseo_primary_category":["1973"],"_yoast_wpseo_content_score":["30"],"_yoast_wpseo_estimated-reading-time-minutes":["5"],"wpmm_postgrid_views":["486"],"_uag_css_file_name":["uag-css-46024.css"],"_uag_page_assets":["a:9:{s:3:\"css\";s:263:\".uag-blocks-common-selector{z-index:var(--z-index-desktop) !important}@media (max-width: 976px){.uag-blocks-common-selector{z-index:var(--z-index-tablet) !important}}@media (max-width: 767px){.uag-blocks-common-selector{z-index:var(--z-index-mobile) !important}}\n\";s:2:\"js\";s:0:\"\";s:18:\"current_block_list\";a:10:{i:0;s:12:\"core\/heading\";i:1;s:14:\"core\/paragraph\";i:2;s:12:\"core\/columns\";i:3;s:11:\"core\/column\";i:5;s:10:\"core\/image\";i:6;s:12:\"core\/gallery\";i:7;s:10:\"core\/quote\";i:8;s:9:\"core\/list\";i:9;s:12:\"core\/buttons\";i:10;s:11:\"core\/button\";}s:8:\"uag_flag\";b:0;s:11:\"uag_version\";s:10:\"1777300790\";s:6:\"gfonts\";a:0:{}s:10:\"gfonts_url\";s:0:\"\";s:12:\"gfonts_files\";a:0:{}s:14:\"uag_faq_layout\";b:0;}"]},"uagb_featured_image_src":{"full":["https:\/\/matis.is\/wp-content\/uploads\/IMG_4322_1024.jpg",768,1024,false],"thumbnail":["https:\/\/matis.is\/wp-content\/uploads\/IMG_4322_1024-150x150.jpg",150,150,true],"medium":["https:\/\/matis.is\/wp-content\/uploads\/IMG_4322_1024-225x300.jpg",225,300,true],"medium_large":["https:\/\/matis.is\/wp-content\/uploads\/IMG_4322_1024.jpg",768,1024,false],"large":["https:\/\/matis.is\/wp-content\/uploads\/IMG_4322_1024.jpg",768,1024,false],"1536x1536":["https:\/\/matis.is\/wp-content\/uploads\/IMG_4322_1024.jpg",768,1024,false],"2048x2048":["https:\/\/matis.is\/wp-content\/uploads\/IMG_4322_1024.jpg",768,1024,false],"trp-custom-language-flag":["https:\/\/matis.is\/wp-content\/uploads\/IMG_4322_1024-9x12.jpg",9,12,true]},"uagb_author_info":{"display_name":"admin","author_link":"https:\/\/matis.is\/en\/author\/thormodurmatis-is\/"},"uagb_comment_info":0,"uagb_excerpt":"S\u00e9u heimamenn stoltir af menningararfinum, leggi \u00e1herslu \u00e1 hef\u00f0ir og si\u00f0i matarmenningar \u00e1samt \u00fev\u00ed a\u00f0 hafa s\u00e9rst\u00f6\u00f0u matv\u00e6la \u00e1 mismunandi [&hellip;]","_links":{"self":[{"href":"https:\/\/matis.is\/en\/wp-json\/wp\/v2\/posts\/46024","targetHints":{"allow":["GET"]}}],"collection":[{"href":"https:\/\/matis.is\/en\/wp-json\/wp\/v2\/posts"}],"about":[{"href":"https:\/\/matis.is\/en\/wp-json\/wp\/v2\/types\/post"}],"author":[{"embeddable":true,"href":"https:\/\/matis.is\/en\/wp-json\/wp\/v2\/users\/1"}],"replies":[{"embeddable":true,"href":"https:\/\/matis.is\/en\/wp-json\/wp\/v2\/comments?post=46024"}],"version-history":[{"count":4,"href":"https:\/\/matis.is\/en\/wp-json\/wp\/v2\/posts\/46024\/revisions"}],"predecessor-version":[{"id":46396,"href":"https:\/\/matis.is\/en\/wp-json\/wp\/v2\/posts\/46024\/revisions\/46396"}],"wp:featuredmedia":[{"embeddable":true,"href":"https:\/\/matis.is\/en\/wp-json\/wp\/v2\/media\/46376"}],"wp:attachment":[{"href":"https:\/\/matis.is\/en\/wp-json\/wp\/v2\/media?parent=46024"}],"wp:term":[{"taxonomy":"category","embeddable":true,"href":"https:\/\/matis.is\/en\/wp-json\/wp\/v2\/categories?post=46024"},{"taxonomy":"post_tag","embeddable":true,"href":"https:\/\/matis.is\/en\/wp-json\/wp\/v2\/tags?post=46024"}],"curies":[{"name":"wp","href":"https:\/\/api.w.org\/{rel}","templated":true}]}}