{"id":46599,"date":"2022-05-30T15:02:59","date_gmt":"2022-05-30T15:02:59","guid":{"rendered":"https:\/\/matis.is\/?p=46599"},"modified":"2022-05-30T15:03:01","modified_gmt":"2022-05-30T15:03:01","slug":"nordmar-verkefnin-lokaradstefna-um-hafid","status":"publish","type":"post","link":"https:\/\/matis.is\/en\/frettir\/nordmar-verkefnin-lokaradstefna-um-hafid\/","title":{"rendered":"The NordMar projects - the final conference on the sea"},"content":{"rendered":"<h4 class=\"wp-block-heading\">In June, three projects, the so-called NordMar projects that have been running since 2019, will end with an impressive final conference that will take place at the Grand Hotel Reykjav\u00edk.<\/h4>\n\n\n\n<p>The projects NordMar Plastic, NordMar Biorefine and NordMar Ports began on the basis of the priorities of the Nordic Council of Ministers when Iceland held the presidency in the years 2019-2021. <\/p>\n\n\n\n<p><strong>For more information about the conference, send an email to: <a href=\"mailto:nordmarplastic@matis.is\">nordmarplastic@matis.is<\/a>  <\/strong><\/p>\n\n\n\n<figure class=\"wp-block-image size-full\"><img loading=\"lazy\" decoding=\"async\" width=\"567\" height=\"287\" src=\"https:\/\/matis.is\/wp-content\/uploads\/loafundur-mynd.png\" alt=\"\" class=\"wp-image-46600\" srcset=\"https:\/\/matis.is\/wp-content\/uploads\/loafundur-mynd.png 567w, https:\/\/matis.is\/wp-content\/uploads\/loafundur-mynd-300x152.png 300w, https:\/\/matis.is\/wp-content\/uploads\/loafundur-mynd-18x9.png 18w\" sizes=\"auto, (max-width: 567px) 100vw, 567px\" \/><\/figure>\n\n\n\n<p><strong><a href=\"https:\/\/nordmarplastic.com\/\">NordMar Plastic<\/a><\/strong> led by Sophie Jensen, Mat\u00eds&#039; project manager, aims to raise awareness and educate the public about plastic pollution in the environment, as well as to develop and publish study materials and hold events that promote increased innovation in connection with the subject. <\/p>\n\n\n\n<p><strong><a href=\"https:\/\/bluebioportal.com\/\">NordMar Biorefine<\/a><\/strong> is led by Val Nor\u00f0ra Gunnlaugsson, Director of Mat\u00eds, and aims to assess the feasibility and potential of biomass plants for the blue bioeconomy in the Nordic countries and the formation of a network of experts in this field as well as education on related issues for younger generations. <\/p>\n\n\n\n<p>In the project <strong>NordMar Ports<\/strong> Emphasis is placed on strengthening ports as centers of innovation and energy exchange, a project managed by partners in the Faroe Islands.<\/p>\n\n\n\n<p><\/p>","protected":false},"excerpt":{"rendered":"<p>\u00cd j\u00fan\u00ed mun \u00feremur verkefnum, svok\u00f6llu\u00f0um NordMar verkefnum sem hafa veri\u00f0 \u00ed gangi fr\u00e1 \u00e1rinu 2019, lj\u00faka me\u00f0 gl\u00e6silegri lokar\u00e1\u00f0stefnu [&hellip;]<\/p>\n","protected":false},"author":1,"featured_media":46600,"comment_status":"closed","ping_status":"closed","sticky":false,"template":"templates\/template-cover.php","format":"standard","meta":{"_acf_changed":false,"_uag_custom_page_level_css":"","site-sidebar-layout":"default","site-content-layout":"","ast-site-content-layout":"default","site-content-style":"default","site-sidebar-style":"default","ast-global-header-display":"","ast-banner-title-visibility":"","ast-main-header-display":"","ast-hfb-above-header-display":"","ast-hfb-below-header-display":"","ast-hfb-mobile-header-display":"","site-post-title":"","ast-breadcrumbs-content":"","ast-featured-img":"","footer-sml-layout":"","ast-disable-related-posts":"","theme-transparent-header-meta":"","adv-header-id-meta":"","stick-header-meta":"","header-above-stick-meta":"","header-main-stick-meta":"","header-below-stick-meta":"","astra-migrate-meta-layouts":"default","ast-page-background-enabled":"default","ast-page-background-meta":{"desktop":{"background-color":"var(--ast-global-color-5)","background-image":"","background-repeat":"repeat","background-position":"center center","background-size":"auto","background-attachment":"scroll","background-type":"","background-media":"","overlay-type":"","overlay-color":"","overlay-opacity":"","overlay-gradient":""},"tablet":{"background-color":"","background-image":"","background-repeat":"repeat","background-position":"center center","background-size":"auto","background-attachment":"scroll","background-type":"","background-media":"","overlay-type":"","overlay-color":"","overlay-opacity":"","overlay-gradient":""},"mobile":{"background-color":"","background-image":"","background-repeat":"repeat","background-position":"center center","background-size":"auto","background-attachment":"scroll","background-type":"","background-media":"","overlay-type":"","overlay-color":"","overlay-opacity":"","overlay-gradient":""}},"ast-content-background-meta":{"desktop":{"background-color":"var(--ast-global-color-4)","background-image":"","background-repeat":"repeat","background-position":"center center","background-size":"auto","background-attachment":"scroll","background-type":"","background-media":"","overlay-type":"","overlay-color":"","overlay-opacity":"","overlay-gradient":""},"tablet":{"background-color":"var(--ast-global-color-4)","background-image":"","background-repeat":"repeat","background-position":"center center","background-size":"auto","background-attachment":"scroll","background-type":"","background-media":"","overlay-type":"","overlay-color":"","overlay-opacity":"","overlay-gradient":""},"mobile":{"background-color":"var(--ast-global-color-4)","background-image":"","background-repeat":"repeat","background-position":"center center","background-size":"auto","background-attachment":"scroll","background-type":"","background-media":"","overlay-type":"","overlay-color":"","overlay-opacity":"","overlay-gradient":""}},"footnotes":""},"categories":[1973],"tags":[],"class_list":["post-46599","post","type-post","status-publish","format-standard","has-post-thumbnail","hentry","category-frettir"],"acf":[],"yoast_head":"<!-- This site is optimized with the Yoast SEO plugin v27.4 - https:\/\/yoast.com\/product\/yoast-seo-wordpress\/ -->\n<title>NordMar verkefnin - lokar\u00e1\u00f0stefna um hafi\u00f0 - Mat\u00eds<\/title>\n<meta name=\"robots\" content=\"index, follow, max-snippet:-1, max-image-preview:large, max-video-preview:-1\" \/>\n<link rel=\"canonical\" href=\"https:\/\/matis.is\/en\/frettir\/nordmar-verkefnin-lokaradstefna-um-hafid\/\" \/>\n<meta property=\"og:locale\" content=\"en_GB\" \/>\n<meta property=\"og:type\" content=\"article\" \/>\n<meta property=\"og:title\" content=\"NordMar verkefnin - lokar\u00e1\u00f0stefna um hafi\u00f0 - Mat\u00eds\" \/>\n<meta property=\"og:description\" content=\"\u00cd j\u00fan\u00ed mun \u00feremur verkefnum, svok\u00f6llu\u00f0um NordMar verkefnum sem hafa veri\u00f0 \u00ed gangi fr\u00e1 \u00e1rinu 2019, lj\u00faka me\u00f0 gl\u00e6silegri lokar\u00e1\u00f0stefnu [&hellip;]\" \/>\n<meta property=\"og:url\" content=\"https:\/\/matis.is\/en\/frettir\/nordmar-verkefnin-lokaradstefna-um-hafid\/\" \/>\n<meta property=\"og:site_name\" content=\"Mat\u00eds\" \/>\n<meta property=\"article:publisher\" content=\"https:\/\/www.facebook.com\/matisiceland\" \/>\n<meta property=\"article:published_time\" content=\"2022-05-30T15:02:59+00:00\" \/>\n<meta property=\"article:modified_time\" content=\"2022-05-30T15:03:01+00:00\" \/>\n<meta property=\"og:image\" content=\"https:\/\/matis.is\/wp-content\/uploads\/loafundur-mynd.png\" \/>\n\t<meta property=\"og:image:width\" content=\"567\" \/>\n\t<meta property=\"og:image:height\" content=\"287\" \/>\n\t<meta property=\"og:image:type\" content=\"image\/png\" \/>\n<meta name=\"author\" content=\"admin\" \/>\n<meta name=\"twitter:card\" content=\"summary_large_image\" \/>\n<meta name=\"twitter:creator\" content=\"@matisiceland\" \/>\n<meta name=\"twitter:site\" content=\"@matisiceland\" \/>\n<meta name=\"twitter:label1\" content=\"Written by\" \/>\n\t<meta name=\"twitter:data1\" content=\"admin\" \/>\n\t<meta name=\"twitter:label2\" content=\"Estimated reading time\" \/>\n\t<meta name=\"twitter:data2\" content=\"2 minutes\" \/>\n<script type=\"application\/ld+json\" class=\"yoast-schema-graph\">{\"@context\":\"https:\\\/\\\/schema.org\",\"@graph\":[{\"@type\":\"Article\",\"@id\":\"https:\\\/\\\/matis.is\\\/en\\\/frettir\\\/nordmar-verkefnin-lokaradstefna-um-hafid\\\/#article\",\"isPartOf\":{\"@id\":\"https:\\\/\\\/matis.is\\\/en\\\/frettir\\\/nordmar-verkefnin-lokaradstefna-um-hafid\\\/\"},\"author\":{\"name\":\"admin\",\"@id\":\"https:\\\/\\\/matis.is\\\/#\\\/schema\\\/person\\\/33b92c850c915c93e67f291e3381a49a\"},\"headline\":\"NordMar verkefnin &#8211; lokar\u00e1\u00f0stefna um hafi\u00f0\",\"datePublished\":\"2022-05-30T15:02:59+00:00\",\"dateModified\":\"2022-05-30T15:03:01+00:00\",\"mainEntityOfPage\":{\"@id\":\"https:\\\/\\\/matis.is\\\/en\\\/frettir\\\/nordmar-verkefnin-lokaradstefna-um-hafid\\\/\"},\"wordCount\":215,\"publisher\":{\"@id\":\"https:\\\/\\\/matis.is\\\/#organization\"},\"image\":{\"@id\":\"https:\\\/\\\/matis.is\\\/en\\\/frettir\\\/nordmar-verkefnin-lokaradstefna-um-hafid\\\/#primaryimage\"},\"thumbnailUrl\":\"https:\\\/\\\/matis.is\\\/wp-content\\\/uploads\\\/loafundur-mynd.png\",\"articleSection\":[\"Fr\u00e9ttir\"],\"inLanguage\":\"en-GB\"},{\"@type\":\"WebPage\",\"@id\":\"https:\\\/\\\/matis.is\\\/en\\\/frettir\\\/nordmar-verkefnin-lokaradstefna-um-hafid\\\/\",\"url\":\"https:\\\/\\\/matis.is\\\/en\\\/frettir\\\/nordmar-verkefnin-lokaradstefna-um-hafid\\\/\",\"name\":\"NordMar verkefnin - lokar\u00e1\u00f0stefna um hafi\u00f0 - Mat\u00eds\",\"isPartOf\":{\"@id\":\"https:\\\/\\\/matis.is\\\/#website\"},\"primaryImageOfPage\":{\"@id\":\"https:\\\/\\\/matis.is\\\/en\\\/frettir\\\/nordmar-verkefnin-lokaradstefna-um-hafid\\\/#primaryimage\"},\"image\":{\"@id\":\"https:\\\/\\\/matis.is\\\/en\\\/frettir\\\/nordmar-verkefnin-lokaradstefna-um-hafid\\\/#primaryimage\"},\"thumbnailUrl\":\"https:\\\/\\\/matis.is\\\/wp-content\\\/uploads\\\/loafundur-mynd.png\",\"datePublished\":\"2022-05-30T15:02:59+00:00\",\"dateModified\":\"2022-05-30T15:03:01+00:00\",\"breadcrumb\":{\"@id\":\"https:\\\/\\\/matis.is\\\/en\\\/frettir\\\/nordmar-verkefnin-lokaradstefna-um-hafid\\\/#breadcrumb\"},\"inLanguage\":\"en-GB\",\"potentialAction\":[{\"@type\":\"ReadAction\",\"target\":[\"https:\\\/\\\/matis.is\\\/en\\\/frettir\\\/nordmar-verkefnin-lokaradstefna-um-hafid\\\/\"]}]},{\"@type\":\"ImageObject\",\"inLanguage\":\"en-GB\",\"@id\":\"https:\\\/\\\/matis.is\\\/en\\\/frettir\\\/nordmar-verkefnin-lokaradstefna-um-hafid\\\/#primaryimage\",\"url\":\"https:\\\/\\\/matis.is\\\/wp-content\\\/uploads\\\/loafundur-mynd.png\",\"contentUrl\":\"https:\\\/\\\/matis.is\\\/wp-content\\\/uploads\\\/loafundur-mynd.png\",\"width\":567,\"height\":287},{\"@type\":\"BreadcrumbList\",\"@id\":\"https:\\\/\\\/matis.is\\\/en\\\/frettir\\\/nordmar-verkefnin-lokaradstefna-um-hafid\\\/#breadcrumb\",\"itemListElement\":[{\"@type\":\"ListItem\",\"position\":1,\"name\":\"Home\",\"item\":\"https:\\\/\\\/matis.is\\\/\"},{\"@type\":\"ListItem\",\"position\":2,\"name\":\"NordMar verkefnin &#8211; lokar\u00e1\u00f0stefna um hafi\u00f0\"}]},{\"@type\":\"WebSite\",\"@id\":\"https:\\\/\\\/matis.is\\\/#website\",\"url\":\"https:\\\/\\\/matis.is\\\/\",\"name\":\"Mat\u00eds\",\"description\":\"Ver\u00f0m\u00e6task\u00f6pun, matv\u00e6la\u00f6ryggi og l\u00fd\u00f0heilsa\",\"publisher\":{\"@id\":\"https:\\\/\\\/matis.is\\\/#organization\"},\"potentialAction\":[{\"@type\":\"SearchAction\",\"target\":{\"@type\":\"EntryPoint\",\"urlTemplate\":\"https:\\\/\\\/matis.is\\\/?s={search_term_string}\"},\"query-input\":{\"@type\":\"PropertyValueSpecification\",\"valueRequired\":true,\"valueName\":\"search_term_string\"}}],\"inLanguage\":\"en-GB\"},{\"@type\":\"Organization\",\"@id\":\"https:\\\/\\\/matis.is\\\/#organization\",\"name\":\"Mat\u00eds ohf.\",\"url\":\"https:\\\/\\\/matis.is\\\/\",\"logo\":{\"@type\":\"ImageObject\",\"inLanguage\":\"en-GB\",\"@id\":\"https:\\\/\\\/matis.is\\\/#\\\/schema\\\/logo\\\/image\\\/\",\"url\":\"https:\\\/\\\/matis.is\\\/wp-content\\\/uploads\\\/2021\\\/02\\\/matis_logo_blatthvitt.png\",\"contentUrl\":\"https:\\\/\\\/matis.is\\\/wp-content\\\/uploads\\\/2021\\\/02\\\/matis_logo_blatthvitt.png\",\"width\":1507,\"height\":1507,\"caption\":\"Mat\u00eds ohf.\"},\"image\":{\"@id\":\"https:\\\/\\\/matis.is\\\/#\\\/schema\\\/logo\\\/image\\\/\"},\"sameAs\":[\"https:\\\/\\\/www.facebook.com\\\/matisiceland\",\"https:\\\/\\\/x.com\\\/matisiceland\",\"https:\\\/\\\/www.instagram.com\\\/matisiceland\\\/\",\"https:\\\/\\\/www.linkedin.com\\\/matisiceland\\\/\",\"https:\\\/\\\/www.youtube.com\\\/channel\\\/UCY-frt3uTqgVZW-DLjoo5bA\"]},{\"@type\":\"Person\",\"@id\":\"https:\\\/\\\/matis.is\\\/#\\\/schema\\\/person\\\/33b92c850c915c93e67f291e3381a49a\",\"name\":\"admin\",\"sameAs\":[\"https:\\\/\\\/matis.mareframe.eu\"],\"url\":\"https:\\\/\\\/matis.is\\\/en\\\/author\\\/thormodurmatis-is\\\/\"}]}<\/script>\n<!-- \/ Yoast SEO plugin. -->","yoast_head_json":{"title":"The NordMar projects - final conference on the sea - Mat\u00eds","robots":{"index":"index","follow":"follow","max-snippet":"max-snippet:-1","max-image-preview":"max-image-preview:large","max-video-preview":"max-video-preview:-1"},"canonical":"https:\/\/matis.is\/en\/frettir\/nordmar-verkefnin-lokaradstefna-um-hafid\/","og_locale":"en_GB","og_type":"article","og_title":"NordMar verkefnin - lokar\u00e1\u00f0stefna um hafi\u00f0 - Mat\u00eds","og_description":"\u00cd j\u00fan\u00ed mun \u00feremur verkefnum, svok\u00f6llu\u00f0um NordMar verkefnum sem hafa veri\u00f0 \u00ed gangi fr\u00e1 \u00e1rinu 2019, lj\u00faka me\u00f0 gl\u00e6silegri lokar\u00e1\u00f0stefnu [&hellip;]","og_url":"https:\/\/matis.is\/en\/frettir\/nordmar-verkefnin-lokaradstefna-um-hafid\/","og_site_name":"Mat\u00eds","article_publisher":"https:\/\/www.facebook.com\/matisiceland","article_published_time":"2022-05-30T15:02:59+00:00","article_modified_time":"2022-05-30T15:03:01+00:00","og_image":[{"width":567,"height":287,"url":"https:\/\/matis.is\/wp-content\/uploads\/loafundur-mynd.png","type":"image\/png"}],"author":"admin","twitter_card":"summary_large_image","twitter_creator":"@matisiceland","twitter_site":"@matisiceland","twitter_misc":{"Written by":"admin","Estimated reading time":"2 minutes"},"schema":{"@context":"https:\/\/schema.org","@graph":[{"@type":"Article","@id":"https:\/\/matis.is\/en\/frettir\/nordmar-verkefnin-lokaradstefna-um-hafid\/#article","isPartOf":{"@id":"https:\/\/matis.is\/en\/frettir\/nordmar-verkefnin-lokaradstefna-um-hafid\/"},"author":{"name":"admin","@id":"https:\/\/matis.is\/#\/schema\/person\/33b92c850c915c93e67f291e3381a49a"},"headline":"NordMar verkefnin &#8211; lokar\u00e1\u00f0stefna um hafi\u00f0","datePublished":"2022-05-30T15:02:59+00:00","dateModified":"2022-05-30T15:03:01+00:00","mainEntityOfPage":{"@id":"https:\/\/matis.is\/en\/frettir\/nordmar-verkefnin-lokaradstefna-um-hafid\/"},"wordCount":215,"publisher":{"@id":"https:\/\/matis.is\/#organization"},"image":{"@id":"https:\/\/matis.is\/en\/frettir\/nordmar-verkefnin-lokaradstefna-um-hafid\/#primaryimage"},"thumbnailUrl":"https:\/\/matis.is\/wp-content\/uploads\/loafundur-mynd.png","articleSection":["Fr\u00e9ttir"],"inLanguage":"en-GB"},{"@type":"WebPage","@id":"https:\/\/matis.is\/en\/frettir\/nordmar-verkefnin-lokaradstefna-um-hafid\/","url":"https:\/\/matis.is\/en\/frettir\/nordmar-verkefnin-lokaradstefna-um-hafid\/","name":"The NordMar projects - final conference on the sea - Mat\u00eds","isPartOf":{"@id":"https:\/\/matis.is\/#website"},"primaryImageOfPage":{"@id":"https:\/\/matis.is\/en\/frettir\/nordmar-verkefnin-lokaradstefna-um-hafid\/#primaryimage"},"image":{"@id":"https:\/\/matis.is\/en\/frettir\/nordmar-verkefnin-lokaradstefna-um-hafid\/#primaryimage"},"thumbnailUrl":"https:\/\/matis.is\/wp-content\/uploads\/loafundur-mynd.png","datePublished":"2022-05-30T15:02:59+00:00","dateModified":"2022-05-30T15:03:01+00:00","breadcrumb":{"@id":"https:\/\/matis.is\/en\/frettir\/nordmar-verkefnin-lokaradstefna-um-hafid\/#breadcrumb"},"inLanguage":"en-GB","potentialAction":[{"@type":"ReadAction","target":["https:\/\/matis.is\/en\/frettir\/nordmar-verkefnin-lokaradstefna-um-hafid\/"]}]},{"@type":"ImageObject","inLanguage":"en-GB","@id":"https:\/\/matis.is\/en\/frettir\/nordmar-verkefnin-lokaradstefna-um-hafid\/#primaryimage","url":"https:\/\/matis.is\/wp-content\/uploads\/loafundur-mynd.png","contentUrl":"https:\/\/matis.is\/wp-content\/uploads\/loafundur-mynd.png","width":567,"height":287},{"@type":"BreadcrumbList","@id":"https:\/\/matis.is\/en\/frettir\/nordmar-verkefnin-lokaradstefna-um-hafid\/#breadcrumb","itemListElement":[{"@type":"ListItem","position":1,"name":"Home","item":"https:\/\/matis.is\/"},{"@type":"ListItem","position":2,"name":"NordMar verkefnin &#8211; lokar\u00e1\u00f0stefna um hafi\u00f0"}]},{"@type":"WebSite","@id":"https:\/\/matis.is\/#website","url":"https:\/\/matis.is\/","name":"Mat\u00eds","description":"Value creation, food security and public health","publisher":{"@id":"https:\/\/matis.is\/#organization"},"potentialAction":[{"@type":"SearchAction","target":{"@type":"EntryPoint","urlTemplate":"https:\/\/matis.is\/?s={search_term_string}"},"query-input":{"@type":"PropertyValueSpecification","valueRequired":true,"valueName":"search_term_string"}}],"inLanguage":"en-GB"},{"@type":"Organization","@id":"https:\/\/matis.is\/#organization","name":"Mat\u00eds ohf.","url":"https:\/\/matis.is\/","logo":{"@type":"ImageObject","inLanguage":"en-GB","@id":"https:\/\/matis.is\/#\/schema\/logo\/image\/","url":"https:\/\/matis.is\/wp-content\/uploads\/2021\/02\/matis_logo_blatthvitt.png","contentUrl":"https:\/\/matis.is\/wp-content\/uploads\/2021\/02\/matis_logo_blatthvitt.png","width":1507,"height":1507,"caption":"Mat\u00eds ohf."},"image":{"@id":"https:\/\/matis.is\/#\/schema\/logo\/image\/"},"sameAs":["https:\/\/www.facebook.com\/matisiceland","https:\/\/x.com\/matisiceland","https:\/\/www.instagram.com\/matisiceland\/","https:\/\/www.linkedin.com\/matisiceland\/","https:\/\/www.youtube.com\/channel\/UCY-frt3uTqgVZW-DLjoo5bA"]},{"@type":"Person","@id":"https:\/\/matis.is\/#\/schema\/person\/33b92c850c915c93e67f291e3381a49a","name":"admin","sameAs":["https:\/\/matis.mareframe.eu"],"url":"https:\/\/matis.is\/en\/author\/thormodurmatis-is\/"}]}},"spectra_custom_meta":{"_edit_lock":["1653922983:1"],"_thumbnail_id":["46600"],"_wp_page_template":["templates\/template-cover.php"],"_edit_last":["1"],"tengilidur":[""],"_tengilidur":["field_5ef905e0538b2"],"_yoast_wpseo_primary_category":["1973"],"_yoast_wpseo_content_score":["60"],"_yoast_wpseo_estimated-reading-time-minutes":["2"],"wpmm_postgrid_views":["497"],"_uag_css_file_name":["uag-css-46599.css"],"_uag_page_assets":["a:9:{s:3:\"css\";s:263:\".uag-blocks-common-selector{z-index:var(--z-index-desktop) !important}@media (max-width: 976px){.uag-blocks-common-selector{z-index:var(--z-index-tablet) !important}}@media (max-width: 767px){.uag-blocks-common-selector{z-index:var(--z-index-mobile) !important}}\n\";s:2:\"js\";s:0:\"\";s:18:\"current_block_list\";a:7:{i:0;s:12:\"core\/heading\";i:1;s:14:\"core\/paragraph\";i:2;s:10:\"core\/image\";i:3;s:12:\"core\/buttons\";i:4;s:11:\"core\/button\";i:5;s:12:\"core\/columns\";i:6;s:11:\"core\/column\";}s:8:\"uag_flag\";b:0;s:11:\"uag_version\";s:10:\"1777300790\";s:6:\"gfonts\";a:0:{}s:10:\"gfonts_url\";s:0:\"\";s:12:\"gfonts_files\";a:0:{}s:14:\"uag_faq_layout\";b:0;}"]},"uagb_featured_image_src":{"full":["https:\/\/matis.is\/wp-content\/uploads\/loafundur-mynd.png",567,287,false],"thumbnail":["https:\/\/matis.is\/wp-content\/uploads\/loafundur-mynd-150x150.png",150,150,true],"medium":["https:\/\/matis.is\/wp-content\/uploads\/loafundur-mynd-300x152.png",300,152,true],"medium_large":["https:\/\/matis.is\/wp-content\/uploads\/loafundur-mynd.png",567,287,false],"large":["https:\/\/matis.is\/wp-content\/uploads\/loafundur-mynd.png",567,287,false],"1536x1536":["https:\/\/matis.is\/wp-content\/uploads\/loafundur-mynd.png",567,287,false],"2048x2048":["https:\/\/matis.is\/wp-content\/uploads\/loafundur-mynd.png",567,287,false],"trp-custom-language-flag":["https:\/\/matis.is\/wp-content\/uploads\/loafundur-mynd-18x9.png",18,9,true]},"uagb_author_info":{"display_name":"admin","author_link":"https:\/\/matis.is\/en\/author\/thormodurmatis-is\/"},"uagb_comment_info":0,"uagb_excerpt":"\u00cd j\u00fan\u00ed mun \u00feremur verkefnum, svok\u00f6llu\u00f0um NordMar verkefnum sem hafa veri\u00f0 \u00ed gangi fr\u00e1 \u00e1rinu 2019, lj\u00faka me\u00f0 gl\u00e6silegri lokar\u00e1\u00f0stefnu [&hellip;]","_links":{"self":[{"href":"https:\/\/matis.is\/en\/wp-json\/wp\/v2\/posts\/46599","targetHints":{"allow":["GET"]}}],"collection":[{"href":"https:\/\/matis.is\/en\/wp-json\/wp\/v2\/posts"}],"about":[{"href":"https:\/\/matis.is\/en\/wp-json\/wp\/v2\/types\/post"}],"author":[{"embeddable":true,"href":"https:\/\/matis.is\/en\/wp-json\/wp\/v2\/users\/1"}],"replies":[{"embeddable":true,"href":"https:\/\/matis.is\/en\/wp-json\/wp\/v2\/comments?post=46599"}],"version-history":[{"count":1,"href":"https:\/\/matis.is\/en\/wp-json\/wp\/v2\/posts\/46599\/revisions"}],"predecessor-version":[{"id":46601,"href":"https:\/\/matis.is\/en\/wp-json\/wp\/v2\/posts\/46599\/revisions\/46601"}],"wp:featuredmedia":[{"embeddable":true,"href":"https:\/\/matis.is\/en\/wp-json\/wp\/v2\/media\/46600"}],"wp:attachment":[{"href":"https:\/\/matis.is\/en\/wp-json\/wp\/v2\/media?parent=46599"}],"wp:term":[{"taxonomy":"category","embeddable":true,"href":"https:\/\/matis.is\/en\/wp-json\/wp\/v2\/categories?post=46599"},{"taxonomy":"post_tag","embeddable":true,"href":"https:\/\/matis.is\/en\/wp-json\/wp\/v2\/tags?post=46599"}],"curies":[{"name":"wp","href":"https:\/\/api.w.org\/{rel}","templated":true}]}}