{"id":46605,"date":"2022-06-03T13:38:38","date_gmt":"2022-06-03T13:38:38","guid":{"rendered":"https:\/\/matis.is\/?p=46605"},"modified":"2022-06-03T13:39:00","modified_gmt":"2022-06-03T13:39:00","slug":"langt-og-naid-samstarf-milli-visinda-og-idnadar","status":"publish","type":"post","link":"https:\/\/matis.is\/en\/frettir\/langt-og-naid-samstarf-milli-visinda-og-idnadar\/","title":{"rendered":"Long and close collaboration between science and industry"},"content":{"rendered":"<h4 class=\"wp-block-heading\">In the April issue of the European magazine Eurofish Magazine, an interview was published with J\u00f3nas R\u00fanar Vi\u00f0arsson, director of value creation at Mat\u00eds.<\/h4>\n\n\n\n<p>In the article, J\u00f3nas shares with his readers a vision of the future of the fishing industry in Iceland and what Mat\u00eds&#039; role is in ensuring the quality of the catch.<\/p>\n\n\n\n<p>New knowledge, technology and innovation have paved the way for improved quality of seafood and this development is constantly ongoing. Energy efficiency and sustainability are key in today&#039;s high-tech marine industry, both to meet customer needs and to reduce costs.<\/p>\n\n\n\n<p>Mat\u00eds has worked closely with the fishing industry for decades on the development of new solutions and work processes. Mat\u00eds has also played an important role in educating future employees in the industry, both through teaching at universities and working with students. The link between industry, science, education and government is the key to successful cooperation.&nbsp;<\/p>\n\n\n\n<p><strong>The full article is available in Eurofish Magazine, pages 63-64, at the following address:&nbsp; <a href=\"http:\/\/eurofishmagazine.com\/magazine-issues\/current-issue\">Current issue - Eurofish Magazine<\/a>.<\/strong><\/p>","protected":false},"excerpt":{"rendered":"<p>\u00cd apr\u00edl \u00fatg\u00e1fu evr\u00f3pska t\u00edmaritsins Eurofish Magazine &nbsp;birtist vi\u00f0tal vi\u00f0 J\u00f3nas R\u00fanar Vi\u00f0arsson, svi\u00f0stj\u00f3ra ver\u00f0m\u00e6task\u00f6punar hj\u00e1 Mat\u00eds. \u00cd greininni deilir [&hellip;]<\/p>\n","protected":false},"author":1,"featured_media":46607,"comment_status":"closed","ping_status":"closed","sticky":false,"template":"templates\/template-cover.php","format":"standard","meta":{"_acf_changed":false,"_uag_custom_page_level_css":"","site-sidebar-layout":"default","site-content-layout":"","ast-site-content-layout":"default","site-content-style":"default","site-sidebar-style":"default","ast-global-header-display":"","ast-banner-title-visibility":"","ast-main-header-display":"","ast-hfb-above-header-display":"","ast-hfb-below-header-display":"","ast-hfb-mobile-header-display":"","site-post-title":"","ast-breadcrumbs-content":"","ast-featured-img":"","footer-sml-layout":"","ast-disable-related-posts":"","theme-transparent-header-meta":"","adv-header-id-meta":"","stick-header-meta":"","header-above-stick-meta":"","header-main-stick-meta":"","header-below-stick-meta":"","astra-migrate-meta-layouts":"default","ast-page-background-enabled":"default","ast-page-background-meta":{"desktop":{"background-color":"var(--ast-global-color-5)","background-image":"","background-repeat":"repeat","background-position":"center center","background-size":"auto","background-attachment":"scroll","background-type":"","background-media":"","overlay-type":"","overlay-color":"","overlay-opacity":"","overlay-gradient":""},"tablet":{"background-color":"","background-image":"","background-repeat":"repeat","background-position":"center center","background-size":"auto","background-attachment":"scroll","background-type":"","background-media":"","overlay-type":"","overlay-color":"","overlay-opacity":"","overlay-gradient":""},"mobile":{"background-color":"","background-image":"","background-repeat":"repeat","background-position":"center center","background-size":"auto","background-attachment":"scroll","background-type":"","background-media":"","overlay-type":"","overlay-color":"","overlay-opacity":"","overlay-gradient":""}},"ast-content-background-meta":{"desktop":{"background-color":"var(--ast-global-color-4)","background-image":"","background-repeat":"repeat","background-position":"center center","background-size":"auto","background-attachment":"scroll","background-type":"","background-media":"","overlay-type":"","overlay-color":"","overlay-opacity":"","overlay-gradient":""},"tablet":{"background-color":"var(--ast-global-color-4)","background-image":"","background-repeat":"repeat","background-position":"center center","background-size":"auto","background-attachment":"scroll","background-type":"","background-media":"","overlay-type":"","overlay-color":"","overlay-opacity":"","overlay-gradient":""},"mobile":{"background-color":"var(--ast-global-color-4)","background-image":"","background-repeat":"repeat","background-position":"center center","background-size":"auto","background-attachment":"scroll","background-type":"","background-media":"","overlay-type":"","overlay-color":"","overlay-opacity":"","overlay-gradient":""}},"footnotes":""},"categories":[1973],"tags":[],"class_list":["post-46605","post","type-post","status-publish","format-standard","has-post-thumbnail","hentry","category-frettir"],"acf":[],"yoast_head":"<!-- This site is optimized with the Yoast SEO plugin v27.4 - https:\/\/yoast.com\/product\/yoast-seo-wordpress\/ -->\n<title>Langt og n\u00e1i\u00f0 samstarf milli v\u00edsinda og i\u00f0na\u00f0ar - Mat\u00eds<\/title>\n<meta name=\"robots\" content=\"index, follow, max-snippet:-1, max-image-preview:large, max-video-preview:-1\" \/>\n<link rel=\"canonical\" href=\"https:\/\/matis.is\/en\/frettir\/langt-og-naid-samstarf-milli-visinda-og-idnadar\/\" \/>\n<meta property=\"og:locale\" content=\"en_GB\" \/>\n<meta property=\"og:type\" content=\"article\" \/>\n<meta property=\"og:title\" content=\"Langt og n\u00e1i\u00f0 samstarf milli v\u00edsinda og i\u00f0na\u00f0ar - Mat\u00eds\" \/>\n<meta property=\"og:description\" content=\"\u00cd apr\u00edl \u00fatg\u00e1fu evr\u00f3pska t\u00edmaritsins Eurofish Magazine &nbsp;birtist vi\u00f0tal vi\u00f0 J\u00f3nas R\u00fanar Vi\u00f0arsson, svi\u00f0stj\u00f3ra ver\u00f0m\u00e6task\u00f6punar hj\u00e1 Mat\u00eds. \u00cd greininni deilir [&hellip;]\" \/>\n<meta property=\"og:url\" content=\"https:\/\/matis.is\/en\/frettir\/langt-og-naid-samstarf-milli-visinda-og-idnadar\/\" \/>\n<meta property=\"og:site_name\" content=\"Mat\u00eds\" \/>\n<meta property=\"article:publisher\" content=\"https:\/\/www.facebook.com\/matisiceland\" \/>\n<meta property=\"article:published_time\" content=\"2022-06-03T13:38:38+00:00\" \/>\n<meta property=\"article:modified_time\" content=\"2022-06-03T13:39:00+00:00\" \/>\n<meta property=\"og:image\" content=\"https:\/\/matis.is\/wp-content\/uploads\/hafnafjardarhofn-frettamynd-scaled.jpg\" \/>\n\t<meta property=\"og:image:width\" content=\"2560\" \/>\n\t<meta property=\"og:image:height\" content=\"957\" \/>\n\t<meta property=\"og:image:type\" content=\"image\/jpeg\" \/>\n<meta name=\"author\" content=\"admin\" \/>\n<meta name=\"twitter:card\" content=\"summary_large_image\" \/>\n<meta name=\"twitter:creator\" content=\"@matisiceland\" \/>\n<meta name=\"twitter:site\" content=\"@matisiceland\" \/>\n<meta name=\"twitter:label1\" content=\"Written by\" \/>\n\t<meta name=\"twitter:data1\" content=\"admin\" \/>\n\t<meta name=\"twitter:label2\" content=\"Estimated reading time\" \/>\n\t<meta name=\"twitter:data2\" content=\"1 minute\" \/>\n<script type=\"application\/ld+json\" class=\"yoast-schema-graph\">{\"@context\":\"https:\\\/\\\/schema.org\",\"@graph\":[{\"@type\":\"Article\",\"@id\":\"https:\\\/\\\/matis.is\\\/frettir\\\/langt-og-naid-samstarf-milli-visinda-og-idnadar\\\/#article\",\"isPartOf\":{\"@id\":\"https:\\\/\\\/matis.is\\\/frettir\\\/langt-og-naid-samstarf-milli-visinda-og-idnadar\\\/\"},\"author\":{\"name\":\"admin\",\"@id\":\"https:\\\/\\\/matis.is\\\/#\\\/schema\\\/person\\\/33b92c850c915c93e67f291e3381a49a\"},\"headline\":\"Langt og n\u00e1i\u00f0 samstarf milli v\u00edsinda og i\u00f0na\u00f0ar\",\"datePublished\":\"2022-06-03T13:38:38+00:00\",\"dateModified\":\"2022-06-03T13:39:00+00:00\",\"mainEntityOfPage\":{\"@id\":\"https:\\\/\\\/matis.is\\\/frettir\\\/langt-og-naid-samstarf-milli-visinda-og-idnadar\\\/\"},\"wordCount\":216,\"publisher\":{\"@id\":\"https:\\\/\\\/matis.is\\\/#organization\"},\"image\":{\"@id\":\"https:\\\/\\\/matis.is\\\/frettir\\\/langt-og-naid-samstarf-milli-visinda-og-idnadar\\\/#primaryimage\"},\"thumbnailUrl\":\"https:\\\/\\\/matis.is\\\/wp-content\\\/uploads\\\/hafnafjardarhofn-frettamynd-scaled.jpg\",\"articleSection\":[\"Fr\u00e9ttir\"],\"inLanguage\":\"en-GB\"},{\"@type\":\"WebPage\",\"@id\":\"https:\\\/\\\/matis.is\\\/frettir\\\/langt-og-naid-samstarf-milli-visinda-og-idnadar\\\/\",\"url\":\"https:\\\/\\\/matis.is\\\/frettir\\\/langt-og-naid-samstarf-milli-visinda-og-idnadar\\\/\",\"name\":\"Langt og n\u00e1i\u00f0 samstarf milli v\u00edsinda og i\u00f0na\u00f0ar - Mat\u00eds\",\"isPartOf\":{\"@id\":\"https:\\\/\\\/matis.is\\\/#website\"},\"primaryImageOfPage\":{\"@id\":\"https:\\\/\\\/matis.is\\\/frettir\\\/langt-og-naid-samstarf-milli-visinda-og-idnadar\\\/#primaryimage\"},\"image\":{\"@id\":\"https:\\\/\\\/matis.is\\\/frettir\\\/langt-og-naid-samstarf-milli-visinda-og-idnadar\\\/#primaryimage\"},\"thumbnailUrl\":\"https:\\\/\\\/matis.is\\\/wp-content\\\/uploads\\\/hafnafjardarhofn-frettamynd-scaled.jpg\",\"datePublished\":\"2022-06-03T13:38:38+00:00\",\"dateModified\":\"2022-06-03T13:39:00+00:00\",\"breadcrumb\":{\"@id\":\"https:\\\/\\\/matis.is\\\/frettir\\\/langt-og-naid-samstarf-milli-visinda-og-idnadar\\\/#breadcrumb\"},\"inLanguage\":\"en-GB\",\"potentialAction\":[{\"@type\":\"ReadAction\",\"target\":[\"https:\\\/\\\/matis.is\\\/frettir\\\/langt-og-naid-samstarf-milli-visinda-og-idnadar\\\/\"]}]},{\"@type\":\"ImageObject\",\"inLanguage\":\"en-GB\",\"@id\":\"https:\\\/\\\/matis.is\\\/frettir\\\/langt-og-naid-samstarf-milli-visinda-og-idnadar\\\/#primaryimage\",\"url\":\"https:\\\/\\\/matis.is\\\/wp-content\\\/uploads\\\/hafnafjardarhofn-frettamynd-scaled.jpg\",\"contentUrl\":\"https:\\\/\\\/matis.is\\\/wp-content\\\/uploads\\\/hafnafjardarhofn-frettamynd-scaled.jpg\",\"width\":2560,\"height\":957},{\"@type\":\"BreadcrumbList\",\"@id\":\"https:\\\/\\\/matis.is\\\/frettir\\\/langt-og-naid-samstarf-milli-visinda-og-idnadar\\\/#breadcrumb\",\"itemListElement\":[{\"@type\":\"ListItem\",\"position\":1,\"name\":\"Home\",\"item\":\"https:\\\/\\\/matis.is\\\/\"},{\"@type\":\"ListItem\",\"position\":2,\"name\":\"Langt og n\u00e1i\u00f0 samstarf milli v\u00edsinda og i\u00f0na\u00f0ar\"}]},{\"@type\":\"WebSite\",\"@id\":\"https:\\\/\\\/matis.is\\\/#website\",\"url\":\"https:\\\/\\\/matis.is\\\/\",\"name\":\"Mat\u00eds\",\"description\":\"Ver\u00f0m\u00e6task\u00f6pun, matv\u00e6la\u00f6ryggi og l\u00fd\u00f0heilsa\",\"publisher\":{\"@id\":\"https:\\\/\\\/matis.is\\\/#organization\"},\"potentialAction\":[{\"@type\":\"SearchAction\",\"target\":{\"@type\":\"EntryPoint\",\"urlTemplate\":\"https:\\\/\\\/matis.is\\\/?s={search_term_string}\"},\"query-input\":{\"@type\":\"PropertyValueSpecification\",\"valueRequired\":true,\"valueName\":\"search_term_string\"}}],\"inLanguage\":\"en-GB\"},{\"@type\":\"Organization\",\"@id\":\"https:\\\/\\\/matis.is\\\/#organization\",\"name\":\"Mat\u00eds ohf.\",\"url\":\"https:\\\/\\\/matis.is\\\/\",\"logo\":{\"@type\":\"ImageObject\",\"inLanguage\":\"en-GB\",\"@id\":\"https:\\\/\\\/matis.is\\\/#\\\/schema\\\/logo\\\/image\\\/\",\"url\":\"https:\\\/\\\/matis.is\\\/wp-content\\\/uploads\\\/2021\\\/02\\\/matis_logo_blatthvitt.png\",\"contentUrl\":\"https:\\\/\\\/matis.is\\\/wp-content\\\/uploads\\\/2021\\\/02\\\/matis_logo_blatthvitt.png\",\"width\":1507,\"height\":1507,\"caption\":\"Mat\u00eds ohf.\"},\"image\":{\"@id\":\"https:\\\/\\\/matis.is\\\/#\\\/schema\\\/logo\\\/image\\\/\"},\"sameAs\":[\"https:\\\/\\\/www.facebook.com\\\/matisiceland\",\"https:\\\/\\\/x.com\\\/matisiceland\",\"https:\\\/\\\/www.instagram.com\\\/matisiceland\\\/\",\"https:\\\/\\\/www.linkedin.com\\\/matisiceland\\\/\",\"https:\\\/\\\/www.youtube.com\\\/channel\\\/UCY-frt3uTqgVZW-DLjoo5bA\"]},{\"@type\":\"Person\",\"@id\":\"https:\\\/\\\/matis.is\\\/#\\\/schema\\\/person\\\/33b92c850c915c93e67f291e3381a49a\",\"name\":\"admin\",\"sameAs\":[\"https:\\\/\\\/matis.mareframe.eu\"],\"url\":\"https:\\\/\\\/matis.is\\\/en\\\/author\\\/thormodurmatis-is\\\/\"}]}<\/script>\n<!-- \/ Yoast SEO plugin. -->","yoast_head_json":{"title":"Long and close collaboration between science and industry - Mat\u00eds","robots":{"index":"index","follow":"follow","max-snippet":"max-snippet:-1","max-image-preview":"max-image-preview:large","max-video-preview":"max-video-preview:-1"},"canonical":"https:\/\/matis.is\/en\/frettir\/langt-og-naid-samstarf-milli-visinda-og-idnadar\/","og_locale":"en_GB","og_type":"article","og_title":"Langt og n\u00e1i\u00f0 samstarf milli v\u00edsinda og i\u00f0na\u00f0ar - Mat\u00eds","og_description":"\u00cd apr\u00edl \u00fatg\u00e1fu evr\u00f3pska t\u00edmaritsins Eurofish Magazine &nbsp;birtist vi\u00f0tal vi\u00f0 J\u00f3nas R\u00fanar Vi\u00f0arsson, svi\u00f0stj\u00f3ra ver\u00f0m\u00e6task\u00f6punar hj\u00e1 Mat\u00eds. \u00cd greininni deilir [&hellip;]","og_url":"https:\/\/matis.is\/en\/frettir\/langt-og-naid-samstarf-milli-visinda-og-idnadar\/","og_site_name":"Mat\u00eds","article_publisher":"https:\/\/www.facebook.com\/matisiceland","article_published_time":"2022-06-03T13:38:38+00:00","article_modified_time":"2022-06-03T13:39:00+00:00","og_image":[{"width":2560,"height":957,"url":"https:\/\/matis.is\/wp-content\/uploads\/hafnafjardarhofn-frettamynd-scaled.jpg","type":"image\/jpeg"}],"author":"admin","twitter_card":"summary_large_image","twitter_creator":"@matisiceland","twitter_site":"@matisiceland","twitter_misc":{"Written by":"admin","Estimated reading time":"1 minute"},"schema":{"@context":"https:\/\/schema.org","@graph":[{"@type":"Article","@id":"https:\/\/matis.is\/frettir\/langt-og-naid-samstarf-milli-visinda-og-idnadar\/#article","isPartOf":{"@id":"https:\/\/matis.is\/frettir\/langt-og-naid-samstarf-milli-visinda-og-idnadar\/"},"author":{"name":"admin","@id":"https:\/\/matis.is\/#\/schema\/person\/33b92c850c915c93e67f291e3381a49a"},"headline":"Langt og n\u00e1i\u00f0 samstarf milli v\u00edsinda og i\u00f0na\u00f0ar","datePublished":"2022-06-03T13:38:38+00:00","dateModified":"2022-06-03T13:39:00+00:00","mainEntityOfPage":{"@id":"https:\/\/matis.is\/frettir\/langt-og-naid-samstarf-milli-visinda-og-idnadar\/"},"wordCount":216,"publisher":{"@id":"https:\/\/matis.is\/#organization"},"image":{"@id":"https:\/\/matis.is\/frettir\/langt-og-naid-samstarf-milli-visinda-og-idnadar\/#primaryimage"},"thumbnailUrl":"https:\/\/matis.is\/wp-content\/uploads\/hafnafjardarhofn-frettamynd-scaled.jpg","articleSection":["Fr\u00e9ttir"],"inLanguage":"en-GB"},{"@type":"WebPage","@id":"https:\/\/matis.is\/frettir\/langt-og-naid-samstarf-milli-visinda-og-idnadar\/","url":"https:\/\/matis.is\/frettir\/langt-og-naid-samstarf-milli-visinda-og-idnadar\/","name":"Long and close collaboration between science and industry - Mat\u00eds","isPartOf":{"@id":"https:\/\/matis.is\/#website"},"primaryImageOfPage":{"@id":"https:\/\/matis.is\/frettir\/langt-og-naid-samstarf-milli-visinda-og-idnadar\/#primaryimage"},"image":{"@id":"https:\/\/matis.is\/frettir\/langt-og-naid-samstarf-milli-visinda-og-idnadar\/#primaryimage"},"thumbnailUrl":"https:\/\/matis.is\/wp-content\/uploads\/hafnafjardarhofn-frettamynd-scaled.jpg","datePublished":"2022-06-03T13:38:38+00:00","dateModified":"2022-06-03T13:39:00+00:00","breadcrumb":{"@id":"https:\/\/matis.is\/frettir\/langt-og-naid-samstarf-milli-visinda-og-idnadar\/#breadcrumb"},"inLanguage":"en-GB","potentialAction":[{"@type":"ReadAction","target":["https:\/\/matis.is\/frettir\/langt-og-naid-samstarf-milli-visinda-og-idnadar\/"]}]},{"@type":"ImageObject","inLanguage":"en-GB","@id":"https:\/\/matis.is\/frettir\/langt-og-naid-samstarf-milli-visinda-og-idnadar\/#primaryimage","url":"https:\/\/matis.is\/wp-content\/uploads\/hafnafjardarhofn-frettamynd-scaled.jpg","contentUrl":"https:\/\/matis.is\/wp-content\/uploads\/hafnafjardarhofn-frettamynd-scaled.jpg","width":2560,"height":957},{"@type":"BreadcrumbList","@id":"https:\/\/matis.is\/frettir\/langt-og-naid-samstarf-milli-visinda-og-idnadar\/#breadcrumb","itemListElement":[{"@type":"ListItem","position":1,"name":"Home","item":"https:\/\/matis.is\/"},{"@type":"ListItem","position":2,"name":"Langt og n\u00e1i\u00f0 samstarf milli v\u00edsinda og i\u00f0na\u00f0ar"}]},{"@type":"WebSite","@id":"https:\/\/matis.is\/#website","url":"https:\/\/matis.is\/","name":"Mat\u00eds","description":"Value creation, food security and public health","publisher":{"@id":"https:\/\/matis.is\/#organization"},"potentialAction":[{"@type":"SearchAction","target":{"@type":"EntryPoint","urlTemplate":"https:\/\/matis.is\/?s={search_term_string}"},"query-input":{"@type":"PropertyValueSpecification","valueRequired":true,"valueName":"search_term_string"}}],"inLanguage":"en-GB"},{"@type":"Organization","@id":"https:\/\/matis.is\/#organization","name":"Mat\u00eds ohf.","url":"https:\/\/matis.is\/","logo":{"@type":"ImageObject","inLanguage":"en-GB","@id":"https:\/\/matis.is\/#\/schema\/logo\/image\/","url":"https:\/\/matis.is\/wp-content\/uploads\/2021\/02\/matis_logo_blatthvitt.png","contentUrl":"https:\/\/matis.is\/wp-content\/uploads\/2021\/02\/matis_logo_blatthvitt.png","width":1507,"height":1507,"caption":"Mat\u00eds ohf."},"image":{"@id":"https:\/\/matis.is\/#\/schema\/logo\/image\/"},"sameAs":["https:\/\/www.facebook.com\/matisiceland","https:\/\/x.com\/matisiceland","https:\/\/www.instagram.com\/matisiceland\/","https:\/\/www.linkedin.com\/matisiceland\/","https:\/\/www.youtube.com\/channel\/UCY-frt3uTqgVZW-DLjoo5bA"]},{"@type":"Person","@id":"https:\/\/matis.is\/#\/schema\/person\/33b92c850c915c93e67f291e3381a49a","name":"admin","sameAs":["https:\/\/matis.mareframe.eu"],"url":"https:\/\/matis.is\/en\/author\/thormodurmatis-is\/"}]}},"spectra_custom_meta":{"_edit_lock":["1654263541:1"],"_edit_last":["1"],"tengilidur":[""],"_tengilidur":["field_5ef905e0538b2"],"_yoast_wpseo_primary_category":["1973"],"_yoast_wpseo_content_score":["60"],"_yoast_wpseo_estimated-reading-time-minutes":["1"],"_thumbnail_id":["46607"],"_wp_page_template":["templates\/template-cover.php"],"wpmm_postgrid_views":["490"],"_uag_css_file_name":["uag-css-46605.css"],"_uag_page_assets":["a:9:{s:3:\"css\";s:263:\".uag-blocks-common-selector{z-index:var(--z-index-desktop) !important}@media (max-width: 976px){.uag-blocks-common-selector{z-index:var(--z-index-tablet) !important}}@media (max-width: 767px){.uag-blocks-common-selector{z-index:var(--z-index-mobile) !important}}\n\";s:2:\"js\";s:0:\"\";s:18:\"current_block_list\";a:6:{i:0;s:12:\"core\/heading\";i:1;s:14:\"core\/paragraph\";i:2;s:12:\"core\/buttons\";i:3;s:11:\"core\/button\";i:4;s:12:\"core\/columns\";i:5;s:11:\"core\/column\";}s:8:\"uag_flag\";b:0;s:11:\"uag_version\";s:10:\"1777300790\";s:6:\"gfonts\";a:0:{}s:10:\"gfonts_url\";s:0:\"\";s:12:\"gfonts_files\";a:0:{}s:14:\"uag_faq_layout\";b:0;}"]},"uagb_featured_image_src":{"full":["https:\/\/matis.is\/wp-content\/uploads\/hafnafjardarhofn-frettamynd-scaled.jpg",2560,957,false],"thumbnail":["https:\/\/matis.is\/wp-content\/uploads\/hafnafjardarhofn-frettamynd-150x150.jpg",150,150,true],"medium":["https:\/\/matis.is\/wp-content\/uploads\/hafnafjardarhofn-frettamynd-300x112.jpg",300,112,true],"medium_large":["https:\/\/matis.is\/wp-content\/uploads\/hafnafjardarhofn-frettamynd-768x287.jpg",768,287,true],"large":["https:\/\/matis.is\/wp-content\/uploads\/hafnafjardarhofn-frettamynd-1024x383.jpg",1024,383,true],"1536x1536":["https:\/\/matis.is\/wp-content\/uploads\/hafnafjardarhofn-frettamynd-1536x574.jpg",1536,574,true],"2048x2048":["https:\/\/matis.is\/wp-content\/uploads\/hafnafjardarhofn-frettamynd-2048x766.jpg",2048,766,true],"trp-custom-language-flag":["https:\/\/matis.is\/wp-content\/uploads\/hafnafjardarhofn-frettamynd-18x7.jpg",18,7,true]},"uagb_author_info":{"display_name":"admin","author_link":"https:\/\/matis.is\/en\/author\/thormodurmatis-is\/"},"uagb_comment_info":0,"uagb_excerpt":"\u00cd apr\u00edl \u00fatg\u00e1fu evr\u00f3pska t\u00edmaritsins Eurofish Magazine &nbsp;birtist vi\u00f0tal vi\u00f0 J\u00f3nas R\u00fanar Vi\u00f0arsson, svi\u00f0stj\u00f3ra ver\u00f0m\u00e6task\u00f6punar hj\u00e1 Mat\u00eds. \u00cd greininni deilir [&hellip;]","_links":{"self":[{"href":"https:\/\/matis.is\/en\/wp-json\/wp\/v2\/posts\/46605","targetHints":{"allow":["GET"]}}],"collection":[{"href":"https:\/\/matis.is\/en\/wp-json\/wp\/v2\/posts"}],"about":[{"href":"https:\/\/matis.is\/en\/wp-json\/wp\/v2\/types\/post"}],"author":[{"embeddable":true,"href":"https:\/\/matis.is\/en\/wp-json\/wp\/v2\/users\/1"}],"replies":[{"embeddable":true,"href":"https:\/\/matis.is\/en\/wp-json\/wp\/v2\/comments?post=46605"}],"version-history":[{"count":2,"href":"https:\/\/matis.is\/en\/wp-json\/wp\/v2\/posts\/46605\/revisions"}],"predecessor-version":[{"id":46608,"href":"https:\/\/matis.is\/en\/wp-json\/wp\/v2\/posts\/46605\/revisions\/46608"}],"wp:featuredmedia":[{"embeddable":true,"href":"https:\/\/matis.is\/en\/wp-json\/wp\/v2\/media\/46607"}],"wp:attachment":[{"href":"https:\/\/matis.is\/en\/wp-json\/wp\/v2\/media?parent=46605"}],"wp:term":[{"taxonomy":"category","embeddable":true,"href":"https:\/\/matis.is\/en\/wp-json\/wp\/v2\/categories?post=46605"},{"taxonomy":"post_tag","embeddable":true,"href":"https:\/\/matis.is\/en\/wp-json\/wp\/v2\/tags?post=46605"}],"curies":[{"name":"wp","href":"https:\/\/api.w.org\/{rel}","templated":true}]}}