{"id":46638,"date":"2022-06-08T14:29:03","date_gmt":"2022-06-08T14:29:03","guid":{"rendered":"https:\/\/matis.is\/?p=46638"},"modified":"2022-06-09T11:27:04","modified_gmt":"2022-06-09T11:27:04","slug":"endurnyjanleg-hagkerfi-a-heimskautasvaedum","status":"publish","type":"post","link":"https:\/\/matis.is\/en\/frettir\/endurnyjanleg-hagkerfi-a-heimskautasvaedum\/","title":{"rendered":"Renewable Arctic economies"},"content":{"rendered":"<h4 class=\"wp-block-heading\">The book &quot;Renewable Economies in the Arctic&quot; is published, which deals with renewable economies in the Arctic. Mat\u00eds staff, \u00d3lafur Reykdal, Rakel Halld\u00f3rsd\u00f3ttir, \u00d3li \u00de\u00f3r Hilmarsson, Gunnar \u00de\u00f3r\u00f0arson and \u00de\u00f3ra Valsd\u00f3ttir are involved in one chapter of the book which deals with food production in the Arctic.<\/h4>\n\n\n\n<p>The book highlights the perspectives of experts in diverse fields, such as economics, sociology, political science and food science, when it comes to renewable economies. The perspectives shed light on the special challenges facing the Arctic and at the same time on the opportunities that exist to exploit sustainable resources and thus breathe life into the regions&#039; economies.<\/p>\n\n\n\n<p>Mat\u00eds&#039; staff was one of the authors of the chapter &quot;the Arctic as a food-producing region&quot; which deals with food production in the Arctic, which briefly discusses Iceland, northern Norway and northern Canada. It is worth mentioning in particular a section on how to increase the value of food from Norway&#039;s Arctic regions through targeted marketing. It is based on a detailed study that could be taken into account in Iceland.<\/p>\n\n\n\n<p><strong>The book and its individual chapters can be accessed in open access here:<\/strong> <a href=\"https:\/\/www.taylorfrancis.com\/books\/oa-edit\/10.4324\/9781003172406\/renewable-economies-arctic-david-natcher-timo-koivurova\">Renewable Economies in the Arctic<\/a><\/p>\n\n\n\n<figure class=\"wp-block-gallery has-nested-images columns-default is-cropped wp-block-gallery-2 is-layout-flex wp-block-gallery-is-layout-flex\">\n<figure class=\"wp-block-image size-large\"><img loading=\"lazy\" decoding=\"async\" width=\"1024\" height=\"790\" data-id=\"46645\" src=\"https:\/\/matis.is\/wp-content\/uploads\/Cod_\u00a9Magnus_B_Oskarsson-1024x790.jpg\" alt=\"\" class=\"wp-image-46645\" srcset=\"https:\/\/matis.is\/wp-content\/uploads\/Cod_\u00a9Magnus_B_Oskarsson-1024x790.jpg 1024w, https:\/\/matis.is\/wp-content\/uploads\/Cod_\u00a9Magnus_B_Oskarsson-300x232.jpg 300w, https:\/\/matis.is\/wp-content\/uploads\/Cod_\u00a9Magnus_B_Oskarsson-768x593.jpg 768w, https:\/\/matis.is\/wp-content\/uploads\/Cod_\u00a9Magnus_B_Oskarsson-16x12.jpg 16w, https:\/\/matis.is\/wp-content\/uploads\/Cod_\u00a9Magnus_B_Oskarsson.jpg 1100w\" sizes=\"auto, (max-width: 1024px) 100vw, 1024px\" \/><figcaption>OLYMPUS DIGITAL CAMERA<\/figcaption><\/figure>\n\n\n\n<figure class=\"wp-block-image size-large\"><img loading=\"lazy\" decoding=\"async\" width=\"1024\" height=\"683\" data-id=\"46646\" src=\"https:\/\/matis.is\/wp-content\/uploads\/Lamb_IS_Photo_\u00a9FarmersAssociationofIceland_IMG_6034-1024x683.jpg\" alt=\"\" class=\"wp-image-46646\" srcset=\"https:\/\/matis.is\/wp-content\/uploads\/Lamb_IS_Photo_\u00a9FarmersAssociationofIceland_IMG_6034-1024x683.jpg 1024w, https:\/\/matis.is\/wp-content\/uploads\/Lamb_IS_Photo_\u00a9FarmersAssociationofIceland_IMG_6034-300x200.jpg 300w, https:\/\/matis.is\/wp-content\/uploads\/Lamb_IS_Photo_\u00a9FarmersAssociationofIceland_IMG_6034-768x512.jpg 768w, https:\/\/matis.is\/wp-content\/uploads\/Lamb_IS_Photo_\u00a9FarmersAssociationofIceland_IMG_6034-1536x1024.jpg 1536w, https:\/\/matis.is\/wp-content\/uploads\/Lamb_IS_Photo_\u00a9FarmersAssociationofIceland_IMG_6034-2048x1365.jpg 2048w, https:\/\/matis.is\/wp-content\/uploads\/Lamb_IS_Photo_\u00a9FarmersAssociationofIceland_IMG_6034-18x12.jpg 18w, https:\/\/matis.is\/wp-content\/uploads\/Lamb_IS_Photo_\u00a9FarmersAssociationofIceland_IMG_6034-1200x800.jpg 1200w, https:\/\/matis.is\/wp-content\/uploads\/Lamb_IS_Photo_\u00a9FarmersAssociationofIceland_IMG_6034-1980x1320.jpg 1980w\" sizes=\"auto, (max-width: 1024px) 100vw, 1024px\" \/><\/figure>\n<figcaption class=\"blocks-gallery-caption\">Pictures from the book: Magn\u00fas B. \u00d3skarsson and the Farmers&#039; Association of Iceland<\/figcaption><\/figure>","protected":false},"excerpt":{"rendered":"<p>\u00dat er komin b\u00f3kin \u201eRenewable Economies in the Arctic\u201c sem fjallar um endurn\u00fdjanleg hagkerfi \u00e1 heimskautasv\u00e6\u00f0um. Starfsf\u00f3lk Mat\u00eds, \u00feau \u00d3lafur [&hellip;]<\/p>\n","protected":false},"author":1,"featured_media":46639,"comment_status":"closed","ping_status":"closed","sticky":false,"template":"templates\/template-cover.php","format":"standard","meta":{"_acf_changed":false,"_uag_custom_page_level_css":"","site-sidebar-layout":"default","site-content-layout":"","ast-site-content-layout":"default","site-content-style":"default","site-sidebar-style":"default","ast-global-header-display":"","ast-banner-title-visibility":"","ast-main-header-display":"","ast-hfb-above-header-display":"","ast-hfb-below-header-display":"","ast-hfb-mobile-header-display":"","site-post-title":"","ast-breadcrumbs-content":"","ast-featured-img":"","footer-sml-layout":"","ast-disable-related-posts":"","theme-transparent-header-meta":"","adv-header-id-meta":"","stick-header-meta":"","header-above-stick-meta":"","header-main-stick-meta":"","header-below-stick-meta":"","astra-migrate-meta-layouts":"default","ast-page-background-enabled":"default","ast-page-background-meta":{"desktop":{"background-color":"var(--ast-global-color-5)","background-image":"","background-repeat":"repeat","background-position":"center center","background-size":"auto","background-attachment":"scroll","background-type":"","background-media":"","overlay-type":"","overlay-color":"","overlay-opacity":"","overlay-gradient":""},"tablet":{"background-color":"","background-image":"","background-repeat":"repeat","background-position":"center center","background-size":"auto","background-attachment":"scroll","background-type":"","background-media":"","overlay-type":"","overlay-color":"","overlay-opacity":"","overlay-gradient":""},"mobile":{"background-color":"","background-image":"","background-repeat":"repeat","background-position":"center center","background-size":"auto","background-attachment":"scroll","background-type":"","background-media":"","overlay-type":"","overlay-color":"","overlay-opacity":"","overlay-gradient":""}},"ast-content-background-meta":{"desktop":{"background-color":"var(--ast-global-color-4)","background-image":"","background-repeat":"repeat","background-position":"center center","background-size":"auto","background-attachment":"scroll","background-type":"","background-media":"","overlay-type":"","overlay-color":"","overlay-opacity":"","overlay-gradient":""},"tablet":{"background-color":"var(--ast-global-color-4)","background-image":"","background-repeat":"repeat","background-position":"center center","background-size":"auto","background-attachment":"scroll","background-type":"","background-media":"","overlay-type":"","overlay-color":"","overlay-opacity":"","overlay-gradient":""},"mobile":{"background-color":"var(--ast-global-color-4)","background-image":"","background-repeat":"repeat","background-position":"center center","background-size":"auto","background-attachment":"scroll","background-type":"","background-media":"","overlay-type":"","overlay-color":"","overlay-opacity":"","overlay-gradient":""}},"footnotes":""},"categories":[1973],"tags":[],"class_list":["post-46638","post","type-post","status-publish","format-standard","has-post-thumbnail","hentry","category-frettir"],"acf":[],"yoast_head":"<!-- This site is optimized with the Yoast SEO plugin v27.4 - https:\/\/yoast.com\/product\/yoast-seo-wordpress\/ -->\n<title>Endurn\u00fdjanleg hagkerfi \u00e1 heimskautasv\u00e6\u00f0um - Mat\u00eds<\/title>\n<meta name=\"robots\" content=\"index, follow, max-snippet:-1, max-image-preview:large, max-video-preview:-1\" \/>\n<link rel=\"canonical\" href=\"https:\/\/matis.is\/en\/frettir\/endurnyjanleg-hagkerfi-a-heimskautasvaedum\/\" \/>\n<meta property=\"og:locale\" content=\"en_GB\" \/>\n<meta property=\"og:type\" content=\"article\" \/>\n<meta property=\"og:title\" content=\"Endurn\u00fdjanleg hagkerfi \u00e1 heimskautasv\u00e6\u00f0um - Mat\u00eds\" \/>\n<meta property=\"og:description\" content=\"\u00dat er komin b\u00f3kin \u201eRenewable Economies in the Arctic\u201c sem fjallar um endurn\u00fdjanleg hagkerfi \u00e1 heimskautasv\u00e6\u00f0um. Starfsf\u00f3lk Mat\u00eds, \u00feau \u00d3lafur [&hellip;]\" \/>\n<meta property=\"og:url\" content=\"https:\/\/matis.is\/en\/frettir\/endurnyjanleg-hagkerfi-a-heimskautasvaedum\/\" \/>\n<meta property=\"og:site_name\" content=\"Mat\u00eds\" \/>\n<meta property=\"article:publisher\" content=\"https:\/\/www.facebook.com\/matisiceland\" \/>\n<meta property=\"article:published_time\" content=\"2022-06-08T14:29:03+00:00\" \/>\n<meta property=\"article:modified_time\" content=\"2022-06-09T11:27:04+00:00\" \/>\n<meta property=\"og:image\" content=\"https:\/\/matis.is\/wp-content\/uploads\/Island_sjor_fjoll_minni-e1654699615567.jpg\" \/>\n\t<meta property=\"og:image:width\" content=\"2508\" \/>\n\t<meta property=\"og:image:height\" content=\"1378\" \/>\n\t<meta property=\"og:image:type\" content=\"image\/jpeg\" \/>\n<meta name=\"author\" content=\"admin\" \/>\n<meta name=\"twitter:card\" content=\"summary_large_image\" \/>\n<meta name=\"twitter:creator\" content=\"@matisiceland\" \/>\n<meta name=\"twitter:site\" content=\"@matisiceland\" \/>\n<meta name=\"twitter:label1\" content=\"Written by\" \/>\n\t<meta name=\"twitter:data1\" content=\"admin\" \/>\n\t<meta name=\"twitter:label2\" content=\"Estimated reading time\" \/>\n\t<meta name=\"twitter:data2\" content=\"2 minutes\" \/>\n<script type=\"application\/ld+json\" class=\"yoast-schema-graph\">{\"@context\":\"https:\\\/\\\/schema.org\",\"@graph\":[{\"@type\":\"Article\",\"@id\":\"https:\\\/\\\/matis.is\\\/frettir\\\/endurnyjanleg-hagkerfi-a-heimskautasvaedum\\\/#article\",\"isPartOf\":{\"@id\":\"https:\\\/\\\/matis.is\\\/frettir\\\/endurnyjanleg-hagkerfi-a-heimskautasvaedum\\\/\"},\"author\":{\"name\":\"admin\",\"@id\":\"https:\\\/\\\/matis.is\\\/#\\\/schema\\\/person\\\/33b92c850c915c93e67f291e3381a49a\"},\"headline\":\"Endurn\u00fdjanleg hagkerfi \u00e1 heimskautasv\u00e6\u00f0um\",\"datePublished\":\"2022-06-08T14:29:03+00:00\",\"dateModified\":\"2022-06-09T11:27:04+00:00\",\"mainEntityOfPage\":{\"@id\":\"https:\\\/\\\/matis.is\\\/frettir\\\/endurnyjanleg-hagkerfi-a-heimskautasvaedum\\\/\"},\"wordCount\":264,\"publisher\":{\"@id\":\"https:\\\/\\\/matis.is\\\/#organization\"},\"image\":{\"@id\":\"https:\\\/\\\/matis.is\\\/frettir\\\/endurnyjanleg-hagkerfi-a-heimskautasvaedum\\\/#primaryimage\"},\"thumbnailUrl\":\"https:\\\/\\\/matis.is\\\/wp-content\\\/uploads\\\/Island_sjor_fjoll_minni-e1654699615567.jpg\",\"articleSection\":[\"Fr\u00e9ttir\"],\"inLanguage\":\"en-GB\"},{\"@type\":\"WebPage\",\"@id\":\"https:\\\/\\\/matis.is\\\/frettir\\\/endurnyjanleg-hagkerfi-a-heimskautasvaedum\\\/\",\"url\":\"https:\\\/\\\/matis.is\\\/frettir\\\/endurnyjanleg-hagkerfi-a-heimskautasvaedum\\\/\",\"name\":\"Endurn\u00fdjanleg hagkerfi \u00e1 heimskautasv\u00e6\u00f0um - Mat\u00eds\",\"isPartOf\":{\"@id\":\"https:\\\/\\\/matis.is\\\/#website\"},\"primaryImageOfPage\":{\"@id\":\"https:\\\/\\\/matis.is\\\/frettir\\\/endurnyjanleg-hagkerfi-a-heimskautasvaedum\\\/#primaryimage\"},\"image\":{\"@id\":\"https:\\\/\\\/matis.is\\\/frettir\\\/endurnyjanleg-hagkerfi-a-heimskautasvaedum\\\/#primaryimage\"},\"thumbnailUrl\":\"https:\\\/\\\/matis.is\\\/wp-content\\\/uploads\\\/Island_sjor_fjoll_minni-e1654699615567.jpg\",\"datePublished\":\"2022-06-08T14:29:03+00:00\",\"dateModified\":\"2022-06-09T11:27:04+00:00\",\"breadcrumb\":{\"@id\":\"https:\\\/\\\/matis.is\\\/frettir\\\/endurnyjanleg-hagkerfi-a-heimskautasvaedum\\\/#breadcrumb\"},\"inLanguage\":\"en-GB\",\"potentialAction\":[{\"@type\":\"ReadAction\",\"target\":[\"https:\\\/\\\/matis.is\\\/frettir\\\/endurnyjanleg-hagkerfi-a-heimskautasvaedum\\\/\"]}]},{\"@type\":\"ImageObject\",\"inLanguage\":\"en-GB\",\"@id\":\"https:\\\/\\\/matis.is\\\/frettir\\\/endurnyjanleg-hagkerfi-a-heimskautasvaedum\\\/#primaryimage\",\"url\":\"https:\\\/\\\/matis.is\\\/wp-content\\\/uploads\\\/Island_sjor_fjoll_minni-e1654699615567.jpg\",\"contentUrl\":\"https:\\\/\\\/matis.is\\\/wp-content\\\/uploads\\\/Island_sjor_fjoll_minni-e1654699615567.jpg\",\"width\":2508,\"height\":1378},{\"@type\":\"BreadcrumbList\",\"@id\":\"https:\\\/\\\/matis.is\\\/frettir\\\/endurnyjanleg-hagkerfi-a-heimskautasvaedum\\\/#breadcrumb\",\"itemListElement\":[{\"@type\":\"ListItem\",\"position\":1,\"name\":\"Home\",\"item\":\"https:\\\/\\\/matis.is\\\/\"},{\"@type\":\"ListItem\",\"position\":2,\"name\":\"Endurn\u00fdjanleg hagkerfi \u00e1 heimskautasv\u00e6\u00f0um\"}]},{\"@type\":\"WebSite\",\"@id\":\"https:\\\/\\\/matis.is\\\/#website\",\"url\":\"https:\\\/\\\/matis.is\\\/\",\"name\":\"Mat\u00eds\",\"description\":\"Ver\u00f0m\u00e6task\u00f6pun, matv\u00e6la\u00f6ryggi og l\u00fd\u00f0heilsa\",\"publisher\":{\"@id\":\"https:\\\/\\\/matis.is\\\/#organization\"},\"potentialAction\":[{\"@type\":\"SearchAction\",\"target\":{\"@type\":\"EntryPoint\",\"urlTemplate\":\"https:\\\/\\\/matis.is\\\/?s={search_term_string}\"},\"query-input\":{\"@type\":\"PropertyValueSpecification\",\"valueRequired\":true,\"valueName\":\"search_term_string\"}}],\"inLanguage\":\"en-GB\"},{\"@type\":\"Organization\",\"@id\":\"https:\\\/\\\/matis.is\\\/#organization\",\"name\":\"Mat\u00eds ohf.\",\"url\":\"https:\\\/\\\/matis.is\\\/\",\"logo\":{\"@type\":\"ImageObject\",\"inLanguage\":\"en-GB\",\"@id\":\"https:\\\/\\\/matis.is\\\/#\\\/schema\\\/logo\\\/image\\\/\",\"url\":\"https:\\\/\\\/matis.is\\\/wp-content\\\/uploads\\\/2021\\\/02\\\/matis_logo_blatthvitt.png\",\"contentUrl\":\"https:\\\/\\\/matis.is\\\/wp-content\\\/uploads\\\/2021\\\/02\\\/matis_logo_blatthvitt.png\",\"width\":1507,\"height\":1507,\"caption\":\"Mat\u00eds ohf.\"},\"image\":{\"@id\":\"https:\\\/\\\/matis.is\\\/#\\\/schema\\\/logo\\\/image\\\/\"},\"sameAs\":[\"https:\\\/\\\/www.facebook.com\\\/matisiceland\",\"https:\\\/\\\/x.com\\\/matisiceland\",\"https:\\\/\\\/www.instagram.com\\\/matisiceland\\\/\",\"https:\\\/\\\/www.linkedin.com\\\/matisiceland\\\/\",\"https:\\\/\\\/www.youtube.com\\\/channel\\\/UCY-frt3uTqgVZW-DLjoo5bA\"]},{\"@type\":\"Person\",\"@id\":\"https:\\\/\\\/matis.is\\\/#\\\/schema\\\/person\\\/33b92c850c915c93e67f291e3381a49a\",\"name\":\"admin\",\"sameAs\":[\"https:\\\/\\\/matis.mareframe.eu\"],\"url\":\"https:\\\/\\\/matis.is\\\/en\\\/author\\\/thormodurmatis-is\\\/\"}]}<\/script>\n<!-- \/ Yoast SEO plugin. -->","yoast_head_json":{"title":"Renewable Arctic Economy - Mat\u00eds","robots":{"index":"index","follow":"follow","max-snippet":"max-snippet:-1","max-image-preview":"max-image-preview:large","max-video-preview":"max-video-preview:-1"},"canonical":"https:\/\/matis.is\/en\/frettir\/endurnyjanleg-hagkerfi-a-heimskautasvaedum\/","og_locale":"en_GB","og_type":"article","og_title":"Endurn\u00fdjanleg hagkerfi \u00e1 heimskautasv\u00e6\u00f0um - Mat\u00eds","og_description":"\u00dat er komin b\u00f3kin \u201eRenewable Economies in the Arctic\u201c sem fjallar um endurn\u00fdjanleg hagkerfi \u00e1 heimskautasv\u00e6\u00f0um. Starfsf\u00f3lk Mat\u00eds, \u00feau \u00d3lafur [&hellip;]","og_url":"https:\/\/matis.is\/en\/frettir\/endurnyjanleg-hagkerfi-a-heimskautasvaedum\/","og_site_name":"Mat\u00eds","article_publisher":"https:\/\/www.facebook.com\/matisiceland","article_published_time":"2022-06-08T14:29:03+00:00","article_modified_time":"2022-06-09T11:27:04+00:00","og_image":[{"width":2508,"height":1378,"url":"https:\/\/matis.is\/wp-content\/uploads\/Island_sjor_fjoll_minni-e1654699615567.jpg","type":"image\/jpeg"}],"author":"admin","twitter_card":"summary_large_image","twitter_creator":"@matisiceland","twitter_site":"@matisiceland","twitter_misc":{"Written by":"admin","Estimated reading time":"2 minutes"},"schema":{"@context":"https:\/\/schema.org","@graph":[{"@type":"Article","@id":"https:\/\/matis.is\/frettir\/endurnyjanleg-hagkerfi-a-heimskautasvaedum\/#article","isPartOf":{"@id":"https:\/\/matis.is\/frettir\/endurnyjanleg-hagkerfi-a-heimskautasvaedum\/"},"author":{"name":"admin","@id":"https:\/\/matis.is\/#\/schema\/person\/33b92c850c915c93e67f291e3381a49a"},"headline":"Endurn\u00fdjanleg hagkerfi \u00e1 heimskautasv\u00e6\u00f0um","datePublished":"2022-06-08T14:29:03+00:00","dateModified":"2022-06-09T11:27:04+00:00","mainEntityOfPage":{"@id":"https:\/\/matis.is\/frettir\/endurnyjanleg-hagkerfi-a-heimskautasvaedum\/"},"wordCount":264,"publisher":{"@id":"https:\/\/matis.is\/#organization"},"image":{"@id":"https:\/\/matis.is\/frettir\/endurnyjanleg-hagkerfi-a-heimskautasvaedum\/#primaryimage"},"thumbnailUrl":"https:\/\/matis.is\/wp-content\/uploads\/Island_sjor_fjoll_minni-e1654699615567.jpg","articleSection":["Fr\u00e9ttir"],"inLanguage":"en-GB"},{"@type":"WebPage","@id":"https:\/\/matis.is\/frettir\/endurnyjanleg-hagkerfi-a-heimskautasvaedum\/","url":"https:\/\/matis.is\/frettir\/endurnyjanleg-hagkerfi-a-heimskautasvaedum\/","name":"Renewable Arctic Economy - Mat\u00eds","isPartOf":{"@id":"https:\/\/matis.is\/#website"},"primaryImageOfPage":{"@id":"https:\/\/matis.is\/frettir\/endurnyjanleg-hagkerfi-a-heimskautasvaedum\/#primaryimage"},"image":{"@id":"https:\/\/matis.is\/frettir\/endurnyjanleg-hagkerfi-a-heimskautasvaedum\/#primaryimage"},"thumbnailUrl":"https:\/\/matis.is\/wp-content\/uploads\/Island_sjor_fjoll_minni-e1654699615567.jpg","datePublished":"2022-06-08T14:29:03+00:00","dateModified":"2022-06-09T11:27:04+00:00","breadcrumb":{"@id":"https:\/\/matis.is\/frettir\/endurnyjanleg-hagkerfi-a-heimskautasvaedum\/#breadcrumb"},"inLanguage":"en-GB","potentialAction":[{"@type":"ReadAction","target":["https:\/\/matis.is\/frettir\/endurnyjanleg-hagkerfi-a-heimskautasvaedum\/"]}]},{"@type":"ImageObject","inLanguage":"en-GB","@id":"https:\/\/matis.is\/frettir\/endurnyjanleg-hagkerfi-a-heimskautasvaedum\/#primaryimage","url":"https:\/\/matis.is\/wp-content\/uploads\/Island_sjor_fjoll_minni-e1654699615567.jpg","contentUrl":"https:\/\/matis.is\/wp-content\/uploads\/Island_sjor_fjoll_minni-e1654699615567.jpg","width":2508,"height":1378},{"@type":"BreadcrumbList","@id":"https:\/\/matis.is\/frettir\/endurnyjanleg-hagkerfi-a-heimskautasvaedum\/#breadcrumb","itemListElement":[{"@type":"ListItem","position":1,"name":"Home","item":"https:\/\/matis.is\/"},{"@type":"ListItem","position":2,"name":"Endurn\u00fdjanleg hagkerfi \u00e1 heimskautasv\u00e6\u00f0um"}]},{"@type":"WebSite","@id":"https:\/\/matis.is\/#website","url":"https:\/\/matis.is\/","name":"Mat\u00eds","description":"Value creation, food security and public health","publisher":{"@id":"https:\/\/matis.is\/#organization"},"potentialAction":[{"@type":"SearchAction","target":{"@type":"EntryPoint","urlTemplate":"https:\/\/matis.is\/?s={search_term_string}"},"query-input":{"@type":"PropertyValueSpecification","valueRequired":true,"valueName":"search_term_string"}}],"inLanguage":"en-GB"},{"@type":"Organization","@id":"https:\/\/matis.is\/#organization","name":"Mat\u00eds ohf.","url":"https:\/\/matis.is\/","logo":{"@type":"ImageObject","inLanguage":"en-GB","@id":"https:\/\/matis.is\/#\/schema\/logo\/image\/","url":"https:\/\/matis.is\/wp-content\/uploads\/2021\/02\/matis_logo_blatthvitt.png","contentUrl":"https:\/\/matis.is\/wp-content\/uploads\/2021\/02\/matis_logo_blatthvitt.png","width":1507,"height":1507,"caption":"Mat\u00eds ohf."},"image":{"@id":"https:\/\/matis.is\/#\/schema\/logo\/image\/"},"sameAs":["https:\/\/www.facebook.com\/matisiceland","https:\/\/x.com\/matisiceland","https:\/\/www.instagram.com\/matisiceland\/","https:\/\/www.linkedin.com\/matisiceland\/","https:\/\/www.youtube.com\/channel\/UCY-frt3uTqgVZW-DLjoo5bA"]},{"@type":"Person","@id":"https:\/\/matis.is\/#\/schema\/person\/33b92c850c915c93e67f291e3381a49a","name":"admin","sameAs":["https:\/\/matis.mareframe.eu"],"url":"https:\/\/matis.is\/en\/author\/thormodurmatis-is\/"}]}},"spectra_custom_meta":{"_edit_lock":["1654774026:1"],"_thumbnail_id":["46639"],"_wp_page_template":["templates\/template-cover.php"],"_edit_last":["1"],"tengilidur":[""],"_tengilidur":["field_5ef905e0538b2"],"_yoast_wpseo_primary_category":["1973"],"_yoast_wpseo_content_score":["60"],"_yoast_wpseo_estimated-reading-time-minutes":["2"],"wpmm_postgrid_views":["493"],"_uag_css_file_name":["uag-css-46638.css"],"_uag_page_assets":["a:9:{s:3:\"css\";s:263:\".uag-blocks-common-selector{z-index:var(--z-index-desktop) !important}@media (max-width: 976px){.uag-blocks-common-selector{z-index:var(--z-index-tablet) !important}}@media (max-width: 767px){.uag-blocks-common-selector{z-index:var(--z-index-mobile) !important}}\n\";s:2:\"js\";s:0:\"\";s:18:\"current_block_list\";a:8:{i:0;s:12:\"core\/heading\";i:1;s:14:\"core\/paragraph\";i:2;s:12:\"core\/gallery\";i:3;s:10:\"core\/image\";i:4;s:12:\"core\/buttons\";i:5;s:11:\"core\/button\";i:6;s:12:\"core\/columns\";i:7;s:11:\"core\/column\";}s:8:\"uag_flag\";b:0;s:11:\"uag_version\";s:10:\"1777300790\";s:6:\"gfonts\";a:0:{}s:10:\"gfonts_url\";s:0:\"\";s:12:\"gfonts_files\";a:0:{}s:14:\"uag_faq_layout\";b:0;}"]},"uagb_featured_image_src":{"full":["https:\/\/matis.is\/wp-content\/uploads\/Island_sjor_fjoll_minni-e1654699615567.jpg",2508,1378,false],"thumbnail":["https:\/\/matis.is\/wp-content\/uploads\/Island_sjor_fjoll_minni-e1654699615567-150x150.jpg",150,150,true],"medium":["https:\/\/matis.is\/wp-content\/uploads\/Island_sjor_fjoll_minni-e1654699615567-300x165.jpg",300,165,true],"medium_large":["https:\/\/matis.is\/wp-content\/uploads\/Island_sjor_fjoll_minni-e1654699615567-768x422.jpg",768,422,true],"large":["https:\/\/matis.is\/wp-content\/uploads\/Island_sjor_fjoll_minni-e1654699615567-1024x563.jpg",1024,563,true],"1536x1536":["https:\/\/matis.is\/wp-content\/uploads\/Island_sjor_fjoll_minni-e1654699615567-1536x844.jpg",1536,844,true],"2048x2048":["https:\/\/matis.is\/wp-content\/uploads\/Island_sjor_fjoll_minni-e1654699615567-2048x1125.jpg",2048,1125,true],"trp-custom-language-flag":["https:\/\/matis.is\/wp-content\/uploads\/Island_sjor_fjoll_minni-e1654699615567-18x10.jpg",18,10,true]},"uagb_author_info":{"display_name":"admin","author_link":"https:\/\/matis.is\/en\/author\/thormodurmatis-is\/"},"uagb_comment_info":0,"uagb_excerpt":"\u00dat er komin b\u00f3kin \u201eRenewable Economies in the Arctic\u201c sem fjallar um endurn\u00fdjanleg hagkerfi \u00e1 heimskautasv\u00e6\u00f0um. Starfsf\u00f3lk Mat\u00eds, \u00feau \u00d3lafur [&hellip;]","_links":{"self":[{"href":"https:\/\/matis.is\/en\/wp-json\/wp\/v2\/posts\/46638","targetHints":{"allow":["GET"]}}],"collection":[{"href":"https:\/\/matis.is\/en\/wp-json\/wp\/v2\/posts"}],"about":[{"href":"https:\/\/matis.is\/en\/wp-json\/wp\/v2\/types\/post"}],"author":[{"embeddable":true,"href":"https:\/\/matis.is\/en\/wp-json\/wp\/v2\/users\/1"}],"replies":[{"embeddable":true,"href":"https:\/\/matis.is\/en\/wp-json\/wp\/v2\/comments?post=46638"}],"version-history":[{"count":4,"href":"https:\/\/matis.is\/en\/wp-json\/wp\/v2\/posts\/46638\/revisions"}],"predecessor-version":[{"id":46648,"href":"https:\/\/matis.is\/en\/wp-json\/wp\/v2\/posts\/46638\/revisions\/46648"}],"wp:featuredmedia":[{"embeddable":true,"href":"https:\/\/matis.is\/en\/wp-json\/wp\/v2\/media\/46639"}],"wp:attachment":[{"href":"https:\/\/matis.is\/en\/wp-json\/wp\/v2\/media?parent=46638"}],"wp:term":[{"taxonomy":"category","embeddable":true,"href":"https:\/\/matis.is\/en\/wp-json\/wp\/v2\/categories?post=46638"},{"taxonomy":"post_tag","embeddable":true,"href":"https:\/\/matis.is\/en\/wp-json\/wp\/v2\/tags?post=46638"}],"curies":[{"name":"wp","href":"https:\/\/api.w.org\/{rel}","templated":true}]}}