{"id":47169,"date":"2022-08-16T10:53:49","date_gmt":"2022-08-16T10:53:49","guid":{"rendered":"https:\/\/matis.is\/?p=47169"},"modified":"2022-08-16T12:13:40","modified_gmt":"2022-08-16T12:13:40","slug":"skraning-er-hafin-i-graena-frumkvodla-framtidar","status":"publish","type":"post","link":"https:\/\/matis.is\/en\/frettir\/skraning-er-hafin-i-graena-frumkvodla-framtidar\/","title":{"rendered":"Registration has started for Green Entrepreneurs of the Future"},"content":{"rendered":"<h4 class=\"wp-block-heading\">Green entrepreneurs of the future (GFF) is an educational project by Mat\u00eds intended for students in the upper grades of primary and secondary schools. The goal is to educate students about the effects of climate change on the ocean and its ecosystems, sustainability and innovation in an innovative and fun way. The project is open to all schools in the country and Mat\u00eds has opened registrations for the school year 2022-2023.<\/h4>\n\n\n\n<p>The project takes place in schools under the guidance of teachers, and the projects can be localized according to the needs of each individual school. The project is divided into four workshops, field visits and a MAKEathon. The workshops include theoretical discussion and projects, the field visits are to a fishing company and the MAKEathon is an innovation competition<\/p>\n\n\n\n<p>We encourage interested teachers and schools to register for the 2022-2023 school year. Registration is not binding, so those who are curious can definitely register as well. You can also contact the project manager Justine Vanhalst via email <a href=\"mailto:justine@matis.is\">justine@matis.is<\/a> if any questions arise. You will also find the Green Entrepreneurs of the Future on the website <a href=\"https:\/\/graenirfrumkvodlar.com\/\" target=\"_blank\" rel=\"noreferrer noopener\">graenirfrumkvodlar.com<\/a> and onto <a href=\"https:\/\/www.instagram.com\/gff_matis\/\" target=\"_blank\" rel=\"noreferrer noopener\">instagram<\/a>.<\/p>\n\n\n\n<p>An electronic information meeting will be held on August 18, at 1-1:30 p.m., where all aspects of the project will be covered and people will be given the opportunity to ask questions, more information about the meeting will be sent upon registration.<\/p>\n\n\n\n<p>Registration is done by clicking the registration button below: <\/p>\n\n\n\n<div class=\"wp-block-columns is-layout-flex wp-container-core-columns-is-layout-28f84493 wp-block-columns-is-layout-flex\">\n<div class=\"wp-block-column is-layout-flow wp-block-column-is-layout-flow\">\n<div class=\"wp-block-buttons is-content-justification-center is-layout-flex wp-container-core-buttons-is-layout-a89b3969 wp-block-buttons-is-layout-flex\">\n<div class=\"wp-block-button is-style-fill\"><a class=\"wp-block-button__link\" href=\"https:\/\/forms.gle\/r7oGuuR18HZ3qAvQ8\" target=\"_blank\" rel=\"noreferrer noopener\">Registration<\/a><\/div>\n<\/div>\n<\/div>\n<\/div>\n\n\n\n<p>Here you can see a trailer from the TV channel N4 about Green Entrepreneurs of the Future, the show will be released later this fall.<\/p>\n\n\n\n<figure class=\"wp-block-embed is-type-video is-provider-youtube wp-block-embed-youtube wp-embed-aspect-16-9 wp-has-aspect-ratio\"><div class=\"wp-block-embed__wrapper\">\n<iframe loading=\"lazy\" title=\"Green entrepreneurs of the future - trailer\" width=\"500\" height=\"281\" src=\"https:\/\/www.youtube.com\/embed\/TDDfhsQLVe8?feature=oembed\" frameborder=\"0\" allow=\"accelerometer; autoplay; clipboard-write; encrypted-media; gyroscope; picture-in-picture; web-share\" referrerpolicy=\"strict-origin-when-cross-origin\" allowfullscreen><\/iframe>\n<\/div><\/figure>\n\n\n\n<p>Want to read more about the Green Entrepreneurs of the Future? Below is an interview with Katr\u00edna Hulda Gunnarsd\u00f3ttir, who has worked on the project since the beginning:  <\/p>\n\n\n\n<div class=\"wp-block-group is-layout-flow wp-block-group-is-layout-flow\">\n<div class=\"wp-block-columns is-layout-flex wp-container-core-columns-is-layout-28f84493 wp-block-columns-is-layout-flex\">\n<div class=\"wp-block-column is-layout-flow wp-block-column-is-layout-flow\" style=\"flex-basis:100%\">\n<figure class=\"wp-block-embed is-type-wp-embed is-provider-matis wp-block-embed-matis\"><div class=\"wp-block-embed__wrapper\">\n<blockquote class=\"wp-embedded-content\" data-secret=\"LNWtGNPogi\"><a href=\"https:\/\/matis.is\/en\/frettir\/graenir-frumkvodlar-framtidar\/\">The green entrepreneurs of the future<\/a><\/blockquote><iframe loading=\"lazy\" class=\"wp-embedded-content\" sandbox=\"allow-scripts\" security=\"restricted\" style=\"position: absolute; visibility: hidden;\" title=\"&quot;Green entrepreneurs of the future&quot; \u2014 Mat\u00eds\" src=\"https:\/\/matis.is\/en\/frettir\/graenir-frumkvodlar-framtidar\/embed\/#?secret=GlsxZYo26T#?secret=LNWtGNPogi\" data-secret=\"LNWtGNPogi\" width=\"500\" height=\"282\" frameborder=\"0\" marginwidth=\"0\" marginheight=\"0\" scrolling=\"no\"><\/iframe>\n<\/div><\/figure>\n<\/div>\n<\/div>\n<\/div>","protected":false},"excerpt":{"rendered":"<p>Gr\u00e6nir frumkv\u00f6\u00f0lar framt\u00ed\u00f0ar (GFF) er fr\u00e6\u00f0sluverkefni hj\u00e1 Mat\u00eds sem \u00e6tla\u00f0 fyrir nemendur \u00ed efstu bekkjum grunnsk\u00f3la og framhaldssk\u00f3la. Markmi\u00f0i\u00f0 er [&hellip;]<\/p>\n","protected":false},"author":7,"featured_media":47170,"comment_status":"closed","ping_status":"closed","sticky":false,"template":"templates\/template-cover.php","format":"standard","meta":{"_acf_changed":false,"_uag_custom_page_level_css":"","site-sidebar-layout":"default","site-content-layout":"","ast-site-content-layout":"default","site-content-style":"default","site-sidebar-style":"default","ast-global-header-display":"","ast-banner-title-visibility":"","ast-main-header-display":"","ast-hfb-above-header-display":"","ast-hfb-below-header-display":"","ast-hfb-mobile-header-display":"","site-post-title":"","ast-breadcrumbs-content":"","ast-featured-img":"","footer-sml-layout":"","ast-disable-related-posts":"","theme-transparent-header-meta":"","adv-header-id-meta":"","stick-header-meta":"","header-above-stick-meta":"","header-main-stick-meta":"","header-below-stick-meta":"","astra-migrate-meta-layouts":"default","ast-page-background-enabled":"default","ast-page-background-meta":{"desktop":{"background-color":"var(--ast-global-color-5)","background-image":"","background-repeat":"repeat","background-position":"center center","background-size":"auto","background-attachment":"scroll","background-type":"","background-media":"","overlay-type":"","overlay-color":"","overlay-opacity":"","overlay-gradient":""},"tablet":{"background-color":"","background-image":"","background-repeat":"repeat","background-position":"center center","background-size":"auto","background-attachment":"scroll","background-type":"","background-media":"","overlay-type":"","overlay-color":"","overlay-opacity":"","overlay-gradient":""},"mobile":{"background-color":"","background-image":"","background-repeat":"repeat","background-position":"center center","background-size":"auto","background-attachment":"scroll","background-type":"","background-media":"","overlay-type":"","overlay-color":"","overlay-opacity":"","overlay-gradient":""}},"ast-content-background-meta":{"desktop":{"background-color":"var(--ast-global-color-4)","background-image":"","background-repeat":"repeat","background-position":"center center","background-size":"auto","background-attachment":"scroll","background-type":"","background-media":"","overlay-type":"","overlay-color":"","overlay-opacity":"","overlay-gradient":""},"tablet":{"background-color":"var(--ast-global-color-4)","background-image":"","background-repeat":"repeat","background-position":"center center","background-size":"auto","background-attachment":"scroll","background-type":"","background-media":"","overlay-type":"","overlay-color":"","overlay-opacity":"","overlay-gradient":""},"mobile":{"background-color":"var(--ast-global-color-4)","background-image":"","background-repeat":"repeat","background-position":"center center","background-size":"auto","background-attachment":"scroll","background-type":"","background-media":"","overlay-type":"","overlay-color":"","overlay-opacity":"","overlay-gradient":""}},"footnotes":""},"categories":[1973],"tags":[],"class_list":["post-47169","post","type-post","status-publish","format-standard","has-post-thumbnail","hentry","category-frettir"],"acf":[],"yoast_head":"<!-- This site is optimized with the Yoast SEO plugin v27.4 - https:\/\/yoast.com\/product\/yoast-seo-wordpress\/ -->\n<title>Skr\u00e1ning er hafin \u00ed Gr\u00e6na frumkv\u00f6\u00f0la framt\u00ed\u00f0ar - Mat\u00eds<\/title>\n<meta name=\"robots\" content=\"index, follow, max-snippet:-1, max-image-preview:large, max-video-preview:-1\" \/>\n<link rel=\"canonical\" href=\"https:\/\/matis.is\/en\/frettir\/skraning-er-hafin-i-graena-frumkvodla-framtidar\/\" \/>\n<meta property=\"og:locale\" content=\"en_GB\" \/>\n<meta property=\"og:type\" content=\"article\" \/>\n<meta property=\"og:title\" content=\"Skr\u00e1ning er hafin \u00ed Gr\u00e6na frumkv\u00f6\u00f0la framt\u00ed\u00f0ar - Mat\u00eds\" \/>\n<meta property=\"og:description\" content=\"Gr\u00e6nir frumkv\u00f6\u00f0lar framt\u00ed\u00f0ar (GFF) er fr\u00e6\u00f0sluverkefni hj\u00e1 Mat\u00eds sem \u00e6tla\u00f0 fyrir nemendur \u00ed efstu bekkjum grunnsk\u00f3la og framhaldssk\u00f3la. Markmi\u00f0i\u00f0 er [&hellip;]\" \/>\n<meta property=\"og:url\" content=\"https:\/\/matis.is\/en\/frettir\/skraning-er-hafin-i-graena-frumkvodla-framtidar\/\" \/>\n<meta property=\"og:site_name\" content=\"Mat\u00eds\" \/>\n<meta property=\"article:publisher\" content=\"https:\/\/www.facebook.com\/matisiceland\" \/>\n<meta property=\"article:published_time\" content=\"2022-08-16T10:53:49+00:00\" \/>\n<meta property=\"article:modified_time\" content=\"2022-08-16T12:13:40+00:00\" \/>\n<meta property=\"og:image\" content=\"https:\/\/matis.is\/wp-content\/uploads\/Graenir_frumkv_Katrik_Justine-1-scaled.jpg\" \/>\n\t<meta property=\"og:image:width\" content=\"2560\" \/>\n\t<meta property=\"og:image:height\" content=\"1793\" \/>\n\t<meta property=\"og:image:type\" content=\"image\/jpeg\" \/>\n<meta name=\"author\" content=\"hilduryr@matis.is\" \/>\n<meta name=\"twitter:card\" content=\"summary_large_image\" \/>\n<meta name=\"twitter:creator\" content=\"@matisiceland\" \/>\n<meta name=\"twitter:site\" content=\"@matisiceland\" \/>\n<meta name=\"twitter:label1\" content=\"Written by\" \/>\n\t<meta name=\"twitter:data1\" content=\"hilduryr@matis.is\" \/>\n\t<meta name=\"twitter:label2\" content=\"Estimated reading time\" \/>\n\t<meta name=\"twitter:data2\" content=\"2 minutes\" \/>\n<script type=\"application\/ld+json\" class=\"yoast-schema-graph\">{\"@context\":\"https:\\\/\\\/schema.org\",\"@graph\":[{\"@type\":\"Article\",\"@id\":\"https:\\\/\\\/matis.is\\\/en\\\/frettir\\\/skraning-er-hafin-i-graena-frumkvodla-framtidar\\\/#article\",\"isPartOf\":{\"@id\":\"https:\\\/\\\/matis.is\\\/en\\\/frettir\\\/skraning-er-hafin-i-graena-frumkvodla-framtidar\\\/\"},\"author\":{\"name\":\"hilduryr@matis.is\",\"@id\":\"https:\\\/\\\/matis.is\\\/#\\\/schema\\\/person\\\/faae87f165f723ee4cb619d6bc8a9203\"},\"headline\":\"Skr\u00e1ning er hafin \u00ed Gr\u00e6na frumkv\u00f6\u00f0la framt\u00ed\u00f0ar\",\"datePublished\":\"2022-08-16T10:53:49+00:00\",\"dateModified\":\"2022-08-16T12:13:40+00:00\",\"mainEntityOfPage\":{\"@id\":\"https:\\\/\\\/matis.is\\\/en\\\/frettir\\\/skraning-er-hafin-i-graena-frumkvodla-framtidar\\\/\"},\"wordCount\":339,\"publisher\":{\"@id\":\"https:\\\/\\\/matis.is\\\/#organization\"},\"image\":{\"@id\":\"https:\\\/\\\/matis.is\\\/en\\\/frettir\\\/skraning-er-hafin-i-graena-frumkvodla-framtidar\\\/#primaryimage\"},\"thumbnailUrl\":\"https:\\\/\\\/matis.is\\\/wp-content\\\/uploads\\\/Graenir_frumkv_Katrik_Justine-1-scaled.jpg\",\"articleSection\":[\"Fr\u00e9ttir\"],\"inLanguage\":\"en-GB\"},{\"@type\":\"WebPage\",\"@id\":\"https:\\\/\\\/matis.is\\\/en\\\/frettir\\\/skraning-er-hafin-i-graena-frumkvodla-framtidar\\\/\",\"url\":\"https:\\\/\\\/matis.is\\\/en\\\/frettir\\\/skraning-er-hafin-i-graena-frumkvodla-framtidar\\\/\",\"name\":\"Skr\u00e1ning er hafin \u00ed Gr\u00e6na frumkv\u00f6\u00f0la framt\u00ed\u00f0ar - Mat\u00eds\",\"isPartOf\":{\"@id\":\"https:\\\/\\\/matis.is\\\/#website\"},\"primaryImageOfPage\":{\"@id\":\"https:\\\/\\\/matis.is\\\/en\\\/frettir\\\/skraning-er-hafin-i-graena-frumkvodla-framtidar\\\/#primaryimage\"},\"image\":{\"@id\":\"https:\\\/\\\/matis.is\\\/en\\\/frettir\\\/skraning-er-hafin-i-graena-frumkvodla-framtidar\\\/#primaryimage\"},\"thumbnailUrl\":\"https:\\\/\\\/matis.is\\\/wp-content\\\/uploads\\\/Graenir_frumkv_Katrik_Justine-1-scaled.jpg\",\"datePublished\":\"2022-08-16T10:53:49+00:00\",\"dateModified\":\"2022-08-16T12:13:40+00:00\",\"breadcrumb\":{\"@id\":\"https:\\\/\\\/matis.is\\\/en\\\/frettir\\\/skraning-er-hafin-i-graena-frumkvodla-framtidar\\\/#breadcrumb\"},\"inLanguage\":\"en-GB\",\"potentialAction\":[{\"@type\":\"ReadAction\",\"target\":[\"https:\\\/\\\/matis.is\\\/en\\\/frettir\\\/skraning-er-hafin-i-graena-frumkvodla-framtidar\\\/\"]}]},{\"@type\":\"ImageObject\",\"inLanguage\":\"en-GB\",\"@id\":\"https:\\\/\\\/matis.is\\\/en\\\/frettir\\\/skraning-er-hafin-i-graena-frumkvodla-framtidar\\\/#primaryimage\",\"url\":\"https:\\\/\\\/matis.is\\\/wp-content\\\/uploads\\\/Graenir_frumkv_Katrik_Justine-1-scaled.jpg\",\"contentUrl\":\"https:\\\/\\\/matis.is\\\/wp-content\\\/uploads\\\/Graenir_frumkv_Katrik_Justine-1-scaled.jpg\",\"width\":2560,\"height\":1793},{\"@type\":\"BreadcrumbList\",\"@id\":\"https:\\\/\\\/matis.is\\\/en\\\/frettir\\\/skraning-er-hafin-i-graena-frumkvodla-framtidar\\\/#breadcrumb\",\"itemListElement\":[{\"@type\":\"ListItem\",\"position\":1,\"name\":\"Home\",\"item\":\"https:\\\/\\\/matis.is\\\/\"},{\"@type\":\"ListItem\",\"position\":2,\"name\":\"Skr\u00e1ning er hafin \u00ed Gr\u00e6na frumkv\u00f6\u00f0la framt\u00ed\u00f0ar\"}]},{\"@type\":\"WebSite\",\"@id\":\"https:\\\/\\\/matis.is\\\/#website\",\"url\":\"https:\\\/\\\/matis.is\\\/\",\"name\":\"Mat\u00eds\",\"description\":\"Ver\u00f0m\u00e6task\u00f6pun, matv\u00e6la\u00f6ryggi og l\u00fd\u00f0heilsa\",\"publisher\":{\"@id\":\"https:\\\/\\\/matis.is\\\/#organization\"},\"potentialAction\":[{\"@type\":\"SearchAction\",\"target\":{\"@type\":\"EntryPoint\",\"urlTemplate\":\"https:\\\/\\\/matis.is\\\/?s={search_term_string}\"},\"query-input\":{\"@type\":\"PropertyValueSpecification\",\"valueRequired\":true,\"valueName\":\"search_term_string\"}}],\"inLanguage\":\"en-GB\"},{\"@type\":\"Organization\",\"@id\":\"https:\\\/\\\/matis.is\\\/#organization\",\"name\":\"Mat\u00eds ohf.\",\"url\":\"https:\\\/\\\/matis.is\\\/\",\"logo\":{\"@type\":\"ImageObject\",\"inLanguage\":\"en-GB\",\"@id\":\"https:\\\/\\\/matis.is\\\/#\\\/schema\\\/logo\\\/image\\\/\",\"url\":\"https:\\\/\\\/matis.is\\\/wp-content\\\/uploads\\\/2021\\\/02\\\/matis_logo_blatthvitt.png\",\"contentUrl\":\"https:\\\/\\\/matis.is\\\/wp-content\\\/uploads\\\/2021\\\/02\\\/matis_logo_blatthvitt.png\",\"width\":1507,\"height\":1507,\"caption\":\"Mat\u00eds ohf.\"},\"image\":{\"@id\":\"https:\\\/\\\/matis.is\\\/#\\\/schema\\\/logo\\\/image\\\/\"},\"sameAs\":[\"https:\\\/\\\/www.facebook.com\\\/matisiceland\",\"https:\\\/\\\/x.com\\\/matisiceland\",\"https:\\\/\\\/www.instagram.com\\\/matisiceland\\\/\",\"https:\\\/\\\/www.linkedin.com\\\/matisiceland\\\/\",\"https:\\\/\\\/www.youtube.com\\\/channel\\\/UCY-frt3uTqgVZW-DLjoo5bA\"]},{\"@type\":\"Person\",\"@id\":\"https:\\\/\\\/matis.is\\\/#\\\/schema\\\/person\\\/faae87f165f723ee4cb619d6bc8a9203\",\"name\":\"hilduryr@matis.is\",\"url\":\"https:\\\/\\\/matis.is\\\/en\\\/author\\\/hilduryrmatis-is\\\/\"}]}<\/script>\n<!-- \/ Yoast SEO plugin. -->","yoast_head_json":{"title":"Registration has started for Green entrepreneurs of the future - Mat\u00eds","robots":{"index":"index","follow":"follow","max-snippet":"max-snippet:-1","max-image-preview":"max-image-preview:large","max-video-preview":"max-video-preview:-1"},"canonical":"https:\/\/matis.is\/en\/frettir\/skraning-er-hafin-i-graena-frumkvodla-framtidar\/","og_locale":"en_GB","og_type":"article","og_title":"Skr\u00e1ning er hafin \u00ed Gr\u00e6na frumkv\u00f6\u00f0la framt\u00ed\u00f0ar - Mat\u00eds","og_description":"Gr\u00e6nir frumkv\u00f6\u00f0lar framt\u00ed\u00f0ar (GFF) er fr\u00e6\u00f0sluverkefni hj\u00e1 Mat\u00eds sem \u00e6tla\u00f0 fyrir nemendur \u00ed efstu bekkjum grunnsk\u00f3la og framhaldssk\u00f3la. Markmi\u00f0i\u00f0 er [&hellip;]","og_url":"https:\/\/matis.is\/en\/frettir\/skraning-er-hafin-i-graena-frumkvodla-framtidar\/","og_site_name":"Mat\u00eds","article_publisher":"https:\/\/www.facebook.com\/matisiceland","article_published_time":"2022-08-16T10:53:49+00:00","article_modified_time":"2022-08-16T12:13:40+00:00","og_image":[{"width":2560,"height":1793,"url":"https:\/\/matis.is\/wp-content\/uploads\/Graenir_frumkv_Katrik_Justine-1-scaled.jpg","type":"image\/jpeg"}],"author":"hilduryr@matis.is","twitter_card":"summary_large_image","twitter_creator":"@matisiceland","twitter_site":"@matisiceland","twitter_misc":{"Written by":"hilduryr@matis.is","Estimated reading time":"2 minutes"},"schema":{"@context":"https:\/\/schema.org","@graph":[{"@type":"Article","@id":"https:\/\/matis.is\/en\/frettir\/skraning-er-hafin-i-graena-frumkvodla-framtidar\/#article","isPartOf":{"@id":"https:\/\/matis.is\/en\/frettir\/skraning-er-hafin-i-graena-frumkvodla-framtidar\/"},"author":{"name":"hilduryr@matis.is","@id":"https:\/\/matis.is\/#\/schema\/person\/faae87f165f723ee4cb619d6bc8a9203"},"headline":"Skr\u00e1ning er hafin \u00ed Gr\u00e6na frumkv\u00f6\u00f0la framt\u00ed\u00f0ar","datePublished":"2022-08-16T10:53:49+00:00","dateModified":"2022-08-16T12:13:40+00:00","mainEntityOfPage":{"@id":"https:\/\/matis.is\/en\/frettir\/skraning-er-hafin-i-graena-frumkvodla-framtidar\/"},"wordCount":339,"publisher":{"@id":"https:\/\/matis.is\/#organization"},"image":{"@id":"https:\/\/matis.is\/en\/frettir\/skraning-er-hafin-i-graena-frumkvodla-framtidar\/#primaryimage"},"thumbnailUrl":"https:\/\/matis.is\/wp-content\/uploads\/Graenir_frumkv_Katrik_Justine-1-scaled.jpg","articleSection":["Fr\u00e9ttir"],"inLanguage":"en-GB"},{"@type":"WebPage","@id":"https:\/\/matis.is\/en\/frettir\/skraning-er-hafin-i-graena-frumkvodla-framtidar\/","url":"https:\/\/matis.is\/en\/frettir\/skraning-er-hafin-i-graena-frumkvodla-framtidar\/","name":"Registration has started for Green entrepreneurs of the future - Mat\u00eds","isPartOf":{"@id":"https:\/\/matis.is\/#website"},"primaryImageOfPage":{"@id":"https:\/\/matis.is\/en\/frettir\/skraning-er-hafin-i-graena-frumkvodla-framtidar\/#primaryimage"},"image":{"@id":"https:\/\/matis.is\/en\/frettir\/skraning-er-hafin-i-graena-frumkvodla-framtidar\/#primaryimage"},"thumbnailUrl":"https:\/\/matis.is\/wp-content\/uploads\/Graenir_frumkv_Katrik_Justine-1-scaled.jpg","datePublished":"2022-08-16T10:53:49+00:00","dateModified":"2022-08-16T12:13:40+00:00","breadcrumb":{"@id":"https:\/\/matis.is\/en\/frettir\/skraning-er-hafin-i-graena-frumkvodla-framtidar\/#breadcrumb"},"inLanguage":"en-GB","potentialAction":[{"@type":"ReadAction","target":["https:\/\/matis.is\/en\/frettir\/skraning-er-hafin-i-graena-frumkvodla-framtidar\/"]}]},{"@type":"ImageObject","inLanguage":"en-GB","@id":"https:\/\/matis.is\/en\/frettir\/skraning-er-hafin-i-graena-frumkvodla-framtidar\/#primaryimage","url":"https:\/\/matis.is\/wp-content\/uploads\/Graenir_frumkv_Katrik_Justine-1-scaled.jpg","contentUrl":"https:\/\/matis.is\/wp-content\/uploads\/Graenir_frumkv_Katrik_Justine-1-scaled.jpg","width":2560,"height":1793},{"@type":"BreadcrumbList","@id":"https:\/\/matis.is\/en\/frettir\/skraning-er-hafin-i-graena-frumkvodla-framtidar\/#breadcrumb","itemListElement":[{"@type":"ListItem","position":1,"name":"Home","item":"https:\/\/matis.is\/"},{"@type":"ListItem","position":2,"name":"Skr\u00e1ning er hafin \u00ed Gr\u00e6na frumkv\u00f6\u00f0la framt\u00ed\u00f0ar"}]},{"@type":"WebSite","@id":"https:\/\/matis.is\/#website","url":"https:\/\/matis.is\/","name":"Mat\u00eds","description":"Value creation, food security and public health","publisher":{"@id":"https:\/\/matis.is\/#organization"},"potentialAction":[{"@type":"SearchAction","target":{"@type":"EntryPoint","urlTemplate":"https:\/\/matis.is\/?s={search_term_string}"},"query-input":{"@type":"PropertyValueSpecification","valueRequired":true,"valueName":"search_term_string"}}],"inLanguage":"en-GB"},{"@type":"Organization","@id":"https:\/\/matis.is\/#organization","name":"Mat\u00eds ohf.","url":"https:\/\/matis.is\/","logo":{"@type":"ImageObject","inLanguage":"en-GB","@id":"https:\/\/matis.is\/#\/schema\/logo\/image\/","url":"https:\/\/matis.is\/wp-content\/uploads\/2021\/02\/matis_logo_blatthvitt.png","contentUrl":"https:\/\/matis.is\/wp-content\/uploads\/2021\/02\/matis_logo_blatthvitt.png","width":1507,"height":1507,"caption":"Mat\u00eds ohf."},"image":{"@id":"https:\/\/matis.is\/#\/schema\/logo\/image\/"},"sameAs":["https:\/\/www.facebook.com\/matisiceland","https:\/\/x.com\/matisiceland","https:\/\/www.instagram.com\/matisiceland\/","https:\/\/www.linkedin.com\/matisiceland\/","https:\/\/www.youtube.com\/channel\/UCY-frt3uTqgVZW-DLjoo5bA"]},{"@type":"Person","@id":"https:\/\/matis.is\/#\/schema\/person\/faae87f165f723ee4cb619d6bc8a9203","name":"hilduryr@matis.is","url":"https:\/\/matis.is\/en\/author\/hilduryrmatis-is\/"}]}},"spectra_custom_meta":{"_edit_lock":["1660652078:7"],"_oembed_a1a45e7ffc7a6ba0bdf9e6b7770e6acd":["<blockquote class=\"wp-embedded-content\" data-secret=\"BLeUALssY5\"><a href=\"https:\/\/matis.is\/frettir\/graenir-frumkvodlar-framtidar\/\">Gr\u00e6nir frumkv\u00f6\u00f0lar framt\u00ed\u00f0ar<\/a><\/blockquote><iframe class=\"wp-embedded-content\" sandbox=\"allow-scripts\" security=\"restricted\" style=\"position: absolute; clip: rect(1px, 1px, 1px, 1px);\" title=\"&#8220;Gr\u00e6nir frumkv\u00f6\u00f0lar framt\u00ed\u00f0ar&#8221; &#8212; Mat\u00eds\" src=\"https:\/\/matis.is\/frettir\/graenir-frumkvodlar-framtidar\/embed\/#?secret=TI5tr8BysP#?secret=BLeUALssY5\" data-secret=\"BLeUALssY5\" width=\"580\" height=\"327\" frameborder=\"0\" marginwidth=\"0\" marginheight=\"0\" scrolling=\"no\"><\/iframe>"],"_oembed_time_a1a45e7ffc7a6ba0bdf9e6b7770e6acd":["1660652021"],"_thumbnail_id":["47170"],"_wp_page_template":["templates\/template-cover.php"],"_edit_last":["7"],"tengilidur":[""],"_tengilidur":["field_5ef905e0538b2"],"_yoast_wpseo_primary_category":["1973"],"_yoast_wpseo_content_score":["90"],"_yoast_wpseo_estimated-reading-time-minutes":["2"],"_yoast_wpseo_wordproof_timestamp":[""],"_oembed_45758bed86aa1175d18912e9efa5df98":["<iframe title=\"Gr\u00e6nir frumkv\u00f6\u00f0lar framt\u00ed\u00f0ar - stikla\" width=\"580\" height=\"326\" src=\"https:\/\/www.youtube.com\/embed\/TDDfhsQLVe8?feature=oembed\" frameborder=\"0\" allow=\"accelerometer; autoplay; clipboard-write; encrypted-media; gyroscope; picture-in-picture\" allowfullscreen><\/iframe>"],"_oembed_time_45758bed86aa1175d18912e9efa5df98":["1660652021"],"wpmm_postgrid_views":["521"],"_oembed_5ff6511d509ff3a49b6db33ad3496390":["<iframe title=\"Gr\u00e6nir frumkv\u00f6\u00f0lar framt\u00ed\u00f0ar - stikla\" width=\"580\" height=\"326\" src=\"https:\/\/www.youtube.com\/embed\/TDDfhsQLVe8?feature=oembed\" frameborder=\"0\" allow=\"accelerometer; autoplay; clipboard-write; encrypted-media; gyroscope; picture-in-picture; web-share\" referrerpolicy=\"strict-origin-when-cross-origin\" allowfullscreen><\/iframe>"],"_oembed_time_5ff6511d509ff3a49b6db33ad3496390":["1714244744"],"_oembed_75350cd4ad782cf4d51e3e1001d8bd99":["<blockquote class=\"wp-embedded-content\" data-secret=\"NBBbHngDtD\"><a href=\"https:\/\/matis.is\/frettir\/graenir-frumkvodlar-framtidar\/\">Gr\u00e6nir frumkv\u00f6\u00f0lar framt\u00ed\u00f0ar<\/a><\/blockquote><iframe class=\"wp-embedded-content\" sandbox=\"allow-scripts\" security=\"restricted\" style=\"position: absolute; clip: rect(1px, 1px, 1px, 1px);\" title=\"\u201eGr\u00e6nir frumkv\u00f6\u00f0lar framt\u00ed\u00f0ar\u201c \u2014 Mat\u00eds\" src=\"https:\/\/matis.is\/frettir\/graenir-frumkvodlar-framtidar\/embed\/#?secret=I0ZPO8e5u6#?secret=NBBbHngDtD\" data-secret=\"NBBbHngDtD\" width=\"580\" height=\"327\" frameborder=\"0\" marginwidth=\"0\" marginheight=\"0\" scrolling=\"no\"><\/iframe>"],"_oembed_time_75350cd4ad782cf4d51e3e1001d8bd99":["1714244744"],"_oembed_a901541a20eb67d28ee1f6b2ac5c6d8f":["<iframe title=\"Gr\u00e6nir frumkv\u00f6\u00f0lar framt\u00ed\u00f0ar - stikla\" width=\"1200\" height=\"675\" src=\"https:\/\/www.youtube.com\/embed\/TDDfhsQLVe8?feature=oembed\" frameborder=\"0\" allow=\"accelerometer; autoplay; clipboard-write; encrypted-media; gyroscope; picture-in-picture; web-share\" referrerpolicy=\"strict-origin-when-cross-origin\" allowfullscreen><\/iframe>"],"_oembed_time_a901541a20eb67d28ee1f6b2ac5c6d8f":["1770173153"],"_oembed_7c3658ea72a99bc77b863796e6a13393":["<blockquote class=\"wp-embedded-content\" data-secret=\"KB2JKMfRVr\"><a href=\"https:\/\/matis.is\/en\/frettir\/graenir-frumkvodlar-framtidar\/\">The green entrepreneurs of the future<\/a><\/blockquote><iframe class=\"wp-embedded-content\" sandbox=\"allow-scripts\" security=\"restricted\" style=\"position: absolute; visibility: hidden;\" title=\"\u201cGr\u00e6nir frumkv\u00f6\u00f0lar framt\u00ed\u00f0ar\u201d \u2014 Mat\u00eds\" src=\"https:\/\/matis.is\/en\/frettir\/graenir-frumkvodlar-framtidar\/embed\/#?secret=Q05hJfSsrX#?secret=KB2JKMfRVr\" data-secret=\"KB2JKMfRVr\" width=\"600\" height=\"338\" frameborder=\"0\" marginwidth=\"0\" marginheight=\"0\" scrolling=\"no\"><\/iframe>"],"_oembed_time_7c3658ea72a99bc77b863796e6a13393":["1770173153"],"_oembed_cfbbc6cca2ea277bdb7dd7b49ea4876d":["<iframe title=\"Gr\u00e6nir frumkv\u00f6\u00f0lar framt\u00ed\u00f0ar - stikla\" width=\"500\" height=\"281\" src=\"https:\/\/www.youtube.com\/embed\/TDDfhsQLVe8?feature=oembed\" frameborder=\"0\" allow=\"accelerometer; autoplay; clipboard-write; encrypted-media; gyroscope; picture-in-picture; web-share\" referrerpolicy=\"strict-origin-when-cross-origin\" allowfullscreen><\/iframe>"],"_oembed_time_cfbbc6cca2ea277bdb7dd7b49ea4876d":["1770589639"],"_oembed_c1669f4882c5688df5bde2731004247a":["<blockquote class=\"wp-embedded-content\" data-secret=\"LNWtGNPogi\"><a href=\"https:\/\/matis.is\/en\/frettir\/graenir-frumkvodlar-framtidar\/\">The green entrepreneurs of the future<\/a><\/blockquote><iframe class=\"wp-embedded-content\" sandbox=\"allow-scripts\" security=\"restricted\" style=\"position: absolute; visibility: hidden;\" title=\"&quot;Green entrepreneurs of the future&quot; \u2014 Mat\u00eds\" src=\"https:\/\/matis.is\/en\/frettir\/graenir-frumkvodlar-framtidar\/embed\/#?secret=GlsxZYo26T#?secret=LNWtGNPogi\" data-secret=\"LNWtGNPogi\" width=\"500\" height=\"282\" frameborder=\"0\" marginwidth=\"0\" marginheight=\"0\" scrolling=\"no\"><\/iframe>"],"_oembed_time_c1669f4882c5688df5bde2731004247a":["1770589639"],"_uag_css_file_name":["uag-css-47169.css"],"_uag_page_assets":["a:9:{s:3:\"css\";s:263:\".uag-blocks-common-selector{z-index:var(--z-index-desktop) !important}@media (max-width: 976px){.uag-blocks-common-selector{z-index:var(--z-index-tablet) !important}}@media (max-width: 767px){.uag-blocks-common-selector{z-index:var(--z-index-mobile) !important}}\n\";s:2:\"js\";s:0:\"\";s:18:\"current_block_list\";a:8:{i:0;s:12:\"core\/heading\";i:1;s:14:\"core\/paragraph\";i:2;s:12:\"core\/columns\";i:3;s:11:\"core\/column\";i:4;s:12:\"core\/buttons\";i:5;s:11:\"core\/button\";i:6;s:10:\"core\/embed\";i:7;s:10:\"core\/group\";}s:8:\"uag_flag\";b:0;s:11:\"uag_version\";s:10:\"1777040860\";s:6:\"gfonts\";a:0:{}s:10:\"gfonts_url\";s:0:\"\";s:12:\"gfonts_files\";a:0:{}s:14:\"uag_faq_layout\";b:0;}"]},"uagb_featured_image_src":{"full":["https:\/\/matis.is\/wp-content\/uploads\/Graenir_frumkv_Katrik_Justine-1-scaled.jpg",2560,1793,false],"thumbnail":["https:\/\/matis.is\/wp-content\/uploads\/Graenir_frumkv_Katrik_Justine-1-150x150.jpg",150,150,true],"medium":["https:\/\/matis.is\/wp-content\/uploads\/Graenir_frumkv_Katrik_Justine-1-300x210.jpg",300,210,true],"medium_large":["https:\/\/matis.is\/wp-content\/uploads\/Graenir_frumkv_Katrik_Justine-1-768x538.jpg",768,538,true],"large":["https:\/\/matis.is\/wp-content\/uploads\/Graenir_frumkv_Katrik_Justine-1-1024x717.jpg",1024,717,true],"1536x1536":["https:\/\/matis.is\/wp-content\/uploads\/Graenir_frumkv_Katrik_Justine-1-1536x1076.jpg",1536,1076,true],"2048x2048":["https:\/\/matis.is\/wp-content\/uploads\/Graenir_frumkv_Katrik_Justine-1-2048x1434.jpg",2048,1434,true],"trp-custom-language-flag":["https:\/\/matis.is\/wp-content\/uploads\/Graenir_frumkv_Katrik_Justine-1-18x12.jpg",18,12,true]},"uagb_author_info":{"display_name":"hilduryr@matis.is","author_link":"https:\/\/matis.is\/en\/author\/hilduryrmatis-is\/"},"uagb_comment_info":0,"uagb_excerpt":"Gr\u00e6nir frumkv\u00f6\u00f0lar framt\u00ed\u00f0ar (GFF) er fr\u00e6\u00f0sluverkefni hj\u00e1 Mat\u00eds sem \u00e6tla\u00f0 fyrir nemendur \u00ed efstu bekkjum grunnsk\u00f3la og framhaldssk\u00f3la. Markmi\u00f0i\u00f0 er [&hellip;]","_links":{"self":[{"href":"https:\/\/matis.is\/en\/wp-json\/wp\/v2\/posts\/47169","targetHints":{"allow":["GET"]}}],"collection":[{"href":"https:\/\/matis.is\/en\/wp-json\/wp\/v2\/posts"}],"about":[{"href":"https:\/\/matis.is\/en\/wp-json\/wp\/v2\/types\/post"}],"author":[{"embeddable":true,"href":"https:\/\/matis.is\/en\/wp-json\/wp\/v2\/users\/7"}],"replies":[{"embeddable":true,"href":"https:\/\/matis.is\/en\/wp-json\/wp\/v2\/comments?post=47169"}],"version-history":[{"count":12,"href":"https:\/\/matis.is\/en\/wp-json\/wp\/v2\/posts\/47169\/revisions"}],"predecessor-version":[{"id":47185,"href":"https:\/\/matis.is\/en\/wp-json\/wp\/v2\/posts\/47169\/revisions\/47185"}],"wp:featuredmedia":[{"embeddable":true,"href":"https:\/\/matis.is\/en\/wp-json\/wp\/v2\/media\/47170"}],"wp:attachment":[{"href":"https:\/\/matis.is\/en\/wp-json\/wp\/v2\/media?parent=47169"}],"wp:term":[{"taxonomy":"category","embeddable":true,"href":"https:\/\/matis.is\/en\/wp-json\/wp\/v2\/categories?post=47169"},{"taxonomy":"post_tag","embeddable":true,"href":"https:\/\/matis.is\/en\/wp-json\/wp\/v2\/tags?post=47169"}],"curies":[{"name":"wp","href":"https:\/\/api.w.org\/{rel}","templated":true}]}}