{"id":50454,"date":"2023-08-22T13:23:06","date_gmt":"2023-08-22T13:23:06","guid":{"rendered":"https:\/\/matis.is\/?p=50454"},"modified":"2023-08-22T15:06:34","modified_gmt":"2023-08-22T15:06:34","slug":"eru-umbudir-utan-um-graenmeti-naudsynlegar","status":"publish","type":"post","link":"https:\/\/matis.is\/en\/frettir\/eru-umbudir-utan-um-graenmeti-naudsynlegar\/","title":{"rendered":"Is wrapping around vegetables necessary?\u00a0"},"content":{"rendered":"<h4 class=\"wp-block-heading\">Awareness has been raised about the importance of reducing the use of single-use packaging, and this is especially true for the use of plastic.<\/h4>\n\n\n\n<p>The consumer market has recently called for environmentally friendly packaging, and there is a loud demand for less use of plastic in the vegetable value chain. Producers and sellers are faced with the fact that using plastic is the easiest way to reduce the moisture loss of vegetables and thus preserve their quality and shelf life. The plastic is also used to differentiate products and to arrange pieces together in sales units.<\/p>\n\n\n\n<p>Mat\u00eds&#039; staff has worked on a project aimed at highlighting the facts about vegetable packaging. Vegetables as a living tissue, the properties of the various packaging materials and environmental effects, especially the harmful effects of chemicals in plastic, were discussed.<\/p>\n\n\n\n<h4 class=\"wp-block-heading\">You can read about all this and more in Mat\u00eds&#039;s report: <\/h4>\n\n\n\n<div class=\"wp-block-buttons is-layout-flex wp-block-buttons-is-layout-flex\">\n<div class=\"wp-block-button has-custom-width wp-block-button__width-25\"><a class=\"wp-block-button__link has-accent-background-color has-background wp-element-button\" href=\"https:\/\/matis.is\/en\/skyrsla\/askoranir-vid-pokkun-graenmetis\/\" style=\"border-radius:0px\">Challenges in packing vegetables<\/a><\/div>\n\n\n<\/div>\n\n\n\n<ul class=\"wp-block-list\">\n<li>Chapter 10, for example, provides advice on packing vegetables.<\/li>\n\n\n\n<li>Appendix 3 contains detailed tables of ideal storage conditions for vegetables, fruits and spices.<\/li>\n<\/ul>","protected":false},"excerpt":{"rendered":"<p>Vitundarvakning hefur or\u00f0i\u00f0 um mikilv\u00e6gi \u00feess a\u00f0 draga \u00far notkun einnota umb\u00fa\u00f0a og \u00e1 \u00feetta s\u00e9rstaklega vi\u00f0 um plastnotkun. Neytendamarka\u00f0urinn [&hellip;]<\/p>\n","protected":false},"author":1,"featured_media":50460,"comment_status":"closed","ping_status":"closed","sticky":false,"template":"template-covernew.php","format":"standard","meta":{"_acf_changed":false,"_uag_custom_page_level_css":"","site-sidebar-layout":"default","site-content-layout":"","ast-site-content-layout":"default","site-content-style":"default","site-sidebar-style":"default","ast-global-header-display":"","ast-banner-title-visibility":"","ast-main-header-display":"","ast-hfb-above-header-display":"","ast-hfb-below-header-display":"","ast-hfb-mobile-header-display":"","site-post-title":"","ast-breadcrumbs-content":"","ast-featured-img":"","footer-sml-layout":"","ast-disable-related-posts":"","theme-transparent-header-meta":"","adv-header-id-meta":"","stick-header-meta":"","header-above-stick-meta":"","header-main-stick-meta":"","header-below-stick-meta":"","astra-migrate-meta-layouts":"default","ast-page-background-enabled":"default","ast-page-background-meta":{"desktop":{"background-color":"var(--ast-global-color-5)","background-image":"","background-repeat":"repeat","background-position":"center center","background-size":"auto","background-attachment":"scroll","background-type":"","background-media":"","overlay-type":"","overlay-color":"","overlay-opacity":"","overlay-gradient":""},"tablet":{"background-color":"","background-image":"","background-repeat":"repeat","background-position":"center center","background-size":"auto","background-attachment":"scroll","background-type":"","background-media":"","overlay-type":"","overlay-color":"","overlay-opacity":"","overlay-gradient":""},"mobile":{"background-color":"","background-image":"","background-repeat":"repeat","background-position":"center center","background-size":"auto","background-attachment":"scroll","background-type":"","background-media":"","overlay-type":"","overlay-color":"","overlay-opacity":"","overlay-gradient":""}},"ast-content-background-meta":{"desktop":{"background-color":"var(--ast-global-color-4)","background-image":"","background-repeat":"repeat","background-position":"center center","background-size":"auto","background-attachment":"scroll","background-type":"","background-media":"","overlay-type":"","overlay-color":"","overlay-opacity":"","overlay-gradient":""},"tablet":{"background-color":"var(--ast-global-color-4)","background-image":"","background-repeat":"repeat","background-position":"center center","background-size":"auto","background-attachment":"scroll","background-type":"","background-media":"","overlay-type":"","overlay-color":"","overlay-opacity":"","overlay-gradient":""},"mobile":{"background-color":"var(--ast-global-color-4)","background-image":"","background-repeat":"repeat","background-position":"center center","background-size":"auto","background-attachment":"scroll","background-type":"","background-media":"","overlay-type":"","overlay-color":"","overlay-opacity":"","overlay-gradient":""}},"footnotes":""},"categories":[1973],"tags":[],"class_list":["post-50454","post","type-post","status-publish","format-standard","has-post-thumbnail","hentry","category-frettir"],"acf":[],"yoast_head":"<!-- This site is optimized with the Yoast SEO plugin v27.4 - https:\/\/yoast.com\/product\/yoast-seo-wordpress\/ -->\n<title>Eru umb\u00fa\u00f0ir utan um gr\u00e6nmeti nau\u00f0synlegar?\u00a0 - Mat\u00eds<\/title>\n<meta name=\"robots\" content=\"index, follow, max-snippet:-1, max-image-preview:large, max-video-preview:-1\" \/>\n<link rel=\"canonical\" href=\"https:\/\/matis.is\/en\/frettir\/eru-umbudir-utan-um-graenmeti-naudsynlegar\/\" \/>\n<meta property=\"og:locale\" content=\"en_GB\" \/>\n<meta property=\"og:type\" content=\"article\" \/>\n<meta property=\"og:title\" content=\"Eru umb\u00fa\u00f0ir utan um gr\u00e6nmeti nau\u00f0synlegar?\u00a0 - Mat\u00eds\" \/>\n<meta property=\"og:description\" content=\"Vitundarvakning hefur or\u00f0i\u00f0 um mikilv\u00e6gi \u00feess a\u00f0 draga \u00far notkun einnota umb\u00fa\u00f0a og \u00e1 \u00feetta s\u00e9rstaklega vi\u00f0 um plastnotkun. Neytendamarka\u00f0urinn [&hellip;]\" \/>\n<meta property=\"og:url\" content=\"https:\/\/matis.is\/en\/frettir\/eru-umbudir-utan-um-graenmeti-naudsynlegar\/\" \/>\n<meta property=\"og:site_name\" content=\"Mat\u00eds\" \/>\n<meta property=\"article:publisher\" content=\"https:\/\/www.facebook.com\/matisiceland\" \/>\n<meta property=\"article:published_time\" content=\"2023-08-22T13:23:06+00:00\" \/>\n<meta property=\"article:modified_time\" content=\"2023-08-22T15:06:34+00:00\" \/>\n<meta property=\"og:image\" content=\"https:\/\/matis.is\/wp-content\/uploads\/graenmeti-i-plasti-shutterstock-minni-scaled.jpg\" \/>\n\t<meta property=\"og:image:width\" content=\"2560\" \/>\n\t<meta property=\"og:image:height\" content=\"1707\" \/>\n\t<meta property=\"og:image:type\" content=\"image\/jpeg\" \/>\n<meta name=\"author\" content=\"admin\" \/>\n<meta name=\"twitter:card\" content=\"summary_large_image\" \/>\n<meta name=\"twitter:creator\" content=\"@matisiceland\" \/>\n<meta name=\"twitter:site\" content=\"@matisiceland\" \/>\n<meta name=\"twitter:label1\" content=\"Written by\" \/>\n\t<meta name=\"twitter:data1\" content=\"admin\" \/>\n\t<meta name=\"twitter:label2\" content=\"Estimated reading time\" \/>\n\t<meta name=\"twitter:data2\" content=\"1 minute\" \/>\n<script type=\"application\/ld+json\" class=\"yoast-schema-graph\">{\"@context\":\"https:\\\/\\\/schema.org\",\"@graph\":[{\"@type\":\"Article\",\"@id\":\"https:\\\/\\\/matis.is\\\/frettir\\\/eru-umbudir-utan-um-graenmeti-naudsynlegar\\\/#article\",\"isPartOf\":{\"@id\":\"https:\\\/\\\/matis.is\\\/frettir\\\/eru-umbudir-utan-um-graenmeti-naudsynlegar\\\/\"},\"author\":{\"name\":\"admin\",\"@id\":\"https:\\\/\\\/matis.is\\\/#\\\/schema\\\/person\\\/33b92c850c915c93e67f291e3381a49a\"},\"headline\":\"Eru umb\u00fa\u00f0ir utan um gr\u00e6nmeti nau\u00f0synlegar?\u00a0\",\"datePublished\":\"2023-08-22T13:23:06+00:00\",\"dateModified\":\"2023-08-22T15:06:34+00:00\",\"mainEntityOfPage\":{\"@id\":\"https:\\\/\\\/matis.is\\\/frettir\\\/eru-umbudir-utan-um-graenmeti-naudsynlegar\\\/\"},\"wordCount\":201,\"publisher\":{\"@id\":\"https:\\\/\\\/matis.is\\\/#organization\"},\"image\":{\"@id\":\"https:\\\/\\\/matis.is\\\/frettir\\\/eru-umbudir-utan-um-graenmeti-naudsynlegar\\\/#primaryimage\"},\"thumbnailUrl\":\"https:\\\/\\\/matis.is\\\/wp-content\\\/uploads\\\/graenmeti-i-plasti-shutterstock-minni-scaled.jpg\",\"articleSection\":[\"Fr\u00e9ttir\"],\"inLanguage\":\"en-GB\"},{\"@type\":\"WebPage\",\"@id\":\"https:\\\/\\\/matis.is\\\/frettir\\\/eru-umbudir-utan-um-graenmeti-naudsynlegar\\\/\",\"url\":\"https:\\\/\\\/matis.is\\\/frettir\\\/eru-umbudir-utan-um-graenmeti-naudsynlegar\\\/\",\"name\":\"Eru umb\u00fa\u00f0ir utan um gr\u00e6nmeti nau\u00f0synlegar?\u00a0 - Mat\u00eds\",\"isPartOf\":{\"@id\":\"https:\\\/\\\/matis.is\\\/#website\"},\"primaryImageOfPage\":{\"@id\":\"https:\\\/\\\/matis.is\\\/frettir\\\/eru-umbudir-utan-um-graenmeti-naudsynlegar\\\/#primaryimage\"},\"image\":{\"@id\":\"https:\\\/\\\/matis.is\\\/frettir\\\/eru-umbudir-utan-um-graenmeti-naudsynlegar\\\/#primaryimage\"},\"thumbnailUrl\":\"https:\\\/\\\/matis.is\\\/wp-content\\\/uploads\\\/graenmeti-i-plasti-shutterstock-minni-scaled.jpg\",\"datePublished\":\"2023-08-22T13:23:06+00:00\",\"dateModified\":\"2023-08-22T15:06:34+00:00\",\"breadcrumb\":{\"@id\":\"https:\\\/\\\/matis.is\\\/frettir\\\/eru-umbudir-utan-um-graenmeti-naudsynlegar\\\/#breadcrumb\"},\"inLanguage\":\"en-GB\",\"potentialAction\":[{\"@type\":\"ReadAction\",\"target\":[\"https:\\\/\\\/matis.is\\\/frettir\\\/eru-umbudir-utan-um-graenmeti-naudsynlegar\\\/\"]}]},{\"@type\":\"ImageObject\",\"inLanguage\":\"en-GB\",\"@id\":\"https:\\\/\\\/matis.is\\\/frettir\\\/eru-umbudir-utan-um-graenmeti-naudsynlegar\\\/#primaryimage\",\"url\":\"https:\\\/\\\/matis.is\\\/wp-content\\\/uploads\\\/graenmeti-i-plasti-shutterstock-minni-scaled.jpg\",\"contentUrl\":\"https:\\\/\\\/matis.is\\\/wp-content\\\/uploads\\\/graenmeti-i-plasti-shutterstock-minni-scaled.jpg\",\"width\":2560,\"height\":1707},{\"@type\":\"BreadcrumbList\",\"@id\":\"https:\\\/\\\/matis.is\\\/frettir\\\/eru-umbudir-utan-um-graenmeti-naudsynlegar\\\/#breadcrumb\",\"itemListElement\":[{\"@type\":\"ListItem\",\"position\":1,\"name\":\"Home\",\"item\":\"https:\\\/\\\/matis.is\\\/\"},{\"@type\":\"ListItem\",\"position\":2,\"name\":\"Eru umb\u00fa\u00f0ir utan um gr\u00e6nmeti nau\u00f0synlegar?\u00a0\"}]},{\"@type\":\"WebSite\",\"@id\":\"https:\\\/\\\/matis.is\\\/#website\",\"url\":\"https:\\\/\\\/matis.is\\\/\",\"name\":\"Mat\u00eds\",\"description\":\"Ver\u00f0m\u00e6task\u00f6pun, matv\u00e6la\u00f6ryggi og l\u00fd\u00f0heilsa\",\"publisher\":{\"@id\":\"https:\\\/\\\/matis.is\\\/#organization\"},\"potentialAction\":[{\"@type\":\"SearchAction\",\"target\":{\"@type\":\"EntryPoint\",\"urlTemplate\":\"https:\\\/\\\/matis.is\\\/?s={search_term_string}\"},\"query-input\":{\"@type\":\"PropertyValueSpecification\",\"valueRequired\":true,\"valueName\":\"search_term_string\"}}],\"inLanguage\":\"en-GB\"},{\"@type\":\"Organization\",\"@id\":\"https:\\\/\\\/matis.is\\\/#organization\",\"name\":\"Mat\u00eds ohf.\",\"url\":\"https:\\\/\\\/matis.is\\\/\",\"logo\":{\"@type\":\"ImageObject\",\"inLanguage\":\"en-GB\",\"@id\":\"https:\\\/\\\/matis.is\\\/#\\\/schema\\\/logo\\\/image\\\/\",\"url\":\"https:\\\/\\\/matis.is\\\/wp-content\\\/uploads\\\/2021\\\/02\\\/matis_logo_blatthvitt.png\",\"contentUrl\":\"https:\\\/\\\/matis.is\\\/wp-content\\\/uploads\\\/2021\\\/02\\\/matis_logo_blatthvitt.png\",\"width\":1507,\"height\":1507,\"caption\":\"Mat\u00eds ohf.\"},\"image\":{\"@id\":\"https:\\\/\\\/matis.is\\\/#\\\/schema\\\/logo\\\/image\\\/\"},\"sameAs\":[\"https:\\\/\\\/www.facebook.com\\\/matisiceland\",\"https:\\\/\\\/x.com\\\/matisiceland\",\"https:\\\/\\\/www.instagram.com\\\/matisiceland\\\/\",\"https:\\\/\\\/www.linkedin.com\\\/matisiceland\\\/\",\"https:\\\/\\\/www.youtube.com\\\/channel\\\/UCY-frt3uTqgVZW-DLjoo5bA\"]},{\"@type\":\"Person\",\"@id\":\"https:\\\/\\\/matis.is\\\/#\\\/schema\\\/person\\\/33b92c850c915c93e67f291e3381a49a\",\"name\":\"admin\",\"sameAs\":[\"https:\\\/\\\/matis.mareframe.eu\"],\"url\":\"https:\\\/\\\/matis.is\\\/en\\\/author\\\/thormodurmatis-is\\\/\"}]}<\/script>\n<!-- \/ Yoast SEO plugin. -->","yoast_head_json":{"title":"Is wrapping around vegetables necessary? - Mat\u00eds","robots":{"index":"index","follow":"follow","max-snippet":"max-snippet:-1","max-image-preview":"max-image-preview:large","max-video-preview":"max-video-preview:-1"},"canonical":"https:\/\/matis.is\/en\/frettir\/eru-umbudir-utan-um-graenmeti-naudsynlegar\/","og_locale":"en_GB","og_type":"article","og_title":"Eru umb\u00fa\u00f0ir utan um gr\u00e6nmeti nau\u00f0synlegar?\u00a0 - Mat\u00eds","og_description":"Vitundarvakning hefur or\u00f0i\u00f0 um mikilv\u00e6gi \u00feess a\u00f0 draga \u00far notkun einnota umb\u00fa\u00f0a og \u00e1 \u00feetta s\u00e9rstaklega vi\u00f0 um plastnotkun. Neytendamarka\u00f0urinn [&hellip;]","og_url":"https:\/\/matis.is\/en\/frettir\/eru-umbudir-utan-um-graenmeti-naudsynlegar\/","og_site_name":"Mat\u00eds","article_publisher":"https:\/\/www.facebook.com\/matisiceland","article_published_time":"2023-08-22T13:23:06+00:00","article_modified_time":"2023-08-22T15:06:34+00:00","og_image":[{"width":2560,"height":1707,"url":"https:\/\/matis.is\/wp-content\/uploads\/graenmeti-i-plasti-shutterstock-minni-scaled.jpg","type":"image\/jpeg"}],"author":"admin","twitter_card":"summary_large_image","twitter_creator":"@matisiceland","twitter_site":"@matisiceland","twitter_misc":{"Written by":"admin","Estimated reading time":"1 minute"},"schema":{"@context":"https:\/\/schema.org","@graph":[{"@type":"Article","@id":"https:\/\/matis.is\/frettir\/eru-umbudir-utan-um-graenmeti-naudsynlegar\/#article","isPartOf":{"@id":"https:\/\/matis.is\/frettir\/eru-umbudir-utan-um-graenmeti-naudsynlegar\/"},"author":{"name":"admin","@id":"https:\/\/matis.is\/#\/schema\/person\/33b92c850c915c93e67f291e3381a49a"},"headline":"Eru umb\u00fa\u00f0ir utan um gr\u00e6nmeti nau\u00f0synlegar?\u00a0","datePublished":"2023-08-22T13:23:06+00:00","dateModified":"2023-08-22T15:06:34+00:00","mainEntityOfPage":{"@id":"https:\/\/matis.is\/frettir\/eru-umbudir-utan-um-graenmeti-naudsynlegar\/"},"wordCount":201,"publisher":{"@id":"https:\/\/matis.is\/#organization"},"image":{"@id":"https:\/\/matis.is\/frettir\/eru-umbudir-utan-um-graenmeti-naudsynlegar\/#primaryimage"},"thumbnailUrl":"https:\/\/matis.is\/wp-content\/uploads\/graenmeti-i-plasti-shutterstock-minni-scaled.jpg","articleSection":["Fr\u00e9ttir"],"inLanguage":"en-GB"},{"@type":"WebPage","@id":"https:\/\/matis.is\/frettir\/eru-umbudir-utan-um-graenmeti-naudsynlegar\/","url":"https:\/\/matis.is\/frettir\/eru-umbudir-utan-um-graenmeti-naudsynlegar\/","name":"Is wrapping around vegetables necessary? - Mat\u00eds","isPartOf":{"@id":"https:\/\/matis.is\/#website"},"primaryImageOfPage":{"@id":"https:\/\/matis.is\/frettir\/eru-umbudir-utan-um-graenmeti-naudsynlegar\/#primaryimage"},"image":{"@id":"https:\/\/matis.is\/frettir\/eru-umbudir-utan-um-graenmeti-naudsynlegar\/#primaryimage"},"thumbnailUrl":"https:\/\/matis.is\/wp-content\/uploads\/graenmeti-i-plasti-shutterstock-minni-scaled.jpg","datePublished":"2023-08-22T13:23:06+00:00","dateModified":"2023-08-22T15:06:34+00:00","breadcrumb":{"@id":"https:\/\/matis.is\/frettir\/eru-umbudir-utan-um-graenmeti-naudsynlegar\/#breadcrumb"},"inLanguage":"en-GB","potentialAction":[{"@type":"ReadAction","target":["https:\/\/matis.is\/frettir\/eru-umbudir-utan-um-graenmeti-naudsynlegar\/"]}]},{"@type":"ImageObject","inLanguage":"en-GB","@id":"https:\/\/matis.is\/frettir\/eru-umbudir-utan-um-graenmeti-naudsynlegar\/#primaryimage","url":"https:\/\/matis.is\/wp-content\/uploads\/graenmeti-i-plasti-shutterstock-minni-scaled.jpg","contentUrl":"https:\/\/matis.is\/wp-content\/uploads\/graenmeti-i-plasti-shutterstock-minni-scaled.jpg","width":2560,"height":1707},{"@type":"BreadcrumbList","@id":"https:\/\/matis.is\/frettir\/eru-umbudir-utan-um-graenmeti-naudsynlegar\/#breadcrumb","itemListElement":[{"@type":"ListItem","position":1,"name":"Home","item":"https:\/\/matis.is\/"},{"@type":"ListItem","position":2,"name":"Eru umb\u00fa\u00f0ir utan um gr\u00e6nmeti nau\u00f0synlegar?\u00a0"}]},{"@type":"WebSite","@id":"https:\/\/matis.is\/#website","url":"https:\/\/matis.is\/","name":"Mat\u00eds","description":"Value creation, food security and public health","publisher":{"@id":"https:\/\/matis.is\/#organization"},"potentialAction":[{"@type":"SearchAction","target":{"@type":"EntryPoint","urlTemplate":"https:\/\/matis.is\/?s={search_term_string}"},"query-input":{"@type":"PropertyValueSpecification","valueRequired":true,"valueName":"search_term_string"}}],"inLanguage":"en-GB"},{"@type":"Organization","@id":"https:\/\/matis.is\/#organization","name":"Mat\u00eds ohf.","url":"https:\/\/matis.is\/","logo":{"@type":"ImageObject","inLanguage":"en-GB","@id":"https:\/\/matis.is\/#\/schema\/logo\/image\/","url":"https:\/\/matis.is\/wp-content\/uploads\/2021\/02\/matis_logo_blatthvitt.png","contentUrl":"https:\/\/matis.is\/wp-content\/uploads\/2021\/02\/matis_logo_blatthvitt.png","width":1507,"height":1507,"caption":"Mat\u00eds ohf."},"image":{"@id":"https:\/\/matis.is\/#\/schema\/logo\/image\/"},"sameAs":["https:\/\/www.facebook.com\/matisiceland","https:\/\/x.com\/matisiceland","https:\/\/www.instagram.com\/matisiceland\/","https:\/\/www.linkedin.com\/matisiceland\/","https:\/\/www.youtube.com\/channel\/UCY-frt3uTqgVZW-DLjoo5bA"]},{"@type":"Person","@id":"https:\/\/matis.is\/#\/schema\/person\/33b92c850c915c93e67f291e3381a49a","name":"admin","sameAs":["https:\/\/matis.mareframe.eu"],"url":"https:\/\/matis.is\/en\/author\/thormodurmatis-is\/"}]}},"spectra_custom_meta":{"_edit_lock":["1692716795:1"],"_edit_last":["1"],"_yoast_wpseo_content_score":["90"],"_yoast_wpseo_estimated-reading-time-minutes":["1"],"_yoast_wpseo_wordproof_timestamp":[""],"tengilidur":["28265"],"_tengilidur":["field_5ef905e0538b2"],"_yoast_wpseo_primary_category":["1973"],"wpmm_postgrid_views":["1263"],"_thumbnail_id":["50460"],"_wp_page_template":["template-covernew.php"],"_uag_css_file_name":["uag-css-50454.css"],"_uag_page_assets":["a:9:{s:3:\"css\";s:263:\".uag-blocks-common-selector{z-index:var(--z-index-desktop) !important}@media (max-width: 976px){.uag-blocks-common-selector{z-index:var(--z-index-tablet) !important}}@media (max-width: 767px){.uag-blocks-common-selector{z-index:var(--z-index-mobile) !important}}\n\";s:2:\"js\";s:0:\"\";s:18:\"current_block_list\";a:8:{i:0;s:12:\"core\/heading\";i:1;s:14:\"core\/paragraph\";i:2;s:12:\"core\/buttons\";i:3;s:11:\"core\/button\";i:4;s:9:\"core\/list\";i:5;s:14:\"core\/list-item\";i:6;s:12:\"core\/columns\";i:7;s:11:\"core\/column\";}s:8:\"uag_flag\";b:0;s:11:\"uag_version\";s:10:\"1777300790\";s:6:\"gfonts\";a:0:{}s:10:\"gfonts_url\";s:0:\"\";s:12:\"gfonts_files\";a:0:{}s:14:\"uag_faq_layout\";b:0;}"]},"uagb_featured_image_src":{"full":["https:\/\/matis.is\/wp-content\/uploads\/graenmeti-i-plasti-shutterstock-minni-scaled.jpg",2560,1707,false],"thumbnail":["https:\/\/matis.is\/wp-content\/uploads\/graenmeti-i-plasti-shutterstock-minni-150x150.jpg",150,150,true],"medium":["https:\/\/matis.is\/wp-content\/uploads\/graenmeti-i-plasti-shutterstock-minni-300x200.jpg",300,200,true],"medium_large":["https:\/\/matis.is\/wp-content\/uploads\/graenmeti-i-plasti-shutterstock-minni-768x512.jpg",768,512,true],"large":["https:\/\/matis.is\/wp-content\/uploads\/graenmeti-i-plasti-shutterstock-minni-1024x683.jpg",1024,683,true],"1536x1536":["https:\/\/matis.is\/wp-content\/uploads\/graenmeti-i-plasti-shutterstock-minni-1536x1024.jpg",1536,1024,true],"2048x2048":["https:\/\/matis.is\/wp-content\/uploads\/graenmeti-i-plasti-shutterstock-minni-2048x1365.jpg",2048,1365,true],"trp-custom-language-flag":["https:\/\/matis.is\/wp-content\/uploads\/graenmeti-i-plasti-shutterstock-minni-18x12.jpg",18,12,true]},"uagb_author_info":{"display_name":"admin","author_link":"https:\/\/matis.is\/en\/author\/thormodurmatis-is\/"},"uagb_comment_info":0,"uagb_excerpt":"Vitundarvakning hefur or\u00f0i\u00f0 um mikilv\u00e6gi \u00feess a\u00f0 draga \u00far notkun einnota umb\u00fa\u00f0a og \u00e1 \u00feetta s\u00e9rstaklega vi\u00f0 um plastnotkun. Neytendamarka\u00f0urinn [&hellip;]","_links":{"self":[{"href":"https:\/\/matis.is\/en\/wp-json\/wp\/v2\/posts\/50454","targetHints":{"allow":["GET"]}}],"collection":[{"href":"https:\/\/matis.is\/en\/wp-json\/wp\/v2\/posts"}],"about":[{"href":"https:\/\/matis.is\/en\/wp-json\/wp\/v2\/types\/post"}],"author":[{"embeddable":true,"href":"https:\/\/matis.is\/en\/wp-json\/wp\/v2\/users\/1"}],"replies":[{"embeddable":true,"href":"https:\/\/matis.is\/en\/wp-json\/wp\/v2\/comments?post=50454"}],"version-history":[{"count":4,"href":"https:\/\/matis.is\/en\/wp-json\/wp\/v2\/posts\/50454\/revisions"}],"predecessor-version":[{"id":50461,"href":"https:\/\/matis.is\/en\/wp-json\/wp\/v2\/posts\/50454\/revisions\/50461"}],"wp:featuredmedia":[{"embeddable":true,"href":"https:\/\/matis.is\/en\/wp-json\/wp\/v2\/media\/50460"}],"wp:attachment":[{"href":"https:\/\/matis.is\/en\/wp-json\/wp\/v2\/media?parent=50454"}],"wp:term":[{"taxonomy":"category","embeddable":true,"href":"https:\/\/matis.is\/en\/wp-json\/wp\/v2\/categories?post=50454"},{"taxonomy":"post_tag","embeddable":true,"href":"https:\/\/matis.is\/en\/wp-json\/wp\/v2\/tags?post=50454"}],"curies":[{"name":"wp","href":"https:\/\/api.w.org\/{rel}","templated":true}]}}