{"id":50462,"date":"2023-08-23T09:09:42","date_gmt":"2023-08-23T09:09:42","guid":{"rendered":"https:\/\/matis.is\/?p=50462"},"modified":"2023-08-30T14:55:52","modified_gmt":"2023-08-30T14:55:52","slug":"hvernig-verdur-matur-framtidarinnar-urslit-myndasamkeppni-nextgenproteins","status":"publish","type":"post","link":"https:\/\/matis.is\/en\/frettir\/hvernig-verdur-matur-framtidarinnar-urslit-myndasamkeppni-nextgenproteins\/","title":{"rendered":"What will the food of the future be like? NextGenProteins photo contest results"},"content":{"rendered":"<h4 class=\"wp-block-heading\">This summer the project was completed <a href=\"https:\/\/matis.is\/en\/matis_projects\/throun-a-naestu-kynslod-proteina-ur-vannyttum-audlindum-til-notkunar-i-matvaeli-og-fodur\/\" target=\"_blank\" rel=\"noreferrer noopener\">NextGenProteins<\/a>, which Mat\u00eds is working on, for a photo competition for students aged 8-10. The topic was the food of the future, and the students sent in their graphic representation of how they envisioned the food of the future.<\/h4>\n\n\n\n<p>It is nice to say that the photo competition received more than 50 magnificent photos from elementary schools from all over the country. The pictures were hung inside the walls of Mat\u00eds and staff and visitors were given the chance to vote for their favorite picture. Three films won outright and there was a lot to win. The first prize was a Nintendo Switch Light computer, the second prize was ISK 15,000. a gift certificate to Sm\u00e1ralind and the third prize was ISK 10 thousand. gift certificate in Spilavini. All winners have been contacted.<\/p>\n\n\n\n<p><strong>Here you can see the top three places in the photo competition<\/strong>:<\/p>\n\n\n\n<figure class=\"wp-block-image aligncenter size-full\"><a href=\"https:\/\/matis.is\/wp-content\/uploads\/1.-saeti-Saga-Dimmey-Vogaskolib-scaled.jpg\"><img loading=\"lazy\" decoding=\"async\" width=\"1920\" height=\"2560\" src=\"https:\/\/matis.is\/wp-content\/uploads\/1.-saeti-Saga-Dimmey-Vogaskolib-scaled.jpg\" alt=\"\" class=\"wp-image-50469\" srcset=\"https:\/\/matis.is\/wp-content\/uploads\/1.-saeti-Saga-Dimmey-Vogaskolib-scaled.jpg 1920w, https:\/\/matis.is\/wp-content\/uploads\/1.-saeti-Saga-Dimmey-Vogaskolib-225x300.jpg 225w, https:\/\/matis.is\/wp-content\/uploads\/1.-saeti-Saga-Dimmey-Vogaskolib-768x1024.jpg 768w, https:\/\/matis.is\/wp-content\/uploads\/1.-saeti-Saga-Dimmey-Vogaskolib-1152x1536.jpg 1152w, https:\/\/matis.is\/wp-content\/uploads\/1.-saeti-Saga-Dimmey-Vogaskolib-1536x2048.jpg 1536w, https:\/\/matis.is\/wp-content\/uploads\/1.-saeti-Saga-Dimmey-Vogaskolib-9x12.jpg 9w, https:\/\/matis.is\/wp-content\/uploads\/1.-saeti-Saga-Dimmey-Vogaskolib-1200x1600.jpg 1200w, https:\/\/matis.is\/wp-content\/uploads\/1.-saeti-Saga-Dimmey-Vogaskolib-1980x2640.jpg 1980w\" sizes=\"auto, (max-width: 1920px) 100vw, 1920px\" \/><\/a><figcaption class=\"wp-element-caption\">1st place Saga Vogask\u00f3li<\/figcaption><\/figure>\n\n\n\n<figure class=\"wp-block-image aligncenter size-full\"><a href=\"https:\/\/matis.is\/wp-content\/uploads\/2.saeti-Iris-Maria-Vogaskolib-scaled.jpg\"><img loading=\"lazy\" decoding=\"async\" width=\"1920\" height=\"2560\" src=\"https:\/\/matis.is\/wp-content\/uploads\/2.saeti-Iris-Maria-Vogaskolib-scaled.jpg\" alt=\"\" class=\"wp-image-50470\" srcset=\"https:\/\/matis.is\/wp-content\/uploads\/2.saeti-Iris-Maria-Vogaskolib-scaled.jpg 1920w, https:\/\/matis.is\/wp-content\/uploads\/2.saeti-Iris-Maria-Vogaskolib-225x300.jpg 225w, https:\/\/matis.is\/wp-content\/uploads\/2.saeti-Iris-Maria-Vogaskolib-768x1024.jpg 768w, https:\/\/matis.is\/wp-content\/uploads\/2.saeti-Iris-Maria-Vogaskolib-1152x1536.jpg 1152w, https:\/\/matis.is\/wp-content\/uploads\/2.saeti-Iris-Maria-Vogaskolib-1536x2048.jpg 1536w, https:\/\/matis.is\/wp-content\/uploads\/2.saeti-Iris-Maria-Vogaskolib-9x12.jpg 9w, https:\/\/matis.is\/wp-content\/uploads\/2.saeti-Iris-Maria-Vogaskolib-1200x1600.jpg 1200w, https:\/\/matis.is\/wp-content\/uploads\/2.saeti-Iris-Maria-Vogaskolib-1980x2640.jpg 1980w\" sizes=\"auto, (max-width: 1920px) 100vw, 1920px\" \/><\/a><figcaption class=\"wp-element-caption\">2nd place \u00cdris Vogask\u00f3li<\/figcaption><\/figure>\n\n\n\n<figure class=\"wp-block-image aligncenter size-full\"><a href=\"https:\/\/matis.is\/wp-content\/uploads\/3.saeti-Viktoria-Mist-Hofdaskolib-1024x768.jpg\"><img loading=\"lazy\" decoding=\"async\" width=\"2560\" height=\"1920\" src=\"https:\/\/matis.is\/wp-content\/uploads\/3.saeti-Viktoria-Mist-Hofdaskolib-scaled.jpg\" alt=\"\" class=\"wp-image-50471\" srcset=\"https:\/\/matis.is\/wp-content\/uploads\/3.saeti-Viktoria-Mist-Hofdaskolib-scaled.jpg 2560w, https:\/\/matis.is\/wp-content\/uploads\/3.saeti-Viktoria-Mist-Hofdaskolib-300x225.jpg 300w, https:\/\/matis.is\/wp-content\/uploads\/3.saeti-Viktoria-Mist-Hofdaskolib-1024x768.jpg 1024w, https:\/\/matis.is\/wp-content\/uploads\/3.saeti-Viktoria-Mist-Hofdaskolib-768x576.jpg 768w, https:\/\/matis.is\/wp-content\/uploads\/3.saeti-Viktoria-Mist-Hofdaskolib-1536x1152.jpg 1536w, https:\/\/matis.is\/wp-content\/uploads\/3.saeti-Viktoria-Mist-Hofdaskolib-2048x1536.jpg 2048w, https:\/\/matis.is\/wp-content\/uploads\/3.saeti-Viktoria-Mist-Hofdaskolib-16x12.jpg 16w, https:\/\/matis.is\/wp-content\/uploads\/3.saeti-Viktoria-Mist-Hofdaskolib-1200x900.jpg 1200w, https:\/\/matis.is\/wp-content\/uploads\/3.saeti-Viktoria-Mist-Hofdaskolib-1980x1485.jpg 1980w\" sizes=\"auto, (max-width: 2560px) 100vw, 2560px\" \/><\/a><figcaption class=\"wp-element-caption\">3rd place Victoria H\u00f6f\u00f0sk\u00f3li<\/figcaption><\/figure>\n\n\n\n<p>The winning photo has been sent to Germany, where it will be shown at the final conference of the NextGenProteins project, together with the winning photos of other nations participating in the project.<\/p>\n\n\n\n<p><strong>Mat\u00eds and NextGenProteins would like to thank everyone who participated in the photo competition for their participation!<\/strong><\/p>","protected":false},"excerpt":{"rendered":"<p>N\u00fa \u00ed sumar efndi verkefni\u00f0 NextGenProteins, sem unni\u00f0 er a\u00f0 hj\u00e1 Mat\u00eds, til myndasamkeppni fyrir nemendur \u00e1 aldrinum 8-10 \u00e1ra. [&hellip;]<\/p>\n","protected":false},"author":7,"featured_media":50472,"comment_status":"closed","ping_status":"closed","sticky":false,"template":"template-covernew.php","format":"standard","meta":{"_acf_changed":false,"_uag_custom_page_level_css":"","site-sidebar-layout":"default","site-content-layout":"","ast-site-content-layout":"default","site-content-style":"default","site-sidebar-style":"default","ast-global-header-display":"","ast-banner-title-visibility":"","ast-main-header-display":"","ast-hfb-above-header-display":"","ast-hfb-below-header-display":"","ast-hfb-mobile-header-display":"","site-post-title":"","ast-breadcrumbs-content":"","ast-featured-img":"","footer-sml-layout":"","ast-disable-related-posts":"","theme-transparent-header-meta":"","adv-header-id-meta":"","stick-header-meta":"","header-above-stick-meta":"","header-main-stick-meta":"","header-below-stick-meta":"","astra-migrate-meta-layouts":"default","ast-page-background-enabled":"default","ast-page-background-meta":{"desktop":{"background-color":"var(--ast-global-color-5)","background-image":"","background-repeat":"repeat","background-position":"center center","background-size":"auto","background-attachment":"scroll","background-type":"","background-media":"","overlay-type":"","overlay-color":"","overlay-opacity":"","overlay-gradient":""},"tablet":{"background-color":"","background-image":"","background-repeat":"repeat","background-position":"center center","background-size":"auto","background-attachment":"scroll","background-type":"","background-media":"","overlay-type":"","overlay-color":"","overlay-opacity":"","overlay-gradient":""},"mobile":{"background-color":"","background-image":"","background-repeat":"repeat","background-position":"center center","background-size":"auto","background-attachment":"scroll","background-type":"","background-media":"","overlay-type":"","overlay-color":"","overlay-opacity":"","overlay-gradient":""}},"ast-content-background-meta":{"desktop":{"background-color":"var(--ast-global-color-4)","background-image":"","background-repeat":"repeat","background-position":"center center","background-size":"auto","background-attachment":"scroll","background-type":"","background-media":"","overlay-type":"","overlay-color":"","overlay-opacity":"","overlay-gradient":""},"tablet":{"background-color":"var(--ast-global-color-4)","background-image":"","background-repeat":"repeat","background-position":"center center","background-size":"auto","background-attachment":"scroll","background-type":"","background-media":"","overlay-type":"","overlay-color":"","overlay-opacity":"","overlay-gradient":""},"mobile":{"background-color":"var(--ast-global-color-4)","background-image":"","background-repeat":"repeat","background-position":"center center","background-size":"auto","background-attachment":"scroll","background-type":"","background-media":"","overlay-type":"","overlay-color":"","overlay-opacity":"","overlay-gradient":""}},"footnotes":""},"categories":[1973,2042],"tags":[],"class_list":["post-50462","post","type-post","status-publish","format-standard","has-post-thumbnail","hentry","category-frettir","category-news"],"acf":[],"yoast_head":"<!-- This site is optimized with the Yoast SEO plugin v27.4 - https:\/\/yoast.com\/product\/yoast-seo-wordpress\/ -->\n<title>Hvernig ver\u00f0ur matur framt\u00ed\u00f0arinnar? \u00darslit myndasamkeppni NextGenProteins - Mat\u00eds<\/title>\n<meta name=\"robots\" content=\"index, follow, max-snippet:-1, max-image-preview:large, max-video-preview:-1\" \/>\n<link rel=\"canonical\" href=\"https:\/\/matis.is\/en\/frettir\/hvernig-verdur-matur-framtidarinnar-urslit-myndasamkeppni-nextgenproteins\/\" \/>\n<meta property=\"og:locale\" content=\"en_GB\" \/>\n<meta property=\"og:type\" content=\"article\" \/>\n<meta property=\"og:title\" content=\"Hvernig ver\u00f0ur matur framt\u00ed\u00f0arinnar? \u00darslit myndasamkeppni NextGenProteins - Mat\u00eds\" \/>\n<meta property=\"og:description\" content=\"N\u00fa \u00ed sumar efndi verkefni\u00f0 NextGenProteins, sem unni\u00f0 er a\u00f0 hj\u00e1 Mat\u00eds, til myndasamkeppni fyrir nemendur \u00e1 aldrinum 8-10 \u00e1ra. [&hellip;]\" \/>\n<meta property=\"og:url\" content=\"https:\/\/matis.is\/en\/frettir\/hvernig-verdur-matur-framtidarinnar-urslit-myndasamkeppni-nextgenproteins\/\" \/>\n<meta property=\"og:site_name\" content=\"Mat\u00eds\" \/>\n<meta property=\"article:publisher\" content=\"https:\/\/www.facebook.com\/matisiceland\" \/>\n<meta property=\"article:published_time\" content=\"2023-08-23T09:09:42+00:00\" \/>\n<meta property=\"article:modified_time\" content=\"2023-08-30T14:55:52+00:00\" \/>\n<meta property=\"og:image\" content=\"https:\/\/matis.is\/wp-content\/uploads\/Untitled-design-71.png\" \/>\n\t<meta property=\"og:image:width\" content=\"1080\" \/>\n\t<meta property=\"og:image:height\" content=\"1080\" \/>\n\t<meta property=\"og:image:type\" content=\"image\/png\" \/>\n<meta name=\"author\" content=\"hilduryr@matis.is\" \/>\n<meta name=\"twitter:card\" content=\"summary_large_image\" \/>\n<meta name=\"twitter:creator\" content=\"@matisiceland\" \/>\n<meta name=\"twitter:site\" content=\"@matisiceland\" \/>\n<meta name=\"twitter:label1\" content=\"Written by\" \/>\n\t<meta name=\"twitter:data1\" content=\"hilduryr@matis.is\" \/>\n\t<meta name=\"twitter:label2\" content=\"Estimated reading time\" \/>\n\t<meta name=\"twitter:data2\" content=\"2 minutes\" \/>\n<script type=\"application\/ld+json\" class=\"yoast-schema-graph\">{\"@context\":\"https:\\\/\\\/schema.org\",\"@graph\":[{\"@type\":\"Article\",\"@id\":\"https:\\\/\\\/matis.is\\\/frettir\\\/hvernig-verdur-matur-framtidarinnar-urslit-myndasamkeppni-nextgenproteins\\\/#article\",\"isPartOf\":{\"@id\":\"https:\\\/\\\/matis.is\\\/frettir\\\/hvernig-verdur-matur-framtidarinnar-urslit-myndasamkeppni-nextgenproteins\\\/\"},\"author\":{\"name\":\"hilduryr@matis.is\",\"@id\":\"https:\\\/\\\/matis.is\\\/#\\\/schema\\\/person\\\/faae87f165f723ee4cb619d6bc8a9203\"},\"headline\":\"Hvernig ver\u00f0ur matur framt\u00ed\u00f0arinnar? \u00darslit myndasamkeppni NextGenProteins\",\"datePublished\":\"2023-08-23T09:09:42+00:00\",\"dateModified\":\"2023-08-30T14:55:52+00:00\",\"mainEntityOfPage\":{\"@id\":\"https:\\\/\\\/matis.is\\\/frettir\\\/hvernig-verdur-matur-framtidarinnar-urslit-myndasamkeppni-nextgenproteins\\\/\"},\"wordCount\":226,\"publisher\":{\"@id\":\"https:\\\/\\\/matis.is\\\/#organization\"},\"image\":{\"@id\":\"https:\\\/\\\/matis.is\\\/frettir\\\/hvernig-verdur-matur-framtidarinnar-urslit-myndasamkeppni-nextgenproteins\\\/#primaryimage\"},\"thumbnailUrl\":\"https:\\\/\\\/matis.is\\\/wp-content\\\/uploads\\\/Untitled-design-71.png\",\"articleSection\":[\"Fr\u00e9ttir\",\"News\"],\"inLanguage\":\"en-GB\"},{\"@type\":\"WebPage\",\"@id\":\"https:\\\/\\\/matis.is\\\/frettir\\\/hvernig-verdur-matur-framtidarinnar-urslit-myndasamkeppni-nextgenproteins\\\/\",\"url\":\"https:\\\/\\\/matis.is\\\/frettir\\\/hvernig-verdur-matur-framtidarinnar-urslit-myndasamkeppni-nextgenproteins\\\/\",\"name\":\"Hvernig ver\u00f0ur matur framt\u00ed\u00f0arinnar? \u00darslit myndasamkeppni NextGenProteins - Mat\u00eds\",\"isPartOf\":{\"@id\":\"https:\\\/\\\/matis.is\\\/#website\"},\"primaryImageOfPage\":{\"@id\":\"https:\\\/\\\/matis.is\\\/frettir\\\/hvernig-verdur-matur-framtidarinnar-urslit-myndasamkeppni-nextgenproteins\\\/#primaryimage\"},\"image\":{\"@id\":\"https:\\\/\\\/matis.is\\\/frettir\\\/hvernig-verdur-matur-framtidarinnar-urslit-myndasamkeppni-nextgenproteins\\\/#primaryimage\"},\"thumbnailUrl\":\"https:\\\/\\\/matis.is\\\/wp-content\\\/uploads\\\/Untitled-design-71.png\",\"datePublished\":\"2023-08-23T09:09:42+00:00\",\"dateModified\":\"2023-08-30T14:55:52+00:00\",\"breadcrumb\":{\"@id\":\"https:\\\/\\\/matis.is\\\/frettir\\\/hvernig-verdur-matur-framtidarinnar-urslit-myndasamkeppni-nextgenproteins\\\/#breadcrumb\"},\"inLanguage\":\"en-GB\",\"potentialAction\":[{\"@type\":\"ReadAction\",\"target\":[\"https:\\\/\\\/matis.is\\\/frettir\\\/hvernig-verdur-matur-framtidarinnar-urslit-myndasamkeppni-nextgenproteins\\\/\"]}]},{\"@type\":\"ImageObject\",\"inLanguage\":\"en-GB\",\"@id\":\"https:\\\/\\\/matis.is\\\/frettir\\\/hvernig-verdur-matur-framtidarinnar-urslit-myndasamkeppni-nextgenproteins\\\/#primaryimage\",\"url\":\"https:\\\/\\\/matis.is\\\/wp-content\\\/uploads\\\/Untitled-design-71.png\",\"contentUrl\":\"https:\\\/\\\/matis.is\\\/wp-content\\\/uploads\\\/Untitled-design-71.png\",\"width\":1080,\"height\":1080},{\"@type\":\"BreadcrumbList\",\"@id\":\"https:\\\/\\\/matis.is\\\/frettir\\\/hvernig-verdur-matur-framtidarinnar-urslit-myndasamkeppni-nextgenproteins\\\/#breadcrumb\",\"itemListElement\":[{\"@type\":\"ListItem\",\"position\":1,\"name\":\"Home\",\"item\":\"https:\\\/\\\/matis.is\\\/\"},{\"@type\":\"ListItem\",\"position\":2,\"name\":\"Hvernig ver\u00f0ur matur framt\u00ed\u00f0arinnar? \u00darslit myndasamkeppni NextGenProteins\"}]},{\"@type\":\"WebSite\",\"@id\":\"https:\\\/\\\/matis.is\\\/#website\",\"url\":\"https:\\\/\\\/matis.is\\\/\",\"name\":\"Mat\u00eds\",\"description\":\"Ver\u00f0m\u00e6task\u00f6pun, matv\u00e6la\u00f6ryggi og l\u00fd\u00f0heilsa\",\"publisher\":{\"@id\":\"https:\\\/\\\/matis.is\\\/#organization\"},\"potentialAction\":[{\"@type\":\"SearchAction\",\"target\":{\"@type\":\"EntryPoint\",\"urlTemplate\":\"https:\\\/\\\/matis.is\\\/?s={search_term_string}\"},\"query-input\":{\"@type\":\"PropertyValueSpecification\",\"valueRequired\":true,\"valueName\":\"search_term_string\"}}],\"inLanguage\":\"en-GB\"},{\"@type\":\"Organization\",\"@id\":\"https:\\\/\\\/matis.is\\\/#organization\",\"name\":\"Mat\u00eds ohf.\",\"url\":\"https:\\\/\\\/matis.is\\\/\",\"logo\":{\"@type\":\"ImageObject\",\"inLanguage\":\"en-GB\",\"@id\":\"https:\\\/\\\/matis.is\\\/#\\\/schema\\\/logo\\\/image\\\/\",\"url\":\"https:\\\/\\\/matis.is\\\/wp-content\\\/uploads\\\/2021\\\/02\\\/matis_logo_blatthvitt.png\",\"contentUrl\":\"https:\\\/\\\/matis.is\\\/wp-content\\\/uploads\\\/2021\\\/02\\\/matis_logo_blatthvitt.png\",\"width\":1507,\"height\":1507,\"caption\":\"Mat\u00eds ohf.\"},\"image\":{\"@id\":\"https:\\\/\\\/matis.is\\\/#\\\/schema\\\/logo\\\/image\\\/\"},\"sameAs\":[\"https:\\\/\\\/www.facebook.com\\\/matisiceland\",\"https:\\\/\\\/x.com\\\/matisiceland\",\"https:\\\/\\\/www.instagram.com\\\/matisiceland\\\/\",\"https:\\\/\\\/www.linkedin.com\\\/matisiceland\\\/\",\"https:\\\/\\\/www.youtube.com\\\/channel\\\/UCY-frt3uTqgVZW-DLjoo5bA\"]},{\"@type\":\"Person\",\"@id\":\"https:\\\/\\\/matis.is\\\/#\\\/schema\\\/person\\\/faae87f165f723ee4cb619d6bc8a9203\",\"name\":\"hilduryr@matis.is\",\"url\":\"https:\\\/\\\/matis.is\\\/en\\\/author\\\/hilduryrmatis-is\\\/\"}]}<\/script>\n<!-- \/ Yoast SEO plugin. -->","yoast_head_json":{"title":"What will the food of the future be like? Results of NextGenProteins photo competition - Mat\u00eds","robots":{"index":"index","follow":"follow","max-snippet":"max-snippet:-1","max-image-preview":"max-image-preview:large","max-video-preview":"max-video-preview:-1"},"canonical":"https:\/\/matis.is\/en\/frettir\/hvernig-verdur-matur-framtidarinnar-urslit-myndasamkeppni-nextgenproteins\/","og_locale":"en_GB","og_type":"article","og_title":"Hvernig ver\u00f0ur matur framt\u00ed\u00f0arinnar? \u00darslit myndasamkeppni NextGenProteins - Mat\u00eds","og_description":"N\u00fa \u00ed sumar efndi verkefni\u00f0 NextGenProteins, sem unni\u00f0 er a\u00f0 hj\u00e1 Mat\u00eds, til myndasamkeppni fyrir nemendur \u00e1 aldrinum 8-10 \u00e1ra. [&hellip;]","og_url":"https:\/\/matis.is\/en\/frettir\/hvernig-verdur-matur-framtidarinnar-urslit-myndasamkeppni-nextgenproteins\/","og_site_name":"Mat\u00eds","article_publisher":"https:\/\/www.facebook.com\/matisiceland","article_published_time":"2023-08-23T09:09:42+00:00","article_modified_time":"2023-08-30T14:55:52+00:00","og_image":[{"width":1080,"height":1080,"url":"https:\/\/matis.is\/wp-content\/uploads\/Untitled-design-71.png","type":"image\/png"}],"author":"hilduryr@matis.is","twitter_card":"summary_large_image","twitter_creator":"@matisiceland","twitter_site":"@matisiceland","twitter_misc":{"Written by":"hilduryr@matis.is","Estimated reading time":"2 minutes"},"schema":{"@context":"https:\/\/schema.org","@graph":[{"@type":"Article","@id":"https:\/\/matis.is\/frettir\/hvernig-verdur-matur-framtidarinnar-urslit-myndasamkeppni-nextgenproteins\/#article","isPartOf":{"@id":"https:\/\/matis.is\/frettir\/hvernig-verdur-matur-framtidarinnar-urslit-myndasamkeppni-nextgenproteins\/"},"author":{"name":"hilduryr@matis.is","@id":"https:\/\/matis.is\/#\/schema\/person\/faae87f165f723ee4cb619d6bc8a9203"},"headline":"Hvernig ver\u00f0ur matur framt\u00ed\u00f0arinnar? \u00darslit myndasamkeppni NextGenProteins","datePublished":"2023-08-23T09:09:42+00:00","dateModified":"2023-08-30T14:55:52+00:00","mainEntityOfPage":{"@id":"https:\/\/matis.is\/frettir\/hvernig-verdur-matur-framtidarinnar-urslit-myndasamkeppni-nextgenproteins\/"},"wordCount":226,"publisher":{"@id":"https:\/\/matis.is\/#organization"},"image":{"@id":"https:\/\/matis.is\/frettir\/hvernig-verdur-matur-framtidarinnar-urslit-myndasamkeppni-nextgenproteins\/#primaryimage"},"thumbnailUrl":"https:\/\/matis.is\/wp-content\/uploads\/Untitled-design-71.png","articleSection":["Fr\u00e9ttir","News"],"inLanguage":"en-GB"},{"@type":"WebPage","@id":"https:\/\/matis.is\/frettir\/hvernig-verdur-matur-framtidarinnar-urslit-myndasamkeppni-nextgenproteins\/","url":"https:\/\/matis.is\/frettir\/hvernig-verdur-matur-framtidarinnar-urslit-myndasamkeppni-nextgenproteins\/","name":"What will the food of the future be like? Results of NextGenProteins photo competition - Mat\u00eds","isPartOf":{"@id":"https:\/\/matis.is\/#website"},"primaryImageOfPage":{"@id":"https:\/\/matis.is\/frettir\/hvernig-verdur-matur-framtidarinnar-urslit-myndasamkeppni-nextgenproteins\/#primaryimage"},"image":{"@id":"https:\/\/matis.is\/frettir\/hvernig-verdur-matur-framtidarinnar-urslit-myndasamkeppni-nextgenproteins\/#primaryimage"},"thumbnailUrl":"https:\/\/matis.is\/wp-content\/uploads\/Untitled-design-71.png","datePublished":"2023-08-23T09:09:42+00:00","dateModified":"2023-08-30T14:55:52+00:00","breadcrumb":{"@id":"https:\/\/matis.is\/frettir\/hvernig-verdur-matur-framtidarinnar-urslit-myndasamkeppni-nextgenproteins\/#breadcrumb"},"inLanguage":"en-GB","potentialAction":[{"@type":"ReadAction","target":["https:\/\/matis.is\/frettir\/hvernig-verdur-matur-framtidarinnar-urslit-myndasamkeppni-nextgenproteins\/"]}]},{"@type":"ImageObject","inLanguage":"en-GB","@id":"https:\/\/matis.is\/frettir\/hvernig-verdur-matur-framtidarinnar-urslit-myndasamkeppni-nextgenproteins\/#primaryimage","url":"https:\/\/matis.is\/wp-content\/uploads\/Untitled-design-71.png","contentUrl":"https:\/\/matis.is\/wp-content\/uploads\/Untitled-design-71.png","width":1080,"height":1080},{"@type":"BreadcrumbList","@id":"https:\/\/matis.is\/frettir\/hvernig-verdur-matur-framtidarinnar-urslit-myndasamkeppni-nextgenproteins\/#breadcrumb","itemListElement":[{"@type":"ListItem","position":1,"name":"Home","item":"https:\/\/matis.is\/"},{"@type":"ListItem","position":2,"name":"Hvernig ver\u00f0ur matur framt\u00ed\u00f0arinnar? \u00darslit myndasamkeppni NextGenProteins"}]},{"@type":"WebSite","@id":"https:\/\/matis.is\/#website","url":"https:\/\/matis.is\/","name":"Mat\u00eds","description":"Value creation, food security and public health","publisher":{"@id":"https:\/\/matis.is\/#organization"},"potentialAction":[{"@type":"SearchAction","target":{"@type":"EntryPoint","urlTemplate":"https:\/\/matis.is\/?s={search_term_string}"},"query-input":{"@type":"PropertyValueSpecification","valueRequired":true,"valueName":"search_term_string"}}],"inLanguage":"en-GB"},{"@type":"Organization","@id":"https:\/\/matis.is\/#organization","name":"Mat\u00eds ohf.","url":"https:\/\/matis.is\/","logo":{"@type":"ImageObject","inLanguage":"en-GB","@id":"https:\/\/matis.is\/#\/schema\/logo\/image\/","url":"https:\/\/matis.is\/wp-content\/uploads\/2021\/02\/matis_logo_blatthvitt.png","contentUrl":"https:\/\/matis.is\/wp-content\/uploads\/2021\/02\/matis_logo_blatthvitt.png","width":1507,"height":1507,"caption":"Mat\u00eds ohf."},"image":{"@id":"https:\/\/matis.is\/#\/schema\/logo\/image\/"},"sameAs":["https:\/\/www.facebook.com\/matisiceland","https:\/\/x.com\/matisiceland","https:\/\/www.instagram.com\/matisiceland\/","https:\/\/www.linkedin.com\/matisiceland\/","https:\/\/www.youtube.com\/channel\/UCY-frt3uTqgVZW-DLjoo5bA"]},{"@type":"Person","@id":"https:\/\/matis.is\/#\/schema\/person\/faae87f165f723ee4cb619d6bc8a9203","name":"hilduryr@matis.is","url":"https:\/\/matis.is\/en\/author\/hilduryrmatis-is\/"}]}},"spectra_custom_meta":{"_edit_lock":["1693407353:1"],"_thumbnail_id":["50472"],"_wp_page_template":["template-covernew.php"],"_edit_last":["1"],"tengilidur":[""],"_tengilidur":["field_5ef905e0538b2"],"_yoast_wpseo_primary_category":["1973"],"_yoast_wpseo_content_score":["90"],"_yoast_wpseo_estimated-reading-time-minutes":["2"],"_yoast_wpseo_wordproof_timestamp":[""],"wpmm_postgrid_views":["430"],"_uag_css_file_name":["uag-css-50462.css"],"_uag_page_assets":["a:9:{s:3:\"css\";s:263:\".uag-blocks-common-selector{z-index:var(--z-index-desktop) !important}@media (max-width: 976px){.uag-blocks-common-selector{z-index:var(--z-index-tablet) !important}}@media (max-width: 767px){.uag-blocks-common-selector{z-index:var(--z-index-mobile) !important}}\n\";s:2:\"js\";s:0:\"\";s:18:\"current_block_list\";a:7:{i:0;s:12:\"core\/heading\";i:1;s:14:\"core\/paragraph\";i:2;s:10:\"core\/image\";i:3;s:12:\"core\/buttons\";i:4;s:11:\"core\/button\";i:5;s:12:\"core\/columns\";i:6;s:11:\"core\/column\";}s:8:\"uag_flag\";b:0;s:11:\"uag_version\";s:10:\"1777300790\";s:6:\"gfonts\";a:0:{}s:10:\"gfonts_url\";s:0:\"\";s:12:\"gfonts_files\";a:0:{}s:14:\"uag_faq_layout\";b:0;}"]},"uagb_featured_image_src":{"full":["https:\/\/matis.is\/wp-content\/uploads\/Untitled-design-71.png",1080,1080,false],"thumbnail":["https:\/\/matis.is\/wp-content\/uploads\/Untitled-design-71-150x150.png",150,150,true],"medium":["https:\/\/matis.is\/wp-content\/uploads\/Untitled-design-71-300x300.png",300,300,true],"medium_large":["https:\/\/matis.is\/wp-content\/uploads\/Untitled-design-71-768x768.png",768,768,true],"large":["https:\/\/matis.is\/wp-content\/uploads\/Untitled-design-71-1024x1024.png",1024,1024,true],"1536x1536":["https:\/\/matis.is\/wp-content\/uploads\/Untitled-design-71.png",1080,1080,false],"2048x2048":["https:\/\/matis.is\/wp-content\/uploads\/Untitled-design-71.png",1080,1080,false],"trp-custom-language-flag":["https:\/\/matis.is\/wp-content\/uploads\/Untitled-design-71-12x12.png",12,12,true]},"uagb_author_info":{"display_name":"hilduryr@matis.is","author_link":"https:\/\/matis.is\/en\/author\/hilduryrmatis-is\/"},"uagb_comment_info":0,"uagb_excerpt":"N\u00fa \u00ed sumar efndi verkefni\u00f0 NextGenProteins, sem unni\u00f0 er a\u00f0 hj\u00e1 Mat\u00eds, til myndasamkeppni fyrir nemendur \u00e1 aldrinum 8-10 \u00e1ra. [&hellip;]","_links":{"self":[{"href":"https:\/\/matis.is\/en\/wp-json\/wp\/v2\/posts\/50462","targetHints":{"allow":["GET"]}}],"collection":[{"href":"https:\/\/matis.is\/en\/wp-json\/wp\/v2\/posts"}],"about":[{"href":"https:\/\/matis.is\/en\/wp-json\/wp\/v2\/types\/post"}],"author":[{"embeddable":true,"href":"https:\/\/matis.is\/en\/wp-json\/wp\/v2\/users\/7"}],"replies":[{"embeddable":true,"href":"https:\/\/matis.is\/en\/wp-json\/wp\/v2\/comments?post=50462"}],"version-history":[{"count":9,"href":"https:\/\/matis.is\/en\/wp-json\/wp\/v2\/posts\/50462\/revisions"}],"predecessor-version":[{"id":50531,"href":"https:\/\/matis.is\/en\/wp-json\/wp\/v2\/posts\/50462\/revisions\/50531"}],"wp:featuredmedia":[{"embeddable":true,"href":"https:\/\/matis.is\/en\/wp-json\/wp\/v2\/media\/50472"}],"wp:attachment":[{"href":"https:\/\/matis.is\/en\/wp-json\/wp\/v2\/media?parent=50462"}],"wp:term":[{"taxonomy":"category","embeddable":true,"href":"https:\/\/matis.is\/en\/wp-json\/wp\/v2\/categories?post=50462"},{"taxonomy":"post_tag","embeddable":true,"href":"https:\/\/matis.is\/en\/wp-json\/wp\/v2\/tags?post=50462"}],"curies":[{"name":"wp","href":"https:\/\/api.w.org\/{rel}","templated":true}]}}