{"id":50506,"date":"2023-08-29T10:44:12","date_gmt":"2023-08-29T10:44:12","guid":{"rendered":"https:\/\/matis.is\/?p=50506"},"modified":"2023-08-30T14:28:13","modified_gmt":"2023-08-30T14:28:13","slug":"north-atlantic-seafood-forum-nyskopunarsamkeppni","status":"publish","type":"post","link":"https:\/\/matis.is\/en\/frettir\/north-atlantic-seafood-forum-nyskopunarsamkeppni\/","title":{"rendered":"North Atlantic Seafood Forum Innovation Competition"},"content":{"rendered":"<h4 class=\"wp-block-heading\"><strong>Since 2005, the North Atlantic Seafood Forum (NASF) has been an annual event where managers and stakeholders in the fishing industry and aquaculture meet in Bergen to learn about the main innovations and compare books. <\/strong><\/h4>\n\n\n\n<p>This time, NASF will be held on March 5 \u2013 7, 2024, and around 1,000 people are expected to attend the event. The target group of this three-day conference are managers and investors in the fishing industry, aquaculture and related industries, ie device manufacturers, marketing companies, banks, insurance companies, carriers, consulting companies, etc.<\/p>\n\n\n\n<p>Among the things offered in the program is an entrepreneurship and innovation competition. 10 entrepreneurs will be given the opportunity to present their solutions and compete for great prizes. This is an extremely good opportunity for entrepreneurs to draw attention to their solutions that benefit the fishing industry and aquaculture. You can see the companies that were nominated at NASF23 <a href=\"https:\/\/seafoodinnovation.no\/our-events\/seafood-innovation-award-2023\/\" target=\"_blank\" rel=\"noreferrer noopener\">here<\/a>. Applications for NASF24 are now open. Are more information and registration sheets available <a href=\"https:\/\/forms.office.com\/Pages\/ResponsePage.aspx?id=9QcsLjuiz0-AgIMDwAK4K0uL6bxD18tPtV5GfOlLXANUNjA3VjBTNllROE1HUFZHUThKQ1VGQjM5OS4u&amp;wdLOR=cFE93492E-C4CA-40F8-A44E-8CEB4855CE8F\" target=\"_blank\" rel=\"noreferrer noopener\">here<\/a> and we encourage Icelandic entrepreneurs to apply.<\/p>","protected":false},"excerpt":{"rendered":"<p>Fr\u00e1 2005 hefur North Atlantic Seafood Forum (NASF) veri\u00f0 \u00e1rviss vi\u00f0bur\u00f0ur \u00fear sem stj\u00f3rnendur og haga\u00f0ilar \u00ed sj\u00e1var\u00fatvegi og fiskeldi [&hellip;]<\/p>\n","protected":false},"author":1,"featured_media":50513,"comment_status":"closed","ping_status":"closed","sticky":false,"template":"template-covernew.php","format":"standard","meta":{"_acf_changed":false,"_uag_custom_page_level_css":"","site-sidebar-layout":"default","site-content-layout":"","ast-site-content-layout":"default","site-content-style":"default","site-sidebar-style":"default","ast-global-header-display":"","ast-banner-title-visibility":"","ast-main-header-display":"","ast-hfb-above-header-display":"","ast-hfb-below-header-display":"","ast-hfb-mobile-header-display":"","site-post-title":"","ast-breadcrumbs-content":"","ast-featured-img":"","footer-sml-layout":"","ast-disable-related-posts":"","theme-transparent-header-meta":"","adv-header-id-meta":"","stick-header-meta":"","header-above-stick-meta":"","header-main-stick-meta":"","header-below-stick-meta":"","astra-migrate-meta-layouts":"default","ast-page-background-enabled":"default","ast-page-background-meta":{"desktop":{"background-color":"var(--ast-global-color-5)","background-image":"","background-repeat":"repeat","background-position":"center center","background-size":"auto","background-attachment":"scroll","background-type":"","background-media":"","overlay-type":"","overlay-color":"","overlay-opacity":"","overlay-gradient":""},"tablet":{"background-color":"","background-image":"","background-repeat":"repeat","background-position":"center center","background-size":"auto","background-attachment":"scroll","background-type":"","background-media":"","overlay-type":"","overlay-color":"","overlay-opacity":"","overlay-gradient":""},"mobile":{"background-color":"","background-image":"","background-repeat":"repeat","background-position":"center center","background-size":"auto","background-attachment":"scroll","background-type":"","background-media":"","overlay-type":"","overlay-color":"","overlay-opacity":"","overlay-gradient":""}},"ast-content-background-meta":{"desktop":{"background-color":"var(--ast-global-color-4)","background-image":"","background-repeat":"repeat","background-position":"center center","background-size":"auto","background-attachment":"scroll","background-type":"","background-media":"","overlay-type":"","overlay-color":"","overlay-opacity":"","overlay-gradient":""},"tablet":{"background-color":"var(--ast-global-color-4)","background-image":"","background-repeat":"repeat","background-position":"center center","background-size":"auto","background-attachment":"scroll","background-type":"","background-media":"","overlay-type":"","overlay-color":"","overlay-opacity":"","overlay-gradient":""},"mobile":{"background-color":"var(--ast-global-color-4)","background-image":"","background-repeat":"repeat","background-position":"center center","background-size":"auto","background-attachment":"scroll","background-type":"","background-media":"","overlay-type":"","overlay-color":"","overlay-opacity":"","overlay-gradient":""}},"footnotes":""},"categories":[1973,2042],"tags":[],"class_list":["post-50506","post","type-post","status-publish","format-standard","has-post-thumbnail","hentry","category-frettir","category-news"],"acf":[],"yoast_head":"<!-- This site is optimized with the Yoast SEO plugin v27.4 - https:\/\/yoast.com\/product\/yoast-seo-wordpress\/ -->\n<title>North Atlantic Seafood Forum n\u00fdsk\u00f6punarsamkeppni - Mat\u00eds<\/title>\n<meta name=\"robots\" content=\"index, follow, max-snippet:-1, max-image-preview:large, max-video-preview:-1\" \/>\n<link rel=\"canonical\" href=\"https:\/\/matis.is\/en\/frettir\/north-atlantic-seafood-forum-nyskopunarsamkeppni\/\" \/>\n<meta property=\"og:locale\" content=\"en_GB\" \/>\n<meta property=\"og:type\" content=\"article\" \/>\n<meta property=\"og:title\" content=\"North Atlantic Seafood Forum n\u00fdsk\u00f6punarsamkeppni - Mat\u00eds\" \/>\n<meta property=\"og:description\" content=\"Fr\u00e1 2005 hefur North Atlantic Seafood Forum (NASF) veri\u00f0 \u00e1rviss vi\u00f0bur\u00f0ur \u00fear sem stj\u00f3rnendur og haga\u00f0ilar \u00ed sj\u00e1var\u00fatvegi og fiskeldi [&hellip;]\" \/>\n<meta property=\"og:url\" content=\"https:\/\/matis.is\/en\/frettir\/north-atlantic-seafood-forum-nyskopunarsamkeppni\/\" \/>\n<meta property=\"og:site_name\" content=\"Mat\u00eds\" \/>\n<meta property=\"article:publisher\" content=\"https:\/\/www.facebook.com\/matisiceland\" \/>\n<meta property=\"article:published_time\" content=\"2023-08-29T10:44:12+00:00\" \/>\n<meta property=\"article:modified_time\" content=\"2023-08-30T14:28:13+00:00\" \/>\n<meta property=\"og:image\" content=\"https:\/\/matis.is\/wp-content\/uploads\/mynd-3.png\" \/>\n\t<meta property=\"og:image:width\" content=\"1024\" \/>\n\t<meta property=\"og:image:height\" content=\"896\" \/>\n\t<meta property=\"og:image:type\" content=\"image\/png\" \/>\n<meta name=\"author\" content=\"admin\" \/>\n<meta name=\"twitter:card\" content=\"summary_large_image\" \/>\n<meta name=\"twitter:creator\" content=\"@matisiceland\" \/>\n<meta name=\"twitter:site\" content=\"@matisiceland\" \/>\n<meta name=\"twitter:label1\" content=\"Written by\" \/>\n\t<meta name=\"twitter:data1\" content=\"admin\" \/>\n\t<meta name=\"twitter:label2\" content=\"Estimated reading time\" \/>\n\t<meta name=\"twitter:data2\" content=\"1 minute\" \/>\n<script type=\"application\/ld+json\" class=\"yoast-schema-graph\">{\"@context\":\"https:\\\/\\\/schema.org\",\"@graph\":[{\"@type\":\"Article\",\"@id\":\"https:\\\/\\\/matis.is\\\/frettir\\\/north-atlantic-seafood-forum-nyskopunarsamkeppni\\\/#article\",\"isPartOf\":{\"@id\":\"https:\\\/\\\/matis.is\\\/frettir\\\/north-atlantic-seafood-forum-nyskopunarsamkeppni\\\/\"},\"author\":{\"name\":\"admin\",\"@id\":\"https:\\\/\\\/matis.is\\\/#\\\/schema\\\/person\\\/33b92c850c915c93e67f291e3381a49a\"},\"headline\":\"North Atlantic Seafood Forum n\u00fdsk\u00f6punarsamkeppni\",\"datePublished\":\"2023-08-29T10:44:12+00:00\",\"dateModified\":\"2023-08-30T14:28:13+00:00\",\"mainEntityOfPage\":{\"@id\":\"https:\\\/\\\/matis.is\\\/frettir\\\/north-atlantic-seafood-forum-nyskopunarsamkeppni\\\/\"},\"wordCount\":218,\"publisher\":{\"@id\":\"https:\\\/\\\/matis.is\\\/#organization\"},\"image\":{\"@id\":\"https:\\\/\\\/matis.is\\\/frettir\\\/north-atlantic-seafood-forum-nyskopunarsamkeppni\\\/#primaryimage\"},\"thumbnailUrl\":\"https:\\\/\\\/matis.is\\\/wp-content\\\/uploads\\\/mynd-3.png\",\"articleSection\":[\"Fr\u00e9ttir\",\"News\"],\"inLanguage\":\"en-GB\"},{\"@type\":\"WebPage\",\"@id\":\"https:\\\/\\\/matis.is\\\/frettir\\\/north-atlantic-seafood-forum-nyskopunarsamkeppni\\\/\",\"url\":\"https:\\\/\\\/matis.is\\\/frettir\\\/north-atlantic-seafood-forum-nyskopunarsamkeppni\\\/\",\"name\":\"North Atlantic Seafood Forum n\u00fdsk\u00f6punarsamkeppni - Mat\u00eds\",\"isPartOf\":{\"@id\":\"https:\\\/\\\/matis.is\\\/#website\"},\"primaryImageOfPage\":{\"@id\":\"https:\\\/\\\/matis.is\\\/frettir\\\/north-atlantic-seafood-forum-nyskopunarsamkeppni\\\/#primaryimage\"},\"image\":{\"@id\":\"https:\\\/\\\/matis.is\\\/frettir\\\/north-atlantic-seafood-forum-nyskopunarsamkeppni\\\/#primaryimage\"},\"thumbnailUrl\":\"https:\\\/\\\/matis.is\\\/wp-content\\\/uploads\\\/mynd-3.png\",\"datePublished\":\"2023-08-29T10:44:12+00:00\",\"dateModified\":\"2023-08-30T14:28:13+00:00\",\"breadcrumb\":{\"@id\":\"https:\\\/\\\/matis.is\\\/frettir\\\/north-atlantic-seafood-forum-nyskopunarsamkeppni\\\/#breadcrumb\"},\"inLanguage\":\"en-GB\",\"potentialAction\":[{\"@type\":\"ReadAction\",\"target\":[\"https:\\\/\\\/matis.is\\\/frettir\\\/north-atlantic-seafood-forum-nyskopunarsamkeppni\\\/\"]}]},{\"@type\":\"ImageObject\",\"inLanguage\":\"en-GB\",\"@id\":\"https:\\\/\\\/matis.is\\\/frettir\\\/north-atlantic-seafood-forum-nyskopunarsamkeppni\\\/#primaryimage\",\"url\":\"https:\\\/\\\/matis.is\\\/wp-content\\\/uploads\\\/mynd-3.png\",\"contentUrl\":\"https:\\\/\\\/matis.is\\\/wp-content\\\/uploads\\\/mynd-3.png\",\"width\":1024,\"height\":896},{\"@type\":\"BreadcrumbList\",\"@id\":\"https:\\\/\\\/matis.is\\\/frettir\\\/north-atlantic-seafood-forum-nyskopunarsamkeppni\\\/#breadcrumb\",\"itemListElement\":[{\"@type\":\"ListItem\",\"position\":1,\"name\":\"Home\",\"item\":\"https:\\\/\\\/matis.is\\\/\"},{\"@type\":\"ListItem\",\"position\":2,\"name\":\"North Atlantic Seafood Forum n\u00fdsk\u00f6punarsamkeppni\"}]},{\"@type\":\"WebSite\",\"@id\":\"https:\\\/\\\/matis.is\\\/#website\",\"url\":\"https:\\\/\\\/matis.is\\\/\",\"name\":\"Mat\u00eds\",\"description\":\"Ver\u00f0m\u00e6task\u00f6pun, matv\u00e6la\u00f6ryggi og l\u00fd\u00f0heilsa\",\"publisher\":{\"@id\":\"https:\\\/\\\/matis.is\\\/#organization\"},\"potentialAction\":[{\"@type\":\"SearchAction\",\"target\":{\"@type\":\"EntryPoint\",\"urlTemplate\":\"https:\\\/\\\/matis.is\\\/?s={search_term_string}\"},\"query-input\":{\"@type\":\"PropertyValueSpecification\",\"valueRequired\":true,\"valueName\":\"search_term_string\"}}],\"inLanguage\":\"en-GB\"},{\"@type\":\"Organization\",\"@id\":\"https:\\\/\\\/matis.is\\\/#organization\",\"name\":\"Mat\u00eds ohf.\",\"url\":\"https:\\\/\\\/matis.is\\\/\",\"logo\":{\"@type\":\"ImageObject\",\"inLanguage\":\"en-GB\",\"@id\":\"https:\\\/\\\/matis.is\\\/#\\\/schema\\\/logo\\\/image\\\/\",\"url\":\"https:\\\/\\\/matis.is\\\/wp-content\\\/uploads\\\/2021\\\/02\\\/matis_logo_blatthvitt.png\",\"contentUrl\":\"https:\\\/\\\/matis.is\\\/wp-content\\\/uploads\\\/2021\\\/02\\\/matis_logo_blatthvitt.png\",\"width\":1507,\"height\":1507,\"caption\":\"Mat\u00eds ohf.\"},\"image\":{\"@id\":\"https:\\\/\\\/matis.is\\\/#\\\/schema\\\/logo\\\/image\\\/\"},\"sameAs\":[\"https:\\\/\\\/www.facebook.com\\\/matisiceland\",\"https:\\\/\\\/x.com\\\/matisiceland\",\"https:\\\/\\\/www.instagram.com\\\/matisiceland\\\/\",\"https:\\\/\\\/www.linkedin.com\\\/matisiceland\\\/\",\"https:\\\/\\\/www.youtube.com\\\/channel\\\/UCY-frt3uTqgVZW-DLjoo5bA\"]},{\"@type\":\"Person\",\"@id\":\"https:\\\/\\\/matis.is\\\/#\\\/schema\\\/person\\\/33b92c850c915c93e67f291e3381a49a\",\"name\":\"admin\",\"sameAs\":[\"https:\\\/\\\/matis.mareframe.eu\"],\"url\":\"https:\\\/\\\/matis.is\\\/en\\\/author\\\/thormodurmatis-is\\\/\"}]}<\/script>\n<!-- \/ Yoast SEO plugin. -->","yoast_head_json":{"title":"North Atlantic Seafood Forum innovation competition - Mat\u00eds","robots":{"index":"index","follow":"follow","max-snippet":"max-snippet:-1","max-image-preview":"max-image-preview:large","max-video-preview":"max-video-preview:-1"},"canonical":"https:\/\/matis.is\/en\/frettir\/north-atlantic-seafood-forum-nyskopunarsamkeppni\/","og_locale":"en_GB","og_type":"article","og_title":"North Atlantic Seafood Forum n\u00fdsk\u00f6punarsamkeppni - Mat\u00eds","og_description":"Fr\u00e1 2005 hefur North Atlantic Seafood Forum (NASF) veri\u00f0 \u00e1rviss vi\u00f0bur\u00f0ur \u00fear sem stj\u00f3rnendur og haga\u00f0ilar \u00ed sj\u00e1var\u00fatvegi og fiskeldi [&hellip;]","og_url":"https:\/\/matis.is\/en\/frettir\/north-atlantic-seafood-forum-nyskopunarsamkeppni\/","og_site_name":"Mat\u00eds","article_publisher":"https:\/\/www.facebook.com\/matisiceland","article_published_time":"2023-08-29T10:44:12+00:00","article_modified_time":"2023-08-30T14:28:13+00:00","og_image":[{"width":1024,"height":896,"url":"https:\/\/matis.is\/wp-content\/uploads\/mynd-3.png","type":"image\/png"}],"author":"admin","twitter_card":"summary_large_image","twitter_creator":"@matisiceland","twitter_site":"@matisiceland","twitter_misc":{"Written by":"admin","Estimated reading time":"1 minute"},"schema":{"@context":"https:\/\/schema.org","@graph":[{"@type":"Article","@id":"https:\/\/matis.is\/frettir\/north-atlantic-seafood-forum-nyskopunarsamkeppni\/#article","isPartOf":{"@id":"https:\/\/matis.is\/frettir\/north-atlantic-seafood-forum-nyskopunarsamkeppni\/"},"author":{"name":"admin","@id":"https:\/\/matis.is\/#\/schema\/person\/33b92c850c915c93e67f291e3381a49a"},"headline":"North Atlantic Seafood Forum n\u00fdsk\u00f6punarsamkeppni","datePublished":"2023-08-29T10:44:12+00:00","dateModified":"2023-08-30T14:28:13+00:00","mainEntityOfPage":{"@id":"https:\/\/matis.is\/frettir\/north-atlantic-seafood-forum-nyskopunarsamkeppni\/"},"wordCount":218,"publisher":{"@id":"https:\/\/matis.is\/#organization"},"image":{"@id":"https:\/\/matis.is\/frettir\/north-atlantic-seafood-forum-nyskopunarsamkeppni\/#primaryimage"},"thumbnailUrl":"https:\/\/matis.is\/wp-content\/uploads\/mynd-3.png","articleSection":["Fr\u00e9ttir","News"],"inLanguage":"en-GB"},{"@type":"WebPage","@id":"https:\/\/matis.is\/frettir\/north-atlantic-seafood-forum-nyskopunarsamkeppni\/","url":"https:\/\/matis.is\/frettir\/north-atlantic-seafood-forum-nyskopunarsamkeppni\/","name":"North Atlantic Seafood Forum innovation competition - Mat\u00eds","isPartOf":{"@id":"https:\/\/matis.is\/#website"},"primaryImageOfPage":{"@id":"https:\/\/matis.is\/frettir\/north-atlantic-seafood-forum-nyskopunarsamkeppni\/#primaryimage"},"image":{"@id":"https:\/\/matis.is\/frettir\/north-atlantic-seafood-forum-nyskopunarsamkeppni\/#primaryimage"},"thumbnailUrl":"https:\/\/matis.is\/wp-content\/uploads\/mynd-3.png","datePublished":"2023-08-29T10:44:12+00:00","dateModified":"2023-08-30T14:28:13+00:00","breadcrumb":{"@id":"https:\/\/matis.is\/frettir\/north-atlantic-seafood-forum-nyskopunarsamkeppni\/#breadcrumb"},"inLanguage":"en-GB","potentialAction":[{"@type":"ReadAction","target":["https:\/\/matis.is\/frettir\/north-atlantic-seafood-forum-nyskopunarsamkeppni\/"]}]},{"@type":"ImageObject","inLanguage":"en-GB","@id":"https:\/\/matis.is\/frettir\/north-atlantic-seafood-forum-nyskopunarsamkeppni\/#primaryimage","url":"https:\/\/matis.is\/wp-content\/uploads\/mynd-3.png","contentUrl":"https:\/\/matis.is\/wp-content\/uploads\/mynd-3.png","width":1024,"height":896},{"@type":"BreadcrumbList","@id":"https:\/\/matis.is\/frettir\/north-atlantic-seafood-forum-nyskopunarsamkeppni\/#breadcrumb","itemListElement":[{"@type":"ListItem","position":1,"name":"Home","item":"https:\/\/matis.is\/"},{"@type":"ListItem","position":2,"name":"North Atlantic Seafood Forum n\u00fdsk\u00f6punarsamkeppni"}]},{"@type":"WebSite","@id":"https:\/\/matis.is\/#website","url":"https:\/\/matis.is\/","name":"Mat\u00eds","description":"Value creation, food security and public health","publisher":{"@id":"https:\/\/matis.is\/#organization"},"potentialAction":[{"@type":"SearchAction","target":{"@type":"EntryPoint","urlTemplate":"https:\/\/matis.is\/?s={search_term_string}"},"query-input":{"@type":"PropertyValueSpecification","valueRequired":true,"valueName":"search_term_string"}}],"inLanguage":"en-GB"},{"@type":"Organization","@id":"https:\/\/matis.is\/#organization","name":"Mat\u00eds ohf.","url":"https:\/\/matis.is\/","logo":{"@type":"ImageObject","inLanguage":"en-GB","@id":"https:\/\/matis.is\/#\/schema\/logo\/image\/","url":"https:\/\/matis.is\/wp-content\/uploads\/2021\/02\/matis_logo_blatthvitt.png","contentUrl":"https:\/\/matis.is\/wp-content\/uploads\/2021\/02\/matis_logo_blatthvitt.png","width":1507,"height":1507,"caption":"Mat\u00eds ohf."},"image":{"@id":"https:\/\/matis.is\/#\/schema\/logo\/image\/"},"sameAs":["https:\/\/www.facebook.com\/matisiceland","https:\/\/x.com\/matisiceland","https:\/\/www.instagram.com\/matisiceland\/","https:\/\/www.linkedin.com\/matisiceland\/","https:\/\/www.youtube.com\/channel\/UCY-frt3uTqgVZW-DLjoo5bA"]},{"@type":"Person","@id":"https:\/\/matis.is\/#\/schema\/person\/33b92c850c915c93e67f291e3381a49a","name":"admin","sameAs":["https:\/\/matis.mareframe.eu"],"url":"https:\/\/matis.is\/en\/author\/thormodurmatis-is\/"}]}},"spectra_custom_meta":{"_edit_lock":["1693405695:1"],"_thumbnail_id":["50513"],"_wp_page_template":["template-covernew.php"],"_edit_last":["1"],"tengilidur":[""],"_tengilidur":["field_5ef905e0538b2"],"_yoast_wpseo_primary_category":["1973"],"_yoast_wpseo_content_score":["60"],"_yoast_wpseo_estimated-reading-time-minutes":["1"],"_yoast_wpseo_wordproof_timestamp":[""],"wpmm_postgrid_views":["370"],"_uag_css_file_name":["uag-css-50506.css"],"_uag_page_assets":["a:9:{s:3:\"css\";s:263:\".uag-blocks-common-selector{z-index:var(--z-index-desktop) !important}@media (max-width: 976px){.uag-blocks-common-selector{z-index:var(--z-index-tablet) !important}}@media (max-width: 767px){.uag-blocks-common-selector{z-index:var(--z-index-mobile) !important}}\n\";s:2:\"js\";s:0:\"\";s:18:\"current_block_list\";a:6:{i:0;s:12:\"core\/heading\";i:1;s:14:\"core\/paragraph\";i:2;s:12:\"core\/buttons\";i:3;s:11:\"core\/button\";i:4;s:12:\"core\/columns\";i:5;s:11:\"core\/column\";}s:8:\"uag_flag\";b:0;s:11:\"uag_version\";s:10:\"1777300790\";s:6:\"gfonts\";a:0:{}s:10:\"gfonts_url\";s:0:\"\";s:12:\"gfonts_files\";a:0:{}s:14:\"uag_faq_layout\";b:0;}"]},"uagb_featured_image_src":{"full":["https:\/\/matis.is\/wp-content\/uploads\/mynd-3.png",1024,896,false],"thumbnail":["https:\/\/matis.is\/wp-content\/uploads\/mynd-3-150x150.png",150,150,true],"medium":["https:\/\/matis.is\/wp-content\/uploads\/mynd-3-300x263.png",300,263,true],"medium_large":["https:\/\/matis.is\/wp-content\/uploads\/mynd-3-768x672.png",768,672,true],"large":["https:\/\/matis.is\/wp-content\/uploads\/mynd-3.png",1024,896,false],"1536x1536":["https:\/\/matis.is\/wp-content\/uploads\/mynd-3.png",1024,896,false],"2048x2048":["https:\/\/matis.is\/wp-content\/uploads\/mynd-3.png",1024,896,false],"trp-custom-language-flag":["https:\/\/matis.is\/wp-content\/uploads\/mynd-3-14x12.png",14,12,true]},"uagb_author_info":{"display_name":"admin","author_link":"https:\/\/matis.is\/en\/author\/thormodurmatis-is\/"},"uagb_comment_info":0,"uagb_excerpt":"Fr\u00e1 2005 hefur North Atlantic Seafood Forum (NASF) veri\u00f0 \u00e1rviss vi\u00f0bur\u00f0ur \u00fear sem stj\u00f3rnendur og haga\u00f0ilar \u00ed sj\u00e1var\u00fatvegi og fiskeldi [&hellip;]","_links":{"self":[{"href":"https:\/\/matis.is\/en\/wp-json\/wp\/v2\/posts\/50506","targetHints":{"allow":["GET"]}}],"collection":[{"href":"https:\/\/matis.is\/en\/wp-json\/wp\/v2\/posts"}],"about":[{"href":"https:\/\/matis.is\/en\/wp-json\/wp\/v2\/types\/post"}],"author":[{"embeddable":true,"href":"https:\/\/matis.is\/en\/wp-json\/wp\/v2\/users\/1"}],"replies":[{"embeddable":true,"href":"https:\/\/matis.is\/en\/wp-json\/wp\/v2\/comments?post=50506"}],"version-history":[{"count":2,"href":"https:\/\/matis.is\/en\/wp-json\/wp\/v2\/posts\/50506\/revisions"}],"predecessor-version":[{"id":50512,"href":"https:\/\/matis.is\/en\/wp-json\/wp\/v2\/posts\/50506\/revisions\/50512"}],"wp:featuredmedia":[{"embeddable":true,"href":"https:\/\/matis.is\/en\/wp-json\/wp\/v2\/media\/50513"}],"wp:attachment":[{"href":"https:\/\/matis.is\/en\/wp-json\/wp\/v2\/media?parent=50506"}],"wp:term":[{"taxonomy":"category","embeddable":true,"href":"https:\/\/matis.is\/en\/wp-json\/wp\/v2\/categories?post=50506"},{"taxonomy":"post_tag","embeddable":true,"href":"https:\/\/matis.is\/en\/wp-json\/wp\/v2\/tags?post=50506"}],"curies":[{"name":"wp","href":"https:\/\/api.w.org\/{rel}","templated":true}]}}