{"id":51018,"date":"2023-10-20T12:35:02","date_gmt":"2023-10-20T12:35:02","guid":{"rendered":"https:\/\/matis.is\/?p=51018"},"modified":"2024-09-05T12:54:42","modified_gmt":"2024-09-05T12:54:42","slug":"aukin-sjalfbaerni-graenmetisgeirans-a-islandi-verdmaetaskopun-ny-atvinnutaekifaeri-og-nyjungar","status":"publish","type":"post","link":"https:\/\/matis.is\/en\/frettir\/aukin-sjalfbaerni-graenmetisgeirans-a-islandi-verdmaetaskopun-ny-atvinnutaekifaeri-og-nyjungar\/","title":{"rendered":"Increased sustainability of the vegetable sector in Iceland, value creation, new job opportunities and innovations"},"content":{"rendered":"<h4 class=\"wp-block-heading\">The farmer&#039;s newspaper published two articles this week that dealt with vegetable projects that have been worked on at Mat\u00eds&#039; last term. On the one hand, a project aimed at building concise knowledge of options for packaging vegetables was discussed, and on the other hand, a project aimed at making full use of the by-products of vegetable production and the potential for product development from those raw materials.<\/h4>\n\n\n\n<p>Fyrri greinin sem bar yfirskriftina ,,Vilja leysa gr\u00e6nmeti\u00f0 undan plastfargani&#8220; fjallar um verkefni\u00f0 <a href=\"https:\/\/matis.is\/en\/matis_projects\/askoranir-vid-pokkun-graenmetis\/\">Challenges in packing vegetables <\/a>which \u00d3lafur Reykdal, project manager at Mat\u00eds, has managed and is working in collaboration with the horticultural farmers&#039; department in the Farmers&#039; Association of Iceland, the Gardeners&#039; Sales Association and the Association of Southern Municipalities with a grant from the Food Fund. It is hoped that the project will lead to progress on packaging<br>of various foods, although vegetables are particularly studied here and also pave the way for new types of packaging materials.<br><strong>The article can be read in its entirety on page 16 of B\u00e6ndabla\u00f0in and here: <a href=\"https:\/\/www.bbl.is\/media\/1\/bbl19.tbl.2023.pdf\">B\u00e6ndabladlad 19 October 2023<\/a><\/strong><\/p>\n\n\n\n<p>The second article included an interview with Eva Margr\u00e9ti J\u00f3nud\u00f3ttir, project manager at Mat\u00eds, who discussed the project <a href=\"https:\/\/matis.is\/en\/matis_projects\/verdmaetaaukning-hlidarafurda-fra-gardyrkju\/\">Valorisation of side streams from Icelandic horticulture<\/a> led by R\u00f3sa J\u00f3nsd\u00f3ttir, professional director of biomaterials. The project is carried out in collaboration with Ork\u00eddeu and the Icelandic Farmers&#039; Association with funding from the Food Fund and aims to put cauliflower leaves, broccoli leaves, rose leaves, tomato leaves, cucumber leaves and carrot grass to better use than is currently done. They do this by studying nutritional value and bioactivity, but also by developing product ideas from these ingredients. The project will contribute to the sustainability of the vegetable sector in Iceland and assist in its development in relation to increased value creation, new job opportunities and innovations. The main goal of the project is to increase the value of vegetable production, improve utilization and increase sustainability.<\/p>\n\n\n\n<p>In the interview, Eva says, among other things: ,, what stands out after this work - and what piqued her interest the most - is how many opportunities there are for further processing of this raw material. &quot;We have been seeing quite a lot of antioxidant activity in rose leaves, which indicates that cuttings from rose cultivation can, for example, be an exciting raw material for the production of ingredients in cosmetic products.&quot; Cauliflower and broccoli leaves are somewhat less nutritious than the flower itself and there are no drawbacks to using them.<br>\u00ed matv\u00e6li&#8220;. <\/p>\n\n\n\n<p><strong>The article can be read in its entirety on pages 32 and 33 of B\u00e6ndabla\u00f0in here: <a href=\"https:\/\/www.bbl.is\/media\/1\/bbl19.tbl.2023.pdf\">B\u00e6ndabladlad 19 October 2023<\/a><\/strong><\/p>","protected":false},"excerpt":{"rendered":"<p>B\u00e6ndabla\u00f0i\u00f0 birti \u00ed vikunni tv\u00e6r greinar sem fj\u00f6llu\u00f0u um gr\u00e6nmetisverkefni sem unni\u00f0 hefur veri\u00f0 a\u00f0 hj\u00e1 Mat\u00eds s\u00ed\u00f0ustu misseri. Annars [&hellip;]<\/p>\n","protected":false},"author":1,"featured_media":46374,"comment_status":"closed","ping_status":"closed","sticky":false,"template":"template-covernew.php","format":"standard","meta":{"_acf_changed":false,"_uag_custom_page_level_css":"","site-sidebar-layout":"default","site-content-layout":"","ast-site-content-layout":"default","site-content-style":"default","site-sidebar-style":"default","ast-global-header-display":"","ast-banner-title-visibility":"","ast-main-header-display":"","ast-hfb-above-header-display":"","ast-hfb-below-header-display":"","ast-hfb-mobile-header-display":"","site-post-title":"","ast-breadcrumbs-content":"","ast-featured-img":"","footer-sml-layout":"","ast-disable-related-posts":"","theme-transparent-header-meta":"","adv-header-id-meta":"","stick-header-meta":"","header-above-stick-meta":"","header-main-stick-meta":"","header-below-stick-meta":"","astra-migrate-meta-layouts":"default","ast-page-background-enabled":"default","ast-page-background-meta":{"desktop":{"background-color":"var(--ast-global-color-5)","background-image":"","background-repeat":"repeat","background-position":"center center","background-size":"auto","background-attachment":"scroll","background-type":"","background-media":"","overlay-type":"","overlay-color":"","overlay-opacity":"","overlay-gradient":""},"tablet":{"background-color":"","background-image":"","background-repeat":"repeat","background-position":"center center","background-size":"auto","background-attachment":"scroll","background-type":"","background-media":"","overlay-type":"","overlay-color":"","overlay-opacity":"","overlay-gradient":""},"mobile":{"background-color":"","background-image":"","background-repeat":"repeat","background-position":"center center","background-size":"auto","background-attachment":"scroll","background-type":"","background-media":"","overlay-type":"","overlay-color":"","overlay-opacity":"","overlay-gradient":""}},"ast-content-background-meta":{"desktop":{"background-color":"var(--ast-global-color-4)","background-image":"","background-repeat":"repeat","background-position":"center center","background-size":"auto","background-attachment":"scroll","background-type":"","background-media":"","overlay-type":"","overlay-color":"","overlay-opacity":"","overlay-gradient":""},"tablet":{"background-color":"var(--ast-global-color-4)","background-image":"","background-repeat":"repeat","background-position":"center center","background-size":"auto","background-attachment":"scroll","background-type":"","background-media":"","overlay-type":"","overlay-color":"","overlay-opacity":"","overlay-gradient":""},"mobile":{"background-color":"var(--ast-global-color-4)","background-image":"","background-repeat":"repeat","background-position":"center center","background-size":"auto","background-attachment":"scroll","background-type":"","background-media":"","overlay-type":"","overlay-color":"","overlay-opacity":"","overlay-gradient":""}},"footnotes":""},"categories":[1973,2042],"tags":[],"class_list":["post-51018","post","type-post","status-publish","format-standard","has-post-thumbnail","hentry","category-frettir","category-news"],"acf":[],"yoast_head":"<!-- This site is optimized with the Yoast SEO plugin v27.4 - https:\/\/yoast.com\/product\/yoast-seo-wordpress\/ -->\n<title>Aukin sj\u00e1lfb\u00e6rni gr\u00e6nmetisgeirans \u00e1 \u00cdslandi, ver\u00f0m\u00e6task\u00f6pun, n\u00fd atvinnut\u00e6kif\u00e6ri og n\u00fdjungar - Mat\u00eds<\/title>\n<meta name=\"robots\" content=\"index, follow, max-snippet:-1, max-image-preview:large, max-video-preview:-1\" \/>\n<link rel=\"canonical\" href=\"https:\/\/matis.is\/en\/frettir\/aukin-sjalfbaerni-graenmetisgeirans-a-islandi-verdmaetaskopun-ny-atvinnutaekifaeri-og-nyjungar\/\" \/>\n<meta property=\"og:locale\" content=\"en_GB\" \/>\n<meta property=\"og:type\" content=\"article\" \/>\n<meta property=\"og:title\" content=\"Aukin sj\u00e1lfb\u00e6rni gr\u00e6nmetisgeirans \u00e1 \u00cdslandi, ver\u00f0m\u00e6task\u00f6pun, n\u00fd atvinnut\u00e6kif\u00e6ri og n\u00fdjungar - Mat\u00eds\" \/>\n<meta property=\"og:description\" content=\"B\u00e6ndabla\u00f0i\u00f0 birti \u00ed vikunni tv\u00e6r greinar sem fj\u00f6llu\u00f0u um gr\u00e6nmetisverkefni sem unni\u00f0 hefur veri\u00f0 a\u00f0 hj\u00e1 Mat\u00eds s\u00ed\u00f0ustu misseri. Annars [&hellip;]\" \/>\n<meta property=\"og:url\" content=\"https:\/\/matis.is\/en\/frettir\/aukin-sjalfbaerni-graenmetisgeirans-a-islandi-verdmaetaskopun-ny-atvinnutaekifaeri-og-nyjungar\/\" \/>\n<meta property=\"og:site_name\" content=\"Mat\u00eds\" \/>\n<meta property=\"article:publisher\" content=\"https:\/\/www.facebook.com\/matisiceland\" \/>\n<meta property=\"article:published_time\" content=\"2023-10-20T12:35:02+00:00\" \/>\n<meta property=\"article:modified_time\" content=\"2024-09-05T12:54:42+00:00\" \/>\n<meta property=\"og:image\" content=\"https:\/\/matis.is\/wp-content\/uploads\/IMG_2281-scaled.jpg\" \/>\n\t<meta property=\"og:image:width\" content=\"2560\" \/>\n\t<meta property=\"og:image:height\" content=\"1920\" \/>\n\t<meta property=\"og:image:type\" content=\"image\/jpeg\" \/>\n<meta name=\"author\" content=\"admin\" \/>\n<meta name=\"twitter:card\" content=\"summary_large_image\" \/>\n<meta name=\"twitter:creator\" content=\"@matisiceland\" \/>\n<meta name=\"twitter:site\" content=\"@matisiceland\" \/>\n<meta name=\"twitter:label1\" content=\"Written by\" \/>\n\t<meta name=\"twitter:data1\" content=\"admin\" \/>\n\t<meta name=\"twitter:label2\" content=\"Estimated reading time\" \/>\n\t<meta name=\"twitter:data2\" content=\"3 minutes\" \/>\n<script type=\"application\/ld+json\" class=\"yoast-schema-graph\">{\"@context\":\"https:\\\/\\\/schema.org\",\"@graph\":[{\"@type\":\"Article\",\"@id\":\"https:\\\/\\\/matis.is\\\/en\\\/frettir\\\/aukin-sjalfbaerni-graenmetisgeirans-a-islandi-verdmaetaskopun-ny-atvinnutaekifaeri-og-nyjungar\\\/#article\",\"isPartOf\":{\"@id\":\"https:\\\/\\\/matis.is\\\/en\\\/frettir\\\/aukin-sjalfbaerni-graenmetisgeirans-a-islandi-verdmaetaskopun-ny-atvinnutaekifaeri-og-nyjungar\\\/\"},\"author\":{\"name\":\"admin\",\"@id\":\"https:\\\/\\\/matis.is\\\/#\\\/schema\\\/person\\\/33b92c850c915c93e67f291e3381a49a\"},\"headline\":\"Aukin sj\u00e1lfb\u00e6rni gr\u00e6nmetisgeirans \u00e1 \u00cdslandi, ver\u00f0m\u00e6task\u00f6pun, n\u00fd atvinnut\u00e6kif\u00e6ri og n\u00fdjungar\",\"datePublished\":\"2023-10-20T12:35:02+00:00\",\"dateModified\":\"2024-09-05T12:54:42+00:00\",\"mainEntityOfPage\":{\"@id\":\"https:\\\/\\\/matis.is\\\/en\\\/frettir\\\/aukin-sjalfbaerni-graenmetisgeirans-a-islandi-verdmaetaskopun-ny-atvinnutaekifaeri-og-nyjungar\\\/\"},\"wordCount\":509,\"publisher\":{\"@id\":\"https:\\\/\\\/matis.is\\\/#organization\"},\"image\":{\"@id\":\"https:\\\/\\\/matis.is\\\/en\\\/frettir\\\/aukin-sjalfbaerni-graenmetisgeirans-a-islandi-verdmaetaskopun-ny-atvinnutaekifaeri-og-nyjungar\\\/#primaryimage\"},\"thumbnailUrl\":\"https:\\\/\\\/matis.is\\\/wp-content\\\/uploads\\\/IMG_2281-scaled.jpg\",\"articleSection\":[\"Fr\u00e9ttir\",\"News\"],\"inLanguage\":\"en-GB\"},{\"@type\":\"WebPage\",\"@id\":\"https:\\\/\\\/matis.is\\\/en\\\/frettir\\\/aukin-sjalfbaerni-graenmetisgeirans-a-islandi-verdmaetaskopun-ny-atvinnutaekifaeri-og-nyjungar\\\/\",\"url\":\"https:\\\/\\\/matis.is\\\/en\\\/frettir\\\/aukin-sjalfbaerni-graenmetisgeirans-a-islandi-verdmaetaskopun-ny-atvinnutaekifaeri-og-nyjungar\\\/\",\"name\":\"Aukin sj\u00e1lfb\u00e6rni gr\u00e6nmetisgeirans \u00e1 \u00cdslandi, ver\u00f0m\u00e6task\u00f6pun, n\u00fd atvinnut\u00e6kif\u00e6ri og n\u00fdjungar - Mat\u00eds\",\"isPartOf\":{\"@id\":\"https:\\\/\\\/matis.is\\\/#website\"},\"primaryImageOfPage\":{\"@id\":\"https:\\\/\\\/matis.is\\\/en\\\/frettir\\\/aukin-sjalfbaerni-graenmetisgeirans-a-islandi-verdmaetaskopun-ny-atvinnutaekifaeri-og-nyjungar\\\/#primaryimage\"},\"image\":{\"@id\":\"https:\\\/\\\/matis.is\\\/en\\\/frettir\\\/aukin-sjalfbaerni-graenmetisgeirans-a-islandi-verdmaetaskopun-ny-atvinnutaekifaeri-og-nyjungar\\\/#primaryimage\"},\"thumbnailUrl\":\"https:\\\/\\\/matis.is\\\/wp-content\\\/uploads\\\/IMG_2281-scaled.jpg\",\"datePublished\":\"2023-10-20T12:35:02+00:00\",\"dateModified\":\"2024-09-05T12:54:42+00:00\",\"breadcrumb\":{\"@id\":\"https:\\\/\\\/matis.is\\\/en\\\/frettir\\\/aukin-sjalfbaerni-graenmetisgeirans-a-islandi-verdmaetaskopun-ny-atvinnutaekifaeri-og-nyjungar\\\/#breadcrumb\"},\"inLanguage\":\"en-GB\",\"potentialAction\":[{\"@type\":\"ReadAction\",\"target\":[\"https:\\\/\\\/matis.is\\\/en\\\/frettir\\\/aukin-sjalfbaerni-graenmetisgeirans-a-islandi-verdmaetaskopun-ny-atvinnutaekifaeri-og-nyjungar\\\/\"]}]},{\"@type\":\"ImageObject\",\"inLanguage\":\"en-GB\",\"@id\":\"https:\\\/\\\/matis.is\\\/en\\\/frettir\\\/aukin-sjalfbaerni-graenmetisgeirans-a-islandi-verdmaetaskopun-ny-atvinnutaekifaeri-og-nyjungar\\\/#primaryimage\",\"url\":\"https:\\\/\\\/matis.is\\\/wp-content\\\/uploads\\\/IMG_2281-scaled.jpg\",\"contentUrl\":\"https:\\\/\\\/matis.is\\\/wp-content\\\/uploads\\\/IMG_2281-scaled.jpg\",\"width\":2560,\"height\":1920},{\"@type\":\"BreadcrumbList\",\"@id\":\"https:\\\/\\\/matis.is\\\/en\\\/frettir\\\/aukin-sjalfbaerni-graenmetisgeirans-a-islandi-verdmaetaskopun-ny-atvinnutaekifaeri-og-nyjungar\\\/#breadcrumb\",\"itemListElement\":[{\"@type\":\"ListItem\",\"position\":1,\"name\":\"Home\",\"item\":\"https:\\\/\\\/matis.is\\\/\"},{\"@type\":\"ListItem\",\"position\":2,\"name\":\"Aukin sj\u00e1lfb\u00e6rni gr\u00e6nmetisgeirans \u00e1 \u00cdslandi, ver\u00f0m\u00e6task\u00f6pun, n\u00fd atvinnut\u00e6kif\u00e6ri og n\u00fdjungar\"}]},{\"@type\":\"WebSite\",\"@id\":\"https:\\\/\\\/matis.is\\\/#website\",\"url\":\"https:\\\/\\\/matis.is\\\/\",\"name\":\"Mat\u00eds\",\"description\":\"Ver\u00f0m\u00e6task\u00f6pun, matv\u00e6la\u00f6ryggi og l\u00fd\u00f0heilsa\",\"publisher\":{\"@id\":\"https:\\\/\\\/matis.is\\\/#organization\"},\"potentialAction\":[{\"@type\":\"SearchAction\",\"target\":{\"@type\":\"EntryPoint\",\"urlTemplate\":\"https:\\\/\\\/matis.is\\\/?s={search_term_string}\"},\"query-input\":{\"@type\":\"PropertyValueSpecification\",\"valueRequired\":true,\"valueName\":\"search_term_string\"}}],\"inLanguage\":\"en-GB\"},{\"@type\":\"Organization\",\"@id\":\"https:\\\/\\\/matis.is\\\/#organization\",\"name\":\"Mat\u00eds ohf.\",\"url\":\"https:\\\/\\\/matis.is\\\/\",\"logo\":{\"@type\":\"ImageObject\",\"inLanguage\":\"en-GB\",\"@id\":\"https:\\\/\\\/matis.is\\\/#\\\/schema\\\/logo\\\/image\\\/\",\"url\":\"https:\\\/\\\/matis.is\\\/wp-content\\\/uploads\\\/2021\\\/02\\\/matis_logo_blatthvitt.png\",\"contentUrl\":\"https:\\\/\\\/matis.is\\\/wp-content\\\/uploads\\\/2021\\\/02\\\/matis_logo_blatthvitt.png\",\"width\":1507,\"height\":1507,\"caption\":\"Mat\u00eds ohf.\"},\"image\":{\"@id\":\"https:\\\/\\\/matis.is\\\/#\\\/schema\\\/logo\\\/image\\\/\"},\"sameAs\":[\"https:\\\/\\\/www.facebook.com\\\/matisiceland\",\"https:\\\/\\\/x.com\\\/matisiceland\",\"https:\\\/\\\/www.instagram.com\\\/matisiceland\\\/\",\"https:\\\/\\\/www.linkedin.com\\\/matisiceland\\\/\",\"https:\\\/\\\/www.youtube.com\\\/channel\\\/UCY-frt3uTqgVZW-DLjoo5bA\"]},{\"@type\":\"Person\",\"@id\":\"https:\\\/\\\/matis.is\\\/#\\\/schema\\\/person\\\/33b92c850c915c93e67f291e3381a49a\",\"name\":\"admin\",\"sameAs\":[\"https:\\\/\\\/matis.mareframe.eu\"],\"url\":\"https:\\\/\\\/matis.is\\\/en\\\/author\\\/thormodurmatis-is\\\/\"}]}<\/script>\n<!-- \/ Yoast SEO plugin. -->","yoast_head_json":{"title":"Increased sustainability of the vegetable sector in Iceland, value creation, new job opportunities and innovations - Mat\u00eds","robots":{"index":"index","follow":"follow","max-snippet":"max-snippet:-1","max-image-preview":"max-image-preview:large","max-video-preview":"max-video-preview:-1"},"canonical":"https:\/\/matis.is\/en\/frettir\/aukin-sjalfbaerni-graenmetisgeirans-a-islandi-verdmaetaskopun-ny-atvinnutaekifaeri-og-nyjungar\/","og_locale":"en_GB","og_type":"article","og_title":"Aukin sj\u00e1lfb\u00e6rni gr\u00e6nmetisgeirans \u00e1 \u00cdslandi, ver\u00f0m\u00e6task\u00f6pun, n\u00fd atvinnut\u00e6kif\u00e6ri og n\u00fdjungar - Mat\u00eds","og_description":"B\u00e6ndabla\u00f0i\u00f0 birti \u00ed vikunni tv\u00e6r greinar sem fj\u00f6llu\u00f0u um gr\u00e6nmetisverkefni sem unni\u00f0 hefur veri\u00f0 a\u00f0 hj\u00e1 Mat\u00eds s\u00ed\u00f0ustu misseri. Annars [&hellip;]","og_url":"https:\/\/matis.is\/en\/frettir\/aukin-sjalfbaerni-graenmetisgeirans-a-islandi-verdmaetaskopun-ny-atvinnutaekifaeri-og-nyjungar\/","og_site_name":"Mat\u00eds","article_publisher":"https:\/\/www.facebook.com\/matisiceland","article_published_time":"2023-10-20T12:35:02+00:00","article_modified_time":"2024-09-05T12:54:42+00:00","og_image":[{"width":2560,"height":1920,"url":"https:\/\/matis.is\/wp-content\/uploads\/IMG_2281-scaled.jpg","type":"image\/jpeg"}],"author":"admin","twitter_card":"summary_large_image","twitter_creator":"@matisiceland","twitter_site":"@matisiceland","twitter_misc":{"Written by":"admin","Estimated reading time":"3 minutes"},"schema":{"@context":"https:\/\/schema.org","@graph":[{"@type":"Article","@id":"https:\/\/matis.is\/en\/frettir\/aukin-sjalfbaerni-graenmetisgeirans-a-islandi-verdmaetaskopun-ny-atvinnutaekifaeri-og-nyjungar\/#article","isPartOf":{"@id":"https:\/\/matis.is\/en\/frettir\/aukin-sjalfbaerni-graenmetisgeirans-a-islandi-verdmaetaskopun-ny-atvinnutaekifaeri-og-nyjungar\/"},"author":{"name":"admin","@id":"https:\/\/matis.is\/#\/schema\/person\/33b92c850c915c93e67f291e3381a49a"},"headline":"Aukin sj\u00e1lfb\u00e6rni gr\u00e6nmetisgeirans \u00e1 \u00cdslandi, ver\u00f0m\u00e6task\u00f6pun, n\u00fd atvinnut\u00e6kif\u00e6ri og n\u00fdjungar","datePublished":"2023-10-20T12:35:02+00:00","dateModified":"2024-09-05T12:54:42+00:00","mainEntityOfPage":{"@id":"https:\/\/matis.is\/en\/frettir\/aukin-sjalfbaerni-graenmetisgeirans-a-islandi-verdmaetaskopun-ny-atvinnutaekifaeri-og-nyjungar\/"},"wordCount":509,"publisher":{"@id":"https:\/\/matis.is\/#organization"},"image":{"@id":"https:\/\/matis.is\/en\/frettir\/aukin-sjalfbaerni-graenmetisgeirans-a-islandi-verdmaetaskopun-ny-atvinnutaekifaeri-og-nyjungar\/#primaryimage"},"thumbnailUrl":"https:\/\/matis.is\/wp-content\/uploads\/IMG_2281-scaled.jpg","articleSection":["Fr\u00e9ttir","News"],"inLanguage":"en-GB"},{"@type":"WebPage","@id":"https:\/\/matis.is\/en\/frettir\/aukin-sjalfbaerni-graenmetisgeirans-a-islandi-verdmaetaskopun-ny-atvinnutaekifaeri-og-nyjungar\/","url":"https:\/\/matis.is\/en\/frettir\/aukin-sjalfbaerni-graenmetisgeirans-a-islandi-verdmaetaskopun-ny-atvinnutaekifaeri-og-nyjungar\/","name":"Increased sustainability of the vegetable sector in Iceland, value creation, new job opportunities and innovations - Mat\u00eds","isPartOf":{"@id":"https:\/\/matis.is\/#website"},"primaryImageOfPage":{"@id":"https:\/\/matis.is\/en\/frettir\/aukin-sjalfbaerni-graenmetisgeirans-a-islandi-verdmaetaskopun-ny-atvinnutaekifaeri-og-nyjungar\/#primaryimage"},"image":{"@id":"https:\/\/matis.is\/en\/frettir\/aukin-sjalfbaerni-graenmetisgeirans-a-islandi-verdmaetaskopun-ny-atvinnutaekifaeri-og-nyjungar\/#primaryimage"},"thumbnailUrl":"https:\/\/matis.is\/wp-content\/uploads\/IMG_2281-scaled.jpg","datePublished":"2023-10-20T12:35:02+00:00","dateModified":"2024-09-05T12:54:42+00:00","breadcrumb":{"@id":"https:\/\/matis.is\/en\/frettir\/aukin-sjalfbaerni-graenmetisgeirans-a-islandi-verdmaetaskopun-ny-atvinnutaekifaeri-og-nyjungar\/#breadcrumb"},"inLanguage":"en-GB","potentialAction":[{"@type":"ReadAction","target":["https:\/\/matis.is\/en\/frettir\/aukin-sjalfbaerni-graenmetisgeirans-a-islandi-verdmaetaskopun-ny-atvinnutaekifaeri-og-nyjungar\/"]}]},{"@type":"ImageObject","inLanguage":"en-GB","@id":"https:\/\/matis.is\/en\/frettir\/aukin-sjalfbaerni-graenmetisgeirans-a-islandi-verdmaetaskopun-ny-atvinnutaekifaeri-og-nyjungar\/#primaryimage","url":"https:\/\/matis.is\/wp-content\/uploads\/IMG_2281-scaled.jpg","contentUrl":"https:\/\/matis.is\/wp-content\/uploads\/IMG_2281-scaled.jpg","width":2560,"height":1920},{"@type":"BreadcrumbList","@id":"https:\/\/matis.is\/en\/frettir\/aukin-sjalfbaerni-graenmetisgeirans-a-islandi-verdmaetaskopun-ny-atvinnutaekifaeri-og-nyjungar\/#breadcrumb","itemListElement":[{"@type":"ListItem","position":1,"name":"Home","item":"https:\/\/matis.is\/"},{"@type":"ListItem","position":2,"name":"Aukin sj\u00e1lfb\u00e6rni gr\u00e6nmetisgeirans \u00e1 \u00cdslandi, ver\u00f0m\u00e6task\u00f6pun, n\u00fd atvinnut\u00e6kif\u00e6ri og n\u00fdjungar"}]},{"@type":"WebSite","@id":"https:\/\/matis.is\/#website","url":"https:\/\/matis.is\/","name":"Mat\u00eds","description":"Value creation, food security and public health","publisher":{"@id":"https:\/\/matis.is\/#organization"},"potentialAction":[{"@type":"SearchAction","target":{"@type":"EntryPoint","urlTemplate":"https:\/\/matis.is\/?s={search_term_string}"},"query-input":{"@type":"PropertyValueSpecification","valueRequired":true,"valueName":"search_term_string"}}],"inLanguage":"en-GB"},{"@type":"Organization","@id":"https:\/\/matis.is\/#organization","name":"Mat\u00eds ohf.","url":"https:\/\/matis.is\/","logo":{"@type":"ImageObject","inLanguage":"en-GB","@id":"https:\/\/matis.is\/#\/schema\/logo\/image\/","url":"https:\/\/matis.is\/wp-content\/uploads\/2021\/02\/matis_logo_blatthvitt.png","contentUrl":"https:\/\/matis.is\/wp-content\/uploads\/2021\/02\/matis_logo_blatthvitt.png","width":1507,"height":1507,"caption":"Mat\u00eds ohf."},"image":{"@id":"https:\/\/matis.is\/#\/schema\/logo\/image\/"},"sameAs":["https:\/\/www.facebook.com\/matisiceland","https:\/\/x.com\/matisiceland","https:\/\/www.instagram.com\/matisiceland\/","https:\/\/www.linkedin.com\/matisiceland\/","https:\/\/www.youtube.com\/channel\/UCY-frt3uTqgVZW-DLjoo5bA"]},{"@type":"Person","@id":"https:\/\/matis.is\/#\/schema\/person\/33b92c850c915c93e67f291e3381a49a","name":"admin","sameAs":["https:\/\/matis.mareframe.eu"],"url":"https:\/\/matis.is\/en\/author\/thormodurmatis-is\/"}]}},"spectra_custom_meta":{"_edit_lock":["1725540883:3"],"_thumbnail_id":["46374"],"_wp_page_template":["template-covernew.php"],"wpmm_postgrid_views":["795"],"_edit_last":["3"],"tengilidur":[""],"_tengilidur":["field_5ef905e0538b2"],"_yoast_wpseo_primary_category":["1973"],"_yoast_wpseo_content_score":["30"],"_yoast_wpseo_estimated-reading-time-minutes":["3"],"_yoast_wpseo_wordproof_timestamp":[""],"footnotes":[""],"_uag_css_file_name":["uag-css-51018.css"],"_uag_page_assets":["a:9:{s:3:\"css\";s:263:\".uag-blocks-common-selector{z-index:var(--z-index-desktop) !important}@media (max-width: 976px){.uag-blocks-common-selector{z-index:var(--z-index-tablet) !important}}@media (max-width: 767px){.uag-blocks-common-selector{z-index:var(--z-index-mobile) !important}}\n\";s:2:\"js\";s:0:\"\";s:18:\"current_block_list\";a:6:{i:0;s:12:\"core\/heading\";i:1;s:14:\"core\/paragraph\";i:2;s:12:\"core\/buttons\";i:3;s:11:\"core\/button\";i:4;s:12:\"core\/columns\";i:5;s:11:\"core\/column\";}s:8:\"uag_flag\";b:0;s:11:\"uag_version\";s:10:\"1777300790\";s:6:\"gfonts\";a:0:{}s:10:\"gfonts_url\";s:0:\"\";s:12:\"gfonts_files\";a:0:{}s:14:\"uag_faq_layout\";b:0;}"]},"uagb_featured_image_src":{"full":["https:\/\/matis.is\/wp-content\/uploads\/IMG_2281-scaled.jpg",2560,1920,false],"thumbnail":["https:\/\/matis.is\/wp-content\/uploads\/IMG_2281-150x150.jpg",150,150,true],"medium":["https:\/\/matis.is\/wp-content\/uploads\/IMG_2281-300x225.jpg",300,225,true],"medium_large":["https:\/\/matis.is\/wp-content\/uploads\/IMG_2281-768x576.jpg",768,576,true],"large":["https:\/\/matis.is\/wp-content\/uploads\/IMG_2281-1024x768.jpg",1024,768,true],"1536x1536":["https:\/\/matis.is\/wp-content\/uploads\/IMG_2281-1536x1152.jpg",1536,1152,true],"2048x2048":["https:\/\/matis.is\/wp-content\/uploads\/IMG_2281-2048x1536.jpg",2048,1536,true],"trp-custom-language-flag":["https:\/\/matis.is\/wp-content\/uploads\/IMG_2281-16x12.jpg",16,12,true]},"uagb_author_info":{"display_name":"admin","author_link":"https:\/\/matis.is\/en\/author\/thormodurmatis-is\/"},"uagb_comment_info":0,"uagb_excerpt":"B\u00e6ndabla\u00f0i\u00f0 birti \u00ed vikunni tv\u00e6r greinar sem fj\u00f6llu\u00f0u um gr\u00e6nmetisverkefni sem unni\u00f0 hefur veri\u00f0 a\u00f0 hj\u00e1 Mat\u00eds s\u00ed\u00f0ustu misseri. Annars [&hellip;]","_links":{"self":[{"href":"https:\/\/matis.is\/en\/wp-json\/wp\/v2\/posts\/51018","targetHints":{"allow":["GET"]}}],"collection":[{"href":"https:\/\/matis.is\/en\/wp-json\/wp\/v2\/posts"}],"about":[{"href":"https:\/\/matis.is\/en\/wp-json\/wp\/v2\/types\/post"}],"author":[{"embeddable":true,"href":"https:\/\/matis.is\/en\/wp-json\/wp\/v2\/users\/1"}],"replies":[{"embeddable":true,"href":"https:\/\/matis.is\/en\/wp-json\/wp\/v2\/comments?post=51018"}],"version-history":[{"count":4,"href":"https:\/\/matis.is\/en\/wp-json\/wp\/v2\/posts\/51018\/revisions"}],"predecessor-version":[{"id":53334,"href":"https:\/\/matis.is\/en\/wp-json\/wp\/v2\/posts\/51018\/revisions\/53334"}],"wp:featuredmedia":[{"embeddable":true,"href":"https:\/\/matis.is\/en\/wp-json\/wp\/v2\/media\/46374"}],"wp:attachment":[{"href":"https:\/\/matis.is\/en\/wp-json\/wp\/v2\/media?parent=51018"}],"wp:term":[{"taxonomy":"category","embeddable":true,"href":"https:\/\/matis.is\/en\/wp-json\/wp\/v2\/categories?post=51018"},{"taxonomy":"post_tag","embeddable":true,"href":"https:\/\/matis.is\/en\/wp-json\/wp\/v2\/tags?post=51018"}],"curies":[{"name":"wp","href":"https:\/\/api.w.org\/{rel}","templated":true}]}}