{"id":51147,"date":"2023-11-14T10:55:39","date_gmt":"2023-11-14T10:55:39","guid":{"rendered":"https:\/\/matis.is\/?p=51147"},"modified":"2023-11-16T11:13:48","modified_gmt":"2023-11-16T11:13:48","slug":"matis-a-matvaelathingi-2023","status":"publish","type":"post","link":"https:\/\/matis.is\/en\/frettir\/matis-a-matvaelathingi-2023\/","title":{"rendered":"Mat\u00eds at the Food Congress 2023"},"content":{"rendered":"<h4 class=\"wp-block-heading\">The Food Congress will be held in Harpa on Wednesday, November 15, but the circular economy, in the context of the newly approved food policy until 2040, is the main subject of the congress, which is now being held for the second time.<\/h4>\n\n\n\n<p>Two representatives from Mat\u00eds are on the list of speakers <strong>Eva Margr\u00e9t J\u00f3nud\u00f3ttir, project manager<\/strong> and <strong>Birgir \u00d6rn Sm\u00e1rason, professional director of the professional group sustainability and fire. <\/strong><\/p>\n\n\n\n<p>Eva Margr\u00e9t will be one of four participants in a panel discussion entitled <em>Are there solutions hidden in the remains? Utilization of raw materials - nothing thrown away<\/em>. For example, she will discuss what opportunities there are for increased utilization, which resource flows could be used better, what the situation is today and what the future prospects are. Congress guests will be able to submit questions to be discussed by the panelists.<\/p>\n\n\n\n<p>Birgir \u00d6rn will deliver the talk <em>What&#039;s for dinner in 2050? \u2013 the future of food production<\/em>. Among other things, he will discuss the food that will be eaten in 2050, the changes that food systems will most likely undergo in the coming decades, and the reasons why food systems need to change. <\/p>\n\n\n\n<figure class=\"wp-block-gallery has-nested-images columns-default is-cropped wp-block-gallery-2 is-layout-flex wp-block-gallery-is-layout-flex\">\n<figure class=\"wp-block-image size-large\"><img loading=\"lazy\" decoding=\"async\" width=\"739\" height=\"1024\" data-id=\"45483\" src=\"https:\/\/matis.is\/wp-content\/uploads\/Eva_Margret_Jonudottir_svhv_MG_4670-739x1024.jpg\" alt=\"\" class=\"wp-image-45483\" srcset=\"https:\/\/matis.is\/wp-content\/uploads\/Eva_Margret_Jonudottir_svhv_MG_4670-739x1024.jpg 739w, https:\/\/matis.is\/wp-content\/uploads\/Eva_Margret_Jonudottir_svhv_MG_4670-217x300.jpg 217w, https:\/\/matis.is\/wp-content\/uploads\/Eva_Margret_Jonudottir_svhv_MG_4670-768x1064.jpg 768w, https:\/\/matis.is\/wp-content\/uploads\/Eva_Margret_Jonudottir_svhv_MG_4670-1109x1536.jpg 1109w, https:\/\/matis.is\/wp-content\/uploads\/Eva_Margret_Jonudottir_svhv_MG_4670-9x12.jpg 9w, https:\/\/matis.is\/wp-content\/uploads\/Eva_Margret_Jonudottir_svhv_MG_4670-1200x1662.jpg 1200w, https:\/\/matis.is\/wp-content\/uploads\/Eva_Margret_Jonudottir_svhv_MG_4670.jpg 1444w\" sizes=\"auto, (max-width: 739px) 100vw, 739px\" \/><\/figure>\n\n\n\n<figure class=\"wp-block-image size-large\"><img loading=\"lazy\" decoding=\"async\" width=\"739\" height=\"1024\" data-id=\"45969\" src=\"https:\/\/matis.is\/wp-content\/uploads\/Birgir_Orn_Smarason_svhv-739x1024.jpg\" alt=\"\" class=\"wp-image-45969\" srcset=\"https:\/\/matis.is\/wp-content\/uploads\/Birgir_Orn_Smarason_svhv-739x1024.jpg 739w, https:\/\/matis.is\/wp-content\/uploads\/Birgir_Orn_Smarason_svhv-217x300.jpg 217w, https:\/\/matis.is\/wp-content\/uploads\/Birgir_Orn_Smarason_svhv-768x1064.jpg 768w, https:\/\/matis.is\/wp-content\/uploads\/Birgir_Orn_Smarason_svhv-9x12.jpg 9w, https:\/\/matis.is\/wp-content\/uploads\/Birgir_Orn_Smarason_svhv.jpg 794w\" sizes=\"auto, (max-width: 739px) 100vw, 739px\" \/><\/figure>\n<\/figure>\n\n\n\n<p><strong>More information about the event and registration here: <a href=\"https:\/\/eventsite.eventbuizz.com\/matvaela-ing-2023-12426\">Food Congress 2023<\/a><\/strong><\/p>","protected":false},"excerpt":{"rendered":"<p>Matv\u00e6la\u00feing&nbsp;ver\u00f0ur haldi\u00f0 \u00ed H\u00f6rpu mi\u00f0vikudaginn 15. n\u00f3vember en hringr\u00e1sarhagkerfi\u00f0, \u00ed samhengi vi\u00f0 n\u00fdsam\u00feykkta matv\u00e6lastefnu til \u00e1rsins 2040, er meginvi\u00f0fangsefni \u00feingsins [&hellip;]<\/p>\n","protected":false},"author":1,"featured_media":51151,"comment_status":"closed","ping_status":"closed","sticky":false,"template":"template-covernew.php","format":"standard","meta":{"_acf_changed":false,"_uag_custom_page_level_css":"","site-sidebar-layout":"default","site-content-layout":"","ast-site-content-layout":"default","site-content-style":"default","site-sidebar-style":"default","ast-global-header-display":"","ast-banner-title-visibility":"","ast-main-header-display":"","ast-hfb-above-header-display":"","ast-hfb-below-header-display":"","ast-hfb-mobile-header-display":"","site-post-title":"","ast-breadcrumbs-content":"","ast-featured-img":"","footer-sml-layout":"","ast-disable-related-posts":"","theme-transparent-header-meta":"","adv-header-id-meta":"","stick-header-meta":"","header-above-stick-meta":"","header-main-stick-meta":"","header-below-stick-meta":"","astra-migrate-meta-layouts":"default","ast-page-background-enabled":"default","ast-page-background-meta":{"desktop":{"background-color":"var(--ast-global-color-5)","background-image":"","background-repeat":"repeat","background-position":"center center","background-size":"auto","background-attachment":"scroll","background-type":"","background-media":"","overlay-type":"","overlay-color":"","overlay-opacity":"","overlay-gradient":""},"tablet":{"background-color":"","background-image":"","background-repeat":"repeat","background-position":"center center","background-size":"auto","background-attachment":"scroll","background-type":"","background-media":"","overlay-type":"","overlay-color":"","overlay-opacity":"","overlay-gradient":""},"mobile":{"background-color":"","background-image":"","background-repeat":"repeat","background-position":"center center","background-size":"auto","background-attachment":"scroll","background-type":"","background-media":"","overlay-type":"","overlay-color":"","overlay-opacity":"","overlay-gradient":""}},"ast-content-background-meta":{"desktop":{"background-color":"var(--ast-global-color-4)","background-image":"","background-repeat":"repeat","background-position":"center center","background-size":"auto","background-attachment":"scroll","background-type":"","background-media":"","overlay-type":"","overlay-color":"","overlay-opacity":"","overlay-gradient":""},"tablet":{"background-color":"var(--ast-global-color-4)","background-image":"","background-repeat":"repeat","background-position":"center center","background-size":"auto","background-attachment":"scroll","background-type":"","background-media":"","overlay-type":"","overlay-color":"","overlay-opacity":"","overlay-gradient":""},"mobile":{"background-color":"var(--ast-global-color-4)","background-image":"","background-repeat":"repeat","background-position":"center center","background-size":"auto","background-attachment":"scroll","background-type":"","background-media":"","overlay-type":"","overlay-color":"","overlay-opacity":"","overlay-gradient":""}},"footnotes":""},"categories":[1973],"tags":[],"class_list":["post-51147","post","type-post","status-publish","format-standard","has-post-thumbnail","hentry","category-frettir"],"acf":[],"yoast_head":"<!-- This site is optimized with the Yoast SEO plugin v27.4 - https:\/\/yoast.com\/product\/yoast-seo-wordpress\/ -->\n<title>Mat\u00eds \u00e1 Matv\u00e6la\u00feingi 2023 - Mat\u00eds<\/title>\n<meta name=\"robots\" content=\"index, follow, max-snippet:-1, max-image-preview:large, max-video-preview:-1\" \/>\n<link rel=\"canonical\" href=\"https:\/\/matis.is\/en\/frettir\/matis-a-matvaelathingi-2023\/\" \/>\n<meta property=\"og:locale\" content=\"en_GB\" \/>\n<meta property=\"og:type\" content=\"article\" \/>\n<meta property=\"og:title\" content=\"Mat\u00eds \u00e1 Matv\u00e6la\u00feingi 2023 - Mat\u00eds\" \/>\n<meta property=\"og:description\" content=\"Matv\u00e6la\u00feing&nbsp;ver\u00f0ur haldi\u00f0 \u00ed H\u00f6rpu mi\u00f0vikudaginn 15. n\u00f3vember en hringr\u00e1sarhagkerfi\u00f0, \u00ed samhengi vi\u00f0 n\u00fdsam\u00feykkta matv\u00e6lastefnu til \u00e1rsins 2040, er meginvi\u00f0fangsefni \u00feingsins [&hellip;]\" \/>\n<meta property=\"og:url\" content=\"https:\/\/matis.is\/en\/frettir\/matis-a-matvaelathingi-2023\/\" \/>\n<meta property=\"og:site_name\" content=\"Mat\u00eds\" \/>\n<meta property=\"article:publisher\" content=\"https:\/\/www.facebook.com\/matisiceland\" \/>\n<meta property=\"article:published_time\" content=\"2023-11-14T10:55:39+00:00\" \/>\n<meta property=\"article:modified_time\" content=\"2023-11-16T11:13:48+00:00\" \/>\n<meta property=\"og:image\" content=\"https:\/\/matis.is\/wp-content\/uploads\/Mtv23-announce-square1.jpg\" \/>\n\t<meta property=\"og:image:width\" content=\"1920\" \/>\n\t<meta property=\"og:image:height\" content=\"1920\" \/>\n\t<meta property=\"og:image:type\" content=\"image\/jpeg\" \/>\n<meta name=\"author\" content=\"admin\" \/>\n<meta name=\"twitter:card\" content=\"summary_large_image\" \/>\n<meta name=\"twitter:creator\" content=\"@matisiceland\" \/>\n<meta name=\"twitter:site\" content=\"@matisiceland\" \/>\n<meta name=\"twitter:label1\" content=\"Written by\" \/>\n\t<meta name=\"twitter:data1\" content=\"admin\" \/>\n\t<meta name=\"twitter:label2\" content=\"Estimated reading time\" \/>\n\t<meta name=\"twitter:data2\" content=\"2 minutes\" \/>\n<script type=\"application\/ld+json\" class=\"yoast-schema-graph\">{\"@context\":\"https:\\\/\\\/schema.org\",\"@graph\":[{\"@type\":\"Article\",\"@id\":\"https:\\\/\\\/matis.is\\\/frettir\\\/matis-a-matvaelathingi-2023\\\/#article\",\"isPartOf\":{\"@id\":\"https:\\\/\\\/matis.is\\\/frettir\\\/matis-a-matvaelathingi-2023\\\/\"},\"author\":{\"name\":\"admin\",\"@id\":\"https:\\\/\\\/matis.is\\\/#\\\/schema\\\/person\\\/33b92c850c915c93e67f291e3381a49a\"},\"headline\":\"Mat\u00eds \u00e1 Matv\u00e6la\u00feingi 2023\",\"datePublished\":\"2023-11-14T10:55:39+00:00\",\"dateModified\":\"2023-11-16T11:13:48+00:00\",\"mainEntityOfPage\":{\"@id\":\"https:\\\/\\\/matis.is\\\/frettir\\\/matis-a-matvaelathingi-2023\\\/\"},\"wordCount\":219,\"publisher\":{\"@id\":\"https:\\\/\\\/matis.is\\\/#organization\"},\"image\":{\"@id\":\"https:\\\/\\\/matis.is\\\/frettir\\\/matis-a-matvaelathingi-2023\\\/#primaryimage\"},\"thumbnailUrl\":\"https:\\\/\\\/matis.is\\\/wp-content\\\/uploads\\\/Mtv23-announce-square1.jpg\",\"articleSection\":[\"Fr\u00e9ttir\"],\"inLanguage\":\"en-GB\"},{\"@type\":\"WebPage\",\"@id\":\"https:\\\/\\\/matis.is\\\/frettir\\\/matis-a-matvaelathingi-2023\\\/\",\"url\":\"https:\\\/\\\/matis.is\\\/frettir\\\/matis-a-matvaelathingi-2023\\\/\",\"name\":\"Mat\u00eds \u00e1 Matv\u00e6la\u00feingi 2023 - Mat\u00eds\",\"isPartOf\":{\"@id\":\"https:\\\/\\\/matis.is\\\/#website\"},\"primaryImageOfPage\":{\"@id\":\"https:\\\/\\\/matis.is\\\/frettir\\\/matis-a-matvaelathingi-2023\\\/#primaryimage\"},\"image\":{\"@id\":\"https:\\\/\\\/matis.is\\\/frettir\\\/matis-a-matvaelathingi-2023\\\/#primaryimage\"},\"thumbnailUrl\":\"https:\\\/\\\/matis.is\\\/wp-content\\\/uploads\\\/Mtv23-announce-square1.jpg\",\"datePublished\":\"2023-11-14T10:55:39+00:00\",\"dateModified\":\"2023-11-16T11:13:48+00:00\",\"breadcrumb\":{\"@id\":\"https:\\\/\\\/matis.is\\\/frettir\\\/matis-a-matvaelathingi-2023\\\/#breadcrumb\"},\"inLanguage\":\"en-GB\",\"potentialAction\":[{\"@type\":\"ReadAction\",\"target\":[\"https:\\\/\\\/matis.is\\\/frettir\\\/matis-a-matvaelathingi-2023\\\/\"]}]},{\"@type\":\"ImageObject\",\"inLanguage\":\"en-GB\",\"@id\":\"https:\\\/\\\/matis.is\\\/frettir\\\/matis-a-matvaelathingi-2023\\\/#primaryimage\",\"url\":\"https:\\\/\\\/matis.is\\\/wp-content\\\/uploads\\\/Mtv23-announce-square1.jpg\",\"contentUrl\":\"https:\\\/\\\/matis.is\\\/wp-content\\\/uploads\\\/Mtv23-announce-square1.jpg\",\"width\":1920,\"height\":1920},{\"@type\":\"BreadcrumbList\",\"@id\":\"https:\\\/\\\/matis.is\\\/frettir\\\/matis-a-matvaelathingi-2023\\\/#breadcrumb\",\"itemListElement\":[{\"@type\":\"ListItem\",\"position\":1,\"name\":\"Home\",\"item\":\"https:\\\/\\\/matis.is\\\/\"},{\"@type\":\"ListItem\",\"position\":2,\"name\":\"Mat\u00eds \u00e1 Matv\u00e6la\u00feingi 2023\"}]},{\"@type\":\"WebSite\",\"@id\":\"https:\\\/\\\/matis.is\\\/#website\",\"url\":\"https:\\\/\\\/matis.is\\\/\",\"name\":\"Mat\u00eds\",\"description\":\"Ver\u00f0m\u00e6task\u00f6pun, matv\u00e6la\u00f6ryggi og l\u00fd\u00f0heilsa\",\"publisher\":{\"@id\":\"https:\\\/\\\/matis.is\\\/#organization\"},\"potentialAction\":[{\"@type\":\"SearchAction\",\"target\":{\"@type\":\"EntryPoint\",\"urlTemplate\":\"https:\\\/\\\/matis.is\\\/?s={search_term_string}\"},\"query-input\":{\"@type\":\"PropertyValueSpecification\",\"valueRequired\":true,\"valueName\":\"search_term_string\"}}],\"inLanguage\":\"en-GB\"},{\"@type\":\"Organization\",\"@id\":\"https:\\\/\\\/matis.is\\\/#organization\",\"name\":\"Mat\u00eds ohf.\",\"url\":\"https:\\\/\\\/matis.is\\\/\",\"logo\":{\"@type\":\"ImageObject\",\"inLanguage\":\"en-GB\",\"@id\":\"https:\\\/\\\/matis.is\\\/#\\\/schema\\\/logo\\\/image\\\/\",\"url\":\"https:\\\/\\\/matis.is\\\/wp-content\\\/uploads\\\/2021\\\/02\\\/matis_logo_blatthvitt.png\",\"contentUrl\":\"https:\\\/\\\/matis.is\\\/wp-content\\\/uploads\\\/2021\\\/02\\\/matis_logo_blatthvitt.png\",\"width\":1507,\"height\":1507,\"caption\":\"Mat\u00eds ohf.\"},\"image\":{\"@id\":\"https:\\\/\\\/matis.is\\\/#\\\/schema\\\/logo\\\/image\\\/\"},\"sameAs\":[\"https:\\\/\\\/www.facebook.com\\\/matisiceland\",\"https:\\\/\\\/x.com\\\/matisiceland\",\"https:\\\/\\\/www.instagram.com\\\/matisiceland\\\/\",\"https:\\\/\\\/www.linkedin.com\\\/matisiceland\\\/\",\"https:\\\/\\\/www.youtube.com\\\/channel\\\/UCY-frt3uTqgVZW-DLjoo5bA\"]},{\"@type\":\"Person\",\"@id\":\"https:\\\/\\\/matis.is\\\/#\\\/schema\\\/person\\\/33b92c850c915c93e67f291e3381a49a\",\"name\":\"admin\",\"sameAs\":[\"https:\\\/\\\/matis.mareframe.eu\"],\"url\":\"https:\\\/\\\/matis.is\\\/en\\\/author\\\/thormodurmatis-is\\\/\"}]}<\/script>\n<!-- \/ Yoast SEO plugin. -->","yoast_head_json":{"title":"Mat\u00eds at the Food Congress 2023 - Mat\u00eds","robots":{"index":"index","follow":"follow","max-snippet":"max-snippet:-1","max-image-preview":"max-image-preview:large","max-video-preview":"max-video-preview:-1"},"canonical":"https:\/\/matis.is\/en\/frettir\/matis-a-matvaelathingi-2023\/","og_locale":"en_GB","og_type":"article","og_title":"Mat\u00eds \u00e1 Matv\u00e6la\u00feingi 2023 - Mat\u00eds","og_description":"Matv\u00e6la\u00feing&nbsp;ver\u00f0ur haldi\u00f0 \u00ed H\u00f6rpu mi\u00f0vikudaginn 15. n\u00f3vember en hringr\u00e1sarhagkerfi\u00f0, \u00ed samhengi vi\u00f0 n\u00fdsam\u00feykkta matv\u00e6lastefnu til \u00e1rsins 2040, er meginvi\u00f0fangsefni \u00feingsins [&hellip;]","og_url":"https:\/\/matis.is\/en\/frettir\/matis-a-matvaelathingi-2023\/","og_site_name":"Mat\u00eds","article_publisher":"https:\/\/www.facebook.com\/matisiceland","article_published_time":"2023-11-14T10:55:39+00:00","article_modified_time":"2023-11-16T11:13:48+00:00","og_image":[{"width":1920,"height":1920,"url":"https:\/\/matis.is\/wp-content\/uploads\/Mtv23-announce-square1.jpg","type":"image\/jpeg"}],"author":"admin","twitter_card":"summary_large_image","twitter_creator":"@matisiceland","twitter_site":"@matisiceland","twitter_misc":{"Written by":"admin","Estimated reading time":"2 minutes"},"schema":{"@context":"https:\/\/schema.org","@graph":[{"@type":"Article","@id":"https:\/\/matis.is\/frettir\/matis-a-matvaelathingi-2023\/#article","isPartOf":{"@id":"https:\/\/matis.is\/frettir\/matis-a-matvaelathingi-2023\/"},"author":{"name":"admin","@id":"https:\/\/matis.is\/#\/schema\/person\/33b92c850c915c93e67f291e3381a49a"},"headline":"Mat\u00eds \u00e1 Matv\u00e6la\u00feingi 2023","datePublished":"2023-11-14T10:55:39+00:00","dateModified":"2023-11-16T11:13:48+00:00","mainEntityOfPage":{"@id":"https:\/\/matis.is\/frettir\/matis-a-matvaelathingi-2023\/"},"wordCount":219,"publisher":{"@id":"https:\/\/matis.is\/#organization"},"image":{"@id":"https:\/\/matis.is\/frettir\/matis-a-matvaelathingi-2023\/#primaryimage"},"thumbnailUrl":"https:\/\/matis.is\/wp-content\/uploads\/Mtv23-announce-square1.jpg","articleSection":["Fr\u00e9ttir"],"inLanguage":"en-GB"},{"@type":"WebPage","@id":"https:\/\/matis.is\/frettir\/matis-a-matvaelathingi-2023\/","url":"https:\/\/matis.is\/frettir\/matis-a-matvaelathingi-2023\/","name":"Mat\u00eds at the Food Congress 2023 - Mat\u00eds","isPartOf":{"@id":"https:\/\/matis.is\/#website"},"primaryImageOfPage":{"@id":"https:\/\/matis.is\/frettir\/matis-a-matvaelathingi-2023\/#primaryimage"},"image":{"@id":"https:\/\/matis.is\/frettir\/matis-a-matvaelathingi-2023\/#primaryimage"},"thumbnailUrl":"https:\/\/matis.is\/wp-content\/uploads\/Mtv23-announce-square1.jpg","datePublished":"2023-11-14T10:55:39+00:00","dateModified":"2023-11-16T11:13:48+00:00","breadcrumb":{"@id":"https:\/\/matis.is\/frettir\/matis-a-matvaelathingi-2023\/#breadcrumb"},"inLanguage":"en-GB","potentialAction":[{"@type":"ReadAction","target":["https:\/\/matis.is\/frettir\/matis-a-matvaelathingi-2023\/"]}]},{"@type":"ImageObject","inLanguage":"en-GB","@id":"https:\/\/matis.is\/frettir\/matis-a-matvaelathingi-2023\/#primaryimage","url":"https:\/\/matis.is\/wp-content\/uploads\/Mtv23-announce-square1.jpg","contentUrl":"https:\/\/matis.is\/wp-content\/uploads\/Mtv23-announce-square1.jpg","width":1920,"height":1920},{"@type":"BreadcrumbList","@id":"https:\/\/matis.is\/frettir\/matis-a-matvaelathingi-2023\/#breadcrumb","itemListElement":[{"@type":"ListItem","position":1,"name":"Home","item":"https:\/\/matis.is\/"},{"@type":"ListItem","position":2,"name":"Mat\u00eds \u00e1 Matv\u00e6la\u00feingi 2023"}]},{"@type":"WebSite","@id":"https:\/\/matis.is\/#website","url":"https:\/\/matis.is\/","name":"Mat\u00eds","description":"Value creation, food security and public health","publisher":{"@id":"https:\/\/matis.is\/#organization"},"potentialAction":[{"@type":"SearchAction","target":{"@type":"EntryPoint","urlTemplate":"https:\/\/matis.is\/?s={search_term_string}"},"query-input":{"@type":"PropertyValueSpecification","valueRequired":true,"valueName":"search_term_string"}}],"inLanguage":"en-GB"},{"@type":"Organization","@id":"https:\/\/matis.is\/#organization","name":"Mat\u00eds ohf.","url":"https:\/\/matis.is\/","logo":{"@type":"ImageObject","inLanguage":"en-GB","@id":"https:\/\/matis.is\/#\/schema\/logo\/image\/","url":"https:\/\/matis.is\/wp-content\/uploads\/2021\/02\/matis_logo_blatthvitt.png","contentUrl":"https:\/\/matis.is\/wp-content\/uploads\/2021\/02\/matis_logo_blatthvitt.png","width":1507,"height":1507,"caption":"Mat\u00eds ohf."},"image":{"@id":"https:\/\/matis.is\/#\/schema\/logo\/image\/"},"sameAs":["https:\/\/www.facebook.com\/matisiceland","https:\/\/x.com\/matisiceland","https:\/\/www.instagram.com\/matisiceland\/","https:\/\/www.linkedin.com\/matisiceland\/","https:\/\/www.youtube.com\/channel\/UCY-frt3uTqgVZW-DLjoo5bA"]},{"@type":"Person","@id":"https:\/\/matis.is\/#\/schema\/person\/33b92c850c915c93e67f291e3381a49a","name":"admin","sameAs":["https:\/\/matis.mareframe.eu"],"url":"https:\/\/matis.is\/en\/author\/thormodurmatis-is\/"}]}},"spectra_custom_meta":{"_edit_lock":["1700211948:1"],"_edit_last":["1"],"tengilidur":[""],"_tengilidur":["field_5ef905e0538b2"],"_yoast_wpseo_primary_category":["1973"],"_yoast_wpseo_content_score":["60"],"_yoast_wpseo_estimated-reading-time-minutes":["2"],"_yoast_wpseo_wordproof_timestamp":[""],"footnotes":[""],"_wp_old_date":["2023-11-13"],"_thumbnail_id":["51151"],"wpmm_postgrid_views":["264"],"_wp_page_template":["template-covernew.php"],"_uag_css_file_name":["uag-css-51147.css"],"_uag_page_assets":["a:9:{s:3:\"css\";s:263:\".uag-blocks-common-selector{z-index:var(--z-index-desktop) !important}@media (max-width: 976px){.uag-blocks-common-selector{z-index:var(--z-index-tablet) !important}}@media (max-width: 767px){.uag-blocks-common-selector{z-index:var(--z-index-mobile) !important}}\n\";s:2:\"js\";s:0:\"\";s:18:\"current_block_list\";a:8:{i:0;s:12:\"core\/heading\";i:1;s:14:\"core\/paragraph\";i:2;s:12:\"core\/gallery\";i:3;s:10:\"core\/image\";i:4;s:12:\"core\/buttons\";i:5;s:11:\"core\/button\";i:6;s:12:\"core\/columns\";i:7;s:11:\"core\/column\";}s:8:\"uag_flag\";b:0;s:11:\"uag_version\";s:10:\"1777300790\";s:6:\"gfonts\";a:0:{}s:10:\"gfonts_url\";s:0:\"\";s:12:\"gfonts_files\";a:0:{}s:14:\"uag_faq_layout\";b:0;}"]},"uagb_featured_image_src":{"full":["https:\/\/matis.is\/wp-content\/uploads\/Mtv23-announce-square1.jpg",1920,1920,false],"thumbnail":["https:\/\/matis.is\/wp-content\/uploads\/Mtv23-announce-square1-150x150.jpg",150,150,true],"medium":["https:\/\/matis.is\/wp-content\/uploads\/Mtv23-announce-square1-300x300.jpg",300,300,true],"medium_large":["https:\/\/matis.is\/wp-content\/uploads\/Mtv23-announce-square1-768x768.jpg",768,768,true],"large":["https:\/\/matis.is\/wp-content\/uploads\/Mtv23-announce-square1-1024x1024.jpg",1024,1024,true],"1536x1536":["https:\/\/matis.is\/wp-content\/uploads\/Mtv23-announce-square1-1536x1536.jpg",1536,1536,true],"2048x2048":["https:\/\/matis.is\/wp-content\/uploads\/Mtv23-announce-square1.jpg",1920,1920,false],"trp-custom-language-flag":["https:\/\/matis.is\/wp-content\/uploads\/Mtv23-announce-square1-12x12.jpg",12,12,true]},"uagb_author_info":{"display_name":"admin","author_link":"https:\/\/matis.is\/en\/author\/thormodurmatis-is\/"},"uagb_comment_info":0,"uagb_excerpt":"Matv\u00e6la\u00feing&nbsp;ver\u00f0ur haldi\u00f0 \u00ed H\u00f6rpu mi\u00f0vikudaginn 15. n\u00f3vember en hringr\u00e1sarhagkerfi\u00f0, \u00ed samhengi vi\u00f0 n\u00fdsam\u00feykkta matv\u00e6lastefnu til \u00e1rsins 2040, er meginvi\u00f0fangsefni \u00feingsins [&hellip;]","_links":{"self":[{"href":"https:\/\/matis.is\/en\/wp-json\/wp\/v2\/posts\/51147","targetHints":{"allow":["GET"]}}],"collection":[{"href":"https:\/\/matis.is\/en\/wp-json\/wp\/v2\/posts"}],"about":[{"href":"https:\/\/matis.is\/en\/wp-json\/wp\/v2\/types\/post"}],"author":[{"embeddable":true,"href":"https:\/\/matis.is\/en\/wp-json\/wp\/v2\/users\/1"}],"replies":[{"embeddable":true,"href":"https:\/\/matis.is\/en\/wp-json\/wp\/v2\/comments?post=51147"}],"version-history":[{"count":5,"href":"https:\/\/matis.is\/en\/wp-json\/wp\/v2\/posts\/51147\/revisions"}],"predecessor-version":[{"id":51156,"href":"https:\/\/matis.is\/en\/wp-json\/wp\/v2\/posts\/51147\/revisions\/51156"}],"wp:featuredmedia":[{"embeddable":true,"href":"https:\/\/matis.is\/en\/wp-json\/wp\/v2\/media\/51151"}],"wp:attachment":[{"href":"https:\/\/matis.is\/en\/wp-json\/wp\/v2\/media?parent=51147"}],"wp:term":[{"taxonomy":"category","embeddable":true,"href":"https:\/\/matis.is\/en\/wp-json\/wp\/v2\/categories?post=51147"},{"taxonomy":"post_tag","embeddable":true,"href":"https:\/\/matis.is\/en\/wp-json\/wp\/v2\/tags?post=51147"}],"curies":[{"name":"wp","href":"https:\/\/api.w.org\/{rel}","templated":true}]}}