{"id":51190,"date":"2023-11-22T16:23:32","date_gmt":"2023-11-22T16:23:32","guid":{"rendered":"https:\/\/matis.is\/?p=51190"},"modified":"2023-12-01T10:43:59","modified_gmt":"2023-12-01T10:43:59","slug":"heimsokn-i-fyrirtaeki-a-vestfjordum-framtidin-er-bjort","status":"publish","type":"post","link":"https:\/\/matis.is\/en\/frettir\/heimsokn-i-fyrirtaeki-a-vestfjordum-framtidin-er-bjort\/","title":{"rendered":"Visit to a company in the Westfjords - the future is bright"},"content":{"rendered":"<h4 class=\"wp-block-heading\">Two of Mat\u00eds&#039; stage managers, they <a href=\"https:\/\/matis.is\/en\/matis_staff\/gudmundur-stefansson\/\">Gu\u00f0mundur Stef\u00e1nsson<\/a> and <a href=\"https:\/\/matis.is\/en\/matis_staff\/jonas-runar-vidarsson\/\">J\u00f3nas R. Vi\u00f0arsson<\/a>, put their best foot forward last week and visited some well-chosen food production companies in the Westfjords. <\/h4>\n\n\n\n<p>So that the delegation was now not only made up of &quot;experts from the south&quot;, they joined them <a href=\"https:\/\/matis.is\/en\/matis_staff\/gunnar-thordarson\/\">Gunnar \u00de\u00f3r\u00f0arson<\/a> regional manager Mat\u00eds \u00e1 Vestfj\u00f6r\u00f0ur and Gu\u00f0r\u00fan Anna Finnbogad\u00f3ttir from <a href=\"https:\/\/www.vestfirdir.is\/\">Vestfj\u00f6r\u00f0ur room<\/a>. <\/p>\n\n\n\n<figure class=\"wp-block-gallery has-nested-images columns-default is-cropped wp-block-gallery-2 is-layout-flex wp-block-gallery-is-layout-flex\">\n<figure class=\"wp-block-image size-large\"><img loading=\"lazy\" decoding=\"async\" width=\"1024\" height=\"461\" data-id=\"51238\" src=\"https:\/\/matis.is\/wp-content\/uploads\/20231114_152658-1024x461.jpg\" alt=\"\" class=\"wp-image-51238\" srcset=\"https:\/\/matis.is\/wp-content\/uploads\/20231114_152658-1024x461.jpg 1024w, https:\/\/matis.is\/wp-content\/uploads\/20231114_152658-300x135.jpg 300w, https:\/\/matis.is\/wp-content\/uploads\/20231114_152658-768x346.jpg 768w, https:\/\/matis.is\/wp-content\/uploads\/20231114_152658-1536x692.jpg 1536w, https:\/\/matis.is\/wp-content\/uploads\/20231114_152658-18x8.jpg 18w, https:\/\/matis.is\/wp-content\/uploads\/20231114_152658-1200x540.jpg 1200w, https:\/\/matis.is\/wp-content\/uploads\/20231114_152658-1980x892.jpg 1980w, https:\/\/matis.is\/wp-content\/uploads\/20231114_152658.jpg 2016w\" sizes=\"auto, (max-width: 1024px) 100vw, 1024px\" \/><\/figure>\n\n\n\n<figure class=\"wp-block-image size-large\"><img loading=\"lazy\" decoding=\"async\" width=\"1024\" height=\"461\" data-id=\"51236\" src=\"https:\/\/matis.is\/wp-content\/uploads\/20231114_092436-1024x461.jpg\" alt=\"\" class=\"wp-image-51236\" srcset=\"https:\/\/matis.is\/wp-content\/uploads\/20231114_092436-1024x461.jpg 1024w, https:\/\/matis.is\/wp-content\/uploads\/20231114_092436-300x135.jpg 300w, https:\/\/matis.is\/wp-content\/uploads\/20231114_092436-768x346.jpg 768w, https:\/\/matis.is\/wp-content\/uploads\/20231114_092436-1536x692.jpg 1536w, https:\/\/matis.is\/wp-content\/uploads\/20231114_092436-18x8.jpg 18w, https:\/\/matis.is\/wp-content\/uploads\/20231114_092436-1200x540.jpg 1200w, https:\/\/matis.is\/wp-content\/uploads\/20231114_092436-1980x892.jpg 1980w, https:\/\/matis.is\/wp-content\/uploads\/20231114_092436.jpg 2016w\" sizes=\"auto, (max-width: 1024px) 100vw, 1024px\" \/><\/figure>\n<figcaption class=\"blocks-gallery-caption wp-element-caption\">S\u00fagandafj\u00f6r\u00f0ur and Arnarfj\u00f6r\u00f0ur welcomed the group with pleasant weather.<\/figcaption><\/figure>\n\n\n\n<p>Vestfj\u00f6r\u00f0ur welcomed the group extremely well, with sunshine and smiles in their hearts. The companies that were visited were Arnarlax in B\u00edldudal, Oddi in Patreksfj\u00f6r\u00f0ur, Arctic Fish and Drimla in Bolungav\u00edk, Klofningur and Fisherman in Su\u00f0ureyri, as well as representatives of Vesturbygg\u00f0 had a meeting with the group to introduce the activities planned for Vatneyrarb\u00fad in Patreksfj\u00f6r\u00f0ur. <\/p>\n\n\n\n<figure class=\"wp-block-image aligncenter size-large\"><img loading=\"lazy\" decoding=\"async\" width=\"1024\" height=\"577\" src=\"https:\/\/matis.is\/wp-content\/uploads\/401095303_24178719611774877_5625800521297453467_n-1024x577.jpg\" alt=\"\" class=\"wp-image-51235\" srcset=\"https:\/\/matis.is\/wp-content\/uploads\/401095303_24178719611774877_5625800521297453467_n-1024x577.jpg 1024w, https:\/\/matis.is\/wp-content\/uploads\/401095303_24178719611774877_5625800521297453467_n-300x169.jpg 300w, https:\/\/matis.is\/wp-content\/uploads\/401095303_24178719611774877_5625800521297453467_n-768x432.jpg 768w, https:\/\/matis.is\/wp-content\/uploads\/401095303_24178719611774877_5625800521297453467_n-1536x865.jpg 1536w, https:\/\/matis.is\/wp-content\/uploads\/401095303_24178719611774877_5625800521297453467_n-18x10.jpg 18w, https:\/\/matis.is\/wp-content\/uploads\/401095303_24178719611774877_5625800521297453467_n-1200x676.jpg 1200w, https:\/\/matis.is\/wp-content\/uploads\/401095303_24178719611774877_5625800521297453467_n-1980x1115.jpg 1980w, https:\/\/matis.is\/wp-content\/uploads\/401095303_24178719611774877_5625800521297453467_n.jpg 2000w\" sizes=\"auto, (max-width: 1024px) 100vw, 1024px\" \/><figcaption class=\"wp-element-caption\">A\u00f0alsteinn at Fisherman shows the company&#039;s processing facilities in Su\u00f0ureyri, but the company offers an ambitious product range of seafood in consumer packaging.<\/figcaption><\/figure>\n\n\n\n<p>This visit to Vestfj\u00f6r\u00f0ur was extremely enjoyable and instructive, as there is a lot of work going on in the area. Mat\u00eds expects that it will be possible, in the coming months, to nurture even better the good cooperation that the company has had with parties in the region. The future is bright for employment in the Westfjords<\/p>\n\n\n\n<figure class=\"wp-block-gallery has-nested-images columns-default is-cropped wp-block-gallery-3 is-layout-flex wp-block-gallery-is-layout-flex\">\n<figure class=\"wp-block-image size-large\"><img loading=\"lazy\" decoding=\"async\" width=\"577\" height=\"1024\" data-id=\"51232\" src=\"https:\/\/matis.is\/wp-content\/uploads\/400488406_1074139934001478_3772912591144005024_n-577x1024.jpg\" alt=\"\" class=\"wp-image-51232\" srcset=\"https:\/\/matis.is\/wp-content\/uploads\/400488406_1074139934001478_3772912591144005024_n-577x1024.jpg 577w, https:\/\/matis.is\/wp-content\/uploads\/400488406_1074139934001478_3772912591144005024_n-169x300.jpg 169w, https:\/\/matis.is\/wp-content\/uploads\/400488406_1074139934001478_3772912591144005024_n-768x1364.jpg 768w, https:\/\/matis.is\/wp-content\/uploads\/400488406_1074139934001478_3772912591144005024_n-865x1536.jpg 865w, https:\/\/matis.is\/wp-content\/uploads\/400488406_1074139934001478_3772912591144005024_n-7x12.jpg 7w, https:\/\/matis.is\/wp-content\/uploads\/400488406_1074139934001478_3772912591144005024_n.jpg 1126w\" sizes=\"auto, (max-width: 577px) 100vw, 577px\" \/><\/figure>\n\n\n\n<figure class=\"wp-block-image size-large\"><img loading=\"lazy\" decoding=\"async\" width=\"577\" height=\"1024\" data-id=\"51234\" src=\"https:\/\/matis.is\/wp-content\/uploads\/401047851_858062982712922_1097223082489904431_n-577x1024.jpg\" alt=\"\" class=\"wp-image-51234\" srcset=\"https:\/\/matis.is\/wp-content\/uploads\/401047851_858062982712922_1097223082489904431_n-577x1024.jpg 577w, https:\/\/matis.is\/wp-content\/uploads\/401047851_858062982712922_1097223082489904431_n-169x300.jpg 169w, https:\/\/matis.is\/wp-content\/uploads\/401047851_858062982712922_1097223082489904431_n-768x1364.jpg 768w, https:\/\/matis.is\/wp-content\/uploads\/401047851_858062982712922_1097223082489904431_n-865x1536.jpg 865w, https:\/\/matis.is\/wp-content\/uploads\/401047851_858062982712922_1097223082489904431_n-7x12.jpg 7w, https:\/\/matis.is\/wp-content\/uploads\/401047851_858062982712922_1097223082489904431_n.jpg 1126w\" sizes=\"auto, (max-width: 577px) 100vw, 577px\" \/><\/figure>\n<figcaption class=\"blocks-gallery-caption wp-element-caption\">(til vinstri):A\u00f0alsteinn kemur einnig a\u00f0 rekstri n\u00fdlenduv\u00f6ruverzlunar \u00e1 Su\u00f0ureyri, sem sta\u00f0sett er \u00ed gl\u00e6silegu n\u00fdreistu ,,g\u00f6mlu verzlunarh\u00fasn\u00e6\u00f0i&#8220;. <br>Right: Visit to Drimla, Arctic Fish slaughterhouse in Bolungarv\u00edk.<\/figcaption><\/figure>","protected":false},"excerpt":{"rendered":"<p>Tveir af svi\u00f0sstj\u00f3rum Mat\u00eds, \u00feeir Gu\u00f0mundur Stef\u00e1nsson og J\u00f3nas R. Vi\u00f0arsson, brug\u00f0u undir sig betri f\u00e6tinum \u00ed s\u00ed\u00f0ustu viku og [&hellip;]<\/p>\n","protected":false},"author":1,"featured_media":51210,"comment_status":"closed","ping_status":"closed","sticky":false,"template":"template-covernew.php","format":"standard","meta":{"_acf_changed":false,"_uag_custom_page_level_css":"","site-sidebar-layout":"default","site-content-layout":"","ast-site-content-layout":"default","site-content-style":"default","site-sidebar-style":"default","ast-global-header-display":"","ast-banner-title-visibility":"","ast-main-header-display":"","ast-hfb-above-header-display":"","ast-hfb-below-header-display":"","ast-hfb-mobile-header-display":"","site-post-title":"","ast-breadcrumbs-content":"","ast-featured-img":"","footer-sml-layout":"","ast-disable-related-posts":"","theme-transparent-header-meta":"","adv-header-id-meta":"","stick-header-meta":"","header-above-stick-meta":"","header-main-stick-meta":"","header-below-stick-meta":"","astra-migrate-meta-layouts":"default","ast-page-background-enabled":"default","ast-page-background-meta":{"desktop":{"background-color":"var(--ast-global-color-5)","background-image":"","background-repeat":"repeat","background-position":"center center","background-size":"auto","background-attachment":"scroll","background-type":"","background-media":"","overlay-type":"","overlay-color":"","overlay-opacity":"","overlay-gradient":""},"tablet":{"background-color":"","background-image":"","background-repeat":"repeat","background-position":"center center","background-size":"auto","background-attachment":"scroll","background-type":"","background-media":"","overlay-type":"","overlay-color":"","overlay-opacity":"","overlay-gradient":""},"mobile":{"background-color":"","background-image":"","background-repeat":"repeat","background-position":"center center","background-size":"auto","background-attachment":"scroll","background-type":"","background-media":"","overlay-type":"","overlay-color":"","overlay-opacity":"","overlay-gradient":""}},"ast-content-background-meta":{"desktop":{"background-color":"var(--ast-global-color-4)","background-image":"","background-repeat":"repeat","background-position":"center center","background-size":"auto","background-attachment":"scroll","background-type":"","background-media":"","overlay-type":"","overlay-color":"","overlay-opacity":"","overlay-gradient":""},"tablet":{"background-color":"var(--ast-global-color-4)","background-image":"","background-repeat":"repeat","background-position":"center center","background-size":"auto","background-attachment":"scroll","background-type":"","background-media":"","overlay-type":"","overlay-color":"","overlay-opacity":"","overlay-gradient":""},"mobile":{"background-color":"var(--ast-global-color-4)","background-image":"","background-repeat":"repeat","background-position":"center center","background-size":"auto","background-attachment":"scroll","background-type":"","background-media":"","overlay-type":"","overlay-color":"","overlay-opacity":"","overlay-gradient":""}},"footnotes":""},"categories":[1973],"tags":[],"class_list":["post-51190","post","type-post","status-publish","format-standard","has-post-thumbnail","hentry","category-frettir"],"acf":[],"yoast_head":"<!-- This site is optimized with the Yoast SEO plugin v27.4 - https:\/\/yoast.com\/product\/yoast-seo-wordpress\/ -->\n<title>Heims\u00f3kn \u00ed fyrirt\u00e6ki \u00e1 Vestfj\u00f6r\u00f0um - framt\u00ed\u00f0in er bj\u00f6rt - Mat\u00eds<\/title>\n<meta name=\"robots\" content=\"index, follow, max-snippet:-1, max-image-preview:large, max-video-preview:-1\" \/>\n<link rel=\"canonical\" href=\"https:\/\/matis.is\/en\/frettir\/heimsokn-i-fyrirtaeki-a-vestfjordum-framtidin-er-bjort\/\" \/>\n<meta property=\"og:locale\" content=\"en_GB\" \/>\n<meta property=\"og:type\" content=\"article\" \/>\n<meta property=\"og:title\" content=\"Heims\u00f3kn \u00ed fyrirt\u00e6ki \u00e1 Vestfj\u00f6r\u00f0um - framt\u00ed\u00f0in er bj\u00f6rt - Mat\u00eds\" \/>\n<meta property=\"og:description\" content=\"Tveir af svi\u00f0sstj\u00f3rum Mat\u00eds, \u00feeir Gu\u00f0mundur Stef\u00e1nsson og J\u00f3nas R. Vi\u00f0arsson, brug\u00f0u undir sig betri f\u00e6tinum \u00ed s\u00ed\u00f0ustu viku og [&hellip;]\" \/>\n<meta property=\"og:url\" content=\"https:\/\/matis.is\/en\/frettir\/heimsokn-i-fyrirtaeki-a-vestfjordum-framtidin-er-bjort\/\" \/>\n<meta property=\"og:site_name\" content=\"Mat\u00eds\" \/>\n<meta property=\"article:publisher\" content=\"https:\/\/www.facebook.com\/matisiceland\" \/>\n<meta property=\"article:published_time\" content=\"2023-11-22T16:23:32+00:00\" \/>\n<meta property=\"article:modified_time\" content=\"2023-12-01T10:43:59+00:00\" \/>\n<meta property=\"og:image\" content=\"https:\/\/matis.is\/wp-content\/uploads\/shutterstock_531501199-scaled.jpg\" \/>\n\t<meta property=\"og:image:width\" content=\"2560\" \/>\n\t<meta property=\"og:image:height\" content=\"1707\" \/>\n\t<meta property=\"og:image:type\" content=\"image\/jpeg\" \/>\n<meta name=\"author\" content=\"admin\" \/>\n<meta name=\"twitter:card\" content=\"summary_large_image\" \/>\n<meta name=\"twitter:creator\" content=\"@matisiceland\" \/>\n<meta name=\"twitter:site\" content=\"@matisiceland\" \/>\n<meta name=\"twitter:label1\" content=\"Written by\" \/>\n\t<meta name=\"twitter:data1\" content=\"admin\" \/>\n\t<meta name=\"twitter:label2\" content=\"Estimated reading time\" \/>\n\t<meta name=\"twitter:data2\" content=\"3 minutes\" \/>\n<script type=\"application\/ld+json\" class=\"yoast-schema-graph\">{\"@context\":\"https:\\\/\\\/schema.org\",\"@graph\":[{\"@type\":\"Article\",\"@id\":\"https:\\\/\\\/matis.is\\\/frettir\\\/heimsokn-i-fyrirtaeki-a-vestfjordum-framtidin-er-bjort\\\/#article\",\"isPartOf\":{\"@id\":\"https:\\\/\\\/matis.is\\\/frettir\\\/heimsokn-i-fyrirtaeki-a-vestfjordum-framtidin-er-bjort\\\/\"},\"author\":{\"name\":\"admin\",\"@id\":\"https:\\\/\\\/matis.is\\\/#\\\/schema\\\/person\\\/33b92c850c915c93e67f291e3381a49a\"},\"headline\":\"Heims\u00f3kn \u00ed fyrirt\u00e6ki \u00e1 Vestfj\u00f6r\u00f0um &#8211; framt\u00ed\u00f0in er bj\u00f6rt\",\"datePublished\":\"2023-11-22T16:23:32+00:00\",\"dateModified\":\"2023-12-01T10:43:59+00:00\",\"mainEntityOfPage\":{\"@id\":\"https:\\\/\\\/matis.is\\\/frettir\\\/heimsokn-i-fyrirtaeki-a-vestfjordum-framtidin-er-bjort\\\/\"},\"wordCount\":313,\"publisher\":{\"@id\":\"https:\\\/\\\/matis.is\\\/#organization\"},\"image\":{\"@id\":\"https:\\\/\\\/matis.is\\\/frettir\\\/heimsokn-i-fyrirtaeki-a-vestfjordum-framtidin-er-bjort\\\/#primaryimage\"},\"thumbnailUrl\":\"https:\\\/\\\/matis.is\\\/wp-content\\\/uploads\\\/shutterstock_531501199-scaled.jpg\",\"articleSection\":[\"Fr\u00e9ttir\"],\"inLanguage\":\"en-GB\"},{\"@type\":\"WebPage\",\"@id\":\"https:\\\/\\\/matis.is\\\/frettir\\\/heimsokn-i-fyrirtaeki-a-vestfjordum-framtidin-er-bjort\\\/\",\"url\":\"https:\\\/\\\/matis.is\\\/frettir\\\/heimsokn-i-fyrirtaeki-a-vestfjordum-framtidin-er-bjort\\\/\",\"name\":\"Heims\u00f3kn \u00ed fyrirt\u00e6ki \u00e1 Vestfj\u00f6r\u00f0um - framt\u00ed\u00f0in er bj\u00f6rt - Mat\u00eds\",\"isPartOf\":{\"@id\":\"https:\\\/\\\/matis.is\\\/#website\"},\"primaryImageOfPage\":{\"@id\":\"https:\\\/\\\/matis.is\\\/frettir\\\/heimsokn-i-fyrirtaeki-a-vestfjordum-framtidin-er-bjort\\\/#primaryimage\"},\"image\":{\"@id\":\"https:\\\/\\\/matis.is\\\/frettir\\\/heimsokn-i-fyrirtaeki-a-vestfjordum-framtidin-er-bjort\\\/#primaryimage\"},\"thumbnailUrl\":\"https:\\\/\\\/matis.is\\\/wp-content\\\/uploads\\\/shutterstock_531501199-scaled.jpg\",\"datePublished\":\"2023-11-22T16:23:32+00:00\",\"dateModified\":\"2023-12-01T10:43:59+00:00\",\"breadcrumb\":{\"@id\":\"https:\\\/\\\/matis.is\\\/frettir\\\/heimsokn-i-fyrirtaeki-a-vestfjordum-framtidin-er-bjort\\\/#breadcrumb\"},\"inLanguage\":\"en-GB\",\"potentialAction\":[{\"@type\":\"ReadAction\",\"target\":[\"https:\\\/\\\/matis.is\\\/frettir\\\/heimsokn-i-fyrirtaeki-a-vestfjordum-framtidin-er-bjort\\\/\"]}]},{\"@type\":\"ImageObject\",\"inLanguage\":\"en-GB\",\"@id\":\"https:\\\/\\\/matis.is\\\/frettir\\\/heimsokn-i-fyrirtaeki-a-vestfjordum-framtidin-er-bjort\\\/#primaryimage\",\"url\":\"https:\\\/\\\/matis.is\\\/wp-content\\\/uploads\\\/shutterstock_531501199-scaled.jpg\",\"contentUrl\":\"https:\\\/\\\/matis.is\\\/wp-content\\\/uploads\\\/shutterstock_531501199-scaled.jpg\",\"width\":2560,\"height\":1707},{\"@type\":\"BreadcrumbList\",\"@id\":\"https:\\\/\\\/matis.is\\\/frettir\\\/heimsokn-i-fyrirtaeki-a-vestfjordum-framtidin-er-bjort\\\/#breadcrumb\",\"itemListElement\":[{\"@type\":\"ListItem\",\"position\":1,\"name\":\"Home\",\"item\":\"https:\\\/\\\/matis.is\\\/\"},{\"@type\":\"ListItem\",\"position\":2,\"name\":\"Heims\u00f3kn \u00ed fyrirt\u00e6ki \u00e1 Vestfj\u00f6r\u00f0um &#8211; framt\u00ed\u00f0in er bj\u00f6rt\"}]},{\"@type\":\"WebSite\",\"@id\":\"https:\\\/\\\/matis.is\\\/#website\",\"url\":\"https:\\\/\\\/matis.is\\\/\",\"name\":\"Mat\u00eds\",\"description\":\"Ver\u00f0m\u00e6task\u00f6pun, matv\u00e6la\u00f6ryggi og l\u00fd\u00f0heilsa\",\"publisher\":{\"@id\":\"https:\\\/\\\/matis.is\\\/#organization\"},\"potentialAction\":[{\"@type\":\"SearchAction\",\"target\":{\"@type\":\"EntryPoint\",\"urlTemplate\":\"https:\\\/\\\/matis.is\\\/?s={search_term_string}\"},\"query-input\":{\"@type\":\"PropertyValueSpecification\",\"valueRequired\":true,\"valueName\":\"search_term_string\"}}],\"inLanguage\":\"en-GB\"},{\"@type\":\"Organization\",\"@id\":\"https:\\\/\\\/matis.is\\\/#organization\",\"name\":\"Mat\u00eds ohf.\",\"url\":\"https:\\\/\\\/matis.is\\\/\",\"logo\":{\"@type\":\"ImageObject\",\"inLanguage\":\"en-GB\",\"@id\":\"https:\\\/\\\/matis.is\\\/#\\\/schema\\\/logo\\\/image\\\/\",\"url\":\"https:\\\/\\\/matis.is\\\/wp-content\\\/uploads\\\/2021\\\/02\\\/matis_logo_blatthvitt.png\",\"contentUrl\":\"https:\\\/\\\/matis.is\\\/wp-content\\\/uploads\\\/2021\\\/02\\\/matis_logo_blatthvitt.png\",\"width\":1507,\"height\":1507,\"caption\":\"Mat\u00eds ohf.\"},\"image\":{\"@id\":\"https:\\\/\\\/matis.is\\\/#\\\/schema\\\/logo\\\/image\\\/\"},\"sameAs\":[\"https:\\\/\\\/www.facebook.com\\\/matisiceland\",\"https:\\\/\\\/x.com\\\/matisiceland\",\"https:\\\/\\\/www.instagram.com\\\/matisiceland\\\/\",\"https:\\\/\\\/www.linkedin.com\\\/matisiceland\\\/\",\"https:\\\/\\\/www.youtube.com\\\/channel\\\/UCY-frt3uTqgVZW-DLjoo5bA\"]},{\"@type\":\"Person\",\"@id\":\"https:\\\/\\\/matis.is\\\/#\\\/schema\\\/person\\\/33b92c850c915c93e67f291e3381a49a\",\"name\":\"admin\",\"sameAs\":[\"https:\\\/\\\/matis.mareframe.eu\"],\"url\":\"https:\\\/\\\/matis.is\\\/en\\\/author\\\/thormodurmatis-is\\\/\"}]}<\/script>\n<!-- \/ Yoast SEO plugin. -->","yoast_head_json":{"title":"Visit to a company in the Westfjords - the future is bright - Mat\u00eds","robots":{"index":"index","follow":"follow","max-snippet":"max-snippet:-1","max-image-preview":"max-image-preview:large","max-video-preview":"max-video-preview:-1"},"canonical":"https:\/\/matis.is\/en\/frettir\/heimsokn-i-fyrirtaeki-a-vestfjordum-framtidin-er-bjort\/","og_locale":"en_GB","og_type":"article","og_title":"Heims\u00f3kn \u00ed fyrirt\u00e6ki \u00e1 Vestfj\u00f6r\u00f0um - framt\u00ed\u00f0in er bj\u00f6rt - Mat\u00eds","og_description":"Tveir af svi\u00f0sstj\u00f3rum Mat\u00eds, \u00feeir Gu\u00f0mundur Stef\u00e1nsson og J\u00f3nas R. Vi\u00f0arsson, brug\u00f0u undir sig betri f\u00e6tinum \u00ed s\u00ed\u00f0ustu viku og [&hellip;]","og_url":"https:\/\/matis.is\/en\/frettir\/heimsokn-i-fyrirtaeki-a-vestfjordum-framtidin-er-bjort\/","og_site_name":"Mat\u00eds","article_publisher":"https:\/\/www.facebook.com\/matisiceland","article_published_time":"2023-11-22T16:23:32+00:00","article_modified_time":"2023-12-01T10:43:59+00:00","og_image":[{"width":2560,"height":1707,"url":"https:\/\/matis.is\/wp-content\/uploads\/shutterstock_531501199-scaled.jpg","type":"image\/jpeg"}],"author":"admin","twitter_card":"summary_large_image","twitter_creator":"@matisiceland","twitter_site":"@matisiceland","twitter_misc":{"Written by":"admin","Estimated reading time":"3 minutes"},"schema":{"@context":"https:\/\/schema.org","@graph":[{"@type":"Article","@id":"https:\/\/matis.is\/frettir\/heimsokn-i-fyrirtaeki-a-vestfjordum-framtidin-er-bjort\/#article","isPartOf":{"@id":"https:\/\/matis.is\/frettir\/heimsokn-i-fyrirtaeki-a-vestfjordum-framtidin-er-bjort\/"},"author":{"name":"admin","@id":"https:\/\/matis.is\/#\/schema\/person\/33b92c850c915c93e67f291e3381a49a"},"headline":"Heims\u00f3kn \u00ed fyrirt\u00e6ki \u00e1 Vestfj\u00f6r\u00f0um &#8211; framt\u00ed\u00f0in er bj\u00f6rt","datePublished":"2023-11-22T16:23:32+00:00","dateModified":"2023-12-01T10:43:59+00:00","mainEntityOfPage":{"@id":"https:\/\/matis.is\/frettir\/heimsokn-i-fyrirtaeki-a-vestfjordum-framtidin-er-bjort\/"},"wordCount":313,"publisher":{"@id":"https:\/\/matis.is\/#organization"},"image":{"@id":"https:\/\/matis.is\/frettir\/heimsokn-i-fyrirtaeki-a-vestfjordum-framtidin-er-bjort\/#primaryimage"},"thumbnailUrl":"https:\/\/matis.is\/wp-content\/uploads\/shutterstock_531501199-scaled.jpg","articleSection":["Fr\u00e9ttir"],"inLanguage":"en-GB"},{"@type":"WebPage","@id":"https:\/\/matis.is\/frettir\/heimsokn-i-fyrirtaeki-a-vestfjordum-framtidin-er-bjort\/","url":"https:\/\/matis.is\/frettir\/heimsokn-i-fyrirtaeki-a-vestfjordum-framtidin-er-bjort\/","name":"Visit to a company in the Westfjords - the future is bright - Mat\u00eds","isPartOf":{"@id":"https:\/\/matis.is\/#website"},"primaryImageOfPage":{"@id":"https:\/\/matis.is\/frettir\/heimsokn-i-fyrirtaeki-a-vestfjordum-framtidin-er-bjort\/#primaryimage"},"image":{"@id":"https:\/\/matis.is\/frettir\/heimsokn-i-fyrirtaeki-a-vestfjordum-framtidin-er-bjort\/#primaryimage"},"thumbnailUrl":"https:\/\/matis.is\/wp-content\/uploads\/shutterstock_531501199-scaled.jpg","datePublished":"2023-11-22T16:23:32+00:00","dateModified":"2023-12-01T10:43:59+00:00","breadcrumb":{"@id":"https:\/\/matis.is\/frettir\/heimsokn-i-fyrirtaeki-a-vestfjordum-framtidin-er-bjort\/#breadcrumb"},"inLanguage":"en-GB","potentialAction":[{"@type":"ReadAction","target":["https:\/\/matis.is\/frettir\/heimsokn-i-fyrirtaeki-a-vestfjordum-framtidin-er-bjort\/"]}]},{"@type":"ImageObject","inLanguage":"en-GB","@id":"https:\/\/matis.is\/frettir\/heimsokn-i-fyrirtaeki-a-vestfjordum-framtidin-er-bjort\/#primaryimage","url":"https:\/\/matis.is\/wp-content\/uploads\/shutterstock_531501199-scaled.jpg","contentUrl":"https:\/\/matis.is\/wp-content\/uploads\/shutterstock_531501199-scaled.jpg","width":2560,"height":1707},{"@type":"BreadcrumbList","@id":"https:\/\/matis.is\/frettir\/heimsokn-i-fyrirtaeki-a-vestfjordum-framtidin-er-bjort\/#breadcrumb","itemListElement":[{"@type":"ListItem","position":1,"name":"Home","item":"https:\/\/matis.is\/"},{"@type":"ListItem","position":2,"name":"Heims\u00f3kn \u00ed fyrirt\u00e6ki \u00e1 Vestfj\u00f6r\u00f0um &#8211; framt\u00ed\u00f0in er bj\u00f6rt"}]},{"@type":"WebSite","@id":"https:\/\/matis.is\/#website","url":"https:\/\/matis.is\/","name":"Mat\u00eds","description":"Value creation, food security and public health","publisher":{"@id":"https:\/\/matis.is\/#organization"},"potentialAction":[{"@type":"SearchAction","target":{"@type":"EntryPoint","urlTemplate":"https:\/\/matis.is\/?s={search_term_string}"},"query-input":{"@type":"PropertyValueSpecification","valueRequired":true,"valueName":"search_term_string"}}],"inLanguage":"en-GB"},{"@type":"Organization","@id":"https:\/\/matis.is\/#organization","name":"Mat\u00eds ohf.","url":"https:\/\/matis.is\/","logo":{"@type":"ImageObject","inLanguage":"en-GB","@id":"https:\/\/matis.is\/#\/schema\/logo\/image\/","url":"https:\/\/matis.is\/wp-content\/uploads\/2021\/02\/matis_logo_blatthvitt.png","contentUrl":"https:\/\/matis.is\/wp-content\/uploads\/2021\/02\/matis_logo_blatthvitt.png","width":1507,"height":1507,"caption":"Mat\u00eds ohf."},"image":{"@id":"https:\/\/matis.is\/#\/schema\/logo\/image\/"},"sameAs":["https:\/\/www.facebook.com\/matisiceland","https:\/\/x.com\/matisiceland","https:\/\/www.instagram.com\/matisiceland\/","https:\/\/www.linkedin.com\/matisiceland\/","https:\/\/www.youtube.com\/channel\/UCY-frt3uTqgVZW-DLjoo5bA"]},{"@type":"Person","@id":"https:\/\/matis.is\/#\/schema\/person\/33b92c850c915c93e67f291e3381a49a","name":"admin","sameAs":["https:\/\/matis.mareframe.eu"],"url":"https:\/\/matis.is\/en\/author\/thormodurmatis-is\/"}]}},"spectra_custom_meta":{"_edit_lock":["1701427440:1"],"_edit_last":["1"],"tengilidur":[""],"_tengilidur":["field_5ef905e0538b2"],"_yoast_wpseo_primary_category":["1973"],"_yoast_wpseo_content_score":["90"],"_yoast_wpseo_estimated-reading-time-minutes":["3"],"_yoast_wpseo_wordproof_timestamp":[""],"wpmm_postgrid_views":["274"],"_thumbnail_id":["51210"],"_wp_page_template":["template-covernew.php"],"footnotes":[""],"_uag_css_file_name":["uag-css-51190.css"],"_uag_page_assets":["a:9:{s:3:\"css\";s:263:\".uag-blocks-common-selector{z-index:var(--z-index-desktop) !important}@media (max-width: 976px){.uag-blocks-common-selector{z-index:var(--z-index-tablet) !important}}@media (max-width: 767px){.uag-blocks-common-selector{z-index:var(--z-index-mobile) !important}}\n\";s:2:\"js\";s:0:\"\";s:18:\"current_block_list\";a:8:{i:0;s:12:\"core\/heading\";i:1;s:14:\"core\/paragraph\";i:2;s:12:\"core\/gallery\";i:3;s:10:\"core\/image\";i:4;s:12:\"core\/buttons\";i:5;s:11:\"core\/button\";i:6;s:12:\"core\/columns\";i:7;s:11:\"core\/column\";}s:8:\"uag_flag\";b:0;s:11:\"uag_version\";s:10:\"1777300790\";s:6:\"gfonts\";a:0:{}s:10:\"gfonts_url\";s:0:\"\";s:12:\"gfonts_files\";a:0:{}s:14:\"uag_faq_layout\";b:0;}"]},"uagb_featured_image_src":{"full":["https:\/\/matis.is\/wp-content\/uploads\/shutterstock_531501199-scaled.jpg",2560,1707,false],"thumbnail":["https:\/\/matis.is\/wp-content\/uploads\/shutterstock_531501199-150x150.jpg",150,150,true],"medium":["https:\/\/matis.is\/wp-content\/uploads\/shutterstock_531501199-300x200.jpg",300,200,true],"medium_large":["https:\/\/matis.is\/wp-content\/uploads\/shutterstock_531501199-768x512.jpg",768,512,true],"large":["https:\/\/matis.is\/wp-content\/uploads\/shutterstock_531501199-1024x683.jpg",1024,683,true],"1536x1536":["https:\/\/matis.is\/wp-content\/uploads\/shutterstock_531501199-1536x1024.jpg",1536,1024,true],"2048x2048":["https:\/\/matis.is\/wp-content\/uploads\/shutterstock_531501199-2048x1365.jpg",2048,1365,true],"trp-custom-language-flag":["https:\/\/matis.is\/wp-content\/uploads\/shutterstock_531501199-18x12.jpg",18,12,true]},"uagb_author_info":{"display_name":"admin","author_link":"https:\/\/matis.is\/en\/author\/thormodurmatis-is\/"},"uagb_comment_info":0,"uagb_excerpt":"Tveir af svi\u00f0sstj\u00f3rum Mat\u00eds, \u00feeir Gu\u00f0mundur Stef\u00e1nsson og J\u00f3nas R. Vi\u00f0arsson, brug\u00f0u undir sig betri f\u00e6tinum \u00ed s\u00ed\u00f0ustu viku og [&hellip;]","_links":{"self":[{"href":"https:\/\/matis.is\/en\/wp-json\/wp\/v2\/posts\/51190","targetHints":{"allow":["GET"]}}],"collection":[{"href":"https:\/\/matis.is\/en\/wp-json\/wp\/v2\/posts"}],"about":[{"href":"https:\/\/matis.is\/en\/wp-json\/wp\/v2\/types\/post"}],"author":[{"embeddable":true,"href":"https:\/\/matis.is\/en\/wp-json\/wp\/v2\/users\/1"}],"replies":[{"embeddable":true,"href":"https:\/\/matis.is\/en\/wp-json\/wp\/v2\/comments?post=51190"}],"version-history":[{"count":6,"href":"https:\/\/matis.is\/en\/wp-json\/wp\/v2\/posts\/51190\/revisions"}],"predecessor-version":[{"id":51277,"href":"https:\/\/matis.is\/en\/wp-json\/wp\/v2\/posts\/51190\/revisions\/51277"}],"wp:featuredmedia":[{"embeddable":true,"href":"https:\/\/matis.is\/en\/wp-json\/wp\/v2\/media\/51210"}],"wp:attachment":[{"href":"https:\/\/matis.is\/en\/wp-json\/wp\/v2\/media?parent=51190"}],"wp:term":[{"taxonomy":"category","embeddable":true,"href":"https:\/\/matis.is\/en\/wp-json\/wp\/v2\/categories?post=51190"},{"taxonomy":"post_tag","embeddable":true,"href":"https:\/\/matis.is\/en\/wp-json\/wp\/v2\/tags?post=51190"}],"curies":[{"name":"wp","href":"https:\/\/api.w.org\/{rel}","templated":true}]}}