{"id":51270,"date":"2023-12-01T13:34:45","date_gmt":"2023-12-01T13:34:45","guid":{"rendered":"https:\/\/matis.is\/?p=51270"},"modified":"2024-04-19T09:13:54","modified_gmt":"2024-04-19T09:13:54","slug":"hvad-er-i-matinn-arid-2050","status":"publish","type":"post","link":"https:\/\/matis.is\/en\/frettir\/hvad-er-i-matinn-arid-2050\/","title":{"rendered":"What&#039;s for dinner in 2050?"},"content":{"rendered":"<h4 class=\"wp-block-heading\">Birgir \u00d6rn Sm\u00e1rason, professional director of the professional group Sustainability and fire, gave a speech at the Food Congress 2023, which was held recently. The talk has attracted a lot of attention, as he asked a question that many would like to know the answer to, What is for dinner in 2050?<\/h4>\n\n\n\n<p>The talk was, in line with the title, somewhat futuristic, but he used, for example, artificial intelligence in the creation of all visual material that appeared on the slides. <\/p>\n\n\n\n<div class=\"wp-block-columns are-vertically-aligned-center is-layout-flex wp-container-core-columns-is-layout-28f84493 wp-block-columns-is-layout-flex\">\n<div class=\"wp-block-column is-vertically-aligned-center is-layout-flow wp-block-column-is-layout-flow\">\n<figure class=\"wp-block-image size-large\"><img loading=\"lazy\" decoding=\"async\" width=\"911\" height=\"1024\" src=\"https:\/\/matis.is\/wp-content\/uploads\/Bitmap-2-911x1024.png\" alt=\"\" class=\"wp-image-51301\" srcset=\"https:\/\/matis.is\/wp-content\/uploads\/Bitmap-2-911x1024.png 911w, https:\/\/matis.is\/wp-content\/uploads\/Bitmap-2-267x300.png 267w, https:\/\/matis.is\/wp-content\/uploads\/Bitmap-2-768x864.png 768w, https:\/\/matis.is\/wp-content\/uploads\/Bitmap-2-1366x1536.png 1366w, https:\/\/matis.is\/wp-content\/uploads\/Bitmap-2-1821x2048.png 1821w, https:\/\/matis.is\/wp-content\/uploads\/Bitmap-2-11x12.png 11w, https:\/\/matis.is\/wp-content\/uploads\/Bitmap-2-1200x1349.png 1200w, https:\/\/matis.is\/wp-content\/uploads\/Bitmap-2.png 1832w\" sizes=\"auto, (max-width: 911px) 100vw, 911px\" \/><\/figure>\n<\/div>\n\n\n\n<div class=\"wp-block-column is-vertically-aligned-center is-layout-flow wp-block-column-is-layout-flow\">\n<p>What&#039;s for dinner on a traditional Tuesday night in 2050? Birgir asked, and the artificial intelligence didn&#039;t answer. According to her, on offer will be cell cultured meat, insects, algae, both microalgae and macroalgae, 3D printed food and drink made from recycled water.<\/p>\n<\/div>\n<\/div>\n\n\n\n<p><\/p>\n\n\n\n<p>The need for change is considerable, as current food systems play a major role in climate change, deforestation and biodiversity loss. We therefore need to change gears in order to reduce these negative effects, but it is also important to adapt food production to the changes that have already taken place. In addition, the population on earth is increasing rapidly at the moment, and the demand for food will increase significantly in the coming years. <\/p>\n\n\n\n<blockquote class=\"wp-block-quote is-layout-flow wp-block-quote-is-layout-flow\">\n<p>Adaptation and transformation are key when it comes to ensuring sustainable food production for the future, and technological development will play a major role in enabling us to make changes.<\/p>\n<\/blockquote>\n\n\n\n<p>At Mat\u00eds, much has been predicted about the future and the solutions we need to adopt to ensure the future of food production. For example, we have been involved in many projects, large and small, related to neoproteins. These include proteins derived from insects, macroalgae, microalgae, protozoa and grass protein. We have worked with people here in Iceland and around the world who are developing these new proteins and the technology behind them. <\/p>\n\n\n\n<p>He gave specific examples of the projects <a href=\"https:\/\/matis.is\/en\/matis_projects\/throun-a-naestu-kynslod-proteina-ur-vannyttum-audlindum-til-notkunar-i-matvaeli-og-fodur\/\">NextGenProteins<\/a> and <a href=\"https:\/\/matis.is\/en\/frettir\/giant-leaps-hrodun-breytinga-i-att-ad-nyjum-faeduproteinum\/\">Giant Leaps<\/a>. The first project is a large European collaborative project that was completed this fall and was led by Mat\u00eds. It focused on research on three types of sustainable neoproteins; microalgae, insect proteins and single cell proteins. The latter is a new project along these lines, but it seeks ways to accelerate changes in people&#039;s diets by influencing us, the consumers. They also seek to influence policies and orientation and try to overcome the regulations that are in force and prevent the use of new proteins and the technology behind them.<\/p>\n\n\n\n<p>The technological revolution that is about to begin and the devices and tools that will affect food production in the coming years and decades were also the focus of Birgi&#039;s talk, and the artificial intelligence had no problem envisioning this.<\/p>\n\n\n\n<figure class=\"wp-block-gallery has-nested-images columns-default is-cropped wp-block-gallery-2 is-layout-flex wp-block-gallery-is-layout-flex\">\n<figure class=\"wp-block-image size-large\"><img loading=\"lazy\" decoding=\"async\" width=\"1024\" height=\"1024\" data-id=\"51291\" src=\"https:\/\/matis.is\/wp-content\/uploads\/3d-prent.png\" alt=\"\" class=\"wp-image-51291\" srcset=\"https:\/\/matis.is\/wp-content\/uploads\/3d-prent.png 1024w, https:\/\/matis.is\/wp-content\/uploads\/3d-prent-300x300.png 300w, https:\/\/matis.is\/wp-content\/uploads\/3d-prent-150x150.png 150w, https:\/\/matis.is\/wp-content\/uploads\/3d-prent-768x768.png 768w, https:\/\/matis.is\/wp-content\/uploads\/3d-prent-12x12.png 12w\" sizes=\"auto, (max-width: 1024px) 100vw, 1024px\" \/><\/figure>\n\n\n\n<figure class=\"wp-block-image size-large\"><img loading=\"lazy\" decoding=\"async\" width=\"1024\" height=\"1024\" data-id=\"51293\" src=\"https:\/\/matis.is\/wp-content\/uploads\/frumukjot.png\" alt=\"\" class=\"wp-image-51293\" srcset=\"https:\/\/matis.is\/wp-content\/uploads\/frumukjot.png 1024w, https:\/\/matis.is\/wp-content\/uploads\/frumukjot-300x300.png 300w, https:\/\/matis.is\/wp-content\/uploads\/frumukjot-150x150.png 150w, https:\/\/matis.is\/wp-content\/uploads\/frumukjot-768x768.png 768w, https:\/\/matis.is\/wp-content\/uploads\/frumukjot-12x12.png 12w\" sizes=\"auto, (max-width: 1024px) 100vw, 1024px\" \/><\/figure>\n\n\n\n<figure class=\"wp-block-image size-large\"><img loading=\"lazy\" decoding=\"async\" width=\"967\" height=\"967\" data-id=\"51292\" src=\"https:\/\/matis.is\/wp-content\/uploads\/urban-farm.jpg\" alt=\"\" class=\"wp-image-51292\" srcset=\"https:\/\/matis.is\/wp-content\/uploads\/urban-farm.jpg 967w, https:\/\/matis.is\/wp-content\/uploads\/urban-farm-300x300.jpg 300w, https:\/\/matis.is\/wp-content\/uploads\/urban-farm-150x150.jpg 150w, https:\/\/matis.is\/wp-content\/uploads\/urban-farm-768x768.jpg 768w, https:\/\/matis.is\/wp-content\/uploads\/urban-farm-12x12.jpg 12w\" sizes=\"auto, (max-width: 967px) 100vw, 967px\" \/><\/figure>\n<figcaption class=\"blocks-gallery-caption wp-element-caption\">3D printed food, controlled fermentation, cell cultured meat, vertical cultivation and urban farming are among other things part of the technological revolution.<\/figcaption><\/figure>\n\n\n\n<p><\/p>\n\n\n\n<p>In the end, the artificial intelligence created a picture of people who are deeply thoughtful about how our food systems work today and how they will develop in the coming decades, but that is exactly what we need to do, Birgir believes.<\/p>\n\n\n\n<figure class=\"wp-block-image size-large\"><img loading=\"lazy\" decoding=\"async\" width=\"1024\" height=\"585\" src=\"https:\/\/matis.is\/wp-content\/uploads\/hugsudir-1024x585.png\" alt=\"\" class=\"wp-image-51295\" srcset=\"https:\/\/matis.is\/wp-content\/uploads\/hugsudir-1024x585.png 1024w, https:\/\/matis.is\/wp-content\/uploads\/hugsudir-300x171.png 300w, https:\/\/matis.is\/wp-content\/uploads\/hugsudir-768x439.png 768w, https:\/\/matis.is\/wp-content\/uploads\/hugsudir-1536x878.png 1536w, https:\/\/matis.is\/wp-content\/uploads\/hugsudir-18x10.png 18w, https:\/\/matis.is\/wp-content\/uploads\/hugsudir-1200x686.png 1200w, https:\/\/matis.is\/wp-content\/uploads\/hugsudir.png 1792w\" sizes=\"auto, (max-width: 1024px) 100vw, 1024px\" \/><\/figure>\n\n\n\n<h4 class=\"wp-block-heading\">A recording from the Food Congress 2023 is available <strong><a href=\"https:\/\/eventsite.eventbuizz.com\/matvaela-ing-2023-12426\">here<\/a><\/strong> and Birgis&#039; speech begins at 6:01:30<\/h4>\n\n\n\n<p><strong>Birgir will present the NextGenProteins project and its main results at the conference <a href=\"https:\/\/errin.eu\/events\/food-2030-conference-green-and-resilient-food-systems\">Green and Resilient Food Systems<\/a> in Brussels 4.-5. december The main focus of this year&#039;s conference is the transition towards a sustainable food system for the benefit of the environment and the economy, and the NextGenProteins project seemed to speak particularly well to this theme.<\/strong> <\/p>\n\n\n\n<p><strong>The conference is organized by the European Commission and Food 2030. It will be possible to watch online, but the program and link to the stream is available here: <a href=\"https:\/\/research-innovation-community.ec.europa.eu\/events\/5XBL7D4zP2PsfvrXmAJPv1\/overview\">Food 2030: green and resilient food systems<\/a><\/strong><\/p>","protected":false},"excerpt":{"rendered":"<p>Birgir \u00d6rn Sm\u00e1rason fagstj\u00f3ri fagh\u00f3psins Sj\u00e1lfb\u00e6rni og eldi flutti erindi \u00e1 Matv\u00e6la\u00feingi 2023 sem haldi\u00f0 var \u00e1 d\u00f6gunum. Erindi\u00f0 hefur [&hellip;]<\/p>\n","protected":false},"author":1,"featured_media":51300,"comment_status":"closed","ping_status":"closed","sticky":false,"template":"template-covernew.php","format":"standard","meta":{"_acf_changed":false,"_uag_custom_page_level_css":"","site-sidebar-layout":"default","site-content-layout":"","ast-site-content-layout":"default","site-content-style":"default","site-sidebar-style":"default","ast-global-header-display":"","ast-banner-title-visibility":"","ast-main-header-display":"","ast-hfb-above-header-display":"","ast-hfb-below-header-display":"","ast-hfb-mobile-header-display":"","site-post-title":"","ast-breadcrumbs-content":"","ast-featured-img":"","footer-sml-layout":"","ast-disable-related-posts":"","theme-transparent-header-meta":"","adv-header-id-meta":"","stick-header-meta":"","header-above-stick-meta":"","header-main-stick-meta":"","header-below-stick-meta":"","astra-migrate-meta-layouts":"default","ast-page-background-enabled":"default","ast-page-background-meta":{"desktop":{"background-color":"var(--ast-global-color-5)","background-image":"","background-repeat":"repeat","background-position":"center center","background-size":"auto","background-attachment":"scroll","background-type":"","background-media":"","overlay-type":"","overlay-color":"","overlay-opacity":"","overlay-gradient":""},"tablet":{"background-color":"","background-image":"","background-repeat":"repeat","background-position":"center center","background-size":"auto","background-attachment":"scroll","background-type":"","background-media":"","overlay-type":"","overlay-color":"","overlay-opacity":"","overlay-gradient":""},"mobile":{"background-color":"","background-image":"","background-repeat":"repeat","background-position":"center center","background-size":"auto","background-attachment":"scroll","background-type":"","background-media":"","overlay-type":"","overlay-color":"","overlay-opacity":"","overlay-gradient":""}},"ast-content-background-meta":{"desktop":{"background-color":"var(--ast-global-color-4)","background-image":"","background-repeat":"repeat","background-position":"center center","background-size":"auto","background-attachment":"scroll","background-type":"","background-media":"","overlay-type":"","overlay-color":"","overlay-opacity":"","overlay-gradient":""},"tablet":{"background-color":"var(--ast-global-color-4)","background-image":"","background-repeat":"repeat","background-position":"center center","background-size":"auto","background-attachment":"scroll","background-type":"","background-media":"","overlay-type":"","overlay-color":"","overlay-opacity":"","overlay-gradient":""},"mobile":{"background-color":"var(--ast-global-color-4)","background-image":"","background-repeat":"repeat","background-position":"center center","background-size":"auto","background-attachment":"scroll","background-type":"","background-media":"","overlay-type":"","overlay-color":"","overlay-opacity":"","overlay-gradient":""}},"footnotes":""},"categories":[1973],"tags":[],"class_list":["post-51270","post","type-post","status-publish","format-standard","has-post-thumbnail","hentry","category-frettir"],"acf":[],"yoast_head":"<!-- This site is optimized with the Yoast SEO plugin v27.4 - https:\/\/yoast.com\/product\/yoast-seo-wordpress\/ -->\n<title>Hva\u00f0 er \u00ed matinn \u00e1ri\u00f0 2050? - Mat\u00eds<\/title>\n<meta name=\"robots\" content=\"index, follow, max-snippet:-1, max-image-preview:large, max-video-preview:-1\" \/>\n<link rel=\"canonical\" href=\"https:\/\/matis.is\/en\/frettir\/hvad-er-i-matinn-arid-2050\/\" \/>\n<meta property=\"og:locale\" content=\"en_GB\" \/>\n<meta property=\"og:type\" content=\"article\" \/>\n<meta property=\"og:title\" content=\"Hva\u00f0 er \u00ed matinn \u00e1ri\u00f0 2050? - Mat\u00eds\" \/>\n<meta property=\"og:description\" content=\"Birgir \u00d6rn Sm\u00e1rason fagstj\u00f3ri fagh\u00f3psins Sj\u00e1lfb\u00e6rni og eldi flutti erindi \u00e1 Matv\u00e6la\u00feingi 2023 sem haldi\u00f0 var \u00e1 d\u00f6gunum. Erindi\u00f0 hefur [&hellip;]\" \/>\n<meta property=\"og:url\" content=\"https:\/\/matis.is\/en\/frettir\/hvad-er-i-matinn-arid-2050\/\" \/>\n<meta property=\"og:site_name\" content=\"Mat\u00eds\" \/>\n<meta property=\"article:publisher\" content=\"https:\/\/www.facebook.com\/matisiceland\" \/>\n<meta property=\"article:published_time\" content=\"2023-12-01T13:34:45+00:00\" \/>\n<meta property=\"article:modified_time\" content=\"2024-04-19T09:13:54+00:00\" \/>\n<meta property=\"og:image\" content=\"https:\/\/matis.is\/wp-content\/uploads\/Bitmap.png\" \/>\n\t<meta property=\"og:image:width\" content=\"1920\" \/>\n\t<meta property=\"og:image:height\" content=\"1080\" \/>\n\t<meta property=\"og:image:type\" content=\"image\/png\" \/>\n<meta name=\"author\" content=\"admin\" \/>\n<meta name=\"twitter:card\" content=\"summary_large_image\" \/>\n<meta name=\"twitter:creator\" content=\"@matisiceland\" \/>\n<meta name=\"twitter:site\" content=\"@matisiceland\" \/>\n<meta name=\"twitter:label1\" content=\"Written by\" \/>\n\t<meta name=\"twitter:data1\" content=\"admin\" \/>\n\t<meta name=\"twitter:label2\" content=\"Estimated reading time\" \/>\n\t<meta name=\"twitter:data2\" content=\"1 minute\" \/>\n<script type=\"application\/ld+json\" class=\"yoast-schema-graph\">{\"@context\":\"https:\\\/\\\/schema.org\",\"@graph\":[{\"@type\":\"Article\",\"@id\":\"https:\\\/\\\/matis.is\\\/frettir\\\/hvad-er-i-matinn-arid-2050\\\/#article\",\"isPartOf\":{\"@id\":\"https:\\\/\\\/matis.is\\\/frettir\\\/hvad-er-i-matinn-arid-2050\\\/\"},\"author\":{\"name\":\"admin\",\"@id\":\"https:\\\/\\\/matis.is\\\/#\\\/schema\\\/person\\\/33b92c850c915c93e67f291e3381a49a\"},\"headline\":\"Hva\u00f0 er \u00ed matinn \u00e1ri\u00f0 2050?\",\"datePublished\":\"2023-12-01T13:34:45+00:00\",\"dateModified\":\"2024-04-19T09:13:54+00:00\",\"mainEntityOfPage\":{\"@id\":\"https:\\\/\\\/matis.is\\\/frettir\\\/hvad-er-i-matinn-arid-2050\\\/\"},\"wordCount\":695,\"publisher\":{\"@id\":\"https:\\\/\\\/matis.is\\\/#organization\"},\"image\":{\"@id\":\"https:\\\/\\\/matis.is\\\/frettir\\\/hvad-er-i-matinn-arid-2050\\\/#primaryimage\"},\"thumbnailUrl\":\"https:\\\/\\\/matis.is\\\/wp-content\\\/uploads\\\/Bitmap.png\",\"articleSection\":[\"Fr\u00e9ttir\"],\"inLanguage\":\"en-GB\"},{\"@type\":\"WebPage\",\"@id\":\"https:\\\/\\\/matis.is\\\/frettir\\\/hvad-er-i-matinn-arid-2050\\\/\",\"url\":\"https:\\\/\\\/matis.is\\\/frettir\\\/hvad-er-i-matinn-arid-2050\\\/\",\"name\":\"Hva\u00f0 er \u00ed matinn \u00e1ri\u00f0 2050? - Mat\u00eds\",\"isPartOf\":{\"@id\":\"https:\\\/\\\/matis.is\\\/#website\"},\"primaryImageOfPage\":{\"@id\":\"https:\\\/\\\/matis.is\\\/frettir\\\/hvad-er-i-matinn-arid-2050\\\/#primaryimage\"},\"image\":{\"@id\":\"https:\\\/\\\/matis.is\\\/frettir\\\/hvad-er-i-matinn-arid-2050\\\/#primaryimage\"},\"thumbnailUrl\":\"https:\\\/\\\/matis.is\\\/wp-content\\\/uploads\\\/Bitmap.png\",\"datePublished\":\"2023-12-01T13:34:45+00:00\",\"dateModified\":\"2024-04-19T09:13:54+00:00\",\"breadcrumb\":{\"@id\":\"https:\\\/\\\/matis.is\\\/frettir\\\/hvad-er-i-matinn-arid-2050\\\/#breadcrumb\"},\"inLanguage\":\"en-GB\",\"potentialAction\":[{\"@type\":\"ReadAction\",\"target\":[\"https:\\\/\\\/matis.is\\\/frettir\\\/hvad-er-i-matinn-arid-2050\\\/\"]}]},{\"@type\":\"ImageObject\",\"inLanguage\":\"en-GB\",\"@id\":\"https:\\\/\\\/matis.is\\\/frettir\\\/hvad-er-i-matinn-arid-2050\\\/#primaryimage\",\"url\":\"https:\\\/\\\/matis.is\\\/wp-content\\\/uploads\\\/Bitmap.png\",\"contentUrl\":\"https:\\\/\\\/matis.is\\\/wp-content\\\/uploads\\\/Bitmap.png\",\"width\":1920,\"height\":1080},{\"@type\":\"BreadcrumbList\",\"@id\":\"https:\\\/\\\/matis.is\\\/frettir\\\/hvad-er-i-matinn-arid-2050\\\/#breadcrumb\",\"itemListElement\":[{\"@type\":\"ListItem\",\"position\":1,\"name\":\"Home\",\"item\":\"https:\\\/\\\/matis.is\\\/\"},{\"@type\":\"ListItem\",\"position\":2,\"name\":\"Hva\u00f0 er \u00ed matinn \u00e1ri\u00f0 2050?\"}]},{\"@type\":\"WebSite\",\"@id\":\"https:\\\/\\\/matis.is\\\/#website\",\"url\":\"https:\\\/\\\/matis.is\\\/\",\"name\":\"Mat\u00eds\",\"description\":\"Ver\u00f0m\u00e6task\u00f6pun, matv\u00e6la\u00f6ryggi og l\u00fd\u00f0heilsa\",\"publisher\":{\"@id\":\"https:\\\/\\\/matis.is\\\/#organization\"},\"potentialAction\":[{\"@type\":\"SearchAction\",\"target\":{\"@type\":\"EntryPoint\",\"urlTemplate\":\"https:\\\/\\\/matis.is\\\/?s={search_term_string}\"},\"query-input\":{\"@type\":\"PropertyValueSpecification\",\"valueRequired\":true,\"valueName\":\"search_term_string\"}}],\"inLanguage\":\"en-GB\"},{\"@type\":\"Organization\",\"@id\":\"https:\\\/\\\/matis.is\\\/#organization\",\"name\":\"Mat\u00eds ohf.\",\"url\":\"https:\\\/\\\/matis.is\\\/\",\"logo\":{\"@type\":\"ImageObject\",\"inLanguage\":\"en-GB\",\"@id\":\"https:\\\/\\\/matis.is\\\/#\\\/schema\\\/logo\\\/image\\\/\",\"url\":\"https:\\\/\\\/matis.is\\\/wp-content\\\/uploads\\\/2021\\\/02\\\/matis_logo_blatthvitt.png\",\"contentUrl\":\"https:\\\/\\\/matis.is\\\/wp-content\\\/uploads\\\/2021\\\/02\\\/matis_logo_blatthvitt.png\",\"width\":1507,\"height\":1507,\"caption\":\"Mat\u00eds ohf.\"},\"image\":{\"@id\":\"https:\\\/\\\/matis.is\\\/#\\\/schema\\\/logo\\\/image\\\/\"},\"sameAs\":[\"https:\\\/\\\/www.facebook.com\\\/matisiceland\",\"https:\\\/\\\/x.com\\\/matisiceland\",\"https:\\\/\\\/www.instagram.com\\\/matisiceland\\\/\",\"https:\\\/\\\/www.linkedin.com\\\/matisiceland\\\/\",\"https:\\\/\\\/www.youtube.com\\\/channel\\\/UCY-frt3uTqgVZW-DLjoo5bA\"]},{\"@type\":\"Person\",\"@id\":\"https:\\\/\\\/matis.is\\\/#\\\/schema\\\/person\\\/33b92c850c915c93e67f291e3381a49a\",\"name\":\"admin\",\"sameAs\":[\"https:\\\/\\\/matis.mareframe.eu\"],\"url\":\"https:\\\/\\\/matis.is\\\/en\\\/author\\\/thormodurmatis-is\\\/\"}]}<\/script>\n<!-- \/ Yoast SEO plugin. -->","yoast_head_json":{"title":"What&#039;s for dinner in 2050? - Mat\u00eds","robots":{"index":"index","follow":"follow","max-snippet":"max-snippet:-1","max-image-preview":"max-image-preview:large","max-video-preview":"max-video-preview:-1"},"canonical":"https:\/\/matis.is\/en\/frettir\/hvad-er-i-matinn-arid-2050\/","og_locale":"en_GB","og_type":"article","og_title":"Hva\u00f0 er \u00ed matinn \u00e1ri\u00f0 2050? - Mat\u00eds","og_description":"Birgir \u00d6rn Sm\u00e1rason fagstj\u00f3ri fagh\u00f3psins Sj\u00e1lfb\u00e6rni og eldi flutti erindi \u00e1 Matv\u00e6la\u00feingi 2023 sem haldi\u00f0 var \u00e1 d\u00f6gunum. Erindi\u00f0 hefur [&hellip;]","og_url":"https:\/\/matis.is\/en\/frettir\/hvad-er-i-matinn-arid-2050\/","og_site_name":"Mat\u00eds","article_publisher":"https:\/\/www.facebook.com\/matisiceland","article_published_time":"2023-12-01T13:34:45+00:00","article_modified_time":"2024-04-19T09:13:54+00:00","og_image":[{"width":1920,"height":1080,"url":"https:\/\/matis.is\/wp-content\/uploads\/Bitmap.png","type":"image\/png"}],"author":"admin","twitter_card":"summary_large_image","twitter_creator":"@matisiceland","twitter_site":"@matisiceland","twitter_misc":{"Written by":"admin","Estimated reading time":"1 minute"},"schema":{"@context":"https:\/\/schema.org","@graph":[{"@type":"Article","@id":"https:\/\/matis.is\/frettir\/hvad-er-i-matinn-arid-2050\/#article","isPartOf":{"@id":"https:\/\/matis.is\/frettir\/hvad-er-i-matinn-arid-2050\/"},"author":{"name":"admin","@id":"https:\/\/matis.is\/#\/schema\/person\/33b92c850c915c93e67f291e3381a49a"},"headline":"Hva\u00f0 er \u00ed matinn \u00e1ri\u00f0 2050?","datePublished":"2023-12-01T13:34:45+00:00","dateModified":"2024-04-19T09:13:54+00:00","mainEntityOfPage":{"@id":"https:\/\/matis.is\/frettir\/hvad-er-i-matinn-arid-2050\/"},"wordCount":695,"publisher":{"@id":"https:\/\/matis.is\/#organization"},"image":{"@id":"https:\/\/matis.is\/frettir\/hvad-er-i-matinn-arid-2050\/#primaryimage"},"thumbnailUrl":"https:\/\/matis.is\/wp-content\/uploads\/Bitmap.png","articleSection":["Fr\u00e9ttir"],"inLanguage":"en-GB"},{"@type":"WebPage","@id":"https:\/\/matis.is\/frettir\/hvad-er-i-matinn-arid-2050\/","url":"https:\/\/matis.is\/frettir\/hvad-er-i-matinn-arid-2050\/","name":"What&#039;s for dinner in 2050? - Mat\u00eds","isPartOf":{"@id":"https:\/\/matis.is\/#website"},"primaryImageOfPage":{"@id":"https:\/\/matis.is\/frettir\/hvad-er-i-matinn-arid-2050\/#primaryimage"},"image":{"@id":"https:\/\/matis.is\/frettir\/hvad-er-i-matinn-arid-2050\/#primaryimage"},"thumbnailUrl":"https:\/\/matis.is\/wp-content\/uploads\/Bitmap.png","datePublished":"2023-12-01T13:34:45+00:00","dateModified":"2024-04-19T09:13:54+00:00","breadcrumb":{"@id":"https:\/\/matis.is\/frettir\/hvad-er-i-matinn-arid-2050\/#breadcrumb"},"inLanguage":"en-GB","potentialAction":[{"@type":"ReadAction","target":["https:\/\/matis.is\/frettir\/hvad-er-i-matinn-arid-2050\/"]}]},{"@type":"ImageObject","inLanguage":"en-GB","@id":"https:\/\/matis.is\/frettir\/hvad-er-i-matinn-arid-2050\/#primaryimage","url":"https:\/\/matis.is\/wp-content\/uploads\/Bitmap.png","contentUrl":"https:\/\/matis.is\/wp-content\/uploads\/Bitmap.png","width":1920,"height":1080},{"@type":"BreadcrumbList","@id":"https:\/\/matis.is\/frettir\/hvad-er-i-matinn-arid-2050\/#breadcrumb","itemListElement":[{"@type":"ListItem","position":1,"name":"Home","item":"https:\/\/matis.is\/"},{"@type":"ListItem","position":2,"name":"Hva\u00f0 er \u00ed matinn \u00e1ri\u00f0 2050?"}]},{"@type":"WebSite","@id":"https:\/\/matis.is\/#website","url":"https:\/\/matis.is\/","name":"Mat\u00eds","description":"Value creation, food security and public health","publisher":{"@id":"https:\/\/matis.is\/#organization"},"potentialAction":[{"@type":"SearchAction","target":{"@type":"EntryPoint","urlTemplate":"https:\/\/matis.is\/?s={search_term_string}"},"query-input":{"@type":"PropertyValueSpecification","valueRequired":true,"valueName":"search_term_string"}}],"inLanguage":"en-GB"},{"@type":"Organization","@id":"https:\/\/matis.is\/#organization","name":"Mat\u00eds ohf.","url":"https:\/\/matis.is\/","logo":{"@type":"ImageObject","inLanguage":"en-GB","@id":"https:\/\/matis.is\/#\/schema\/logo\/image\/","url":"https:\/\/matis.is\/wp-content\/uploads\/2021\/02\/matis_logo_blatthvitt.png","contentUrl":"https:\/\/matis.is\/wp-content\/uploads\/2021\/02\/matis_logo_blatthvitt.png","width":1507,"height":1507,"caption":"Mat\u00eds ohf."},"image":{"@id":"https:\/\/matis.is\/#\/schema\/logo\/image\/"},"sameAs":["https:\/\/www.facebook.com\/matisiceland","https:\/\/x.com\/matisiceland","https:\/\/www.instagram.com\/matisiceland\/","https:\/\/www.linkedin.com\/matisiceland\/","https:\/\/www.youtube.com\/channel\/UCY-frt3uTqgVZW-DLjoo5bA"]},{"@type":"Person","@id":"https:\/\/matis.is\/#\/schema\/person\/33b92c850c915c93e67f291e3381a49a","name":"admin","sameAs":["https:\/\/matis.mareframe.eu"],"url":"https:\/\/matis.is\/en\/author\/thormodurmatis-is\/"}]}},"spectra_custom_meta":{"_edit_lock":["1713518034:1"],"_thumbnail_id":["51300"],"_wp_page_template":["template-covernew.php"],"_edit_last":["1"],"wpmm_postgrid_views":["389"],"tengilidur":[""],"_tengilidur":["field_5ef905e0538b2"],"_yoast_wpseo_primary_category":["1973"],"_yoast_wpseo_estimated-reading-time-minutes":["1"],"_yoast_wpseo_wordproof_timestamp":[""],"_uag_css_file_name":["uag-css-51270.css"],"_uag_page_assets":["a:9:{s:3:\"css\";s:263:\".uag-blocks-common-selector{z-index:var(--z-index-desktop) !important}@media (max-width: 976px){.uag-blocks-common-selector{z-index:var(--z-index-tablet) !important}}@media (max-width: 767px){.uag-blocks-common-selector{z-index:var(--z-index-mobile) !important}}\n\";s:2:\"js\";s:0:\"\";s:18:\"current_block_list\";a:9:{i:0;s:12:\"core\/heading\";i:1;s:14:\"core\/paragraph\";i:2;s:12:\"core\/columns\";i:3;s:11:\"core\/column\";i:4;s:10:\"core\/image\";i:5;s:10:\"core\/quote\";i:6;s:12:\"core\/gallery\";i:7;s:12:\"core\/buttons\";i:8;s:11:\"core\/button\";}s:8:\"uag_flag\";b:0;s:11:\"uag_version\";s:10:\"1777300790\";s:6:\"gfonts\";a:0:{}s:10:\"gfonts_url\";s:0:\"\";s:12:\"gfonts_files\";a:0:{}s:14:\"uag_faq_layout\";b:0;}"]},"uagb_featured_image_src":{"full":["https:\/\/matis.is\/wp-content\/uploads\/Bitmap.png",1920,1080,false],"thumbnail":["https:\/\/matis.is\/wp-content\/uploads\/Bitmap-150x150.png",150,150,true],"medium":["https:\/\/matis.is\/wp-content\/uploads\/Bitmap-300x169.png",300,169,true],"medium_large":["https:\/\/matis.is\/wp-content\/uploads\/Bitmap-768x432.png",768,432,true],"large":["https:\/\/matis.is\/wp-content\/uploads\/Bitmap-1024x576.png",1024,576,true],"1536x1536":["https:\/\/matis.is\/wp-content\/uploads\/Bitmap-1536x864.png",1536,864,true],"2048x2048":["https:\/\/matis.is\/wp-content\/uploads\/Bitmap.png",1920,1080,false],"trp-custom-language-flag":["https:\/\/matis.is\/wp-content\/uploads\/Bitmap-18x10.png",18,10,true]},"uagb_author_info":{"display_name":"admin","author_link":"https:\/\/matis.is\/en\/author\/thormodurmatis-is\/"},"uagb_comment_info":0,"uagb_excerpt":"Birgir \u00d6rn Sm\u00e1rason fagstj\u00f3ri fagh\u00f3psins Sj\u00e1lfb\u00e6rni og eldi flutti erindi \u00e1 Matv\u00e6la\u00feingi 2023 sem haldi\u00f0 var \u00e1 d\u00f6gunum. Erindi\u00f0 hefur [&hellip;]","_links":{"self":[{"href":"https:\/\/matis.is\/en\/wp-json\/wp\/v2\/posts\/51270","targetHints":{"allow":["GET"]}}],"collection":[{"href":"https:\/\/matis.is\/en\/wp-json\/wp\/v2\/posts"}],"about":[{"href":"https:\/\/matis.is\/en\/wp-json\/wp\/v2\/types\/post"}],"author":[{"embeddable":true,"href":"https:\/\/matis.is\/en\/wp-json\/wp\/v2\/users\/1"}],"replies":[{"embeddable":true,"href":"https:\/\/matis.is\/en\/wp-json\/wp\/v2\/comments?post=51270"}],"version-history":[{"count":5,"href":"https:\/\/matis.is\/en\/wp-json\/wp\/v2\/posts\/51270\/revisions"}],"predecessor-version":[{"id":52542,"href":"https:\/\/matis.is\/en\/wp-json\/wp\/v2\/posts\/51270\/revisions\/52542"}],"wp:featuredmedia":[{"embeddable":true,"href":"https:\/\/matis.is\/en\/wp-json\/wp\/v2\/media\/51300"}],"wp:attachment":[{"href":"https:\/\/matis.is\/en\/wp-json\/wp\/v2\/media?parent=51270"}],"wp:term":[{"taxonomy":"category","embeddable":true,"href":"https:\/\/matis.is\/en\/wp-json\/wp\/v2\/categories?post=51270"},{"taxonomy":"post_tag","embeddable":true,"href":"https:\/\/matis.is\/en\/wp-json\/wp\/v2\/tags?post=51270"}],"curies":[{"name":"wp","href":"https:\/\/api.w.org\/{rel}","templated":true}]}}