{"id":52984,"date":"2024-06-10T11:06:15","date_gmt":"2024-06-10T11:06:15","guid":{"rendered":"https:\/\/matis.is\/?p=52984"},"modified":"2024-09-05T12:54:06","modified_gmt":"2024-09-05T12:54:06","slug":"upphafsfundur-i-bioprotect","status":"publish","type":"post","link":"https:\/\/matis.is\/en\/frettir\/upphafsfundur-i-bioprotect\/","title":{"rendered":"Kick-off meeting in the BioProtect project"},"content":{"rendered":"<h4 class=\"wp-block-heading\">On the 22nd-23rd In May, the opening meeting of the European research and innovation project took place in Copenhagen <a href=\"https:\/\/matis.is\/en\/matis_projects\/bioprotect-lausnir-til-ad-takast-a-vid-loftslagsbreytingar-og-ognun-manna-vid-liffraedilegan-fjolbreytileika-sjavar\/\">BioProtect<\/a>, which is led by Mat\u00eds and the Norwegian Marine Research Institute. The project will last for the next 4 years, bringing together 18 companies and institutions from around Europe with the aim of developing solutions to deal with climate change and the human threat to marine biodiversity. The project has received 8 million euros of support from <a href=\"https:\/\/research-and-innovation.ec.europa.eu\/funding\/funding-opportunities\/funding-programmes-and-open-calls\/horizon-europe_en\">Horizon Europe Europe&#039;s framework program for research and innovation<\/a> and is therefore among the largest projects that Icelandic parties have managed within the framework programs of Europe.<\/h4>\n\n\n\n<p>This initial meeting was attended by about 40 key representatives of the participants, together with representatives of the European Union and external advisors. There was a particularly positive atmosphere at the meeting, where everyone involved is excited about the upcoming projects, and among other things, used the meeting to plan the work that will take place in the coming semesters.<\/p>\n\n\n\n<div class=\"wp-block-columns is-layout-flex wp-container-core-columns-is-layout-28f84493 wp-block-columns-is-layout-flex\">\n<div class=\"wp-block-column is-layout-flow wp-block-column-is-layout-flow\">\n<figure class=\"wp-block-image size-full\"><img loading=\"lazy\" decoding=\"async\" width=\"760\" height=\"570\" src=\"https:\/\/matis.is\/wp-content\/uploads\/startfundur4.jpg\" alt=\"\" class=\"wp-image-52991\" srcset=\"https:\/\/matis.is\/wp-content\/uploads\/startfundur4.jpg 760w, https:\/\/matis.is\/wp-content\/uploads\/startfundur4-300x225.jpg 300w, https:\/\/matis.is\/wp-content\/uploads\/startfundur4-16x12.jpg 16w\" sizes=\"auto, (max-width: 760px) 100vw, 760px\" \/><figcaption class=\"wp-element-caption\">Sophie Jensen emphasized the importance of collaboration in BioProtecgt and that all participants meet the expected responsibilities so that the project delivers the desired results<\/figcaption><\/figure>\n<\/div>\n\n\n\n<div class=\"wp-block-column is-layout-flow wp-block-column-is-layout-flow\">\n<figure class=\"wp-block-image size-full is-resized\"><img loading=\"lazy\" decoding=\"async\" width=\"760\" height=\"1013\" src=\"https:\/\/matis.is\/wp-content\/uploads\/startfundur1.jpg\" alt=\"\" class=\"wp-image-52987\" style=\"width:285px;height:auto\" srcset=\"https:\/\/matis.is\/wp-content\/uploads\/startfundur1.jpg 760w, https:\/\/matis.is\/wp-content\/uploads\/startfundur1-225x300.jpg 225w, https:\/\/matis.is\/wp-content\/uploads\/startfundur1-9x12.jpg 9w\" sizes=\"auto, (max-width: 760px) 100vw, 760px\" \/><figcaption class=\"wp-element-caption\">Sophie Jensen from Mat\u00eds and Julian Burgos from Hafr\u00f3 lead the project<\/figcaption><\/figure>\n<\/div>\n<\/div>\n\n\n\n<p>In the main role at the meeting were Sophie Jensen from Mat\u00eds, who manages the project (<em>e. coordinator<\/em>), and Julian Burgos from Hafr\u00f3, who is the scientific leader of the project (<em>e. scientific manager<\/em>), but together they form an excellent management team for this interesting and necessary project.<\/p>\n\n\n\n<div class=\"wp-block-columns is-layout-flex wp-container-core-columns-is-layout-28f84493 wp-block-columns-is-layout-flex\">\n<div class=\"wp-block-column is-layout-flow wp-block-column-is-layout-flow\">\n<figure class=\"wp-block-image size-full\"><img loading=\"lazy\" decoding=\"async\" width=\"760\" height=\"1013\" src=\"https:\/\/matis.is\/wp-content\/uploads\/startfundur6.jpg\" alt=\"\" class=\"wp-image-52986\" srcset=\"https:\/\/matis.is\/wp-content\/uploads\/startfundur6.jpg 760w, https:\/\/matis.is\/wp-content\/uploads\/startfundur6-225x300.jpg 225w, https:\/\/matis.is\/wp-content\/uploads\/startfundur6-9x12.jpg 9w\" sizes=\"auto, (max-width: 760px) 100vw, 760px\" \/><figcaption class=\"wp-element-caption\">Christophe Pamoulie, Hafr\u00f3&#039;s research director, reviews the organization&#039;s role in BioProtect.<\/figcaption><\/figure>\n<\/div>\n\n\n\n<div class=\"wp-block-column is-layout-flow wp-block-column-is-layout-flow\">\n<figure class=\"wp-block-image size-full\"><img loading=\"lazy\" decoding=\"async\" width=\"760\" height=\"1013\" src=\"https:\/\/matis.is\/wp-content\/uploads\/startfundur3.jpg\" alt=\"\" class=\"wp-image-52990\" srcset=\"https:\/\/matis.is\/wp-content\/uploads\/startfundur3.jpg 760w, https:\/\/matis.is\/wp-content\/uploads\/startfundur3-225x300.jpg 225w, https:\/\/matis.is\/wp-content\/uploads\/startfundur3-9x12.jpg 9w\" sizes=\"auto, (max-width: 760px) 100vw, 760px\" \/><figcaption class=\"wp-element-caption\">S\u00e6mundur Sveinsson and Cecile Dargentolle from Mat\u00eds ensured that there were no technical problems, as well as keeping detailed meeting minutes.<\/figcaption><\/figure>\n<\/div>\n\n\n\n<div class=\"wp-block-column is-layout-flow wp-block-column-is-layout-flow\">\n<figure class=\"wp-block-image size-full\"><img loading=\"lazy\" decoding=\"async\" width=\"760\" height=\"1013\" src=\"https:\/\/matis.is\/wp-content\/uploads\/startfundur5.jpg\" alt=\"\" class=\"wp-image-52985\" srcset=\"https:\/\/matis.is\/wp-content\/uploads\/startfundur5.jpg 760w, https:\/\/matis.is\/wp-content\/uploads\/startfundur5-225x300.jpg 225w, https:\/\/matis.is\/wp-content\/uploads\/startfundur5-9x12.jpg 9w\" sizes=\"auto, (max-width: 760px) 100vw, 760px\" \/><figcaption class=\"wp-element-caption\">J\u00f3nas R. Vi\u00f0arsson at Mat\u00eds has the role in BioProtect to ensure that all formal requirements of Horizon Europe are met (<em>e. Administrative manager<\/em>) etc. regarding contracts, intellectual property, registration of work contributions and costs, etc.<\/figcaption><\/figure>\n<\/div>\n<\/div>\n\n\n\n<figure class=\"wp-block-image size-large\"><img loading=\"lazy\" decoding=\"async\" width=\"1024\" height=\"613\" src=\"https:\/\/matis.is\/wp-content\/uploads\/startfundur-hopmynd-1024x613.jpg\" alt=\"\" class=\"wp-image-52988\" srcset=\"https:\/\/matis.is\/wp-content\/uploads\/startfundur-hopmynd-1024x613.jpg 1024w, https:\/\/matis.is\/wp-content\/uploads\/startfundur-hopmynd-300x180.jpg 300w, https:\/\/matis.is\/wp-content\/uploads\/startfundur-hopmynd-768x460.jpg 768w, https:\/\/matis.is\/wp-content\/uploads\/startfundur-hopmynd-1536x920.jpg 1536w, https:\/\/matis.is\/wp-content\/uploads\/startfundur-hopmynd-2048x1227.jpg 2048w, https:\/\/matis.is\/wp-content\/uploads\/startfundur-hopmynd-18x12.jpg 18w, https:\/\/matis.is\/wp-content\/uploads\/startfundur-hopmynd-1200x719.jpg 1200w, https:\/\/matis.is\/wp-content\/uploads\/startfundur-hopmynd-1980x1186.jpg 1980w, https:\/\/matis.is\/wp-content\/uploads\/startfundur-hopmynd-scaled-668x400.jpg 668w\" sizes=\"auto, (max-width: 1024px) 100vw, 1024px\" \/><figcaption class=\"wp-element-caption\">A peaceful group of key participants in BioProtect who participated in the project&#039;s kick-off meeting<\/figcaption><\/figure>","protected":false},"excerpt":{"rendered":"<p>Dagana 22.-23. ma\u00ed f\u00f3r fram \u00ed Kaupmannah\u00f6fn upphafsfundur \u00ed evr\u00f3pska ranns\u00f3knar- og n\u00fdsk\u00f6punarverkefninu BioProtect, sem leitt er af Mat\u00eds og [&hellip;]<\/p>\n","protected":false},"author":1,"featured_media":52988,"comment_status":"closed","ping_status":"closed","sticky":false,"template":"template-covernew.php","format":"standard","meta":{"_acf_changed":false,"_uag_custom_page_level_css":"","site-sidebar-layout":"default","site-content-layout":"","ast-site-content-layout":"default","site-content-style":"default","site-sidebar-style":"default","ast-global-header-display":"","ast-banner-title-visibility":"","ast-main-header-display":"","ast-hfb-above-header-display":"","ast-hfb-below-header-display":"","ast-hfb-mobile-header-display":"","site-post-title":"","ast-breadcrumbs-content":"","ast-featured-img":"","footer-sml-layout":"","ast-disable-related-posts":"","theme-transparent-header-meta":"","adv-header-id-meta":"","stick-header-meta":"","header-above-stick-meta":"","header-main-stick-meta":"","header-below-stick-meta":"","astra-migrate-meta-layouts":"default","ast-page-background-enabled":"default","ast-page-background-meta":{"desktop":{"background-color":"var(--ast-global-color-5)","background-image":"","background-repeat":"repeat","background-position":"center center","background-size":"auto","background-attachment":"scroll","background-type":"","background-media":"","overlay-type":"","overlay-color":"","overlay-opacity":"","overlay-gradient":""},"tablet":{"background-color":"","background-image":"","background-repeat":"repeat","background-position":"center center","background-size":"auto","background-attachment":"scroll","background-type":"","background-media":"","overlay-type":"","overlay-color":"","overlay-opacity":"","overlay-gradient":""},"mobile":{"background-color":"","background-image":"","background-repeat":"repeat","background-position":"center center","background-size":"auto","background-attachment":"scroll","background-type":"","background-media":"","overlay-type":"","overlay-color":"","overlay-opacity":"","overlay-gradient":""}},"ast-content-background-meta":{"desktop":{"background-color":"var(--ast-global-color-4)","background-image":"","background-repeat":"repeat","background-position":"center center","background-size":"auto","background-attachment":"scroll","background-type":"","background-media":"","overlay-type":"","overlay-color":"","overlay-opacity":"","overlay-gradient":""},"tablet":{"background-color":"var(--ast-global-color-4)","background-image":"","background-repeat":"repeat","background-position":"center center","background-size":"auto","background-attachment":"scroll","background-type":"","background-media":"","overlay-type":"","overlay-color":"","overlay-opacity":"","overlay-gradient":""},"mobile":{"background-color":"var(--ast-global-color-4)","background-image":"","background-repeat":"repeat","background-position":"center center","background-size":"auto","background-attachment":"scroll","background-type":"","background-media":"","overlay-type":"","overlay-color":"","overlay-opacity":"","overlay-gradient":""}},"footnotes":""},"categories":[1973],"tags":[],"class_list":["post-52984","post","type-post","status-publish","format-standard","has-post-thumbnail","hentry","category-frettir"],"acf":[],"yoast_head":"<!-- This site is optimized with the Yoast SEO plugin v27.4 - https:\/\/yoast.com\/product\/yoast-seo-wordpress\/ -->\n<title>Upphafsfundur \u00ed BioProtect verkefninu - Mat\u00eds<\/title>\n<meta name=\"robots\" content=\"index, follow, max-snippet:-1, max-image-preview:large, max-video-preview:-1\" \/>\n<link rel=\"canonical\" href=\"https:\/\/matis.is\/en\/frettir\/upphafsfundur-i-bioprotect\/\" \/>\n<meta property=\"og:locale\" content=\"en_GB\" \/>\n<meta property=\"og:type\" content=\"article\" \/>\n<meta property=\"og:title\" content=\"Upphafsfundur \u00ed BioProtect verkefninu - Mat\u00eds\" \/>\n<meta property=\"og:description\" content=\"Dagana 22.-23. ma\u00ed f\u00f3r fram \u00ed Kaupmannah\u00f6fn upphafsfundur \u00ed evr\u00f3pska ranns\u00f3knar- og n\u00fdsk\u00f6punarverkefninu BioProtect, sem leitt er af Mat\u00eds og [&hellip;]\" \/>\n<meta property=\"og:url\" content=\"https:\/\/matis.is\/en\/frettir\/upphafsfundur-i-bioprotect\/\" \/>\n<meta property=\"og:site_name\" content=\"Mat\u00eds\" \/>\n<meta property=\"article:publisher\" content=\"https:\/\/www.facebook.com\/matisiceland\" \/>\n<meta property=\"article:published_time\" content=\"2024-06-10T11:06:15+00:00\" \/>\n<meta property=\"article:modified_time\" content=\"2024-09-05T12:54:06+00:00\" \/>\n<meta property=\"og:image\" content=\"https:\/\/matis.is\/wp-content\/uploads\/startfundur-hopmynd-scaled.jpg\" \/>\n\t<meta property=\"og:image:width\" content=\"2560\" \/>\n\t<meta property=\"og:image:height\" content=\"1533\" \/>\n\t<meta property=\"og:image:type\" content=\"image\/jpeg\" \/>\n<meta name=\"author\" content=\"admin\" \/>\n<meta name=\"twitter:card\" content=\"summary_large_image\" \/>\n<meta name=\"twitter:creator\" content=\"@matisiceland\" \/>\n<meta name=\"twitter:site\" content=\"@matisiceland\" \/>\n<meta name=\"twitter:label1\" content=\"Written by\" \/>\n\t<meta name=\"twitter:data1\" content=\"admin\" \/>\n\t<meta name=\"twitter:label2\" content=\"Estimated reading time\" \/>\n\t<meta name=\"twitter:data2\" content=\"3 minutes\" \/>\n<script type=\"application\/ld+json\" class=\"yoast-schema-graph\">{\"@context\":\"https:\\\/\\\/schema.org\",\"@graph\":[{\"@type\":\"Article\",\"@id\":\"https:\\\/\\\/matis.is\\\/frettir\\\/upphafsfundur-i-bioprotect\\\/#article\",\"isPartOf\":{\"@id\":\"https:\\\/\\\/matis.is\\\/frettir\\\/upphafsfundur-i-bioprotect\\\/\"},\"author\":{\"name\":\"admin\",\"@id\":\"https:\\\/\\\/matis.is\\\/#\\\/schema\\\/person\\\/33b92c850c915c93e67f291e3381a49a\"},\"headline\":\"Upphafsfundur \u00ed BioProtect verkefninu\",\"datePublished\":\"2024-06-10T11:06:15+00:00\",\"dateModified\":\"2024-09-05T12:54:06+00:00\",\"mainEntityOfPage\":{\"@id\":\"https:\\\/\\\/matis.is\\\/frettir\\\/upphafsfundur-i-bioprotect\\\/\"},\"wordCount\":359,\"publisher\":{\"@id\":\"https:\\\/\\\/matis.is\\\/#organization\"},\"image\":{\"@id\":\"https:\\\/\\\/matis.is\\\/frettir\\\/upphafsfundur-i-bioprotect\\\/#primaryimage\"},\"thumbnailUrl\":\"https:\\\/\\\/matis.is\\\/wp-content\\\/uploads\\\/startfundur-hopmynd-scaled.jpg\",\"articleSection\":[\"Fr\u00e9ttir\"],\"inLanguage\":\"en-GB\"},{\"@type\":\"WebPage\",\"@id\":\"https:\\\/\\\/matis.is\\\/frettir\\\/upphafsfundur-i-bioprotect\\\/\",\"url\":\"https:\\\/\\\/matis.is\\\/frettir\\\/upphafsfundur-i-bioprotect\\\/\",\"name\":\"Upphafsfundur \u00ed BioProtect verkefninu - Mat\u00eds\",\"isPartOf\":{\"@id\":\"https:\\\/\\\/matis.is\\\/#website\"},\"primaryImageOfPage\":{\"@id\":\"https:\\\/\\\/matis.is\\\/frettir\\\/upphafsfundur-i-bioprotect\\\/#primaryimage\"},\"image\":{\"@id\":\"https:\\\/\\\/matis.is\\\/frettir\\\/upphafsfundur-i-bioprotect\\\/#primaryimage\"},\"thumbnailUrl\":\"https:\\\/\\\/matis.is\\\/wp-content\\\/uploads\\\/startfundur-hopmynd-scaled.jpg\",\"datePublished\":\"2024-06-10T11:06:15+00:00\",\"dateModified\":\"2024-09-05T12:54:06+00:00\",\"breadcrumb\":{\"@id\":\"https:\\\/\\\/matis.is\\\/frettir\\\/upphafsfundur-i-bioprotect\\\/#breadcrumb\"},\"inLanguage\":\"en-GB\",\"potentialAction\":[{\"@type\":\"ReadAction\",\"target\":[\"https:\\\/\\\/matis.is\\\/frettir\\\/upphafsfundur-i-bioprotect\\\/\"]}]},{\"@type\":\"ImageObject\",\"inLanguage\":\"en-GB\",\"@id\":\"https:\\\/\\\/matis.is\\\/frettir\\\/upphafsfundur-i-bioprotect\\\/#primaryimage\",\"url\":\"https:\\\/\\\/matis.is\\\/wp-content\\\/uploads\\\/startfundur-hopmynd-scaled.jpg\",\"contentUrl\":\"https:\\\/\\\/matis.is\\\/wp-content\\\/uploads\\\/startfundur-hopmynd-scaled.jpg\",\"width\":2560,\"height\":1533},{\"@type\":\"BreadcrumbList\",\"@id\":\"https:\\\/\\\/matis.is\\\/frettir\\\/upphafsfundur-i-bioprotect\\\/#breadcrumb\",\"itemListElement\":[{\"@type\":\"ListItem\",\"position\":1,\"name\":\"Home\",\"item\":\"https:\\\/\\\/matis.is\\\/\"},{\"@type\":\"ListItem\",\"position\":2,\"name\":\"Upphafsfundur \u00ed BioProtect verkefninu\"}]},{\"@type\":\"WebSite\",\"@id\":\"https:\\\/\\\/matis.is\\\/#website\",\"url\":\"https:\\\/\\\/matis.is\\\/\",\"name\":\"Mat\u00eds\",\"description\":\"Ver\u00f0m\u00e6task\u00f6pun, matv\u00e6la\u00f6ryggi og l\u00fd\u00f0heilsa\",\"publisher\":{\"@id\":\"https:\\\/\\\/matis.is\\\/#organization\"},\"potentialAction\":[{\"@type\":\"SearchAction\",\"target\":{\"@type\":\"EntryPoint\",\"urlTemplate\":\"https:\\\/\\\/matis.is\\\/?s={search_term_string}\"},\"query-input\":{\"@type\":\"PropertyValueSpecification\",\"valueRequired\":true,\"valueName\":\"search_term_string\"}}],\"inLanguage\":\"en-GB\"},{\"@type\":\"Organization\",\"@id\":\"https:\\\/\\\/matis.is\\\/#organization\",\"name\":\"Mat\u00eds ohf.\",\"url\":\"https:\\\/\\\/matis.is\\\/\",\"logo\":{\"@type\":\"ImageObject\",\"inLanguage\":\"en-GB\",\"@id\":\"https:\\\/\\\/matis.is\\\/#\\\/schema\\\/logo\\\/image\\\/\",\"url\":\"https:\\\/\\\/matis.is\\\/wp-content\\\/uploads\\\/2021\\\/02\\\/matis_logo_blatthvitt.png\",\"contentUrl\":\"https:\\\/\\\/matis.is\\\/wp-content\\\/uploads\\\/2021\\\/02\\\/matis_logo_blatthvitt.png\",\"width\":1507,\"height\":1507,\"caption\":\"Mat\u00eds ohf.\"},\"image\":{\"@id\":\"https:\\\/\\\/matis.is\\\/#\\\/schema\\\/logo\\\/image\\\/\"},\"sameAs\":[\"https:\\\/\\\/www.facebook.com\\\/matisiceland\",\"https:\\\/\\\/x.com\\\/matisiceland\",\"https:\\\/\\\/www.instagram.com\\\/matisiceland\\\/\",\"https:\\\/\\\/www.linkedin.com\\\/matisiceland\\\/\",\"https:\\\/\\\/www.youtube.com\\\/channel\\\/UCY-frt3uTqgVZW-DLjoo5bA\"]},{\"@type\":\"Person\",\"@id\":\"https:\\\/\\\/matis.is\\\/#\\\/schema\\\/person\\\/33b92c850c915c93e67f291e3381a49a\",\"name\":\"admin\",\"sameAs\":[\"https:\\\/\\\/matis.mareframe.eu\"],\"url\":\"https:\\\/\\\/matis.is\\\/en\\\/author\\\/thormodurmatis-is\\\/\"}]}<\/script>\n<!-- \/ Yoast SEO plugin. -->","yoast_head_json":{"title":"Initial meeting in the BioProtect project - Mat\u00eds","robots":{"index":"index","follow":"follow","max-snippet":"max-snippet:-1","max-image-preview":"max-image-preview:large","max-video-preview":"max-video-preview:-1"},"canonical":"https:\/\/matis.is\/en\/frettir\/upphafsfundur-i-bioprotect\/","og_locale":"en_GB","og_type":"article","og_title":"Upphafsfundur \u00ed BioProtect verkefninu - Mat\u00eds","og_description":"Dagana 22.-23. ma\u00ed f\u00f3r fram \u00ed Kaupmannah\u00f6fn upphafsfundur \u00ed evr\u00f3pska ranns\u00f3knar- og n\u00fdsk\u00f6punarverkefninu BioProtect, sem leitt er af Mat\u00eds og [&hellip;]","og_url":"https:\/\/matis.is\/en\/frettir\/upphafsfundur-i-bioprotect\/","og_site_name":"Mat\u00eds","article_publisher":"https:\/\/www.facebook.com\/matisiceland","article_published_time":"2024-06-10T11:06:15+00:00","article_modified_time":"2024-09-05T12:54:06+00:00","og_image":[{"width":2560,"height":1533,"url":"https:\/\/matis.is\/wp-content\/uploads\/startfundur-hopmynd-scaled.jpg","type":"image\/jpeg"}],"author":"admin","twitter_card":"summary_large_image","twitter_creator":"@matisiceland","twitter_site":"@matisiceland","twitter_misc":{"Written by":"admin","Estimated reading time":"3 minutes"},"schema":{"@context":"https:\/\/schema.org","@graph":[{"@type":"Article","@id":"https:\/\/matis.is\/frettir\/upphafsfundur-i-bioprotect\/#article","isPartOf":{"@id":"https:\/\/matis.is\/frettir\/upphafsfundur-i-bioprotect\/"},"author":{"name":"admin","@id":"https:\/\/matis.is\/#\/schema\/person\/33b92c850c915c93e67f291e3381a49a"},"headline":"Upphafsfundur \u00ed BioProtect verkefninu","datePublished":"2024-06-10T11:06:15+00:00","dateModified":"2024-09-05T12:54:06+00:00","mainEntityOfPage":{"@id":"https:\/\/matis.is\/frettir\/upphafsfundur-i-bioprotect\/"},"wordCount":359,"publisher":{"@id":"https:\/\/matis.is\/#organization"},"image":{"@id":"https:\/\/matis.is\/frettir\/upphafsfundur-i-bioprotect\/#primaryimage"},"thumbnailUrl":"https:\/\/matis.is\/wp-content\/uploads\/startfundur-hopmynd-scaled.jpg","articleSection":["Fr\u00e9ttir"],"inLanguage":"en-GB"},{"@type":"WebPage","@id":"https:\/\/matis.is\/frettir\/upphafsfundur-i-bioprotect\/","url":"https:\/\/matis.is\/frettir\/upphafsfundur-i-bioprotect\/","name":"Initial meeting in the BioProtect project - Mat\u00eds","isPartOf":{"@id":"https:\/\/matis.is\/#website"},"primaryImageOfPage":{"@id":"https:\/\/matis.is\/frettir\/upphafsfundur-i-bioprotect\/#primaryimage"},"image":{"@id":"https:\/\/matis.is\/frettir\/upphafsfundur-i-bioprotect\/#primaryimage"},"thumbnailUrl":"https:\/\/matis.is\/wp-content\/uploads\/startfundur-hopmynd-scaled.jpg","datePublished":"2024-06-10T11:06:15+00:00","dateModified":"2024-09-05T12:54:06+00:00","breadcrumb":{"@id":"https:\/\/matis.is\/frettir\/upphafsfundur-i-bioprotect\/#breadcrumb"},"inLanguage":"en-GB","potentialAction":[{"@type":"ReadAction","target":["https:\/\/matis.is\/frettir\/upphafsfundur-i-bioprotect\/"]}]},{"@type":"ImageObject","inLanguage":"en-GB","@id":"https:\/\/matis.is\/frettir\/upphafsfundur-i-bioprotect\/#primaryimage","url":"https:\/\/matis.is\/wp-content\/uploads\/startfundur-hopmynd-scaled.jpg","contentUrl":"https:\/\/matis.is\/wp-content\/uploads\/startfundur-hopmynd-scaled.jpg","width":2560,"height":1533},{"@type":"BreadcrumbList","@id":"https:\/\/matis.is\/frettir\/upphafsfundur-i-bioprotect\/#breadcrumb","itemListElement":[{"@type":"ListItem","position":1,"name":"Home","item":"https:\/\/matis.is\/"},{"@type":"ListItem","position":2,"name":"Upphafsfundur \u00ed BioProtect verkefninu"}]},{"@type":"WebSite","@id":"https:\/\/matis.is\/#website","url":"https:\/\/matis.is\/","name":"Mat\u00eds","description":"Value creation, food security and public health","publisher":{"@id":"https:\/\/matis.is\/#organization"},"potentialAction":[{"@type":"SearchAction","target":{"@type":"EntryPoint","urlTemplate":"https:\/\/matis.is\/?s={search_term_string}"},"query-input":{"@type":"PropertyValueSpecification","valueRequired":true,"valueName":"search_term_string"}}],"inLanguage":"en-GB"},{"@type":"Organization","@id":"https:\/\/matis.is\/#organization","name":"Mat\u00eds ohf.","url":"https:\/\/matis.is\/","logo":{"@type":"ImageObject","inLanguage":"en-GB","@id":"https:\/\/matis.is\/#\/schema\/logo\/image\/","url":"https:\/\/matis.is\/wp-content\/uploads\/2021\/02\/matis_logo_blatthvitt.png","contentUrl":"https:\/\/matis.is\/wp-content\/uploads\/2021\/02\/matis_logo_blatthvitt.png","width":1507,"height":1507,"caption":"Mat\u00eds ohf."},"image":{"@id":"https:\/\/matis.is\/#\/schema\/logo\/image\/"},"sameAs":["https:\/\/www.facebook.com\/matisiceland","https:\/\/x.com\/matisiceland","https:\/\/www.instagram.com\/matisiceland\/","https:\/\/www.linkedin.com\/matisiceland\/","https:\/\/www.youtube.com\/channel\/UCY-frt3uTqgVZW-DLjoo5bA"]},{"@type":"Person","@id":"https:\/\/matis.is\/#\/schema\/person\/33b92c850c915c93e67f291e3381a49a","name":"admin","sameAs":["https:\/\/matis.mareframe.eu"],"url":"https:\/\/matis.is\/en\/author\/thormodurmatis-is\/"}]}},"spectra_custom_meta":{"_edit_lock":["1725540847:3"],"_thumbnail_id":["52988"],"_wp_page_template":["template-covernew.php"],"_edit_last":["3"],"tengilidur":[""],"_tengilidur":["field_5ef905e0538b2"],"_yoast_wpseo_primary_category":["1973"],"_yoast_wpseo_content_score":["60"],"_yoast_wpseo_estimated-reading-time-minutes":["3"],"_yoast_wpseo_wordproof_timestamp":[""],"wpmm_postgrid_views":["221"],"_uag_css_file_name":["uag-css-52984.css"],"_uag_page_assets":["a:9:{s:3:\"css\";s:263:\".uag-blocks-common-selector{z-index:var(--z-index-desktop) !important}@media (max-width: 976px){.uag-blocks-common-selector{z-index:var(--z-index-tablet) !important}}@media (max-width: 767px){.uag-blocks-common-selector{z-index:var(--z-index-mobile) !important}}\n\";s:2:\"js\";s:0:\"\";s:18:\"current_block_list\";a:7:{i:0;s:12:\"core\/heading\";i:1;s:14:\"core\/paragraph\";i:2;s:12:\"core\/columns\";i:3;s:11:\"core\/column\";i:4;s:10:\"core\/image\";i:5;s:12:\"core\/buttons\";i:6;s:11:\"core\/button\";}s:8:\"uag_flag\";b:0;s:11:\"uag_version\";s:10:\"1777300790\";s:6:\"gfonts\";a:0:{}s:10:\"gfonts_url\";s:0:\"\";s:12:\"gfonts_files\";a:0:{}s:14:\"uag_faq_layout\";b:0;}"]},"uagb_featured_image_src":{"full":["https:\/\/matis.is\/wp-content\/uploads\/startfundur-hopmynd-scaled.jpg",2560,1533,false],"thumbnail":["https:\/\/matis.is\/wp-content\/uploads\/startfundur-hopmynd-150x150.jpg",150,150,true],"medium":["https:\/\/matis.is\/wp-content\/uploads\/startfundur-hopmynd-300x180.jpg",300,180,true],"medium_large":["https:\/\/matis.is\/wp-content\/uploads\/startfundur-hopmynd-768x460.jpg",768,460,true],"large":["https:\/\/matis.is\/wp-content\/uploads\/startfundur-hopmynd-1024x613.jpg",1024,613,true],"1536x1536":["https:\/\/matis.is\/wp-content\/uploads\/startfundur-hopmynd-1536x920.jpg",1536,920,true],"2048x2048":["https:\/\/matis.is\/wp-content\/uploads\/startfundur-hopmynd-2048x1227.jpg",2048,1227,true],"trp-custom-language-flag":["https:\/\/matis.is\/wp-content\/uploads\/startfundur-hopmynd-18x12.jpg",18,12,true]},"uagb_author_info":{"display_name":"admin","author_link":"https:\/\/matis.is\/en\/author\/thormodurmatis-is\/"},"uagb_comment_info":0,"uagb_excerpt":"Dagana 22.-23. ma\u00ed f\u00f3r fram \u00ed Kaupmannah\u00f6fn upphafsfundur \u00ed evr\u00f3pska ranns\u00f3knar- og n\u00fdsk\u00f6punarverkefninu BioProtect, sem leitt er af Mat\u00eds og [&hellip;]","_links":{"self":[{"href":"https:\/\/matis.is\/en\/wp-json\/wp\/v2\/posts\/52984","targetHints":{"allow":["GET"]}}],"collection":[{"href":"https:\/\/matis.is\/en\/wp-json\/wp\/v2\/posts"}],"about":[{"href":"https:\/\/matis.is\/en\/wp-json\/wp\/v2\/types\/post"}],"author":[{"embeddable":true,"href":"https:\/\/matis.is\/en\/wp-json\/wp\/v2\/users\/1"}],"replies":[{"embeddable":true,"href":"https:\/\/matis.is\/en\/wp-json\/wp\/v2\/comments?post=52984"}],"version-history":[{"count":5,"href":"https:\/\/matis.is\/en\/wp-json\/wp\/v2\/posts\/52984\/revisions"}],"predecessor-version":[{"id":52996,"href":"https:\/\/matis.is\/en\/wp-json\/wp\/v2\/posts\/52984\/revisions\/52996"}],"wp:featuredmedia":[{"embeddable":true,"href":"https:\/\/matis.is\/en\/wp-json\/wp\/v2\/media\/52988"}],"wp:attachment":[{"href":"https:\/\/matis.is\/en\/wp-json\/wp\/v2\/media?parent=52984"}],"wp:term":[{"taxonomy":"category","embeddable":true,"href":"https:\/\/matis.is\/en\/wp-json\/wp\/v2\/categories?post=52984"},{"taxonomy":"post_tag","embeddable":true,"href":"https:\/\/matis.is\/en\/wp-json\/wp\/v2\/tags?post=52984"}],"curies":[{"name":"wp","href":"https:\/\/api.w.org\/{rel}","templated":true}]}}