{"id":53612,"date":"2024-12-20T15:40:03","date_gmt":"2024-12-20T15:40:03","guid":{"rendered":"https:\/\/matis.is\/?p=53612"},"modified":"2025-05-02T09:25:00","modified_gmt":"2025-05-02T09:25:00","slug":"matis-og-samstarfsadilar-tryggja-ser-25-milljarda-krona-i-styrki-fra-rammaaaetlun-evropu-um-rannsoknir-og-nyskopun","status":"publish","type":"post","link":"https:\/\/matis.is\/en\/frettir\/matis-og-samstarfsadilar-tryggja-ser-25-milljarda-krona-i-styrki-fra-rammaaaetlun-evropu-um-rannsoknir-og-nyskopun\/","title":{"rendered":"Mat\u00eds and partners secure ISK 2.5 billion in funding from the European framework programme for research and innovation"},"content":{"rendered":"<h4 class=\"wp-block-heading\">In the run-up to Christmas, welcome news arrived from Brussels that three international research and innovation projects in which Mat\u00eds is involved have been selected for funding by the Horizon Europe framework programme. Competition for such funding is fierce, and it is clear that only the very best projects succeed in being selected. Mat\u00eds has been allocated approximately ISK 310 million and domestic partners approximately ISK 270 million. All three projects aim to increase sustainability in fisheries and aquaculture, reduce environmental impacts, and better prepare the industries to meet the challenges of climate change, as well as growing demands for companies to demonstrate that sustainability goals guide their operations. Further information on the projects can be found below.<\/h4>\n\n\n\n<figure class=\"wp-block-image aligncenter size-full is-resized\"><img loading=\"lazy\" decoding=\"async\" width=\"614\" height=\"195\" src=\"https:\/\/matis.is\/wp-content\/uploads\/marineguardian.png\" alt=\"\" class=\"wp-image-53613\" style=\"width:362px;height:auto\" srcset=\"https:\/\/matis.is\/wp-content\/uploads\/marineguardian.png 614w, https:\/\/matis.is\/wp-content\/uploads\/marineguardian-300x95.png 300w, https:\/\/matis.is\/wp-content\/uploads\/marineguardian-18x6.png 18w\" sizes=\"auto, (max-width: 614px) 100vw, 614px\" \/><\/figure>\n\n\n\n<p class=\"wp-block-paragraph\">The MarineGuardian project aims to strengthen sustainable fisheries and promote the protection of marine ecosystems in the Atlantic and Arctic Oceans, by advancing knowledge and developing solutions that reduce bycatch, discards, fuel consumption and negative impacts on benthic ecosystems, while increasing catch per unit of effort and ensuring improved data collection and processing for decision-making and sustainability reporting. Mat\u00eds leads the project, which has received funding of ISK 1.2 billion (EUR 8 million), with a total of 21 participants, among which the Icelandic companies and institutions Trackwell, Brim, Hampi\u00f0jan and the Marine and Freshwater Research Institute play key roles. The project will also procure services from Stika Environmental Solutions. The project manager is J\u00f3nas R. Vi\u00f0arsson. <a href=\"mailto:jonas@matis.is\">jonas@matis.is<\/a>.<\/p>\n\n\n\n<figure class=\"wp-block-image aligncenter size-full is-resized\"><img loading=\"lazy\" decoding=\"async\" width=\"265\" height=\"330\" src=\"https:\/\/matis.is\/wp-content\/uploads\/meccam.png\" alt=\"\" class=\"wp-image-53614\" style=\"width:139px;height:auto\" srcset=\"https:\/\/matis.is\/wp-content\/uploads\/meccam.png 265w, https:\/\/matis.is\/wp-content\/uploads\/meccam-241x300.png 241w, https:\/\/matis.is\/wp-content\/uploads\/meccam-10x12.png 10w\" sizes=\"auto, (max-width: 265px) 100vw, 265px\" \/><\/figure>\n\n\n\n<p class=\"wp-block-paragraph\">The MeCCAM project aims to develop mitigation and adaptation measures for fishing companies and other stakeholders in Europe. The project has received funding of approximately ISK 650 million (EUR 4.5 million) and is coordinated by SJ\u00d3VINNUH\u00c1SK\u00d3LIN in the Faroe Islands, while Mat\u00eds leads a work package and case study within the project. The project involves 16 partners from across Europe, with Icelandic participants in addition to Mat\u00eds being Trackwell, Brim and Stika Environmental Solutions. The Mat\u00eds contact for the project is Katr\u00edn Hulda Gunnarsd\u00f3ttir. <a href=\"mailto:katrinh@matis.is\">katrinh@matis.is<\/a>.<\/p>\n\n\n\n<figure class=\"wp-block-image aligncenter size-full is-resized\"><img loading=\"lazy\" decoding=\"async\" width=\"88\" height=\"57\" src=\"https:\/\/matis.is\/wp-content\/uploads\/occam.png\" alt=\"\" class=\"wp-image-53615\" style=\"width:178px;height:auto\" srcset=\"https:\/\/matis.is\/wp-content\/uploads\/occam.png 88w, https:\/\/matis.is\/wp-content\/uploads\/occam-18x12.png 18w\" sizes=\"auto, (max-width: 88px) 100vw, 88px\" \/><\/figure>\n\n\n\n<p class=\"wp-block-paragraph\">OCCAM is a sister project to MeCCAM, intended to support the aquaculture industry in mitigation and adaptation to the impacts of climate change. The project has received funding of approximately ISK 650 million (EUR 4.5 million) and is coordinated by NOFIMA in Norway, while Mat\u00eds leads a work package and case study within the project. The project involves 22 partners from across Europe, with Icelandic participants in addition to Mat\u00eds being Samherji Aquaculture. The Mat\u00eds contact for the project is Valur N. Gunnlaugsson. <a href=\"mailto:valur@matis.is\">valur@matis.is<\/a>.<\/p>\n\n\n\n<p class=\"wp-block-paragraph\">\u00de\u00e1tttaka innlendra a\u00f0ila \u00ed al\u00fej\u00f3\u00f0legum ranns\u00f3kna- og n\u00fdsk\u00f6punarverkefnum skiptir miklu fyrir \u00edslenskt samf\u00e9lag, enda f\u00e1 \u00fear fyrirt\u00e6ki og stofnanir t\u00e6kif\u00e6ri til a\u00f0 vinna \u00e1 jafningjagrundvelli me\u00f0 \u00feeim a\u00f0ilum sem fremstir standa \u00ed s\u00ednum greinum. Jafnframt skapar sl\u00edkt samstarf t\u00e6kif\u00e6ri til a\u00f0 mi\u00f0la \u00feekkingu, tileinka s\u00e9r n\u00fdjar a\u00f0fer\u00f0ir og stu\u00f0la a\u00f0 \u00fer\u00f3un sem lei\u00f0ir til n\u00fdsk\u00f6punar, aukinnar <a href=\"https:\/\/matis.is\/en\/skyrsla\/hrognkelsakollagen-umhverfisvaen-afurd-sustainable-lumpfish-collagen\/\">sustainability<\/a>, ar\u00f0semi, f\u00e6\u00f0u\u00f6ryggis og\u00a0 fram\u00fer\u00f3unar \u00ed \u00edslensku atvinnul\u00edfi.<\/p>","protected":false},"excerpt":{"rendered":"<p>N\u00fa \u00ed a\u00f0draganda j\u00f3la b\u00e1rust \u00fe\u00e6r \u00e1n\u00e6gjulegu fr\u00e9ttir fr\u00e1 Brussel a\u00f0 \u00ferj\u00fa al\u00fej\u00f3\u00f0leg ranns\u00f3kna- og n\u00fdsk\u00f6punarverkefni sem Mat\u00eds kemur a\u00f0 [&hellip;]<\/p>\n","protected":false},"author":3,"featured_media":53616,"comment_status":"closed","ping_status":"closed","sticky":false,"template":"template-covernew.php","format":"standard","meta":{"_acf_changed":false,"_uag_custom_page_level_css":"","site-sidebar-layout":"default","site-content-layout":"","ast-site-content-layout":"default","site-content-style":"default","site-sidebar-style":"default","ast-global-header-display":"","ast-banner-title-visibility":"","ast-main-header-display":"","ast-hfb-above-header-display":"","ast-hfb-below-header-display":"","ast-hfb-mobile-header-display":"","site-post-title":"","ast-breadcrumbs-content":"","ast-featured-img":"","footer-sml-layout":"","ast-disable-related-posts":"","theme-transparent-header-meta":"","adv-header-id-meta":"","stick-header-meta":"","header-above-stick-meta":"","header-main-stick-meta":"","header-below-stick-meta":"","astra-migrate-meta-layouts":"default","ast-page-background-enabled":"default","ast-page-background-meta":{"desktop":{"background-color":"var(--ast-global-color-5)","background-image":"","background-repeat":"repeat","background-position":"center center","background-size":"auto","background-attachment":"scroll","background-type":"","background-media":"","overlay-type":"","overlay-color":"","overlay-opacity":"","overlay-gradient":""},"tablet":{"background-color":"","background-image":"","background-repeat":"repeat","background-position":"center center","background-size":"auto","background-attachment":"scroll","background-type":"","background-media":"","overlay-type":"","overlay-color":"","overlay-opacity":"","overlay-gradient":""},"mobile":{"background-color":"","background-image":"","background-repeat":"repeat","background-position":"center center","background-size":"auto","background-attachment":"scroll","background-type":"","background-media":"","overlay-type":"","overlay-color":"","overlay-opacity":"","overlay-gradient":""}},"ast-content-background-meta":{"desktop":{"background-color":"var(--ast-global-color-4)","background-image":"","background-repeat":"repeat","background-position":"center center","background-size":"auto","background-attachment":"scroll","background-type":"","background-media":"","overlay-type":"","overlay-color":"","overlay-opacity":"","overlay-gradient":""},"tablet":{"background-color":"var(--ast-global-color-4)","background-image":"","background-repeat":"repeat","background-position":"center center","background-size":"auto","background-attachment":"scroll","background-type":"","background-media":"","overlay-type":"","overlay-color":"","overlay-opacity":"","overlay-gradient":""},"mobile":{"background-color":"var(--ast-global-color-4)","background-image":"","background-repeat":"repeat","background-position":"center center","background-size":"auto","background-attachment":"scroll","background-type":"","background-media":"","overlay-type":"","overlay-color":"","overlay-opacity":"","overlay-gradient":""}},"footnotes":""},"categories":[1973],"tags":[],"class_list":["post-53612","post","type-post","status-publish","format-standard","has-post-thumbnail","hentry","category-frettir"],"acf":[],"yoast_head":"<!-- This site is optimized with the Yoast SEO plugin v28.3 - https:\/\/yoast.com\/product\/yoast-seo-wordpress\/ -->\n<title>Mat\u00eds og samstarfsa\u00f0ilar tryggja s\u00e9r 2,5 milljar\u00f0a kr\u00f3na \u00ed styrki fr\u00e1 ramma\u00e1\u00e6tlun Evr\u00f3pu um ranns\u00f3knir og n\u00fdsk\u00f6pun - Mat\u00eds<\/title>\n<meta name=\"robots\" content=\"index, follow, max-snippet:-1, max-image-preview:large, max-video-preview:-1\" \/>\n<link rel=\"canonical\" href=\"https:\/\/matis.is\/en\/frettir\/matis-og-samstarfsadilar-tryggja-ser-25-milljarda-krona-i-styrki-fra-rammaaaetlun-evropu-um-rannsoknir-og-nyskopun\/\" \/>\n<meta property=\"og:locale\" content=\"en_GB\" \/>\n<meta property=\"og:type\" content=\"article\" \/>\n<meta property=\"og:title\" content=\"Mat\u00eds og samstarfsa\u00f0ilar tryggja s\u00e9r 2,5 milljar\u00f0a kr\u00f3na \u00ed styrki fr\u00e1 ramma\u00e1\u00e6tlun Evr\u00f3pu um ranns\u00f3knir og n\u00fdsk\u00f6pun - Mat\u00eds\" \/>\n<meta property=\"og:description\" content=\"N\u00fa \u00ed a\u00f0draganda j\u00f3la b\u00e1rust \u00fe\u00e6r \u00e1n\u00e6gjulegu fr\u00e9ttir fr\u00e1 Brussel a\u00f0 \u00ferj\u00fa al\u00fej\u00f3\u00f0leg ranns\u00f3kna- og n\u00fdsk\u00f6punarverkefni sem Mat\u00eds kemur a\u00f0 [&hellip;]\" \/>\n<meta property=\"og:url\" content=\"https:\/\/matis.is\/en\/frettir\/matis-og-samstarfsadilar-tryggja-ser-25-milljarda-krona-i-styrki-fra-rammaaaetlun-evropu-um-rannsoknir-og-nyskopun\/\" \/>\n<meta property=\"og:site_name\" content=\"Mat\u00eds\" \/>\n<meta property=\"article:publisher\" content=\"https:\/\/www.facebook.com\/matisiceland\" \/>\n<meta property=\"article:published_time\" content=\"2024-12-20T15:40:03+00:00\" \/>\n<meta property=\"article:modified_time\" content=\"2025-05-02T09:25:00+00:00\" \/>\n<meta property=\"og:image\" content=\"https:\/\/matis.is\/wp-content\/uploads\/pexels-sl-wong-338694-942211-scaled.jpg\" \/>\n\t<meta property=\"og:image:width\" content=\"2560\" \/>\n\t<meta property=\"og:image:height\" content=\"1707\" \/>\n\t<meta property=\"og:image:type\" content=\"image\/jpeg\" \/>\n<meta name=\"author\" content=\"Krist\u00edn Edda Gylfad\u00f3ttir\" \/>\n<meta name=\"twitter:card\" content=\"summary_large_image\" \/>\n<meta name=\"twitter:creator\" content=\"@matisiceland\" \/>\n<meta name=\"twitter:site\" content=\"@matisiceland\" \/>\n<meta name=\"twitter:label1\" content=\"Written by\" \/>\n\t<meta name=\"twitter:data1\" content=\"Krist\u00edn Edda Gylfad\u00f3ttir\" \/>\n\t<meta name=\"twitter:label2\" content=\"Estimated reading time\" \/>\n\t<meta name=\"twitter:data2\" content=\"4 minutes\" \/>\n<script type=\"application\/ld+json\" class=\"yoast-schema-graph\">{\"@context\":\"https:\\\/\\\/schema.org\",\"@graph\":[{\"@type\":\"Article\",\"@id\":\"https:\\\/\\\/matis.is\\\/frettir\\\/matis-og-samstarfsadilar-tryggja-ser-25-milljarda-krona-i-styrki-fra-rammaaaetlun-evropu-um-rannsoknir-og-nyskopun\\\/#article\",\"isPartOf\":{\"@id\":\"https:\\\/\\\/matis.is\\\/frettir\\\/matis-og-samstarfsadilar-tryggja-ser-25-milljarda-krona-i-styrki-fra-rammaaaetlun-evropu-um-rannsoknir-og-nyskopun\\\/\"},\"author\":{\"name\":\"Krist\u00edn Edda Gylfad\u00f3ttir\",\"@id\":\"https:\\\/\\\/matis.is\\\/#\\\/schema\\\/person\\\/af2d479c72e5e79c4570d409abf2dc9b\"},\"headline\":\"Mat\u00eds og samstarfsa\u00f0ilar tryggja s\u00e9r 2,5 milljar\u00f0a kr\u00f3na \u00ed styrki fr\u00e1 ramma\u00e1\u00e6tlun Evr\u00f3pu um ranns\u00f3knir og n\u00fdsk\u00f6pun\",\"datePublished\":\"2024-12-20T15:40:03+00:00\",\"dateModified\":\"2025-05-02T09:25:00+00:00\",\"mainEntityOfPage\":{\"@id\":\"https:\\\/\\\/matis.is\\\/frettir\\\/matis-og-samstarfsadilar-tryggja-ser-25-milljarda-krona-i-styrki-fra-rammaaaetlun-evropu-um-rannsoknir-og-nyskopun\\\/\"},\"wordCount\":602,\"publisher\":{\"@id\":\"https:\\\/\\\/matis.is\\\/#organization\"},\"image\":{\"@id\":\"https:\\\/\\\/matis.is\\\/frettir\\\/matis-og-samstarfsadilar-tryggja-ser-25-milljarda-krona-i-styrki-fra-rammaaaetlun-evropu-um-rannsoknir-og-nyskopun\\\/#primaryimage\"},\"thumbnailUrl\":\"https:\\\/\\\/matis.is\\\/wp-content\\\/uploads\\\/pexels-sl-wong-338694-942211-scaled.jpg\",\"articleSection\":[\"Fr\u00e9ttir\"],\"inLanguage\":\"en-GB\"},{\"@type\":\"WebPage\",\"@id\":\"https:\\\/\\\/matis.is\\\/frettir\\\/matis-og-samstarfsadilar-tryggja-ser-25-milljarda-krona-i-styrki-fra-rammaaaetlun-evropu-um-rannsoknir-og-nyskopun\\\/\",\"url\":\"https:\\\/\\\/matis.is\\\/frettir\\\/matis-og-samstarfsadilar-tryggja-ser-25-milljarda-krona-i-styrki-fra-rammaaaetlun-evropu-um-rannsoknir-og-nyskopun\\\/\",\"name\":\"Mat\u00eds og samstarfsa\u00f0ilar tryggja s\u00e9r 2,5 milljar\u00f0a kr\u00f3na \u00ed styrki fr\u00e1 ramma\u00e1\u00e6tlun Evr\u00f3pu um ranns\u00f3knir og n\u00fdsk\u00f6pun - Mat\u00eds\",\"isPartOf\":{\"@id\":\"https:\\\/\\\/matis.is\\\/#website\"},\"primaryImageOfPage\":{\"@id\":\"https:\\\/\\\/matis.is\\\/frettir\\\/matis-og-samstarfsadilar-tryggja-ser-25-milljarda-krona-i-styrki-fra-rammaaaetlun-evropu-um-rannsoknir-og-nyskopun\\\/#primaryimage\"},\"image\":{\"@id\":\"https:\\\/\\\/matis.is\\\/frettir\\\/matis-og-samstarfsadilar-tryggja-ser-25-milljarda-krona-i-styrki-fra-rammaaaetlun-evropu-um-rannsoknir-og-nyskopun\\\/#primaryimage\"},\"thumbnailUrl\":\"https:\\\/\\\/matis.is\\\/wp-content\\\/uploads\\\/pexels-sl-wong-338694-942211-scaled.jpg\",\"datePublished\":\"2024-12-20T15:40:03+00:00\",\"dateModified\":\"2025-05-02T09:25:00+00:00\",\"breadcrumb\":{\"@id\":\"https:\\\/\\\/matis.is\\\/frettir\\\/matis-og-samstarfsadilar-tryggja-ser-25-milljarda-krona-i-styrki-fra-rammaaaetlun-evropu-um-rannsoknir-og-nyskopun\\\/#breadcrumb\"},\"inLanguage\":\"en-GB\",\"potentialAction\":[{\"@type\":\"ReadAction\",\"target\":[\"https:\\\/\\\/matis.is\\\/frettir\\\/matis-og-samstarfsadilar-tryggja-ser-25-milljarda-krona-i-styrki-fra-rammaaaetlun-evropu-um-rannsoknir-og-nyskopun\\\/\"]}]},{\"@type\":\"ImageObject\",\"inLanguage\":\"en-GB\",\"@id\":\"https:\\\/\\\/matis.is\\\/frettir\\\/matis-og-samstarfsadilar-tryggja-ser-25-milljarda-krona-i-styrki-fra-rammaaaetlun-evropu-um-rannsoknir-og-nyskopun\\\/#primaryimage\",\"url\":\"https:\\\/\\\/matis.is\\\/wp-content\\\/uploads\\\/pexels-sl-wong-338694-942211-scaled.jpg\",\"contentUrl\":\"https:\\\/\\\/matis.is\\\/wp-content\\\/uploads\\\/pexels-sl-wong-338694-942211-scaled.jpg\",\"width\":2560,\"height\":1707},{\"@type\":\"BreadcrumbList\",\"@id\":\"https:\\\/\\\/matis.is\\\/frettir\\\/matis-og-samstarfsadilar-tryggja-ser-25-milljarda-krona-i-styrki-fra-rammaaaetlun-evropu-um-rannsoknir-og-nyskopun\\\/#breadcrumb\",\"itemListElement\":[{\"@type\":\"ListItem\",\"position\":1,\"name\":\"Home\",\"item\":\"https:\\\/\\\/matis.is\\\/\"},{\"@type\":\"ListItem\",\"position\":2,\"name\":\"Mat\u00eds og samstarfsa\u00f0ilar tryggja s\u00e9r 2,5 milljar\u00f0a kr\u00f3na \u00ed styrki fr\u00e1 ramma\u00e1\u00e6tlun Evr\u00f3pu um ranns\u00f3knir og n\u00fdsk\u00f6pun\"}]},{\"@type\":\"WebSite\",\"@id\":\"https:\\\/\\\/matis.is\\\/#website\",\"url\":\"https:\\\/\\\/matis.is\\\/\",\"name\":\"Mat\u00eds\",\"description\":\"Ver\u00f0m\u00e6task\u00f6pun, matv\u00e6la\u00f6ryggi og l\u00fd\u00f0heilsa\",\"publisher\":{\"@id\":\"https:\\\/\\\/matis.is\\\/#organization\"},\"potentialAction\":[{\"@type\":\"SearchAction\",\"target\":{\"@type\":\"EntryPoint\",\"urlTemplate\":\"https:\\\/\\\/matis.is\\\/?s={search_term_string}\"},\"query-input\":{\"@type\":\"PropertyValueSpecification\",\"valueRequired\":true,\"valueName\":\"search_term_string\"}}],\"inLanguage\":\"en-GB\"},{\"@type\":\"Organization\",\"@id\":\"https:\\\/\\\/matis.is\\\/#organization\",\"name\":\"Mat\u00eds ohf.\",\"url\":\"https:\\\/\\\/matis.is\\\/\",\"logo\":{\"@type\":\"ImageObject\",\"inLanguage\":\"en-GB\",\"@id\":\"https:\\\/\\\/matis.is\\\/#\\\/schema\\\/logo\\\/image\\\/\",\"url\":\"https:\\\/\\\/matis.is\\\/wp-content\\\/uploads\\\/2021\\\/02\\\/matis_logo_blatthvitt.png\",\"contentUrl\":\"https:\\\/\\\/matis.is\\\/wp-content\\\/uploads\\\/2021\\\/02\\\/matis_logo_blatthvitt.png\",\"width\":1507,\"height\":1507,\"caption\":\"Mat\u00eds ohf.\"},\"image\":{\"@id\":\"https:\\\/\\\/matis.is\\\/#\\\/schema\\\/logo\\\/image\\\/\"},\"sameAs\":[\"https:\\\/\\\/www.facebook.com\\\/matisiceland\",\"https:\\\/\\\/x.com\\\/matisiceland\",\"https:\\\/\\\/www.instagram.com\\\/matisiceland\\\/\",\"https:\\\/\\\/www.linkedin.com\\\/matisiceland\\\/\",\"https:\\\/\\\/www.youtube.com\\\/channel\\\/UCY-frt3uTqgVZW-DLjoo5bA\"]},{\"@type\":\"Person\",\"@id\":\"https:\\\/\\\/matis.is\\\/#\\\/schema\\\/person\\\/af2d479c72e5e79c4570d409abf2dc9b\",\"name\":\"Krist\u00edn Edda Gylfad\u00f3ttir\",\"url\":\"https:\\\/\\\/matis.is\\\/en\\\/author\\\/kristingmatis-is\\\/\"}]}<\/script>\n<!-- \/ Yoast SEO plugin. -->","yoast_head_json":{"title":"Mat\u00eds og samstarfsa\u00f0ilar tryggja s\u00e9r 2,5 milljar\u00f0a kr\u00f3na \u00ed styrki fr\u00e1 ramma\u00e1\u00e6tlun Evr\u00f3pu um ranns\u00f3knir og n\u00fdsk\u00f6pun - Mat\u00eds","robots":{"index":"index","follow":"follow","max-snippet":"max-snippet:-1","max-image-preview":"max-image-preview:large","max-video-preview":"max-video-preview:-1"},"canonical":"https:\/\/matis.is\/en\/frettir\/matis-og-samstarfsadilar-tryggja-ser-25-milljarda-krona-i-styrki-fra-rammaaaetlun-evropu-um-rannsoknir-og-nyskopun\/","og_locale":"en_GB","og_type":"article","og_title":"Mat\u00eds og samstarfsa\u00f0ilar tryggja s\u00e9r 2,5 milljar\u00f0a kr\u00f3na \u00ed styrki fr\u00e1 ramma\u00e1\u00e6tlun Evr\u00f3pu um ranns\u00f3knir og n\u00fdsk\u00f6pun - Mat\u00eds","og_description":"N\u00fa \u00ed a\u00f0draganda j\u00f3la b\u00e1rust \u00fe\u00e6r \u00e1n\u00e6gjulegu fr\u00e9ttir fr\u00e1 Brussel a\u00f0 \u00ferj\u00fa al\u00fej\u00f3\u00f0leg ranns\u00f3kna- og n\u00fdsk\u00f6punarverkefni sem Mat\u00eds kemur a\u00f0 [&hellip;]","og_url":"https:\/\/matis.is\/en\/frettir\/matis-og-samstarfsadilar-tryggja-ser-25-milljarda-krona-i-styrki-fra-rammaaaetlun-evropu-um-rannsoknir-og-nyskopun\/","og_site_name":"Mat\u00eds","article_publisher":"https:\/\/www.facebook.com\/matisiceland","article_published_time":"2024-12-20T15:40:03+00:00","article_modified_time":"2025-05-02T09:25:00+00:00","og_image":[{"width":2560,"height":1707,"url":"https:\/\/matis.is\/wp-content\/uploads\/pexels-sl-wong-338694-942211-scaled.jpg","type":"image\/jpeg"}],"author":"Krist\u00edn Edda Gylfad\u00f3ttir","twitter_card":"summary_large_image","twitter_creator":"@matisiceland","twitter_site":"@matisiceland","twitter_misc":{"Written by":"Krist\u00edn Edda Gylfad\u00f3ttir","Estimated reading time":"4 minutes"},"schema":{"@context":"https:\/\/schema.org","@graph":[{"@type":"Article","@id":"https:\/\/matis.is\/frettir\/matis-og-samstarfsadilar-tryggja-ser-25-milljarda-krona-i-styrki-fra-rammaaaetlun-evropu-um-rannsoknir-og-nyskopun\/#article","isPartOf":{"@id":"https:\/\/matis.is\/frettir\/matis-og-samstarfsadilar-tryggja-ser-25-milljarda-krona-i-styrki-fra-rammaaaetlun-evropu-um-rannsoknir-og-nyskopun\/"},"author":{"name":"Krist\u00edn Edda Gylfad\u00f3ttir","@id":"https:\/\/matis.is\/#\/schema\/person\/af2d479c72e5e79c4570d409abf2dc9b"},"headline":"Mat\u00eds og samstarfsa\u00f0ilar tryggja s\u00e9r 2,5 milljar\u00f0a kr\u00f3na \u00ed styrki fr\u00e1 ramma\u00e1\u00e6tlun Evr\u00f3pu um ranns\u00f3knir og n\u00fdsk\u00f6pun","datePublished":"2024-12-20T15:40:03+00:00","dateModified":"2025-05-02T09:25:00+00:00","mainEntityOfPage":{"@id":"https:\/\/matis.is\/frettir\/matis-og-samstarfsadilar-tryggja-ser-25-milljarda-krona-i-styrki-fra-rammaaaetlun-evropu-um-rannsoknir-og-nyskopun\/"},"wordCount":602,"publisher":{"@id":"https:\/\/matis.is\/#organization"},"image":{"@id":"https:\/\/matis.is\/frettir\/matis-og-samstarfsadilar-tryggja-ser-25-milljarda-krona-i-styrki-fra-rammaaaetlun-evropu-um-rannsoknir-og-nyskopun\/#primaryimage"},"thumbnailUrl":"https:\/\/matis.is\/wp-content\/uploads\/pexels-sl-wong-338694-942211-scaled.jpg","articleSection":["Fr\u00e9ttir"],"inLanguage":"en-GB"},{"@type":"WebPage","@id":"https:\/\/matis.is\/frettir\/matis-og-samstarfsadilar-tryggja-ser-25-milljarda-krona-i-styrki-fra-rammaaaetlun-evropu-um-rannsoknir-og-nyskopun\/","url":"https:\/\/matis.is\/frettir\/matis-og-samstarfsadilar-tryggja-ser-25-milljarda-krona-i-styrki-fra-rammaaaetlun-evropu-um-rannsoknir-og-nyskopun\/","name":"Mat\u00eds og samstarfsa\u00f0ilar tryggja s\u00e9r 2,5 milljar\u00f0a kr\u00f3na \u00ed styrki fr\u00e1 ramma\u00e1\u00e6tlun Evr\u00f3pu um ranns\u00f3knir og n\u00fdsk\u00f6pun - Mat\u00eds","isPartOf":{"@id":"https:\/\/matis.is\/#website"},"primaryImageOfPage":{"@id":"https:\/\/matis.is\/frettir\/matis-og-samstarfsadilar-tryggja-ser-25-milljarda-krona-i-styrki-fra-rammaaaetlun-evropu-um-rannsoknir-og-nyskopun\/#primaryimage"},"image":{"@id":"https:\/\/matis.is\/frettir\/matis-og-samstarfsadilar-tryggja-ser-25-milljarda-krona-i-styrki-fra-rammaaaetlun-evropu-um-rannsoknir-og-nyskopun\/#primaryimage"},"thumbnailUrl":"https:\/\/matis.is\/wp-content\/uploads\/pexels-sl-wong-338694-942211-scaled.jpg","datePublished":"2024-12-20T15:40:03+00:00","dateModified":"2025-05-02T09:25:00+00:00","breadcrumb":{"@id":"https:\/\/matis.is\/frettir\/matis-og-samstarfsadilar-tryggja-ser-25-milljarda-krona-i-styrki-fra-rammaaaetlun-evropu-um-rannsoknir-og-nyskopun\/#breadcrumb"},"inLanguage":"en-GB","potentialAction":[{"@type":"ReadAction","target":["https:\/\/matis.is\/frettir\/matis-og-samstarfsadilar-tryggja-ser-25-milljarda-krona-i-styrki-fra-rammaaaetlun-evropu-um-rannsoknir-og-nyskopun\/"]}]},{"@type":"ImageObject","inLanguage":"en-GB","@id":"https:\/\/matis.is\/frettir\/matis-og-samstarfsadilar-tryggja-ser-25-milljarda-krona-i-styrki-fra-rammaaaetlun-evropu-um-rannsoknir-og-nyskopun\/#primaryimage","url":"https:\/\/matis.is\/wp-content\/uploads\/pexels-sl-wong-338694-942211-scaled.jpg","contentUrl":"https:\/\/matis.is\/wp-content\/uploads\/pexels-sl-wong-338694-942211-scaled.jpg","width":2560,"height":1707},{"@type":"BreadcrumbList","@id":"https:\/\/matis.is\/frettir\/matis-og-samstarfsadilar-tryggja-ser-25-milljarda-krona-i-styrki-fra-rammaaaetlun-evropu-um-rannsoknir-og-nyskopun\/#breadcrumb","itemListElement":[{"@type":"ListItem","position":1,"name":"Home","item":"https:\/\/matis.is\/"},{"@type":"ListItem","position":2,"name":"Mat\u00eds og samstarfsa\u00f0ilar tryggja s\u00e9r 2,5 milljar\u00f0a kr\u00f3na \u00ed styrki fr\u00e1 ramma\u00e1\u00e6tlun Evr\u00f3pu um ranns\u00f3knir og n\u00fdsk\u00f6pun"}]},{"@type":"WebSite","@id":"https:\/\/matis.is\/#website","url":"https:\/\/matis.is\/","name":"Mat\u00eds","description":"Value creation, food security and public health","publisher":{"@id":"https:\/\/matis.is\/#organization"},"potentialAction":[{"@type":"SearchAction","target":{"@type":"EntryPoint","urlTemplate":"https:\/\/matis.is\/?s={search_term_string}"},"query-input":{"@type":"PropertyValueSpecification","valueRequired":true,"valueName":"search_term_string"}}],"inLanguage":"en-GB"},{"@type":"Organization","@id":"https:\/\/matis.is\/#organization","name":"Mat\u00eds ohf.","url":"https:\/\/matis.is\/","logo":{"@type":"ImageObject","inLanguage":"en-GB","@id":"https:\/\/matis.is\/#\/schema\/logo\/image\/","url":"https:\/\/matis.is\/wp-content\/uploads\/2021\/02\/matis_logo_blatthvitt.png","contentUrl":"https:\/\/matis.is\/wp-content\/uploads\/2021\/02\/matis_logo_blatthvitt.png","width":1507,"height":1507,"caption":"Mat\u00eds ohf."},"image":{"@id":"https:\/\/matis.is\/#\/schema\/logo\/image\/"},"sameAs":["https:\/\/www.facebook.com\/matisiceland","https:\/\/x.com\/matisiceland","https:\/\/www.instagram.com\/matisiceland\/","https:\/\/www.linkedin.com\/matisiceland\/","https:\/\/www.youtube.com\/channel\/UCY-frt3uTqgVZW-DLjoo5bA"]},{"@type":"Person","@id":"https:\/\/matis.is\/#\/schema\/person\/af2d479c72e5e79c4570d409abf2dc9b","name":"Krist\u00edn Edda Gylfad\u00f3ttir","url":"https:\/\/matis.is\/en\/author\/kristingmatis-is\/"}]}},"spectra_custom_meta":{"_edit_lock":["1746177902:3"],"_thumbnail_id":["53616","53616"],"_edit_last":["3","3"],"tengilidur":["28206","28206"],"_tengilidur":["field_5ef905e0538b2","field_5ef905e0538b2"],"_yoast_wpseo_primary_category":["1973","1973"],"_yoast_wpseo_content_score":["30","30"],"_yoast_wpseo_estimated-reading-time-minutes":["4","4"],"_wp_page_template":["template-covernew.php","template-covernew.php"],"content-type":["",""],"footnotes":["",""],"_cmplz_scanned_post":["1","1"],"cmplz_hide_cookiebanner":["",""],"_uag_css_file_name":["uag-css-53612.css"],"_uag_page_assets":["a:9:{s:3:\"css\";s:260:\".uag-blocks-common-selector{z-index:var(--z-index-desktop) !important}@media(max-width: 976px){.uag-blocks-common-selector{z-index:var(--z-index-tablet) !important}}@media(max-width: 767px){.uag-blocks-common-selector{z-index:var(--z-index-mobile) !important}}\";s:2:\"js\";s:0:\"\";s:18:\"current_block_list\";a:7:{i:0;s:12:\"core\/heading\";i:1;s:10:\"core\/image\";i:2;s:14:\"core\/paragraph\";i:3;s:12:\"core\/buttons\";i:4;s:11:\"core\/button\";i:5;s:12:\"core\/columns\";i:6;s:11:\"core\/column\";}s:8:\"uag_flag\";b:0;s:11:\"uag_version\";s:10:\"1787911379\";s:6:\"gfonts\";a:0:{}s:10:\"gfonts_url\";s:0:\"\";s:12:\"gfonts_files\";a:0:{}s:14:\"uag_faq_layout\";b:0;}"]},"uagb_featured_image_src":{"full":["https:\/\/matis.is\/wp-content\/uploads\/pexels-sl-wong-338694-942211-scaled.jpg",2560,1707,false],"thumbnail":["https:\/\/matis.is\/wp-content\/uploads\/pexels-sl-wong-338694-942211-150x150.jpg",150,150,true],"medium":["https:\/\/matis.is\/wp-content\/uploads\/pexels-sl-wong-338694-942211-300x200.jpg",300,200,true],"medium_large":["https:\/\/matis.is\/wp-content\/uploads\/pexels-sl-wong-338694-942211-768x512.jpg",768,512,true],"large":["https:\/\/matis.is\/wp-content\/uploads\/pexels-sl-wong-338694-942211-1024x683.jpg",1024,683,true],"1536x1536":["https:\/\/matis.is\/wp-content\/uploads\/pexels-sl-wong-338694-942211-1536x1024.jpg",1536,1024,true],"2048x2048":["https:\/\/matis.is\/wp-content\/uploads\/pexels-sl-wong-338694-942211-2048x1365.jpg",2048,1365,true],"trp-custom-language-flag":["https:\/\/matis.is\/wp-content\/uploads\/pexels-sl-wong-338694-942211-18x12.jpg",18,12,true]},"uagb_author_info":{"display_name":"Krist\u00edn Edda Gylfad\u00f3ttir","author_link":"https:\/\/matis.is\/en\/author\/kristingmatis-is\/"},"uagb_comment_info":0,"uagb_excerpt":"N\u00fa \u00ed a\u00f0draganda j\u00f3la b\u00e1rust \u00fe\u00e6r \u00e1n\u00e6gjulegu fr\u00e9ttir fr\u00e1 Brussel a\u00f0 \u00ferj\u00fa al\u00fej\u00f3\u00f0leg ranns\u00f3kna- og n\u00fdsk\u00f6punarverkefni sem Mat\u00eds kemur a\u00f0 [&hellip;]","_links":{"self":[{"href":"https:\/\/matis.is\/en\/wp-json\/wp\/v2\/posts\/53612","targetHints":{"allow":["GET"]}}],"collection":[{"href":"https:\/\/matis.is\/en\/wp-json\/wp\/v2\/posts"}],"about":[{"href":"https:\/\/matis.is\/en\/wp-json\/wp\/v2\/types\/post"}],"author":[{"embeddable":true,"href":"https:\/\/matis.is\/en\/wp-json\/wp\/v2\/users\/3"}],"replies":[{"embeddable":true,"href":"https:\/\/matis.is\/en\/wp-json\/wp\/v2\/comments?post=53612"}],"version-history":[{"count":3,"href":"https:\/\/matis.is\/en\/wp-json\/wp\/v2\/posts\/53612\/revisions"}],"predecessor-version":[{"id":53619,"href":"https:\/\/matis.is\/en\/wp-json\/wp\/v2\/posts\/53612\/revisions\/53619"}],"wp:featuredmedia":[{"embeddable":true,"href":"https:\/\/matis.is\/en\/wp-json\/wp\/v2\/media\/53616"}],"wp:attachment":[{"href":"https:\/\/matis.is\/en\/wp-json\/wp\/v2\/media?parent=53612"}],"wp:term":[{"taxonomy":"category","embeddable":true,"href":"https:\/\/matis.is\/en\/wp-json\/wp\/v2\/categories?post=53612"},{"taxonomy":"post_tag","embeddable":true,"href":"https:\/\/matis.is\/en\/wp-json\/wp\/v2\/tags?post=53612"}],"curies":[{"name":"wp","href":"https:\/\/api.w.org\/{rel}","templated":true}]}}