{"id":53648,"date":"2025-01-15T11:20:47","date_gmt":"2025-01-15T11:20:47","guid":{"rendered":"https:\/\/matis.is\/?p=53648"},"modified":"2025-05-02T09:24:34","modified_gmt":"2025-05-02T09:24:34","slug":"matis-leitar-ad-starfsmanni-a-svidi-efnamaelinga","status":"publish","type":"post","link":"https:\/\/matis.is\/en\/frettir\/matis-leitar-ad-starfsmanni-a-svidi-efnamaelinga\/","title":{"rendered":"Mat\u00eds is looking for an employee in the field of chemical measurements"},"content":{"rendered":"<h4 class=\"wp-block-heading\">Mat\u00eds \u00f3skar eftir a\u00f0 r\u00e1\u00f0a dr\u00edfandi &nbsp;a\u00f0ila \u00e1 ranns\u00f3knarstofu efnam\u00e6linga \u00ed t\u00edmabundna afleysingu til eins \u00e1rs. Starfi\u00f0 felst \u00ed a\u00f0sto\u00f0 vi\u00f0 ranns\u00f3knir og almennri vinnu \u00e1 tilraunastofu Mat\u00eds \u00ed Reykjav\u00edk.<\/h4>\n\n\n\n<p class=\"wp-block-paragraph\"><strong>Main tasks and responsibilities<\/strong><\/p>\n\n\n\n<ul class=\"wp-block-list\">\n<li>M\u00f3ttaka og undirb\u00faningur s\u00fdna<\/li>\n\n\n\n<li><a href=\"https:\/\/matis.is\/en\/frettir\/samstarfssamningur-matis-og-als-i-svithjod\/\">Chemical Analysis<\/a> og \u00fatg\u00e1fa ni\u00f0ursta\u00f0a<\/li>\n\n\n\n<li>Purchasing and communication with suppliers<\/li>\n<\/ul>\n\n\n\n<p class=\"wp-block-paragraph\"><strong>Qualification requirements<\/strong><\/p>\n\n\n\n<ul class=\"wp-block-list\">\n<li>B.Sc. gr\u00e1\u00f0a \u00ed raunv\u00edsindum (t.d. efnafr\u00e6\u00f0i, l\u00edfefnafr\u00e6\u00f0i, matv\u00e6lafr\u00e6\u00f0i, l\u00edffr\u00e6\u00f0i,) og\/e\u00f0a reynsla vi\u00f0 ranns\u00f3knast\u00f6rf<\/li>\n\n\n\n<li>Independent and disciplined work style<\/li>\n\n\n\n<li>Agility in human relations<\/li>\n\n\n\n<li>Frumkv\u00e6\u00f0i og metna\u00f0ur til a\u00f0 n\u00e1 \u00e1rangri \u00ed starfi<\/li>\n\n\n\n<li>\u00c6skilegt er a\u00f0 vi\u00f0komandi geti hafi\u00f0 st\u00f6rf sem fyrst<\/li>\n<\/ul>\n\n\n\n<p class=\"wp-block-paragraph\">Starfshlutfall er 100%. Vi\u00f0komandi mun starfa \u00e1 ranns\u00f3knastofu Mat\u00eds \u00e1 V\u00ednlandslei\u00f0 12, Reykjav\u00edk.<\/p>\n\n\n\n<p class=\"wp-block-paragraph\">Mat\u00eds er lei\u00f0andi \u00e1 svi\u00f0i matv\u00e6laranns\u00f3kna og l\u00edft\u00e6kni. Hj\u00e1 Mat\u00eds starfar um 100 manna \u00f6flugur h\u00f3pur starfsf\u00f3lks sem brennur fyrir \u00fev\u00ed a\u00f0 finna n\u00fdjar lei\u00f0ir til a\u00f0 h\u00e1marka n\u00fdtingu hr\u00e1efnis, auka <a href=\"https:\/\/matis.is\/en\/skyrsla\/hrognkelsakollagen-umhverfisvaen-afurd-sustainable-lumpfish-collagen\/\">sustainability<\/a> og efla l\u00fd\u00f0heilsu. Hlutverk Mat\u00eds er a\u00f0 efla samkeppnish\u00e6fni \u00edslenskra afur\u00f0a og atvinnul\u00edfs og tryggja matv\u00e6la\u00f6ryggi, l\u00fd\u00f0heilsu og sj\u00e1lfb\u00e6ra n\u00fdtingu umhverfisins me\u00f0 ranns\u00f3knum, n\u00fdsk\u00f6pun og \u00fej\u00f3nustu.<\/p>\n\n\n\n<p class=\"wp-block-paragraph\">Applications must be accompanied by a detailed CV and cover letter.<\/p>\n\n\n\n<p class=\"wp-block-paragraph\">All genders are encouraged to apply.<\/p>\n\n\n\n<p class=\"wp-block-paragraph\">Ums\u00f3knarfrestur er til og me\u00f0 31 jan\u00faar.<\/p>\n\n\n\n<p class=\"wp-block-paragraph\">Uppl\u00fdsingar veitir Natasa Desnica, fagstj\u00f3ri efnam\u00e6linga, <a href=\"mailto:natasa@matis.is\">natasa@matis.is<\/a>, 4225067.<\/p>\n\n\n\n<div class=\"wp-block-buttons is-layout-flex wp-block-buttons-is-layout-flex\">\n<div class=\"wp-block-button\"><a class=\"wp-block-button__link has-accent-background-color has-background wp-element-button\" href=\"https:\/\/jobs.50skills.com\/matis\/is\/32888\/apply\" target=\"_blank\" rel=\"noreferrer noopener\">Apply for a job<\/a><\/div>\n<\/div>","protected":false},"excerpt":{"rendered":"<p>Mat\u00eds \u00f3skar eftir a\u00f0 r\u00e1\u00f0a dr\u00edfandi &nbsp;a\u00f0ila \u00e1 ranns\u00f3knarstofu efnam\u00e6linga \u00ed t\u00edmabundna afleysingu til eins \u00e1rs. Starfi\u00f0 felst \u00ed a\u00f0sto\u00f0 [&hellip;]<\/p>\n","protected":false},"author":3,"featured_media":53652,"comment_status":"closed","ping_status":"closed","sticky":false,"template":"template-covernew.php","format":"standard","meta":{"_acf_changed":false,"_uag_custom_page_level_css":"","site-sidebar-layout":"default","site-content-layout":"","ast-site-content-layout":"default","site-content-style":"default","site-sidebar-style":"default","ast-global-header-display":"","ast-banner-title-visibility":"","ast-main-header-display":"","ast-hfb-above-header-display":"","ast-hfb-below-header-display":"","ast-hfb-mobile-header-display":"","site-post-title":"","ast-breadcrumbs-content":"","ast-featured-img":"","footer-sml-layout":"","ast-disable-related-posts":"","theme-transparent-header-meta":"","adv-header-id-meta":"","stick-header-meta":"","header-above-stick-meta":"","header-main-stick-meta":"","header-below-stick-meta":"","astra-migrate-meta-layouts":"default","ast-page-background-enabled":"default","ast-page-background-meta":{"desktop":{"background-color":"var(--ast-global-color-5)","background-image":"","background-repeat":"repeat","background-position":"center center","background-size":"auto","background-attachment":"scroll","background-type":"","background-media":"","overlay-type":"","overlay-color":"","overlay-opacity":"","overlay-gradient":""},"tablet":{"background-color":"","background-image":"","background-repeat":"repeat","background-position":"center center","background-size":"auto","background-attachment":"scroll","background-type":"","background-media":"","overlay-type":"","overlay-color":"","overlay-opacity":"","overlay-gradient":""},"mobile":{"background-color":"","background-image":"","background-repeat":"repeat","background-position":"center center","background-size":"auto","background-attachment":"scroll","background-type":"","background-media":"","overlay-type":"","overlay-color":"","overlay-opacity":"","overlay-gradient":""}},"ast-content-background-meta":{"desktop":{"background-color":"var(--ast-global-color-4)","background-image":"","background-repeat":"repeat","background-position":"center center","background-size":"auto","background-attachment":"scroll","background-type":"","background-media":"","overlay-type":"","overlay-color":"","overlay-opacity":"","overlay-gradient":""},"tablet":{"background-color":"var(--ast-global-color-4)","background-image":"","background-repeat":"repeat","background-position":"center center","background-size":"auto","background-attachment":"scroll","background-type":"","background-media":"","overlay-type":"","overlay-color":"","overlay-opacity":"","overlay-gradient":""},"mobile":{"background-color":"var(--ast-global-color-4)","background-image":"","background-repeat":"repeat","background-position":"center center","background-size":"auto","background-attachment":"scroll","background-type":"","background-media":"","overlay-type":"","overlay-color":"","overlay-opacity":"","overlay-gradient":""}},"footnotes":""},"categories":[1973],"tags":[],"class_list":["post-53648","post","type-post","status-publish","format-standard","has-post-thumbnail","hentry","category-frettir"],"acf":[],"yoast_head":"<!-- This site is optimized with the Yoast SEO plugin v28.3 - https:\/\/yoast.com\/product\/yoast-seo-wordpress\/ -->\n<title>Mat\u00eds leitar a\u00f0 starfsmanni \u00e1 svi\u00f0i efnam\u00e6linga - Mat\u00eds<\/title>\n<meta name=\"robots\" content=\"index, follow, max-snippet:-1, max-image-preview:large, max-video-preview:-1\" \/>\n<link rel=\"canonical\" href=\"https:\/\/matis.is\/en\/frettir\/matis-leitar-ad-starfsmanni-a-svidi-efnamaelinga\/\" \/>\n<meta property=\"og:locale\" content=\"en_GB\" \/>\n<meta property=\"og:type\" content=\"article\" \/>\n<meta property=\"og:title\" content=\"Mat\u00eds leitar a\u00f0 starfsmanni \u00e1 svi\u00f0i efnam\u00e6linga - Mat\u00eds\" \/>\n<meta property=\"og:description\" content=\"Mat\u00eds \u00f3skar eftir a\u00f0 r\u00e1\u00f0a dr\u00edfandi &nbsp;a\u00f0ila \u00e1 ranns\u00f3knarstofu efnam\u00e6linga \u00ed t\u00edmabundna afleysingu til eins \u00e1rs. Starfi\u00f0 felst \u00ed a\u00f0sto\u00f0 [&hellip;]\" \/>\n<meta property=\"og:url\" content=\"https:\/\/matis.is\/en\/frettir\/matis-leitar-ad-starfsmanni-a-svidi-efnamaelinga\/\" \/>\n<meta property=\"og:site_name\" content=\"Mat\u00eds\" \/>\n<meta property=\"article:publisher\" content=\"https:\/\/www.facebook.com\/matisiceland\" \/>\n<meta property=\"article:published_time\" content=\"2025-01-15T11:20:47+00:00\" \/>\n<meta property=\"article:modified_time\" content=\"2025-05-02T09:24:34+00:00\" \/>\n<meta property=\"og:image\" content=\"https:\/\/matis.is\/wp-content\/uploads\/1_Matis_vinlandsleid08638-1-1024x682.jpg\" \/>\n\t<meta property=\"og:image:width\" content=\"1024\" \/>\n\t<meta property=\"og:image:height\" content=\"682\" \/>\n\t<meta property=\"og:image:type\" content=\"image\/jpeg\" \/>\n<meta name=\"author\" content=\"Krist\u00edn Edda Gylfad\u00f3ttir\" \/>\n<meta name=\"twitter:card\" content=\"summary_large_image\" \/>\n<meta name=\"twitter:creator\" content=\"@matisiceland\" \/>\n<meta name=\"twitter:site\" content=\"@matisiceland\" \/>\n<meta name=\"twitter:label1\" content=\"Written by\" \/>\n\t<meta name=\"twitter:data1\" content=\"Krist\u00edn Edda Gylfad\u00f3ttir\" \/>\n\t<meta name=\"twitter:label2\" content=\"Estimated reading time\" \/>\n\t<meta name=\"twitter:data2\" content=\"2 minutes\" \/>\n<script type=\"application\/ld+json\" class=\"yoast-schema-graph\">{\"@context\":\"https:\\\/\\\/schema.org\",\"@graph\":[{\"@type\":\"Article\",\"@id\":\"https:\\\/\\\/matis.is\\\/frettir\\\/matis-leitar-ad-starfsmanni-a-svidi-efnamaelinga\\\/#article\",\"isPartOf\":{\"@id\":\"https:\\\/\\\/matis.is\\\/frettir\\\/matis-leitar-ad-starfsmanni-a-svidi-efnamaelinga\\\/\"},\"author\":{\"name\":\"Krist\u00edn Edda Gylfad\u00f3ttir\",\"@id\":\"https:\\\/\\\/matis.is\\\/#\\\/schema\\\/person\\\/af2d479c72e5e79c4570d409abf2dc9b\"},\"headline\":\"Mat\u00eds leitar a\u00f0 starfsmanni \u00e1 svi\u00f0i efnam\u00e6linga\",\"datePublished\":\"2025-01-15T11:20:47+00:00\",\"dateModified\":\"2025-05-02T09:24:34+00:00\",\"mainEntityOfPage\":{\"@id\":\"https:\\\/\\\/matis.is\\\/frettir\\\/matis-leitar-ad-starfsmanni-a-svidi-efnamaelinga\\\/\"},\"wordCount\":275,\"publisher\":{\"@id\":\"https:\\\/\\\/matis.is\\\/#organization\"},\"image\":{\"@id\":\"https:\\\/\\\/matis.is\\\/frettir\\\/matis-leitar-ad-starfsmanni-a-svidi-efnamaelinga\\\/#primaryimage\"},\"thumbnailUrl\":\"https:\\\/\\\/matis.is\\\/wp-content\\\/uploads\\\/1_Matis_vinlandsleid08638-1.jpg\",\"articleSection\":[\"Fr\u00e9ttir\"],\"inLanguage\":\"en-GB\"},{\"@type\":\"WebPage\",\"@id\":\"https:\\\/\\\/matis.is\\\/frettir\\\/matis-leitar-ad-starfsmanni-a-svidi-efnamaelinga\\\/\",\"url\":\"https:\\\/\\\/matis.is\\\/frettir\\\/matis-leitar-ad-starfsmanni-a-svidi-efnamaelinga\\\/\",\"name\":\"Mat\u00eds leitar a\u00f0 starfsmanni \u00e1 svi\u00f0i efnam\u00e6linga - Mat\u00eds\",\"isPartOf\":{\"@id\":\"https:\\\/\\\/matis.is\\\/#website\"},\"primaryImageOfPage\":{\"@id\":\"https:\\\/\\\/matis.is\\\/frettir\\\/matis-leitar-ad-starfsmanni-a-svidi-efnamaelinga\\\/#primaryimage\"},\"image\":{\"@id\":\"https:\\\/\\\/matis.is\\\/frettir\\\/matis-leitar-ad-starfsmanni-a-svidi-efnamaelinga\\\/#primaryimage\"},\"thumbnailUrl\":\"https:\\\/\\\/matis.is\\\/wp-content\\\/uploads\\\/1_Matis_vinlandsleid08638-1.jpg\",\"datePublished\":\"2025-01-15T11:20:47+00:00\",\"dateModified\":\"2025-05-02T09:24:34+00:00\",\"breadcrumb\":{\"@id\":\"https:\\\/\\\/matis.is\\\/frettir\\\/matis-leitar-ad-starfsmanni-a-svidi-efnamaelinga\\\/#breadcrumb\"},\"inLanguage\":\"en-GB\",\"potentialAction\":[{\"@type\":\"ReadAction\",\"target\":[\"https:\\\/\\\/matis.is\\\/frettir\\\/matis-leitar-ad-starfsmanni-a-svidi-efnamaelinga\\\/\"]}]},{\"@type\":\"ImageObject\",\"inLanguage\":\"en-GB\",\"@id\":\"https:\\\/\\\/matis.is\\\/frettir\\\/matis-leitar-ad-starfsmanni-a-svidi-efnamaelinga\\\/#primaryimage\",\"url\":\"https:\\\/\\\/matis.is\\\/wp-content\\\/uploads\\\/1_Matis_vinlandsleid08638-1.jpg\",\"contentUrl\":\"https:\\\/\\\/matis.is\\\/wp-content\\\/uploads\\\/1_Matis_vinlandsleid08638-1.jpg\",\"width\":2500,\"height\":1665,\"caption\":\"Dr\u00f3na mynd af h\u00fasn\u00e6\u00f0i Matis V\u00ednlandslei\u00f0 12\"},{\"@type\":\"BreadcrumbList\",\"@id\":\"https:\\\/\\\/matis.is\\\/frettir\\\/matis-leitar-ad-starfsmanni-a-svidi-efnamaelinga\\\/#breadcrumb\",\"itemListElement\":[{\"@type\":\"ListItem\",\"position\":1,\"name\":\"Home\",\"item\":\"https:\\\/\\\/matis.is\\\/\"},{\"@type\":\"ListItem\",\"position\":2,\"name\":\"Mat\u00eds leitar a\u00f0 starfsmanni \u00e1 svi\u00f0i efnam\u00e6linga\"}]},{\"@type\":\"WebSite\",\"@id\":\"https:\\\/\\\/matis.is\\\/#website\",\"url\":\"https:\\\/\\\/matis.is\\\/\",\"name\":\"Mat\u00eds\",\"description\":\"Ver\u00f0m\u00e6task\u00f6pun, matv\u00e6la\u00f6ryggi og l\u00fd\u00f0heilsa\",\"publisher\":{\"@id\":\"https:\\\/\\\/matis.is\\\/#organization\"},\"potentialAction\":[{\"@type\":\"SearchAction\",\"target\":{\"@type\":\"EntryPoint\",\"urlTemplate\":\"https:\\\/\\\/matis.is\\\/?s={search_term_string}\"},\"query-input\":{\"@type\":\"PropertyValueSpecification\",\"valueRequired\":true,\"valueName\":\"search_term_string\"}}],\"inLanguage\":\"en-GB\"},{\"@type\":\"Organization\",\"@id\":\"https:\\\/\\\/matis.is\\\/#organization\",\"name\":\"Mat\u00eds ohf.\",\"url\":\"https:\\\/\\\/matis.is\\\/\",\"logo\":{\"@type\":\"ImageObject\",\"inLanguage\":\"en-GB\",\"@id\":\"https:\\\/\\\/matis.is\\\/#\\\/schema\\\/logo\\\/image\\\/\",\"url\":\"https:\\\/\\\/matis.is\\\/wp-content\\\/uploads\\\/2021\\\/02\\\/matis_logo_blatthvitt.png\",\"contentUrl\":\"https:\\\/\\\/matis.is\\\/wp-content\\\/uploads\\\/2021\\\/02\\\/matis_logo_blatthvitt.png\",\"width\":1507,\"height\":1507,\"caption\":\"Mat\u00eds ohf.\"},\"image\":{\"@id\":\"https:\\\/\\\/matis.is\\\/#\\\/schema\\\/logo\\\/image\\\/\"},\"sameAs\":[\"https:\\\/\\\/www.facebook.com\\\/matisiceland\",\"https:\\\/\\\/x.com\\\/matisiceland\",\"https:\\\/\\\/www.instagram.com\\\/matisiceland\\\/\",\"https:\\\/\\\/www.linkedin.com\\\/matisiceland\\\/\",\"https:\\\/\\\/www.youtube.com\\\/channel\\\/UCY-frt3uTqgVZW-DLjoo5bA\"]},{\"@type\":\"Person\",\"@id\":\"https:\\\/\\\/matis.is\\\/#\\\/schema\\\/person\\\/af2d479c72e5e79c4570d409abf2dc9b\",\"name\":\"Krist\u00edn Edda Gylfad\u00f3ttir\",\"url\":\"https:\\\/\\\/matis.is\\\/en\\\/author\\\/kristingmatis-is\\\/\"}]}<\/script>\n<!-- \/ Yoast SEO plugin. -->","yoast_head_json":{"title":"Mat\u00eds leitar a\u00f0 starfsmanni \u00e1 svi\u00f0i efnam\u00e6linga - Mat\u00eds","robots":{"index":"index","follow":"follow","max-snippet":"max-snippet:-1","max-image-preview":"max-image-preview:large","max-video-preview":"max-video-preview:-1"},"canonical":"https:\/\/matis.is\/en\/frettir\/matis-leitar-ad-starfsmanni-a-svidi-efnamaelinga\/","og_locale":"en_GB","og_type":"article","og_title":"Mat\u00eds leitar a\u00f0 starfsmanni \u00e1 svi\u00f0i efnam\u00e6linga - Mat\u00eds","og_description":"Mat\u00eds \u00f3skar eftir a\u00f0 r\u00e1\u00f0a dr\u00edfandi &nbsp;a\u00f0ila \u00e1 ranns\u00f3knarstofu efnam\u00e6linga \u00ed t\u00edmabundna afleysingu til eins \u00e1rs. Starfi\u00f0 felst \u00ed a\u00f0sto\u00f0 [&hellip;]","og_url":"https:\/\/matis.is\/en\/frettir\/matis-leitar-ad-starfsmanni-a-svidi-efnamaelinga\/","og_site_name":"Mat\u00eds","article_publisher":"https:\/\/www.facebook.com\/matisiceland","article_published_time":"2025-01-15T11:20:47+00:00","article_modified_time":"2025-05-02T09:24:34+00:00","og_image":[{"width":1024,"height":682,"url":"https:\/\/matis.is\/wp-content\/uploads\/1_Matis_vinlandsleid08638-1-1024x682.jpg","type":"image\/jpeg"}],"author":"Krist\u00edn Edda Gylfad\u00f3ttir","twitter_card":"summary_large_image","twitter_creator":"@matisiceland","twitter_site":"@matisiceland","twitter_misc":{"Written by":"Krist\u00edn Edda Gylfad\u00f3ttir","Estimated reading time":"2 minutes"},"schema":{"@context":"https:\/\/schema.org","@graph":[{"@type":"Article","@id":"https:\/\/matis.is\/frettir\/matis-leitar-ad-starfsmanni-a-svidi-efnamaelinga\/#article","isPartOf":{"@id":"https:\/\/matis.is\/frettir\/matis-leitar-ad-starfsmanni-a-svidi-efnamaelinga\/"},"author":{"name":"Krist\u00edn Edda Gylfad\u00f3ttir","@id":"https:\/\/matis.is\/#\/schema\/person\/af2d479c72e5e79c4570d409abf2dc9b"},"headline":"Mat\u00eds leitar a\u00f0 starfsmanni \u00e1 svi\u00f0i efnam\u00e6linga","datePublished":"2025-01-15T11:20:47+00:00","dateModified":"2025-05-02T09:24:34+00:00","mainEntityOfPage":{"@id":"https:\/\/matis.is\/frettir\/matis-leitar-ad-starfsmanni-a-svidi-efnamaelinga\/"},"wordCount":275,"publisher":{"@id":"https:\/\/matis.is\/#organization"},"image":{"@id":"https:\/\/matis.is\/frettir\/matis-leitar-ad-starfsmanni-a-svidi-efnamaelinga\/#primaryimage"},"thumbnailUrl":"https:\/\/matis.is\/wp-content\/uploads\/1_Matis_vinlandsleid08638-1.jpg","articleSection":["Fr\u00e9ttir"],"inLanguage":"en-GB"},{"@type":"WebPage","@id":"https:\/\/matis.is\/frettir\/matis-leitar-ad-starfsmanni-a-svidi-efnamaelinga\/","url":"https:\/\/matis.is\/frettir\/matis-leitar-ad-starfsmanni-a-svidi-efnamaelinga\/","name":"Mat\u00eds leitar a\u00f0 starfsmanni \u00e1 svi\u00f0i efnam\u00e6linga - Mat\u00eds","isPartOf":{"@id":"https:\/\/matis.is\/#website"},"primaryImageOfPage":{"@id":"https:\/\/matis.is\/frettir\/matis-leitar-ad-starfsmanni-a-svidi-efnamaelinga\/#primaryimage"},"image":{"@id":"https:\/\/matis.is\/frettir\/matis-leitar-ad-starfsmanni-a-svidi-efnamaelinga\/#primaryimage"},"thumbnailUrl":"https:\/\/matis.is\/wp-content\/uploads\/1_Matis_vinlandsleid08638-1.jpg","datePublished":"2025-01-15T11:20:47+00:00","dateModified":"2025-05-02T09:24:34+00:00","breadcrumb":{"@id":"https:\/\/matis.is\/frettir\/matis-leitar-ad-starfsmanni-a-svidi-efnamaelinga\/#breadcrumb"},"inLanguage":"en-GB","potentialAction":[{"@type":"ReadAction","target":["https:\/\/matis.is\/frettir\/matis-leitar-ad-starfsmanni-a-svidi-efnamaelinga\/"]}]},{"@type":"ImageObject","inLanguage":"en-GB","@id":"https:\/\/matis.is\/frettir\/matis-leitar-ad-starfsmanni-a-svidi-efnamaelinga\/#primaryimage","url":"https:\/\/matis.is\/wp-content\/uploads\/1_Matis_vinlandsleid08638-1.jpg","contentUrl":"https:\/\/matis.is\/wp-content\/uploads\/1_Matis_vinlandsleid08638-1.jpg","width":2500,"height":1665,"caption":"Dr\u00f3na mynd af h\u00fasn\u00e6\u00f0i Matis V\u00ednlandslei\u00f0 12"},{"@type":"BreadcrumbList","@id":"https:\/\/matis.is\/frettir\/matis-leitar-ad-starfsmanni-a-svidi-efnamaelinga\/#breadcrumb","itemListElement":[{"@type":"ListItem","position":1,"name":"Home","item":"https:\/\/matis.is\/"},{"@type":"ListItem","position":2,"name":"Mat\u00eds leitar a\u00f0 starfsmanni \u00e1 svi\u00f0i efnam\u00e6linga"}]},{"@type":"WebSite","@id":"https:\/\/matis.is\/#website","url":"https:\/\/matis.is\/","name":"Mat\u00eds","description":"Value creation, food security and public health","publisher":{"@id":"https:\/\/matis.is\/#organization"},"potentialAction":[{"@type":"SearchAction","target":{"@type":"EntryPoint","urlTemplate":"https:\/\/matis.is\/?s={search_term_string}"},"query-input":{"@type":"PropertyValueSpecification","valueRequired":true,"valueName":"search_term_string"}}],"inLanguage":"en-GB"},{"@type":"Organization","@id":"https:\/\/matis.is\/#organization","name":"Mat\u00eds ohf.","url":"https:\/\/matis.is\/","logo":{"@type":"ImageObject","inLanguage":"en-GB","@id":"https:\/\/matis.is\/#\/schema\/logo\/image\/","url":"https:\/\/matis.is\/wp-content\/uploads\/2021\/02\/matis_logo_blatthvitt.png","contentUrl":"https:\/\/matis.is\/wp-content\/uploads\/2021\/02\/matis_logo_blatthvitt.png","width":1507,"height":1507,"caption":"Mat\u00eds ohf."},"image":{"@id":"https:\/\/matis.is\/#\/schema\/logo\/image\/"},"sameAs":["https:\/\/www.facebook.com\/matisiceland","https:\/\/x.com\/matisiceland","https:\/\/www.instagram.com\/matisiceland\/","https:\/\/www.linkedin.com\/matisiceland\/","https:\/\/www.youtube.com\/channel\/UCY-frt3uTqgVZW-DLjoo5bA"]},{"@type":"Person","@id":"https:\/\/matis.is\/#\/schema\/person\/af2d479c72e5e79c4570d409abf2dc9b","name":"Krist\u00edn Edda Gylfad\u00f3ttir","url":"https:\/\/matis.is\/en\/author\/kristingmatis-is\/"}]}},"spectra_custom_meta":{"_edit_lock":["1746177876:3"],"_edit_last":["3","3"],"tengilidur":["28261","28261"],"_tengilidur":["field_5ef905e0538b2","field_5ef905e0538b2"],"_yoast_wpseo_primary_category":["1973","1973"],"_yoast_wpseo_estimated-reading-time-minutes":["2","2"],"_wp_page_template":["template-covernew.php","template-covernew.php"],"content-type":["",""],"footnotes":["",""],"_thumbnail_id":["53652","53652"],"_yoast_wpseo_content_score":["90","90"],"cmplz_hide_cookiebanner":["",""],"_uag_css_file_name":["uag-css-53648.css"],"_uag_page_assets":["a:9:{s:3:\"css\";s:260:\".uag-blocks-common-selector{z-index:var(--z-index-desktop) !important}@media(max-width: 976px){.uag-blocks-common-selector{z-index:var(--z-index-tablet) !important}}@media(max-width: 767px){.uag-blocks-common-selector{z-index:var(--z-index-mobile) !important}}\";s:2:\"js\";s:0:\"\";s:18:\"current_block_list\";a:8:{i:0;s:12:\"core\/heading\";i:1;s:14:\"core\/paragraph\";i:2;s:9:\"core\/list\";i:3;s:14:\"core\/list-item\";i:4;s:12:\"core\/buttons\";i:5;s:11:\"core\/button\";i:6;s:12:\"core\/columns\";i:7;s:11:\"core\/column\";}s:8:\"uag_flag\";b:0;s:11:\"uag_version\";s:10:\"1787911379\";s:6:\"gfonts\";a:0:{}s:10:\"gfonts_url\";s:0:\"\";s:12:\"gfonts_files\";a:0:{}s:14:\"uag_faq_layout\";b:0;}"]},"uagb_featured_image_src":{"full":["https:\/\/matis.is\/wp-content\/uploads\/1_Matis_vinlandsleid08638-1.jpg",2500,1665,false],"thumbnail":["https:\/\/matis.is\/wp-content\/uploads\/1_Matis_vinlandsleid08638-1-150x150.jpg",150,150,true],"medium":["https:\/\/matis.is\/wp-content\/uploads\/1_Matis_vinlandsleid08638-1-300x200.jpg",300,200,true],"medium_large":["https:\/\/matis.is\/wp-content\/uploads\/1_Matis_vinlandsleid08638-1-768x511.jpg",768,511,true],"large":["https:\/\/matis.is\/wp-content\/uploads\/1_Matis_vinlandsleid08638-1-1024x682.jpg",1024,682,true],"1536x1536":["https:\/\/matis.is\/wp-content\/uploads\/1_Matis_vinlandsleid08638-1-1536x1023.jpg",1536,1023,true],"2048x2048":["https:\/\/matis.is\/wp-content\/uploads\/1_Matis_vinlandsleid08638-1-2048x1364.jpg",2048,1364,true],"trp-custom-language-flag":["https:\/\/matis.is\/wp-content\/uploads\/1_Matis_vinlandsleid08638-1-18x12.jpg",18,12,true]},"uagb_author_info":{"display_name":"Krist\u00edn Edda Gylfad\u00f3ttir","author_link":"https:\/\/matis.is\/en\/author\/kristingmatis-is\/"},"uagb_comment_info":0,"uagb_excerpt":"Mat\u00eds \u00f3skar eftir a\u00f0 r\u00e1\u00f0a dr\u00edfandi &nbsp;a\u00f0ila \u00e1 ranns\u00f3knarstofu efnam\u00e6linga \u00ed t\u00edmabundna afleysingu til eins \u00e1rs. Starfi\u00f0 felst \u00ed a\u00f0sto\u00f0 [&hellip;]","_links":{"self":[{"href":"https:\/\/matis.is\/en\/wp-json\/wp\/v2\/posts\/53648","targetHints":{"allow":["GET"]}}],"collection":[{"href":"https:\/\/matis.is\/en\/wp-json\/wp\/v2\/posts"}],"about":[{"href":"https:\/\/matis.is\/en\/wp-json\/wp\/v2\/types\/post"}],"author":[{"embeddable":true,"href":"https:\/\/matis.is\/en\/wp-json\/wp\/v2\/users\/3"}],"replies":[{"embeddable":true,"href":"https:\/\/matis.is\/en\/wp-json\/wp\/v2\/comments?post=53648"}],"version-history":[{"count":6,"href":"https:\/\/matis.is\/en\/wp-json\/wp\/v2\/posts\/53648\/revisions"}],"predecessor-version":[{"id":53655,"href":"https:\/\/matis.is\/en\/wp-json\/wp\/v2\/posts\/53648\/revisions\/53655"}],"wp:featuredmedia":[{"embeddable":true,"href":"https:\/\/matis.is\/en\/wp-json\/wp\/v2\/media\/53652"}],"wp:attachment":[{"href":"https:\/\/matis.is\/en\/wp-json\/wp\/v2\/media?parent=53648"}],"wp:term":[{"taxonomy":"category","embeddable":true,"href":"https:\/\/matis.is\/en\/wp-json\/wp\/v2\/categories?post=53648"},{"taxonomy":"post_tag","embeddable":true,"href":"https:\/\/matis.is\/en\/wp-json\/wp\/v2\/tags?post=53648"}],"curies":[{"name":"wp","href":"https:\/\/api.w.org\/{rel}","templated":true}]}}