{"id":53883,"date":"2025-03-27T13:21:50","date_gmt":"2025-03-27T13:21:50","guid":{"rendered":"https:\/\/matis.is\/?p=53883"},"modified":"2025-03-27T13:25:35","modified_gmt":"2025-03-27T13:25:35","slug":"islenskir-skolar-hafa-taekifaeri-a-ad-saekja-um-probleu-styrk","status":"publish","type":"post","link":"https:\/\/matis.is\/en\/frettir\/islenskir-skolar-hafa-taekifaeri-a-ad-saekja-um-probleu-styrk\/","title":{"rendered":"\u00cdslenskir sk\u00f3lar hafa t\u00e6kif\u00e6ri \u00e1 a\u00f0 s\u00e6kja um ProBleu styrk"},"content":{"rendered":"<h4 class=\"wp-block-heading\"><strong>Mat\u00eds og verkefni\u00f0&nbsp;<a href=\"https:\/\/matis.createsend1.com\/t\/t-i-sukliiy-l-y\/\" target=\"_blank\" rel=\"noreferrer noopener\">BioProtect&nbsp;<\/a>vekja athygli \u00e1 a\u00f0 \u00edslenskir sk\u00f3lar hafa t\u00e6kif\u00e6ri til a\u00f0 s\u00e6kja um Pro Bleu styrk:<\/strong><\/h4>\n\n\n\n<figure class=\"wp-block-embed is-type-video is-provider-youtube wp-block-embed-youtube wp-embed-aspect-16-9 wp-has-aspect-ratio\"><div class=\"wp-block-embed__wrapper\">\n<iframe loading=\"lazy\" title=\"4th Call: 21 March - 23 May 2025 - ICELAND\" width=\"422\" height=\"750\" src=\"https:\/\/www.youtube.com\/embed\/ap9crH2Twt8?feature=oembed\" frameborder=\"0\" allow=\"accelerometer; autoplay; clipboard-write; encrypted-media; gyroscope; picture-in-picture; web-share\" referrerpolicy=\"strict-origin-when-cross-origin\" allowfullscreen><\/iframe>\n<\/div><\/figure>\n\n\n\n<p><strong>Styrkur: ProBleu funding call<\/strong><\/p>\n\n\n\n<p>ProBleu hefur \u00fea\u00f0 a\u00f0 markmi\u00f0i a\u00f0 efla sk\u00f3la samf\u00e9lag \u00ed Evr\u00f3pu (Network of European Blue Schools) me\u00f0 \u00fev\u00ed a\u00f0 bj\u00f3\u00f0a allt a\u00f0 7.500 evrur \u00ed styrk til verkefna sem var\u00f0a aukinn skilning \u00e1 vatni og hafi. Ums\u00f3knir skulu berast fyrir 23. ma\u00ed, klukkan 17:00 CET.<\/p>\n\n\n\n<p><strong>Hva\u00f0 er ProBleu?&nbsp;<\/strong><\/p>\n\n\n\n<p>ProBleu sty\u00f0ur vi\u00f0 sk\u00f3la sem eru \u00ed fararbroddi vi\u00f0 a\u00f0 kenna kr\u00f6kkum um verndun hafs og ferskvatns. \u00c1 n\u00e6stu \u00feremur \u00e1rum mun ProBleu bj\u00f3\u00f0a a\u00f0 minnsta kosti 100 sk\u00f3lum styrki fyrir spennandi verkefni. Sk\u00f3lar geta fengi\u00f0 allt a\u00f0 7.500 evrur \u00ed styrk fyrir verkefni sem standa yfir \u00ed allt a\u00f0 \u00e1r.<\/p>\n\n\n\n<p><strong>Hverjir geta s\u00f3tt um styrkinn<\/strong><\/p>\n\n\n\n<p>ProBleu styrkurinn er s\u00e9rstaklega \u00e6tla\u00f0ur sk\u00f3lum \u00ed l\u00f6ndum sem eiga fulltr\u00faa \u00ed <em>Blue Schools<\/em> samf\u00e9laginu: Austurr\u00edki, Belg\u00edu, Danm\u00f6rku, \u00de\u00fdskalandi, \u00cdslandi, \u00cdrlandi, Kosovo, L\u00faxemborg, M\u00f6ltu, Svartfjallalandi, Noregi, Sl\u00f3ven\u00edu og \u00dakra\u00ednu. \u00dea\u00f0 kemur \u00fe\u00f3 ekki \u00ed veg fyrir a\u00f0 \u00f6nnur l\u00f6nd geti s\u00f3tt um styrkinn.<\/p>\n\n\n\n<p><strong>H\u00e9r er h\u00e6gt a\u00f0 finna allar n\u00e1nari uppl\u00fdsingar:<\/strong><\/p>\n\n\n\n<div class=\"wp-block-buttons is-layout-flex wp-block-buttons-is-layout-flex\">\n<div class=\"wp-block-button\"><a class=\"wp-block-button__link wp-element-button\" href=\"https:\/\/probleu.school\/probleu-funding-calls\/\">Uppl\u00fdsingar<\/a><\/div>\n<\/div>\n\n\n\n<p><\/p>","protected":false},"excerpt":{"rendered":"<p>Mat\u00eds og verkefni\u00f0&nbsp;BioProtect&nbsp;vekja athygli \u00e1 a\u00f0 \u00edslenskir sk\u00f3lar hafa t\u00e6kif\u00e6ri til a\u00f0 s\u00e6kja um Pro Bleu styrk: Styrkur: ProBleu funding [&hellip;]<\/p>\n","protected":false},"author":7,"featured_media":53885,"comment_status":"closed","ping_status":"closed","sticky":false,"template":"template-covernew.php","format":"standard","meta":{"_acf_changed":false,"_uag_custom_page_level_css":"","site-sidebar-layout":"default","site-content-layout":"","ast-site-content-layout":"default","site-content-style":"default","site-sidebar-style":"default","ast-global-header-display":"","ast-banner-title-visibility":"","ast-main-header-display":"","ast-hfb-above-header-display":"","ast-hfb-below-header-display":"","ast-hfb-mobile-header-display":"","site-post-title":"","ast-breadcrumbs-content":"","ast-featured-img":"","footer-sml-layout":"","ast-disable-related-posts":"","theme-transparent-header-meta":"","adv-header-id-meta":"","stick-header-meta":"","header-above-stick-meta":"","header-main-stick-meta":"","header-below-stick-meta":"","astra-migrate-meta-layouts":"default","ast-page-background-enabled":"default","ast-page-background-meta":{"desktop":{"background-color":"var(--ast-global-color-5)","background-image":"","background-repeat":"repeat","background-position":"center center","background-size":"auto","background-attachment":"scroll","background-type":"","background-media":"","overlay-type":"","overlay-color":"","overlay-opacity":"","overlay-gradient":""},"tablet":{"background-color":"","background-image":"","background-repeat":"repeat","background-position":"center center","background-size":"auto","background-attachment":"scroll","background-type":"","background-media":"","overlay-type":"","overlay-color":"","overlay-opacity":"","overlay-gradient":""},"mobile":{"background-color":"","background-image":"","background-repeat":"repeat","background-position":"center center","background-size":"auto","background-attachment":"scroll","background-type":"","background-media":"","overlay-type":"","overlay-color":"","overlay-opacity":"","overlay-gradient":""}},"ast-content-background-meta":{"desktop":{"background-color":"var(--ast-global-color-4)","background-image":"","background-repeat":"repeat","background-position":"center center","background-size":"auto","background-attachment":"scroll","background-type":"","background-media":"","overlay-type":"","overlay-color":"","overlay-opacity":"","overlay-gradient":""},"tablet":{"background-color":"var(--ast-global-color-4)","background-image":"","background-repeat":"repeat","background-position":"center center","background-size":"auto","background-attachment":"scroll","background-type":"","background-media":"","overlay-type":"","overlay-color":"","overlay-opacity":"","overlay-gradient":""},"mobile":{"background-color":"var(--ast-global-color-4)","background-image":"","background-repeat":"repeat","background-position":"center center","background-size":"auto","background-attachment":"scroll","background-type":"","background-media":"","overlay-type":"","overlay-color":"","overlay-opacity":"","overlay-gradient":""}},"footnotes":""},"categories":[1973],"tags":[],"class_list":["post-53883","post","type-post","status-publish","format-standard","has-post-thumbnail","hentry","category-frettir"],"acf":[],"yoast_head":"<!-- This site is optimized with the Yoast SEO plugin v27.4 - https:\/\/yoast.com\/product\/yoast-seo-wordpress\/ -->\n<title>\u00cdslenskir sk\u00f3lar hafa t\u00e6kif\u00e6ri \u00e1 a\u00f0 s\u00e6kja um ProBleu styrk - Mat\u00eds<\/title>\n<meta name=\"robots\" content=\"index, follow, max-snippet:-1, max-image-preview:large, max-video-preview:-1\" \/>\n<link rel=\"canonical\" href=\"https:\/\/matis.is\/en\/frettir\/islenskir-skolar-hafa-taekifaeri-a-ad-saekja-um-probleu-styrk\/\" \/>\n<meta property=\"og:locale\" content=\"en_GB\" \/>\n<meta property=\"og:type\" content=\"article\" \/>\n<meta property=\"og:title\" content=\"\u00cdslenskir sk\u00f3lar hafa t\u00e6kif\u00e6ri \u00e1 a\u00f0 s\u00e6kja um ProBleu styrk - Mat\u00eds\" \/>\n<meta property=\"og:description\" content=\"Mat\u00eds og verkefni\u00f0&nbsp;BioProtect&nbsp;vekja athygli \u00e1 a\u00f0 \u00edslenskir sk\u00f3lar hafa t\u00e6kif\u00e6ri til a\u00f0 s\u00e6kja um Pro Bleu styrk: Styrkur: ProBleu funding [&hellip;]\" \/>\n<meta property=\"og:url\" content=\"https:\/\/matis.is\/en\/frettir\/islenskir-skolar-hafa-taekifaeri-a-ad-saekja-um-probleu-styrk\/\" \/>\n<meta property=\"og:site_name\" content=\"Mat\u00eds\" \/>\n<meta property=\"article:publisher\" content=\"https:\/\/www.facebook.com\/matisiceland\" \/>\n<meta property=\"article:published_time\" content=\"2025-03-27T13:21:50+00:00\" \/>\n<meta property=\"article:modified_time\" content=\"2025-03-27T13:25:35+00:00\" \/>\n<meta property=\"og:image\" content=\"https:\/\/matis.is\/wp-content\/uploads\/shutterstock_2382003787-scaled.jpg\" \/>\n\t<meta property=\"og:image:width\" content=\"2560\" \/>\n\t<meta property=\"og:image:height\" content=\"1706\" \/>\n\t<meta property=\"og:image:type\" content=\"image\/jpeg\" \/>\n<meta name=\"author\" content=\"hilduryr@matis.is\" \/>\n<meta name=\"twitter:card\" content=\"summary_large_image\" \/>\n<meta name=\"twitter:creator\" content=\"@matisiceland\" \/>\n<meta name=\"twitter:site\" content=\"@matisiceland\" \/>\n<meta name=\"twitter:label1\" content=\"Written by\" \/>\n\t<meta name=\"twitter:data1\" content=\"hilduryr@matis.is\" \/>\n\t<meta name=\"twitter:label2\" content=\"Estimated reading time\" \/>\n\t<meta name=\"twitter:data2\" content=\"2 minutes\" \/>\n<script type=\"application\/ld+json\" class=\"yoast-schema-graph\">{\"@context\":\"https:\\\/\\\/schema.org\",\"@graph\":[{\"@type\":\"Article\",\"@id\":\"https:\\\/\\\/matis.is\\\/frettir\\\/islenskir-skolar-hafa-taekifaeri-a-ad-saekja-um-probleu-styrk\\\/#article\",\"isPartOf\":{\"@id\":\"https:\\\/\\\/matis.is\\\/frettir\\\/islenskir-skolar-hafa-taekifaeri-a-ad-saekja-um-probleu-styrk\\\/\"},\"author\":{\"name\":\"hilduryr@matis.is\",\"@id\":\"https:\\\/\\\/matis.is\\\/#\\\/schema\\\/person\\\/faae87f165f723ee4cb619d6bc8a9203\"},\"headline\":\"\u00cdslenskir sk\u00f3lar hafa t\u00e6kif\u00e6ri \u00e1 a\u00f0 s\u00e6kja um ProBleu styrk\",\"datePublished\":\"2025-03-27T13:21:50+00:00\",\"dateModified\":\"2025-03-27T13:25:35+00:00\",\"mainEntityOfPage\":{\"@id\":\"https:\\\/\\\/matis.is\\\/frettir\\\/islenskir-skolar-hafa-taekifaeri-a-ad-saekja-um-probleu-styrk\\\/\"},\"wordCount\":227,\"publisher\":{\"@id\":\"https:\\\/\\\/matis.is\\\/#organization\"},\"image\":{\"@id\":\"https:\\\/\\\/matis.is\\\/frettir\\\/islenskir-skolar-hafa-taekifaeri-a-ad-saekja-um-probleu-styrk\\\/#primaryimage\"},\"thumbnailUrl\":\"https:\\\/\\\/matis.is\\\/wp-content\\\/uploads\\\/shutterstock_2382003787-scaled.jpg\",\"articleSection\":[\"Fr\u00e9ttir\"],\"inLanguage\":\"en-GB\"},{\"@type\":\"WebPage\",\"@id\":\"https:\\\/\\\/matis.is\\\/frettir\\\/islenskir-skolar-hafa-taekifaeri-a-ad-saekja-um-probleu-styrk\\\/\",\"url\":\"https:\\\/\\\/matis.is\\\/frettir\\\/islenskir-skolar-hafa-taekifaeri-a-ad-saekja-um-probleu-styrk\\\/\",\"name\":\"\u00cdslenskir sk\u00f3lar hafa t\u00e6kif\u00e6ri \u00e1 a\u00f0 s\u00e6kja um ProBleu styrk - Mat\u00eds\",\"isPartOf\":{\"@id\":\"https:\\\/\\\/matis.is\\\/#website\"},\"primaryImageOfPage\":{\"@id\":\"https:\\\/\\\/matis.is\\\/frettir\\\/islenskir-skolar-hafa-taekifaeri-a-ad-saekja-um-probleu-styrk\\\/#primaryimage\"},\"image\":{\"@id\":\"https:\\\/\\\/matis.is\\\/frettir\\\/islenskir-skolar-hafa-taekifaeri-a-ad-saekja-um-probleu-styrk\\\/#primaryimage\"},\"thumbnailUrl\":\"https:\\\/\\\/matis.is\\\/wp-content\\\/uploads\\\/shutterstock_2382003787-scaled.jpg\",\"datePublished\":\"2025-03-27T13:21:50+00:00\",\"dateModified\":\"2025-03-27T13:25:35+00:00\",\"breadcrumb\":{\"@id\":\"https:\\\/\\\/matis.is\\\/frettir\\\/islenskir-skolar-hafa-taekifaeri-a-ad-saekja-um-probleu-styrk\\\/#breadcrumb\"},\"inLanguage\":\"en-GB\",\"potentialAction\":[{\"@type\":\"ReadAction\",\"target\":[\"https:\\\/\\\/matis.is\\\/frettir\\\/islenskir-skolar-hafa-taekifaeri-a-ad-saekja-um-probleu-styrk\\\/\"]}]},{\"@type\":\"ImageObject\",\"inLanguage\":\"en-GB\",\"@id\":\"https:\\\/\\\/matis.is\\\/frettir\\\/islenskir-skolar-hafa-taekifaeri-a-ad-saekja-um-probleu-styrk\\\/#primaryimage\",\"url\":\"https:\\\/\\\/matis.is\\\/wp-content\\\/uploads\\\/shutterstock_2382003787-scaled.jpg\",\"contentUrl\":\"https:\\\/\\\/matis.is\\\/wp-content\\\/uploads\\\/shutterstock_2382003787-scaled.jpg\",\"width\":2560,\"height\":1706},{\"@type\":\"BreadcrumbList\",\"@id\":\"https:\\\/\\\/matis.is\\\/frettir\\\/islenskir-skolar-hafa-taekifaeri-a-ad-saekja-um-probleu-styrk\\\/#breadcrumb\",\"itemListElement\":[{\"@type\":\"ListItem\",\"position\":1,\"name\":\"Home\",\"item\":\"https:\\\/\\\/matis.is\\\/\"},{\"@type\":\"ListItem\",\"position\":2,\"name\":\"\u00cdslenskir sk\u00f3lar hafa t\u00e6kif\u00e6ri \u00e1 a\u00f0 s\u00e6kja um ProBleu styrk\"}]},{\"@type\":\"WebSite\",\"@id\":\"https:\\\/\\\/matis.is\\\/#website\",\"url\":\"https:\\\/\\\/matis.is\\\/\",\"name\":\"Mat\u00eds\",\"description\":\"Ver\u00f0m\u00e6task\u00f6pun, matv\u00e6la\u00f6ryggi og l\u00fd\u00f0heilsa\",\"publisher\":{\"@id\":\"https:\\\/\\\/matis.is\\\/#organization\"},\"potentialAction\":[{\"@type\":\"SearchAction\",\"target\":{\"@type\":\"EntryPoint\",\"urlTemplate\":\"https:\\\/\\\/matis.is\\\/?s={search_term_string}\"},\"query-input\":{\"@type\":\"PropertyValueSpecification\",\"valueRequired\":true,\"valueName\":\"search_term_string\"}}],\"inLanguage\":\"en-GB\"},{\"@type\":\"Organization\",\"@id\":\"https:\\\/\\\/matis.is\\\/#organization\",\"name\":\"Mat\u00eds ohf.\",\"url\":\"https:\\\/\\\/matis.is\\\/\",\"logo\":{\"@type\":\"ImageObject\",\"inLanguage\":\"en-GB\",\"@id\":\"https:\\\/\\\/matis.is\\\/#\\\/schema\\\/logo\\\/image\\\/\",\"url\":\"https:\\\/\\\/matis.is\\\/wp-content\\\/uploads\\\/2021\\\/02\\\/matis_logo_blatthvitt.png\",\"contentUrl\":\"https:\\\/\\\/matis.is\\\/wp-content\\\/uploads\\\/2021\\\/02\\\/matis_logo_blatthvitt.png\",\"width\":1507,\"height\":1507,\"caption\":\"Mat\u00eds ohf.\"},\"image\":{\"@id\":\"https:\\\/\\\/matis.is\\\/#\\\/schema\\\/logo\\\/image\\\/\"},\"sameAs\":[\"https:\\\/\\\/www.facebook.com\\\/matisiceland\",\"https:\\\/\\\/x.com\\\/matisiceland\",\"https:\\\/\\\/www.instagram.com\\\/matisiceland\\\/\",\"https:\\\/\\\/www.linkedin.com\\\/matisiceland\\\/\",\"https:\\\/\\\/www.youtube.com\\\/channel\\\/UCY-frt3uTqgVZW-DLjoo5bA\"]},{\"@type\":\"Person\",\"@id\":\"https:\\\/\\\/matis.is\\\/#\\\/schema\\\/person\\\/faae87f165f723ee4cb619d6bc8a9203\",\"name\":\"hilduryr@matis.is\",\"url\":\"https:\\\/\\\/matis.is\\\/en\\\/author\\\/hilduryrmatis-is\\\/\"}]}<\/script>\n<!-- \/ Yoast SEO plugin. -->","yoast_head_json":{"title":"\u00cdslenskir sk\u00f3lar hafa t\u00e6kif\u00e6ri \u00e1 a\u00f0 s\u00e6kja um ProBleu styrk - Mat\u00eds","robots":{"index":"index","follow":"follow","max-snippet":"max-snippet:-1","max-image-preview":"max-image-preview:large","max-video-preview":"max-video-preview:-1"},"canonical":"https:\/\/matis.is\/en\/frettir\/islenskir-skolar-hafa-taekifaeri-a-ad-saekja-um-probleu-styrk\/","og_locale":"en_GB","og_type":"article","og_title":"\u00cdslenskir sk\u00f3lar hafa t\u00e6kif\u00e6ri \u00e1 a\u00f0 s\u00e6kja um ProBleu styrk - Mat\u00eds","og_description":"Mat\u00eds og verkefni\u00f0&nbsp;BioProtect&nbsp;vekja athygli \u00e1 a\u00f0 \u00edslenskir sk\u00f3lar hafa t\u00e6kif\u00e6ri til a\u00f0 s\u00e6kja um Pro Bleu styrk: Styrkur: ProBleu funding [&hellip;]","og_url":"https:\/\/matis.is\/en\/frettir\/islenskir-skolar-hafa-taekifaeri-a-ad-saekja-um-probleu-styrk\/","og_site_name":"Mat\u00eds","article_publisher":"https:\/\/www.facebook.com\/matisiceland","article_published_time":"2025-03-27T13:21:50+00:00","article_modified_time":"2025-03-27T13:25:35+00:00","og_image":[{"width":2560,"height":1706,"url":"https:\/\/matis.is\/wp-content\/uploads\/shutterstock_2382003787-scaled.jpg","type":"image\/jpeg"}],"author":"hilduryr@matis.is","twitter_card":"summary_large_image","twitter_creator":"@matisiceland","twitter_site":"@matisiceland","twitter_misc":{"Written by":"hilduryr@matis.is","Estimated reading time":"2 minutes"},"schema":{"@context":"https:\/\/schema.org","@graph":[{"@type":"Article","@id":"https:\/\/matis.is\/frettir\/islenskir-skolar-hafa-taekifaeri-a-ad-saekja-um-probleu-styrk\/#article","isPartOf":{"@id":"https:\/\/matis.is\/frettir\/islenskir-skolar-hafa-taekifaeri-a-ad-saekja-um-probleu-styrk\/"},"author":{"name":"hilduryr@matis.is","@id":"https:\/\/matis.is\/#\/schema\/person\/faae87f165f723ee4cb619d6bc8a9203"},"headline":"\u00cdslenskir sk\u00f3lar hafa t\u00e6kif\u00e6ri \u00e1 a\u00f0 s\u00e6kja um ProBleu styrk","datePublished":"2025-03-27T13:21:50+00:00","dateModified":"2025-03-27T13:25:35+00:00","mainEntityOfPage":{"@id":"https:\/\/matis.is\/frettir\/islenskir-skolar-hafa-taekifaeri-a-ad-saekja-um-probleu-styrk\/"},"wordCount":227,"publisher":{"@id":"https:\/\/matis.is\/#organization"},"image":{"@id":"https:\/\/matis.is\/frettir\/islenskir-skolar-hafa-taekifaeri-a-ad-saekja-um-probleu-styrk\/#primaryimage"},"thumbnailUrl":"https:\/\/matis.is\/wp-content\/uploads\/shutterstock_2382003787-scaled.jpg","articleSection":["Fr\u00e9ttir"],"inLanguage":"en-GB"},{"@type":"WebPage","@id":"https:\/\/matis.is\/frettir\/islenskir-skolar-hafa-taekifaeri-a-ad-saekja-um-probleu-styrk\/","url":"https:\/\/matis.is\/frettir\/islenskir-skolar-hafa-taekifaeri-a-ad-saekja-um-probleu-styrk\/","name":"\u00cdslenskir sk\u00f3lar hafa t\u00e6kif\u00e6ri \u00e1 a\u00f0 s\u00e6kja um ProBleu styrk - Mat\u00eds","isPartOf":{"@id":"https:\/\/matis.is\/#website"},"primaryImageOfPage":{"@id":"https:\/\/matis.is\/frettir\/islenskir-skolar-hafa-taekifaeri-a-ad-saekja-um-probleu-styrk\/#primaryimage"},"image":{"@id":"https:\/\/matis.is\/frettir\/islenskir-skolar-hafa-taekifaeri-a-ad-saekja-um-probleu-styrk\/#primaryimage"},"thumbnailUrl":"https:\/\/matis.is\/wp-content\/uploads\/shutterstock_2382003787-scaled.jpg","datePublished":"2025-03-27T13:21:50+00:00","dateModified":"2025-03-27T13:25:35+00:00","breadcrumb":{"@id":"https:\/\/matis.is\/frettir\/islenskir-skolar-hafa-taekifaeri-a-ad-saekja-um-probleu-styrk\/#breadcrumb"},"inLanguage":"en-GB","potentialAction":[{"@type":"ReadAction","target":["https:\/\/matis.is\/frettir\/islenskir-skolar-hafa-taekifaeri-a-ad-saekja-um-probleu-styrk\/"]}]},{"@type":"ImageObject","inLanguage":"en-GB","@id":"https:\/\/matis.is\/frettir\/islenskir-skolar-hafa-taekifaeri-a-ad-saekja-um-probleu-styrk\/#primaryimage","url":"https:\/\/matis.is\/wp-content\/uploads\/shutterstock_2382003787-scaled.jpg","contentUrl":"https:\/\/matis.is\/wp-content\/uploads\/shutterstock_2382003787-scaled.jpg","width":2560,"height":1706},{"@type":"BreadcrumbList","@id":"https:\/\/matis.is\/frettir\/islenskir-skolar-hafa-taekifaeri-a-ad-saekja-um-probleu-styrk\/#breadcrumb","itemListElement":[{"@type":"ListItem","position":1,"name":"Home","item":"https:\/\/matis.is\/"},{"@type":"ListItem","position":2,"name":"\u00cdslenskir sk\u00f3lar hafa t\u00e6kif\u00e6ri \u00e1 a\u00f0 s\u00e6kja um ProBleu styrk"}]},{"@type":"WebSite","@id":"https:\/\/matis.is\/#website","url":"https:\/\/matis.is\/","name":"Mat\u00eds","description":"Value creation, food security and public health","publisher":{"@id":"https:\/\/matis.is\/#organization"},"potentialAction":[{"@type":"SearchAction","target":{"@type":"EntryPoint","urlTemplate":"https:\/\/matis.is\/?s={search_term_string}"},"query-input":{"@type":"PropertyValueSpecification","valueRequired":true,"valueName":"search_term_string"}}],"inLanguage":"en-GB"},{"@type":"Organization","@id":"https:\/\/matis.is\/#organization","name":"Mat\u00eds ohf.","url":"https:\/\/matis.is\/","logo":{"@type":"ImageObject","inLanguage":"en-GB","@id":"https:\/\/matis.is\/#\/schema\/logo\/image\/","url":"https:\/\/matis.is\/wp-content\/uploads\/2021\/02\/matis_logo_blatthvitt.png","contentUrl":"https:\/\/matis.is\/wp-content\/uploads\/2021\/02\/matis_logo_blatthvitt.png","width":1507,"height":1507,"caption":"Mat\u00eds ohf."},"image":{"@id":"https:\/\/matis.is\/#\/schema\/logo\/image\/"},"sameAs":["https:\/\/www.facebook.com\/matisiceland","https:\/\/x.com\/matisiceland","https:\/\/www.instagram.com\/matisiceland\/","https:\/\/www.linkedin.com\/matisiceland\/","https:\/\/www.youtube.com\/channel\/UCY-frt3uTqgVZW-DLjoo5bA"]},{"@type":"Person","@id":"https:\/\/matis.is\/#\/schema\/person\/faae87f165f723ee4cb619d6bc8a9203","name":"hilduryr@matis.is","url":"https:\/\/matis.is\/en\/author\/hilduryrmatis-is\/"}]}},"spectra_custom_meta":{"_edit_lock":["1743083053:7"],"_oembed_3a966787c9767c36fe9ba5e743fc1211":["<iframe title=\"4th Call: 21 March - 23 May 2025 - ICELAND\" width=\"580\" height=\"326\" src=\"https:\/\/www.youtube.com\/embed\/ap9crH2Twt8?feature=oembed\" frameborder=\"0\" allow=\"accelerometer; autoplay; clipboard-write; encrypted-media; gyroscope; picture-in-picture; web-share\" referrerpolicy=\"strict-origin-when-cross-origin\" allowfullscreen><\/iframe>","<iframe title=\"4th Call: 21 March - 23 May 2025 - ICELAND\" width=\"580\" height=\"326\" src=\"https:\/\/www.youtube.com\/embed\/ap9crH2Twt8?feature=oembed\" frameborder=\"0\" allow=\"accelerometer; autoplay; clipboard-write; encrypted-media; gyroscope; picture-in-picture; web-share\" referrerpolicy=\"strict-origin-when-cross-origin\" allowfullscreen><\/iframe>"],"_oembed_time_3a966787c9767c36fe9ba5e743fc1211":["1743075141","1743075141"],"_edit_last":["7","7"],"tengilidur":["",""],"_tengilidur":["field_5ef905e0538b2","field_5ef905e0538b2"],"cmplz_hide_cookiebanner":["",""],"_yoast_wpseo_primary_category":["1973","1973"],"_yoast_wpseo_content_score":["90","90"],"_yoast_wpseo_estimated-reading-time-minutes":["2","2"],"_thumbnail_id":["53885","53885"],"_wp_page_template":["template-covernew.php","template-covernew.php"],"_cmplz_scanned_post":["1","1"],"_oembed_cf9e4b4687c8744a3080e55be029d308":["<iframe title=\"4th Call: 21 March - 23 May 2025 - ICELAND\" width=\"422\" height=\"750\" src=\"https:\/\/www.youtube.com\/embed\/ap9crH2Twt8?feature=oembed\" frameborder=\"0\" allow=\"accelerometer; autoplay; clipboard-write; encrypted-media; gyroscope; picture-in-picture; web-share\" referrerpolicy=\"strict-origin-when-cross-origin\" allowfullscreen><\/iframe>"],"_oembed_time_cf9e4b4687c8744a3080e55be029d308":["1769520043"],"_oembed_c26f4458b61057c5311d207d70f8142c":["<iframe title=\"4th Call: 21 March - 23 May 2025 - ICELAND\" width=\"563\" height=\"1000\" src=\"https:\/\/www.youtube.com\/embed\/ap9crH2Twt8?feature=oembed\" frameborder=\"0\" allow=\"accelerometer; autoplay; clipboard-write; encrypted-media; gyroscope; picture-in-picture; web-share\" referrerpolicy=\"strict-origin-when-cross-origin\" allowfullscreen><\/iframe>"],"_oembed_time_c26f4458b61057c5311d207d70f8142c":["1770125795"],"_uag_css_file_name":["uag-css-53883.css"],"_uag_page_assets":["a:9:{s:3:\"css\";s:263:\".uag-blocks-common-selector{z-index:var(--z-index-desktop) !important}@media (max-width: 976px){.uag-blocks-common-selector{z-index:var(--z-index-tablet) !important}}@media (max-width: 767px){.uag-blocks-common-selector{z-index:var(--z-index-mobile) !important}}\n\";s:2:\"js\";s:0:\"\";s:18:\"current_block_list\";a:7:{i:0;s:12:\"core\/heading\";i:1;s:10:\"core\/embed\";i:2;s:14:\"core\/paragraph\";i:3;s:12:\"core\/buttons\";i:4;s:11:\"core\/button\";i:5;s:12:\"core\/columns\";i:6;s:11:\"core\/column\";}s:8:\"uag_flag\";b:0;s:11:\"uag_version\";s:10:\"1777300790\";s:6:\"gfonts\";a:0:{}s:10:\"gfonts_url\";s:0:\"\";s:12:\"gfonts_files\";a:0:{}s:14:\"uag_faq_layout\";b:0;}"]},"uagb_featured_image_src":{"full":["https:\/\/matis.is\/wp-content\/uploads\/shutterstock_2382003787-scaled.jpg",2560,1706,false],"thumbnail":["https:\/\/matis.is\/wp-content\/uploads\/shutterstock_2382003787-150x150.jpg",150,150,true],"medium":["https:\/\/matis.is\/wp-content\/uploads\/shutterstock_2382003787-300x200.jpg",300,200,true],"medium_large":["https:\/\/matis.is\/wp-content\/uploads\/shutterstock_2382003787-768x512.jpg",768,512,true],"large":["https:\/\/matis.is\/wp-content\/uploads\/shutterstock_2382003787-1024x683.jpg",1024,683,true],"1536x1536":["https:\/\/matis.is\/wp-content\/uploads\/shutterstock_2382003787-1536x1024.jpg",1536,1024,true],"2048x2048":["https:\/\/matis.is\/wp-content\/uploads\/shutterstock_2382003787-2048x1365.jpg",2048,1365,true],"trp-custom-language-flag":["https:\/\/matis.is\/wp-content\/uploads\/shutterstock_2382003787-18x12.jpg",18,12,true]},"uagb_author_info":{"display_name":"hilduryr@matis.is","author_link":"https:\/\/matis.is\/en\/author\/hilduryrmatis-is\/"},"uagb_comment_info":0,"uagb_excerpt":"Mat\u00eds og verkefni\u00f0&nbsp;BioProtect&nbsp;vekja athygli \u00e1 a\u00f0 \u00edslenskir sk\u00f3lar hafa t\u00e6kif\u00e6ri til a\u00f0 s\u00e6kja um Pro Bleu styrk: Styrkur: ProBleu funding [&hellip;]","_links":{"self":[{"href":"https:\/\/matis.is\/en\/wp-json\/wp\/v2\/posts\/53883","targetHints":{"allow":["GET"]}}],"collection":[{"href":"https:\/\/matis.is\/en\/wp-json\/wp\/v2\/posts"}],"about":[{"href":"https:\/\/matis.is\/en\/wp-json\/wp\/v2\/types\/post"}],"author":[{"embeddable":true,"href":"https:\/\/matis.is\/en\/wp-json\/wp\/v2\/users\/7"}],"replies":[{"embeddable":true,"href":"https:\/\/matis.is\/en\/wp-json\/wp\/v2\/comments?post=53883"}],"version-history":[{"count":5,"href":"https:\/\/matis.is\/en\/wp-json\/wp\/v2\/posts\/53883\/revisions"}],"predecessor-version":[{"id":53889,"href":"https:\/\/matis.is\/en\/wp-json\/wp\/v2\/posts\/53883\/revisions\/53889"}],"wp:featuredmedia":[{"embeddable":true,"href":"https:\/\/matis.is\/en\/wp-json\/wp\/v2\/media\/53885"}],"wp:attachment":[{"href":"https:\/\/matis.is\/en\/wp-json\/wp\/v2\/media?parent=53883"}],"wp:term":[{"taxonomy":"category","embeddable":true,"href":"https:\/\/matis.is\/en\/wp-json\/wp\/v2\/categories?post=53883"},{"taxonomy":"post_tag","embeddable":true,"href":"https:\/\/matis.is\/en\/wp-json\/wp\/v2\/tags?post=53883"}],"curies":[{"name":"wp","href":"https:\/\/api.w.org\/{rel}","templated":true}]}}