{"id":54676,"date":"2025-10-30T06:43:03","date_gmt":"2025-10-30T06:43:03","guid":{"rendered":"https:\/\/matis.is\/?p=54676"},"modified":"2025-12-08T10:41:15","modified_gmt":"2025-12-08T10:41:15","slug":"lifkol-ur-landeldi-sem-jardvegsbaetir-i-raektun","status":"publish","type":"post","link":"https:\/\/matis.is\/en\/skyrsla\/lifkol-ur-landeldi-sem-jardvegsbaetir-i-raektun\/","title":{"rendered":"L\u00edfkol \u00far landeldi sem jar\u00f0vegsb\u00e6tir \u00ed r\u00e6ktun"},"content":{"rendered":"<p>Erfitt hefur reynst a\u00f0 n\u00fdta fiskeldismykju en hugmyndir hafa veri\u00f0 uppi um a\u00f0 framlei\u00f0a l\u00edfkol \u00far henni. L\u00edfkol eru jar\u00f0vegsb\u00e6tandi efni sem hafa margv\u00edslega eiginleika, t.d. a\u00f0 binda kolefni og b\u00e6ta jar\u00f0vegsskilyr\u00f0i. Markmi\u00f0 ranns\u00f3knarinnar var a\u00f0 bera saman \u00e1hrif l\u00edfkola framleidd \u00far fiskeldismykju fr\u00e1 ferskvatnseldi annars vegar og saltvatnseldi hins vegar vi\u00f0 \u00e1hrif hef\u00f0bundinna l\u00edfkola framleidd \u00far vi\u00f0 og trj\u00e1afg\u00f6ngum. \u00c1hrif l\u00edfkola \u00ed mismunandi hlutf\u00f6llum \u00e1 v\u00f6xt k\u00e1lplantna voru k\u00f6nnu\u00f0. Ni\u00f0urst\u00f6\u00f0ur s\u00fdndu a\u00f0 l\u00edfkol framleidd \u00far ferskvatns fiskeldismykju h\u00f6f\u00f0u j\u00e1kv\u00e6\u00f0 \u00e1hrif \u00e1 v\u00f6xt k\u00e1lplantna, samb\u00e6rileg \u00e1hrifum l\u00edfkola \u00far trj\u00e1afg\u00f6ngum, en l\u00edfkol framleidd \u00far saltvatnsfiskeldismykju h\u00f6f\u00f0u neikv\u00e6\u00f0 \u00e1hrif \u00e1 v\u00f6xt k\u00e1lplanta og ullu mestum aff\u00f6llum.<br>_____<br><br>Aquaculture sludge has proven to be difficult to utilise, however, there have been ideas of producing biochar from it. Biochar is a soil-improving material that has a variety of properties, such as sequestering carbon and improving soil conditions. The aim of the study was to evaluate the effects of biochar produced from freshwater sludge and saltwater sludge, with biochar produced from wood and tree residues. The effects of biochar were investigated in different concentrations on the growth of lettuce plants. Results showed that biochar made from freshwater sludge had a positive effect on the growth of lettuce and was comparable to biochar from tree residues, while biochar produced from saltwater sludge had a negative effect on the growth, causing the most losses.<\/p>","protected":false},"excerpt":{"rendered":"<p>Erfitt hefur reynst a\u00f0 n\u00fdta fiskeldismykju en hugmyndir hafa veri\u00f0 uppi um a\u00f0 framlei\u00f0a l\u00edfkol \u00far henni. L\u00edfkol eru jar\u00f0vegsb\u00e6tandi [&hellip;]<\/p>\n","protected":false},"author":3,"featured_media":0,"comment_status":"closed","ping_status":"closed","sticky":false,"template":"","format":"standard","meta":{"_acf_changed":false,"_uag_custom_page_level_css":"","site-sidebar-layout":"default","site-content-layout":"","ast-site-content-layout":"default","site-content-style":"default","site-sidebar-style":"default","ast-global-header-display":"","ast-banner-title-visibility":"","ast-main-header-display":"","ast-hfb-above-header-display":"","ast-hfb-below-header-display":"","ast-hfb-mobile-header-display":"","site-post-title":"","ast-breadcrumbs-content":"","ast-featured-img":"","footer-sml-layout":"","ast-disable-related-posts":"","theme-transparent-header-meta":"","adv-header-id-meta":"","stick-header-meta":"","header-above-stick-meta":"","header-main-stick-meta":"","header-below-stick-meta":"","astra-migrate-meta-layouts":"default","ast-page-background-enabled":"default","ast-page-background-meta":{"desktop":{"background-color":"var(--ast-global-color-5)","background-image":"","background-repeat":"repeat","background-position":"center center","background-size":"auto","background-attachment":"scroll","background-type":"","background-media":"","overlay-type":"","overlay-color":"","overlay-opacity":"","overlay-gradient":""},"tablet":{"background-color":"","background-image":"","background-repeat":"repeat","background-position":"center center","background-size":"auto","background-attachment":"scroll","background-type":"","background-media":"","overlay-type":"","overlay-color":"","overlay-opacity":"","overlay-gradient":""},"mobile":{"background-color":"","background-image":"","background-repeat":"repeat","background-position":"center center","background-size":"auto","background-attachment":"scroll","background-type":"","background-media":"","overlay-type":"","overlay-color":"","overlay-opacity":"","overlay-gradient":""}},"ast-content-background-meta":{"desktop":{"background-color":"var(--ast-global-color-4)","background-image":"","background-repeat":"repeat","background-position":"center center","background-size":"auto","background-attachment":"scroll","background-type":"","background-media":"","overlay-type":"","overlay-color":"","overlay-opacity":"","overlay-gradient":""},"tablet":{"background-color":"var(--ast-global-color-4)","background-image":"","background-repeat":"repeat","background-position":"center center","background-size":"auto","background-attachment":"scroll","background-type":"","background-media":"","overlay-type":"","overlay-color":"","overlay-opacity":"","overlay-gradient":""},"mobile":{"background-color":"var(--ast-global-color-4)","background-image":"","background-repeat":"repeat","background-position":"center center","background-size":"auto","background-attachment":"scroll","background-type":"","background-media":"","overlay-type":"","overlay-color":"","overlay-opacity":"","overlay-gradient":""}},"footnotes":""},"categories":[15],"tags":[2249,2278,471,2246,2507,2274,476,2506,699],"class_list":["post-54676","post","type-post","status-publish","format-standard","hentry","category-skyrsla","tag-aburdur-2","tag-biochar","tag-cultivation","tag-fertiliser","tag-lettuce","tag-lifkol","tag-raektun","tag-salat","tag-sjalfbaerni"],"acf":[],"yoast_head":"<!-- This site is optimized with the Yoast SEO plugin v27.4 - https:\/\/yoast.com\/product\/yoast-seo-wordpress\/ -->\n<title>L\u00edfkol \u00far landeldi sem jar\u00f0vegsb\u00e6tir \u00ed r\u00e6ktun - Mat\u00eds<\/title>\n<meta name=\"robots\" content=\"index, follow, max-snippet:-1, max-image-preview:large, max-video-preview:-1\" \/>\n<link rel=\"canonical\" href=\"https:\/\/matis.is\/en\/skyrsla\/lifkol-ur-landeldi-sem-jardvegsbaetir-i-raektun\/\" \/>\n<meta property=\"og:locale\" content=\"en_GB\" \/>\n<meta property=\"og:type\" content=\"article\" \/>\n<meta property=\"og:title\" content=\"L\u00edfkol \u00far landeldi sem jar\u00f0vegsb\u00e6tir \u00ed r\u00e6ktun - Mat\u00eds\" \/>\n<meta property=\"og:description\" content=\"Erfitt hefur reynst a\u00f0 n\u00fdta fiskeldismykju en hugmyndir hafa veri\u00f0 uppi um a\u00f0 framlei\u00f0a l\u00edfkol \u00far henni. L\u00edfkol eru jar\u00f0vegsb\u00e6tandi [&hellip;]\" \/>\n<meta property=\"og:url\" content=\"https:\/\/matis.is\/en\/skyrsla\/lifkol-ur-landeldi-sem-jardvegsbaetir-i-raektun\/\" \/>\n<meta property=\"og:site_name\" content=\"Mat\u00eds\" \/>\n<meta property=\"article:publisher\" content=\"https:\/\/www.facebook.com\/matisiceland\" \/>\n<meta property=\"article:published_time\" content=\"2025-10-30T06:43:03+00:00\" \/>\n<meta property=\"article:modified_time\" content=\"2025-12-08T10:41:15+00:00\" \/>\n<meta name=\"author\" content=\"Krist\u00edn Edda Gylfad\u00f3ttir\" \/>\n<meta name=\"twitter:card\" content=\"summary_large_image\" \/>\n<meta name=\"twitter:creator\" content=\"@matisiceland\" \/>\n<meta name=\"twitter:site\" content=\"@matisiceland\" \/>\n<meta name=\"twitter:label1\" content=\"Written by\" \/>\n\t<meta name=\"twitter:data1\" content=\"Krist\u00edn Edda Gylfad\u00f3ttir\" \/>\n\t<meta name=\"twitter:label2\" content=\"Estimated reading time\" \/>\n\t<meta name=\"twitter:data2\" content=\"2 minutes\" \/>\n<script type=\"application\/ld+json\" class=\"yoast-schema-graph\">{\"@context\":\"https:\\\/\\\/schema.org\",\"@graph\":[{\"@type\":\"Article\",\"@id\":\"https:\\\/\\\/matis.is\\\/skyrsla\\\/lifkol-ur-landeldi-sem-jardvegsbaetir-i-raektun\\\/#article\",\"isPartOf\":{\"@id\":\"https:\\\/\\\/matis.is\\\/skyrsla\\\/lifkol-ur-landeldi-sem-jardvegsbaetir-i-raektun\\\/\"},\"author\":{\"name\":\"Krist\u00edn Edda Gylfad\u00f3ttir\",\"@id\":\"https:\\\/\\\/matis.is\\\/#\\\/schema\\\/person\\\/af2d479c72e5e79c4570d409abf2dc9b\"},\"headline\":\"L\u00edfkol \u00far landeldi sem jar\u00f0vegsb\u00e6tir \u00ed r\u00e6ktun\",\"datePublished\":\"2025-10-30T06:43:03+00:00\",\"dateModified\":\"2025-12-08T10:41:15+00:00\",\"mainEntityOfPage\":{\"@id\":\"https:\\\/\\\/matis.is\\\/skyrsla\\\/lifkol-ur-landeldi-sem-jardvegsbaetir-i-raektun\\\/\"},\"wordCount\":273,\"publisher\":{\"@id\":\"https:\\\/\\\/matis.is\\\/#organization\"},\"keywords\":[\"\u00e1bur\u00f0ur\",\"biochar\",\"Cultivation\",\"fertiliser\",\"Lettuce\",\"l\u00edfkol\",\"R\u00e6ktun\",\"salat\",\"Sj\u00e1lfb\u00e6rni\"],\"articleSection\":[\"Sk\u00fdrslur\"],\"inLanguage\":\"en-GB\"},{\"@type\":\"WebPage\",\"@id\":\"https:\\\/\\\/matis.is\\\/skyrsla\\\/lifkol-ur-landeldi-sem-jardvegsbaetir-i-raektun\\\/\",\"url\":\"https:\\\/\\\/matis.is\\\/skyrsla\\\/lifkol-ur-landeldi-sem-jardvegsbaetir-i-raektun\\\/\",\"name\":\"L\u00edfkol \u00far landeldi sem jar\u00f0vegsb\u00e6tir \u00ed r\u00e6ktun - Mat\u00eds\",\"isPartOf\":{\"@id\":\"https:\\\/\\\/matis.is\\\/#website\"},\"datePublished\":\"2025-10-30T06:43:03+00:00\",\"dateModified\":\"2025-12-08T10:41:15+00:00\",\"breadcrumb\":{\"@id\":\"https:\\\/\\\/matis.is\\\/skyrsla\\\/lifkol-ur-landeldi-sem-jardvegsbaetir-i-raektun\\\/#breadcrumb\"},\"inLanguage\":\"en-GB\",\"potentialAction\":[{\"@type\":\"ReadAction\",\"target\":[\"https:\\\/\\\/matis.is\\\/skyrsla\\\/lifkol-ur-landeldi-sem-jardvegsbaetir-i-raektun\\\/\"]}]},{\"@type\":\"BreadcrumbList\",\"@id\":\"https:\\\/\\\/matis.is\\\/skyrsla\\\/lifkol-ur-landeldi-sem-jardvegsbaetir-i-raektun\\\/#breadcrumb\",\"itemListElement\":[{\"@type\":\"ListItem\",\"position\":1,\"name\":\"Home\",\"item\":\"https:\\\/\\\/matis.is\\\/\"},{\"@type\":\"ListItem\",\"position\":2,\"name\":\"L\u00edfkol \u00far landeldi sem jar\u00f0vegsb\u00e6tir \u00ed r\u00e6ktun\"}]},{\"@type\":\"WebSite\",\"@id\":\"https:\\\/\\\/matis.is\\\/#website\",\"url\":\"https:\\\/\\\/matis.is\\\/\",\"name\":\"Mat\u00eds\",\"description\":\"Ver\u00f0m\u00e6task\u00f6pun, matv\u00e6la\u00f6ryggi og l\u00fd\u00f0heilsa\",\"publisher\":{\"@id\":\"https:\\\/\\\/matis.is\\\/#organization\"},\"potentialAction\":[{\"@type\":\"SearchAction\",\"target\":{\"@type\":\"EntryPoint\",\"urlTemplate\":\"https:\\\/\\\/matis.is\\\/?s={search_term_string}\"},\"query-input\":{\"@type\":\"PropertyValueSpecification\",\"valueRequired\":true,\"valueName\":\"search_term_string\"}}],\"inLanguage\":\"en-GB\"},{\"@type\":\"Organization\",\"@id\":\"https:\\\/\\\/matis.is\\\/#organization\",\"name\":\"Mat\u00eds ohf.\",\"url\":\"https:\\\/\\\/matis.is\\\/\",\"logo\":{\"@type\":\"ImageObject\",\"inLanguage\":\"en-GB\",\"@id\":\"https:\\\/\\\/matis.is\\\/#\\\/schema\\\/logo\\\/image\\\/\",\"url\":\"https:\\\/\\\/matis.is\\\/wp-content\\\/uploads\\\/2021\\\/02\\\/matis_logo_blatthvitt.png\",\"contentUrl\":\"https:\\\/\\\/matis.is\\\/wp-content\\\/uploads\\\/2021\\\/02\\\/matis_logo_blatthvitt.png\",\"width\":1507,\"height\":1507,\"caption\":\"Mat\u00eds ohf.\"},\"image\":{\"@id\":\"https:\\\/\\\/matis.is\\\/#\\\/schema\\\/logo\\\/image\\\/\"},\"sameAs\":[\"https:\\\/\\\/www.facebook.com\\\/matisiceland\",\"https:\\\/\\\/x.com\\\/matisiceland\",\"https:\\\/\\\/www.instagram.com\\\/matisiceland\\\/\",\"https:\\\/\\\/www.linkedin.com\\\/matisiceland\\\/\",\"https:\\\/\\\/www.youtube.com\\\/channel\\\/UCY-frt3uTqgVZW-DLjoo5bA\"]},{\"@type\":\"Person\",\"@id\":\"https:\\\/\\\/matis.is\\\/#\\\/schema\\\/person\\\/af2d479c72e5e79c4570d409abf2dc9b\",\"name\":\"Krist\u00edn Edda Gylfad\u00f3ttir\",\"url\":\"https:\\\/\\\/matis.is\\\/en\\\/author\\\/kristingmatis-is\\\/\"}]}<\/script>\n<!-- \/ Yoast SEO plugin. -->","yoast_head_json":{"title":"L\u00edfkol \u00far landeldi sem jar\u00f0vegsb\u00e6tir \u00ed r\u00e6ktun - Mat\u00eds","robots":{"index":"index","follow":"follow","max-snippet":"max-snippet:-1","max-image-preview":"max-image-preview:large","max-video-preview":"max-video-preview:-1"},"canonical":"https:\/\/matis.is\/en\/skyrsla\/lifkol-ur-landeldi-sem-jardvegsbaetir-i-raektun\/","og_locale":"en_GB","og_type":"article","og_title":"L\u00edfkol \u00far landeldi sem jar\u00f0vegsb\u00e6tir \u00ed r\u00e6ktun - Mat\u00eds","og_description":"Erfitt hefur reynst a\u00f0 n\u00fdta fiskeldismykju en hugmyndir hafa veri\u00f0 uppi um a\u00f0 framlei\u00f0a l\u00edfkol \u00far henni. L\u00edfkol eru jar\u00f0vegsb\u00e6tandi [&hellip;]","og_url":"https:\/\/matis.is\/en\/skyrsla\/lifkol-ur-landeldi-sem-jardvegsbaetir-i-raektun\/","og_site_name":"Mat\u00eds","article_publisher":"https:\/\/www.facebook.com\/matisiceland","article_published_time":"2025-10-30T06:43:03+00:00","article_modified_time":"2025-12-08T10:41:15+00:00","author":"Krist\u00edn Edda Gylfad\u00f3ttir","twitter_card":"summary_large_image","twitter_creator":"@matisiceland","twitter_site":"@matisiceland","twitter_misc":{"Written by":"Krist\u00edn Edda Gylfad\u00f3ttir","Estimated reading time":"2 minutes"},"schema":{"@context":"https:\/\/schema.org","@graph":[{"@type":"Article","@id":"https:\/\/matis.is\/skyrsla\/lifkol-ur-landeldi-sem-jardvegsbaetir-i-raektun\/#article","isPartOf":{"@id":"https:\/\/matis.is\/skyrsla\/lifkol-ur-landeldi-sem-jardvegsbaetir-i-raektun\/"},"author":{"name":"Krist\u00edn Edda Gylfad\u00f3ttir","@id":"https:\/\/matis.is\/#\/schema\/person\/af2d479c72e5e79c4570d409abf2dc9b"},"headline":"L\u00edfkol \u00far landeldi sem jar\u00f0vegsb\u00e6tir \u00ed r\u00e6ktun","datePublished":"2025-10-30T06:43:03+00:00","dateModified":"2025-12-08T10:41:15+00:00","mainEntityOfPage":{"@id":"https:\/\/matis.is\/skyrsla\/lifkol-ur-landeldi-sem-jardvegsbaetir-i-raektun\/"},"wordCount":273,"publisher":{"@id":"https:\/\/matis.is\/#organization"},"keywords":["\u00e1bur\u00f0ur","biochar","Cultivation","fertiliser","Lettuce","l\u00edfkol","R\u00e6ktun","salat","Sj\u00e1lfb\u00e6rni"],"articleSection":["Sk\u00fdrslur"],"inLanguage":"en-GB"},{"@type":"WebPage","@id":"https:\/\/matis.is\/skyrsla\/lifkol-ur-landeldi-sem-jardvegsbaetir-i-raektun\/","url":"https:\/\/matis.is\/skyrsla\/lifkol-ur-landeldi-sem-jardvegsbaetir-i-raektun\/","name":"L\u00edfkol \u00far landeldi sem jar\u00f0vegsb\u00e6tir \u00ed r\u00e6ktun - Mat\u00eds","isPartOf":{"@id":"https:\/\/matis.is\/#website"},"datePublished":"2025-10-30T06:43:03+00:00","dateModified":"2025-12-08T10:41:15+00:00","breadcrumb":{"@id":"https:\/\/matis.is\/skyrsla\/lifkol-ur-landeldi-sem-jardvegsbaetir-i-raektun\/#breadcrumb"},"inLanguage":"en-GB","potentialAction":[{"@type":"ReadAction","target":["https:\/\/matis.is\/skyrsla\/lifkol-ur-landeldi-sem-jardvegsbaetir-i-raektun\/"]}]},{"@type":"BreadcrumbList","@id":"https:\/\/matis.is\/skyrsla\/lifkol-ur-landeldi-sem-jardvegsbaetir-i-raektun\/#breadcrumb","itemListElement":[{"@type":"ListItem","position":1,"name":"Home","item":"https:\/\/matis.is\/"},{"@type":"ListItem","position":2,"name":"L\u00edfkol \u00far landeldi sem jar\u00f0vegsb\u00e6tir \u00ed r\u00e6ktun"}]},{"@type":"WebSite","@id":"https:\/\/matis.is\/#website","url":"https:\/\/matis.is\/","name":"Mat\u00eds","description":"Value creation, food security and public health","publisher":{"@id":"https:\/\/matis.is\/#organization"},"potentialAction":[{"@type":"SearchAction","target":{"@type":"EntryPoint","urlTemplate":"https:\/\/matis.is\/?s={search_term_string}"},"query-input":{"@type":"PropertyValueSpecification","valueRequired":true,"valueName":"search_term_string"}}],"inLanguage":"en-GB"},{"@type":"Organization","@id":"https:\/\/matis.is\/#organization","name":"Mat\u00eds ohf.","url":"https:\/\/matis.is\/","logo":{"@type":"ImageObject","inLanguage":"en-GB","@id":"https:\/\/matis.is\/#\/schema\/logo\/image\/","url":"https:\/\/matis.is\/wp-content\/uploads\/2021\/02\/matis_logo_blatthvitt.png","contentUrl":"https:\/\/matis.is\/wp-content\/uploads\/2021\/02\/matis_logo_blatthvitt.png","width":1507,"height":1507,"caption":"Mat\u00eds ohf."},"image":{"@id":"https:\/\/matis.is\/#\/schema\/logo\/image\/"},"sameAs":["https:\/\/www.facebook.com\/matisiceland","https:\/\/x.com\/matisiceland","https:\/\/www.instagram.com\/matisiceland\/","https:\/\/www.linkedin.com\/matisiceland\/","https:\/\/www.youtube.com\/channel\/UCY-frt3uTqgVZW-DLjoo5bA"]},{"@type":"Person","@id":"https:\/\/matis.is\/#\/schema\/person\/af2d479c72e5e79c4570d409abf2dc9b","name":"Krist\u00edn Edda Gylfad\u00f3ttir","url":"https:\/\/matis.is\/en\/author\/kristingmatis-is\/"}]}},"spectra_custom_meta":{"_edit_lock":["1765199831:1"],"footnotes":[""],"_edit_last":["1"],"skyrsluhofundar":["J\u00f3nas Baldursson, Katr\u00edn Hulda Gunnarsd\u00f3ttir og \u00c1sd\u00eds Agla Sigur\u00f0ard\u00f3ttir"],"_skyrsluhofundar":["field_5f05a53476361"],"tengill":["https:\/\/zenodo.org\/records\/17481020"],"_tengill":["field_5f05a55b76362"],"styrktaradili":["Matv\u00e6lasj\u00f3\u00f0ur"],"_styrktaradili":["field_5f05a57e76363"],"utgafudags":["20251030"],"_utgafudags":["field_5f05a59b76364"],"numer":["18-25"],"_numer":["field_5f05a6fdc098d"],"tengilidur_matis":[""],"_tengilidur_matis":["field_618924b1b45f2"],"tengilidur":["36221"],"_tengilidur":["field_5ef905e0538b2"],"cmplz_hide_cookiebanner":[""],"_yoast_wpseo_primary_category":["15"],"_yoast_wpseo_content_score":["60"],"_yoast_wpseo_estimated-reading-time-minutes":["2"],"_uag_css_file_name":["uag-css-54676.css"],"_uag_page_assets":["a:9:{s:3:\"css\";s:263:\".uag-blocks-common-selector{z-index:var(--z-index-desktop) !important}@media (max-width: 976px){.uag-blocks-common-selector{z-index:var(--z-index-tablet) !important}}@media (max-width: 767px){.uag-blocks-common-selector{z-index:var(--z-index-mobile) !important}}\n\";s:2:\"js\";s:0:\"\";s:18:\"current_block_list\";a:6:{i:0;s:14:\"core\/paragraph\";i:1;s:12:\"core\/buttons\";i:2;s:11:\"core\/button\";i:3;s:12:\"core\/heading\";i:4;s:12:\"core\/columns\";i:5;s:11:\"core\/column\";}s:8:\"uag_flag\";b:0;s:11:\"uag_version\";s:10:\"1777040860\";s:6:\"gfonts\";a:0:{}s:10:\"gfonts_url\";s:0:\"\";s:12:\"gfonts_files\";a:0:{}s:14:\"uag_faq_layout\";b:0;}"]},"uagb_featured_image_src":{"full":false,"thumbnail":false,"medium":false,"medium_large":false,"large":false,"1536x1536":false,"2048x2048":false,"trp-custom-language-flag":false},"uagb_author_info":{"display_name":"Krist\u00edn Edda Gylfad\u00f3ttir","author_link":"https:\/\/matis.is\/en\/author\/kristingmatis-is\/"},"uagb_comment_info":0,"uagb_excerpt":"Erfitt hefur reynst a\u00f0 n\u00fdta fiskeldismykju en hugmyndir hafa veri\u00f0 uppi um a\u00f0 framlei\u00f0a l\u00edfkol \u00far henni. L\u00edfkol eru jar\u00f0vegsb\u00e6tandi [&hellip;]","_links":{"self":[{"href":"https:\/\/matis.is\/en\/wp-json\/wp\/v2\/posts\/54676","targetHints":{"allow":["GET"]}}],"collection":[{"href":"https:\/\/matis.is\/en\/wp-json\/wp\/v2\/posts"}],"about":[{"href":"https:\/\/matis.is\/en\/wp-json\/wp\/v2\/types\/post"}],"author":[{"embeddable":true,"href":"https:\/\/matis.is\/en\/wp-json\/wp\/v2\/users\/3"}],"replies":[{"embeddable":true,"href":"https:\/\/matis.is\/en\/wp-json\/wp\/v2\/comments?post=54676"}],"version-history":[{"count":2,"href":"https:\/\/matis.is\/en\/wp-json\/wp\/v2\/posts\/54676\/revisions"}],"predecessor-version":[{"id":54682,"href":"https:\/\/matis.is\/en\/wp-json\/wp\/v2\/posts\/54676\/revisions\/54682"}],"wp:attachment":[{"href":"https:\/\/matis.is\/en\/wp-json\/wp\/v2\/media?parent=54676"}],"wp:term":[{"taxonomy":"category","embeddable":true,"href":"https:\/\/matis.is\/en\/wp-json\/wp\/v2\/categories?post=54676"},{"taxonomy":"post_tag","embeddable":true,"href":"https:\/\/matis.is\/en\/wp-json\/wp\/v2\/tags?post=54676"}],"curies":[{"name":"wp","href":"https:\/\/api.w.org\/{rel}","templated":true}]}}